{"id":20127,"date":"2015-12-11T23:27:17","date_gmt":"2015-12-11T23:27:17","guid":{"rendered":"https:\/\/abarevegan.com.br\/index.php\/2015\/12\/11\/marcelo-bimbi-conhece-barbearia-dom-bigode\/"},"modified":"2015-12-11T23:27:17","modified_gmt":"2015-12-11T23:27:17","slug":"marcelo-bimbi-conhece-barbearia-dom-bigode","status":"publish","type":"post","link":"https:\/\/nk7-testes.com.br\/agazeta\/marcelo-bimbi-conhece-barbearia-dom-bigode\/","title":{"rendered":"Marcelo Bimbi conhece barbearia Dom Bigode"},"content":{"rendered":"<p style=\"text-align: justify;\">Estilo da barbearia chamou aten\u00e7\u00e3o de modelo acriano<\/p>\n<p style=\"text-align: justify;\">O modelo e ex-Fazendeiro Marcelo Bimbi voltou ao Acre no bom estilo: irreverente, simples e buscando bons ambientes para conversar. Na tarde desta sexta-feira, passou pela barbearia Dom Bigode para conhecer o empreendimento dos amigos Rodrigo Pires e Lucas Costa. \u201cUm ambiente bonito e elegante\u201d, avaliou.<\/p>\n<p style=\"text-align: justify;\">O modelo n\u00e3o fez nenhum tratamento no visual, mas prometeu voltar. \u201cVou voltar e vou cortar\u201d, adiantou.<\/p>\n<p style=\"text-align: justify;\">De acordo com o empres\u00e1rio Lucas Costa, durante os 20 dias que a Dom Bigode est\u00e1 aberto j\u00e1 foi poss\u00edvel sentir a temperatura do mercado local. \u201cTem demanda\u201d, analisou. \u201cJ\u00e1 cadastramos seiscentos e oitenta pessoas. A receptividade e aceita\u00e7\u00e3o do p\u00fablico t\u00eam sido muito boas\u201d.<\/p>\n<p style=\"text-align: justify;\">O espa\u00e7o conta com atendimento completo de cabelo e barba, al\u00e9m de um bar com 20 r\u00f3tulos de bebidas importadas.<\/p>\n","protected":false},"excerpt":{"rendered":"<p style=\"text-align: justify;\">Estilo da barbearia chamou aten\u00e7\u00e3o de modelo acriano<\/p>\n","protected":false},"author":4,"featured_media":20126,"comment_status":"open","ping_status":"open","sticky":false,"template":"","format":"standard","meta":{"jnews-multi-image_gallery":[],"jnews_single_post":[],"jnews_primary_category":[],"jnews_social_meta":[],"jnews_review":[],"enable_review":"","type":"","name":"","summary":"","brand":"","sku":"","good":[],"bad":[],"score_override":"","override_value":"","rating":[],"price":[],"footnotes":""},"categories":[54],"tags":[],"class_list":["post-20127","post","type-post","status-publish","format-standard","has-post-thumbnail","hentry","category-cotidiano"],"yoast_head":"<!-- This site is optimized with the Yoast SEO plugin v26.5 - https:\/\/yoast.com\/wordpress\/plugins\/seo\/ -->\n<title>Marcelo Bimbi conhece barbearia Dom Bigode - Agazeta.net<\/title>\n<meta name=\"robots\" content=\"index, follow, max-snippet:-1, max-image-preview:large, max-video-preview:-1\" \/>\n<link rel=\"canonical\" href=\"https:\/\/nk7-testes.com.br\/agazeta\/marcelo-bimbi-conhece-barbearia-dom-bigode\/\" \/>\n<meta property=\"og:locale\" content=\"pt_BR\" \/>\n<meta property=\"og:type\" content=\"article\" \/>\n<meta property=\"og:title\" content=\"Marcelo Bimbi conhece barbearia Dom Bigode - Agazeta.net\" \/>\n<meta property=\"og:description\" content=\"Estilo da barbearia chamou aten\u00e7\u00e3o de modelo acriano\" \/>\n<meta property=\"og:url\" content=\"https:\/\/nk7-testes.com.br\/agazeta\/marcelo-bimbi-conhece-barbearia-dom-bigode\/\" \/>\n<meta property=\"og:site_name\" content=\"Agazeta.net\" \/>\n<meta property=\"article:published_time\" content=\"2015-12-11T23:27:17+00:00\" \/>\n<meta property=\"og:image\" content=\"https:\/\/nk7-testes.com.br\/agazeta\/wp-content\/uploads\/2015\/12\/111215-cotidiano-bimbimnadombigode-taianelima.jpg\" \/>\n\t<meta property=\"og:image:width\" content=\"458\" \/>\n\t<meta property=\"og:image:height\" content=\"340\" \/>\n\t<meta property=\"og:image:type\" content=\"image\/jpeg\" \/>\n<meta name=\"author\" content=\"Agazeta.Net\" \/>\n<meta name=\"twitter:card\" content=\"summary_large_image\" \/>\n<meta name=\"twitter:label1\" content=\"Escrito por\" \/>\n\t<meta name=\"twitter:data1\" content=\"Agazeta.Net\" \/>\n\t<meta name=\"twitter:label2\" content=\"Est. tempo de leitura\" \/>\n\t<meta name=\"twitter:data2\" content=\"1 minuto\" \/>\n<script type=\"application\/ld+json\" class=\"yoast-schema-graph\">{\"@context\":\"https:\/\/schema.org\",\"@graph\":[{\"@type\":\"WebPage\",\"@id\":\"https:\/\/nk7-testes.com.br\/agazeta\/marcelo-bimbi-conhece-barbearia-dom-bigode\/\",\"url\":\"https:\/\/nk7-testes.com.br\/agazeta\/marcelo-bimbi-conhece-barbearia-dom-bigode\/\",\"name\":\"Marcelo Bimbi conhece barbearia Dom Bigode - Agazeta.net\",\"isPartOf\":{\"@id\":\"https:\/\/nk7-testes.com.br\/agazeta\/#website\"},\"primaryImageOfPage\":{\"@id\":\"https:\/\/nk7-testes.com.br\/agazeta\/marcelo-bimbi-conhece-barbearia-dom-bigode\/#primaryimage\"},\"image\":{\"@id\":\"https:\/\/nk7-testes.com.br\/agazeta\/marcelo-bimbi-conhece-barbearia-dom-bigode\/#primaryimage\"},\"thumbnailUrl\":\"https:\/\/nk7-testes.com.br\/agazeta\/wp-content\/uploads\/2015\/12\/111215-cotidiano-bimbimnadombigode-taianelima.jpg\",\"datePublished\":\"2015-12-11T23:27:17+00:00\",\"author\":{\"@id\":\"https:\/\/nk7-testes.com.br\/agazeta\/#\/schema\/person\/6d6e25cb0435eb4a02fd44d30b4e3020\"},\"breadcrumb\":{\"@id\":\"https:\/\/nk7-testes.com.br\/agazeta\/marcelo-bimbi-conhece-barbearia-dom-bigode\/#breadcrumb\"},\"inLanguage\":\"pt-BR\",\"potentialAction\":[{\"@type\":\"ReadAction\",\"target\":[\"https:\/\/nk7-testes.com.br\/agazeta\/marcelo-bimbi-conhece-barbearia-dom-bigode\/\"]}]},{\"@type\":\"ImageObject\",\"inLanguage\":\"pt-BR\",\"@id\":\"https:\/\/nk7-testes.com.br\/agazeta\/marcelo-bimbi-conhece-barbearia-dom-bigode\/#primaryimage\",\"url\":\"https:\/\/nk7-testes.com.br\/agazeta\/wp-content\/uploads\/2015\/12\/111215-cotidiano-bimbimnadombigode-taianelima.jpg\",\"contentUrl\":\"https:\/\/nk7-testes.com.br\/agazeta\/wp-content\/uploads\/2015\/12\/111215-cotidiano-bimbimnadombigode-taianelima.jpg\",\"width\":458,\"height\":340,\"caption\":\"111215-cotidiano-bimbimnadombigode-taianelima\"},{\"@type\":\"BreadcrumbList\",\"@id\":\"https:\/\/nk7-testes.com.br\/agazeta\/marcelo-bimbi-conhece-barbearia-dom-bigode\/#breadcrumb\",\"itemListElement\":[{\"@type\":\"ListItem\",\"position\":1,\"name\":\"In\u00edcio\",\"item\":\"https:\/\/nk7-testes.com.br\/agazeta\/\"},{\"@type\":\"ListItem\",\"position\":2,\"name\":\"Marcelo Bimbi conhece barbearia Dom Bigode\"}]},{\"@type\":\"WebSite\",\"@id\":\"https:\/\/nk7-testes.com.br\/agazeta\/#website\",\"url\":\"https:\/\/nk7-testes.com.br\/agazeta\/\",\"name\":\"Agazeta.net\",\"description\":\"Agazeta.net - Not\u00edcias de Rio Branco\/AC\",\"potentialAction\":[{\"@type\":\"SearchAction\",\"target\":{\"@type\":\"EntryPoint\",\"urlTemplate\":\"https:\/\/nk7-testes.com.br\/agazeta\/?s={search_term_string}\"},\"query-input\":{\"@type\":\"PropertyValueSpecification\",\"valueRequired\":true,\"valueName\":\"search_term_string\"}}],\"inLanguage\":\"pt-BR\"},{\"@type\":\"Person\",\"@id\":\"https:\/\/nk7-testes.com.br\/agazeta\/#\/schema\/person\/6d6e25cb0435eb4a02fd44d30b4e3020\",\"name\":\"Agazeta.Net\",\"url\":\"https:\/\/nk7-testes.com.br\/agazeta\/author\/agazeta\/\"}]}<\/script>\n<!-- \/ Yoast SEO plugin. -->","yoast_head_json":{"title":"Marcelo Bimbi conhece barbearia Dom Bigode - Agazeta.net","robots":{"index":"index","follow":"follow","max-snippet":"max-snippet:-1","max-image-preview":"max-image-preview:large","max-video-preview":"max-video-preview:-1"},"canonical":"https:\/\/nk7-testes.com.br\/agazeta\/marcelo-bimbi-conhece-barbearia-dom-bigode\/","og_locale":"pt_BR","og_type":"article","og_title":"Marcelo Bimbi conhece barbearia Dom Bigode - Agazeta.net","og_description":"Estilo da barbearia chamou aten\u00e7\u00e3o de modelo acriano","og_url":"https:\/\/nk7-testes.com.br\/agazeta\/marcelo-bimbi-conhece-barbearia-dom-bigode\/","og_site_name":"Agazeta.net","article_published_time":"2015-12-11T23:27:17+00:00","og_image":[{"width":458,"height":340,"url":"https:\/\/nk7-testes.com.br\/agazeta\/wp-content\/uploads\/2015\/12\/111215-cotidiano-bimbimnadombigode-taianelima.jpg","type":"image\/jpeg"}],"author":"Agazeta.Net","twitter_card":"summary_large_image","twitter_misc":{"Escrito por":"Agazeta.Net","Est. tempo de leitura":"1 minuto"},"schema":{"@context":"https:\/\/schema.org","@graph":[{"@type":"WebPage","@id":"https:\/\/nk7-testes.com.br\/agazeta\/marcelo-bimbi-conhece-barbearia-dom-bigode\/","url":"https:\/\/nk7-testes.com.br\/agazeta\/marcelo-bimbi-conhece-barbearia-dom-bigode\/","name":"Marcelo Bimbi conhece barbearia Dom Bigode - Agazeta.net","isPartOf":{"@id":"https:\/\/nk7-testes.com.br\/agazeta\/#website"},"primaryImageOfPage":{"@id":"https:\/\/nk7-testes.com.br\/agazeta\/marcelo-bimbi-conhece-barbearia-dom-bigode\/#primaryimage"},"image":{"@id":"https:\/\/nk7-testes.com.br\/agazeta\/marcelo-bimbi-conhece-barbearia-dom-bigode\/#primaryimage"},"thumbnailUrl":"https:\/\/nk7-testes.com.br\/agazeta\/wp-content\/uploads\/2015\/12\/111215-cotidiano-bimbimnadombigode-taianelima.jpg","datePublished":"2015-12-11T23:27:17+00:00","author":{"@id":"https:\/\/nk7-testes.com.br\/agazeta\/#\/schema\/person\/6d6e25cb0435eb4a02fd44d30b4e3020"},"breadcrumb":{"@id":"https:\/\/nk7-testes.com.br\/agazeta\/marcelo-bimbi-conhece-barbearia-dom-bigode\/#breadcrumb"},"inLanguage":"pt-BR","potentialAction":[{"@type":"ReadAction","target":["https:\/\/nk7-testes.com.br\/agazeta\/marcelo-bimbi-conhece-barbearia-dom-bigode\/"]}]},{"@type":"ImageObject","inLanguage":"pt-BR","@id":"https:\/\/nk7-testes.com.br\/agazeta\/marcelo-bimbi-conhece-barbearia-dom-bigode\/#primaryimage","url":"https:\/\/nk7-testes.com.br\/agazeta\/wp-content\/uploads\/2015\/12\/111215-cotidiano-bimbimnadombigode-taianelima.jpg","contentUrl":"https:\/\/nk7-testes.com.br\/agazeta\/wp-content\/uploads\/2015\/12\/111215-cotidiano-bimbimnadombigode-taianelima.jpg","width":458,"height":340,"caption":"111215-cotidiano-bimbimnadombigode-taianelima"},{"@type":"BreadcrumbList","@id":"https:\/\/nk7-testes.com.br\/agazeta\/marcelo-bimbi-conhece-barbearia-dom-bigode\/#breadcrumb","itemListElement":[{"@type":"ListItem","position":1,"name":"In\u00edcio","item":"https:\/\/nk7-testes.com.br\/agazeta\/"},{"@type":"ListItem","position":2,"name":"Marcelo Bimbi conhece barbearia Dom Bigode"}]},{"@type":"WebSite","@id":"https:\/\/nk7-testes.com.br\/agazeta\/#website","url":"https:\/\/nk7-testes.com.br\/agazeta\/","name":"Agazeta.net","description":"Agazeta.net - Not\u00edcias de Rio Branco\/AC","potentialAction":[{"@type":"SearchAction","target":{"@type":"EntryPoint","urlTemplate":"https:\/\/nk7-testes.com.br\/agazeta\/?s={search_term_string}"},"query-input":{"@type":"PropertyValueSpecification","valueRequired":true,"valueName":"search_term_string"}}],"inLanguage":"pt-BR"},{"@type":"Person","@id":"https:\/\/nk7-testes.com.br\/agazeta\/#\/schema\/person\/6d6e25cb0435eb4a02fd44d30b4e3020","name":"Agazeta.Net","url":"https:\/\/nk7-testes.com.br\/agazeta\/author\/agazeta\/"}]}},"_links":{"self":[{"href":"https:\/\/nk7-testes.com.br\/agazeta\/wp-json\/wp\/v2\/posts\/20127","targetHints":{"allow":["GET"]}}],"collection":[{"href":"https:\/\/nk7-testes.com.br\/agazeta\/wp-json\/wp\/v2\/posts"}],"about":[{"href":"https:\/\/nk7-testes.com.br\/agazeta\/wp-json\/wp\/v2\/types\/post"}],"author":[{"embeddable":true,"href":"https:\/\/nk7-testes.com.br\/agazeta\/wp-json\/wp\/v2\/users\/4"}],"replies":[{"embeddable":true,"href":"https:\/\/nk7-testes.com.br\/agazeta\/wp-json\/wp\/v2\/comments?post=20127"}],"version-history":[{"count":0,"href":"https:\/\/nk7-testes.com.br\/agazeta\/wp-json\/wp\/v2\/posts\/20127\/revisions"}],"wp:featuredmedia":[{"embeddable":true,"href":"https:\/\/nk7-testes.com.br\/agazeta\/wp-json\/wp\/v2\/media\/20126"}],"wp:attachment":[{"href":"https:\/\/nk7-testes.com.br\/agazeta\/wp-json\/wp\/v2\/media?parent=20127"}],"wp:term":[{"taxonomy":"category","embeddable":true,"href":"https:\/\/nk7-testes.com.br\/agazeta\/wp-json\/wp\/v2\/categories?post=20127"},{"taxonomy":"post_tag","embeddable":true,"href":"https:\/\/nk7-testes.com.br\/agazeta\/wp-json\/wp\/v2\/tags?post=20127"}],"curies":[{"name":"wp","href":"https:\/\/api.w.org\/{rel}","templated":true}]}}