{"id":20102,"date":"2015-12-10T22:31:00","date_gmt":"2015-12-10T22:31:00","guid":{"rendered":"https:\/\/abarevegan.com.br\/index.php\/2015\/12\/10\/4-edicao-do-premio-de-direitos-humanos-e-realizada\/"},"modified":"2015-12-10T22:31:00","modified_gmt":"2015-12-10T22:31:00","slug":"4-edicao-do-premio-de-direitos-humanos-e-realizada","status":"publish","type":"post","link":"https:\/\/nk7-testes.com.br\/agazeta\/4-edicao-do-premio-de-direitos-humanos-e-realizada\/","title":{"rendered":"4\u00aa Edi\u00e7\u00e3o do Pr\u00eamio de Direitos Humanos \u00e9 realizada"},"content":{"rendered":"<p style=\"text-align: justify;\">Meireles, Cades e Educand\u00e1rio s\u00e3o premiados<\/p>\n<p style=\"text-align: justify;\">O Indigenista Jos\u00e9 Meireles e as entidades Cades e Educand\u00e1rio Margarida foram homenageados hoje, durante entrega da 4\u00aa Edi\u00e7\u00e3o do Pr\u00eamio Estadual em Direitos Humanos.<\/p>\n<p style=\"text-align: justify;\">As homenagens aconteceram no audit\u00f3rio da Biblioteca P\u00fablica na manh\u00e3 desta quinta-feira. Aos vencedores, foram oferecidos trof\u00e9us, pelos diferentes e relevantes trabalhos em rela\u00e7\u00e3o \u00e0 Defesa dos Direitos Humanos.<\/p>\n<p style=\"text-align: justify;\">Uma das filhas de Jos\u00e9 Meireles, indigenista importante para a hist\u00f3ria do Acre e do Brasil, leu uma carta durante a solenidade de premia\u00e7\u00e3o. Nela, o sertanista justificou sua aus\u00eancia e agradeceu a homenagem.<\/p>\n<p style=\"text-align: justify;\">Meirelles tornou-se um dos principais mentores da pol\u00edtica de preservar o isolamento dos \u00edndios n\u00e3o interessados no contato com os brancos. O motivo de n\u00e3o estar no evento, foi justamente a causa que defende.<\/p>\n<p style=\"text-align: justify;\">\u201cMeu pai dedicou a vida dele, 40 anos, aos povos ind\u00edgenas, e 26 anos aos \u00edndios isolados. Saber que o trabalho dele \u00e9 reconhecido nos deixa muito felizes\u201d, disse Paula Meireles.<\/p>\n<p style=\"text-align: justify;\">Tamb\u00e9m foram homenageados o Educand\u00e1rio Santa Margarida, que abriga crian\u00e7as \u00f3rf\u00e3os ou separadas da fam\u00edlia por determina\u00e7\u00e3o judicial, e a Cades, Central de Articula\u00e7\u00e3o das entidades de sa\u00fade.<\/p>\n<p style=\"text-align: justify;\">O pr\u00eamio oferecido pela Secretaria de Estado de Direitos Humanos est\u00e1 na quarta edi\u00e7\u00e3o e sempre s\u00e3o escolhidos uma pessoa f\u00edsica e uma entidade. Pela primeira vez, duas entidades foram premiadas.<\/p>\n<p style=\"text-align: justify;\">O secret\u00e1rio Nilson Mour\u00e3o destacou que a Secretaria de Direitos Humanos n\u00e3o milita apenas na causa de presidi\u00e1rios e lembrou os diferentes campos de atua\u00e7\u00e3o da pasta. \u201cEu creio que esse seja o maior desafio de quem faz a Defesa dos Direitos Humanos no Brasil: \u00e9 desenvolver o trabalho e mostrar uma agenda positiva de recomposi\u00e7\u00e3o da dignidade dos seres humanos\u201d, afirmou.<\/p>\n<p style=\"text-align: justify;\">Durante a solenidade de premia\u00e7\u00e3o, tamb\u00e9m houve entrega de certificados de conclus\u00e3o de curso de capacita\u00e7\u00e3o para os conselheiros tutelares eleitos este ano. A posse est\u00e1 prevista para mar\u00e7o.<\/p>\n","protected":false},"excerpt":{"rendered":"<p style=\"text-align: justify;\">Meireles, Cades e Educand\u00e1rio s\u00e3o premiados<\/p>\n","protected":false},"author":4,"featured_media":20101,"comment_status":"open","ping_status":"open","sticky":false,"template":"","format":"standard","meta":{"jnews-multi-image_gallery":[],"jnews_single_post":[],"jnews_primary_category":[],"jnews_social_meta":[],"jnews_review":[],"enable_review":"","type":"","name":"","summary":"","brand":"","sku":"","good":[],"bad":[],"score_override":"","override_value":"","rating":[],"price":[],"footnotes":""},"categories":[54],"tags":[],"class_list":["post-20102","post","type-post","status-publish","format-standard","has-post-thumbnail","hentry","category-cotidiano"],"yoast_head":"<!-- This site is optimized with the Yoast SEO plugin v26.5 - https:\/\/yoast.com\/wordpress\/plugins\/seo\/ -->\n<title>4\u00aa Edi\u00e7\u00e3o do Pr\u00eamio de Direitos Humanos \u00e9 realizada - Agazeta.net<\/title>\n<meta name=\"robots\" content=\"index, follow, max-snippet:-1, max-image-preview:large, max-video-preview:-1\" \/>\n<link rel=\"canonical\" href=\"https:\/\/nk7-testes.com.br\/agazeta\/4-edicao-do-premio-de-direitos-humanos-e-realizada\/\" \/>\n<meta property=\"og:locale\" content=\"pt_BR\" \/>\n<meta property=\"og:type\" content=\"article\" \/>\n<meta property=\"og:title\" content=\"4\u00aa Edi\u00e7\u00e3o do Pr\u00eamio de Direitos Humanos \u00e9 realizada - Agazeta.net\" \/>\n<meta property=\"og:description\" content=\"Meireles, Cades e Educand\u00e1rio s\u00e3o premiados\" \/>\n<meta property=\"og:url\" content=\"https:\/\/nk7-testes.com.br\/agazeta\/4-edicao-do-premio-de-direitos-humanos-e-realizada\/\" \/>\n<meta property=\"og:site_name\" content=\"Agazeta.net\" \/>\n<meta property=\"article:published_time\" content=\"2015-12-10T22:31:00+00:00\" \/>\n<meta property=\"og:image\" content=\"https:\/\/nk7-testes.com.br\/agazeta\/wp-content\/uploads\/2015\/12\/101215-cotidiano-premiodireitoshumanos-tvgazeta.jpg\" \/>\n\t<meta property=\"og:image:width\" content=\"458\" \/>\n\t<meta property=\"og:image:height\" content=\"340\" \/>\n\t<meta property=\"og:image:type\" content=\"image\/jpeg\" \/>\n<meta name=\"author\" content=\"Agazeta.Net\" \/>\n<meta name=\"twitter:card\" content=\"summary_large_image\" \/>\n<meta name=\"twitter:label1\" content=\"Escrito por\" \/>\n\t<meta name=\"twitter:data1\" content=\"Agazeta.Net\" \/>\n\t<meta name=\"twitter:label2\" content=\"Est. tempo de leitura\" \/>\n\t<meta name=\"twitter:data2\" content=\"2 minutos\" \/>\n<script type=\"application\/ld+json\" class=\"yoast-schema-graph\">{\"@context\":\"https:\/\/schema.org\",\"@graph\":[{\"@type\":\"WebPage\",\"@id\":\"https:\/\/nk7-testes.com.br\/agazeta\/4-edicao-do-premio-de-direitos-humanos-e-realizada\/\",\"url\":\"https:\/\/nk7-testes.com.br\/agazeta\/4-edicao-do-premio-de-direitos-humanos-e-realizada\/\",\"name\":\"4\u00aa Edi\u00e7\u00e3o do Pr\u00eamio de Direitos Humanos \u00e9 realizada - Agazeta.net\",\"isPartOf\":{\"@id\":\"https:\/\/nk7-testes.com.br\/agazeta\/#website\"},\"primaryImageOfPage\":{\"@id\":\"https:\/\/nk7-testes.com.br\/agazeta\/4-edicao-do-premio-de-direitos-humanos-e-realizada\/#primaryimage\"},\"image\":{\"@id\":\"https:\/\/nk7-testes.com.br\/agazeta\/4-edicao-do-premio-de-direitos-humanos-e-realizada\/#primaryimage\"},\"thumbnailUrl\":\"https:\/\/nk7-testes.com.br\/agazeta\/wp-content\/uploads\/2015\/12\/101215-cotidiano-premiodireitoshumanos-tvgazeta.jpg\",\"datePublished\":\"2015-12-10T22:31:00+00:00\",\"author\":{\"@id\":\"https:\/\/nk7-testes.com.br\/agazeta\/#\/schema\/person\/6d6e25cb0435eb4a02fd44d30b4e3020\"},\"breadcrumb\":{\"@id\":\"https:\/\/nk7-testes.com.br\/agazeta\/4-edicao-do-premio-de-direitos-humanos-e-realizada\/#breadcrumb\"},\"inLanguage\":\"pt-BR\",\"potentialAction\":[{\"@type\":\"ReadAction\",\"target\":[\"https:\/\/nk7-testes.com.br\/agazeta\/4-edicao-do-premio-de-direitos-humanos-e-realizada\/\"]}]},{\"@type\":\"ImageObject\",\"inLanguage\":\"pt-BR\",\"@id\":\"https:\/\/nk7-testes.com.br\/agazeta\/4-edicao-do-premio-de-direitos-humanos-e-realizada\/#primaryimage\",\"url\":\"https:\/\/nk7-testes.com.br\/agazeta\/wp-content\/uploads\/2015\/12\/101215-cotidiano-premiodireitoshumanos-tvgazeta.jpg\",\"contentUrl\":\"https:\/\/nk7-testes.com.br\/agazeta\/wp-content\/uploads\/2015\/12\/101215-cotidiano-premiodireitoshumanos-tvgazeta.jpg\",\"width\":458,\"height\":340,\"caption\":\"101215-cotidiano-premiodireitoshumanos-tvgazeta\"},{\"@type\":\"BreadcrumbList\",\"@id\":\"https:\/\/nk7-testes.com.br\/agazeta\/4-edicao-do-premio-de-direitos-humanos-e-realizada\/#breadcrumb\",\"itemListElement\":[{\"@type\":\"ListItem\",\"position\":1,\"name\":\"In\u00edcio\",\"item\":\"https:\/\/nk7-testes.com.br\/agazeta\/\"},{\"@type\":\"ListItem\",\"position\":2,\"name\":\"4\u00aa Edi\u00e7\u00e3o do Pr\u00eamio de Direitos Humanos \u00e9 realizada\"}]},{\"@type\":\"WebSite\",\"@id\":\"https:\/\/nk7-testes.com.br\/agazeta\/#website\",\"url\":\"https:\/\/nk7-testes.com.br\/agazeta\/\",\"name\":\"Agazeta.net\",\"description\":\"Agazeta.net - Not\u00edcias de Rio Branco\/AC\",\"potentialAction\":[{\"@type\":\"SearchAction\",\"target\":{\"@type\":\"EntryPoint\",\"urlTemplate\":\"https:\/\/nk7-testes.com.br\/agazeta\/?s={search_term_string}\"},\"query-input\":{\"@type\":\"PropertyValueSpecification\",\"valueRequired\":true,\"valueName\":\"search_term_string\"}}],\"inLanguage\":\"pt-BR\"},{\"@type\":\"Person\",\"@id\":\"https:\/\/nk7-testes.com.br\/agazeta\/#\/schema\/person\/6d6e25cb0435eb4a02fd44d30b4e3020\",\"name\":\"Agazeta.Net\",\"url\":\"https:\/\/nk7-testes.com.br\/agazeta\/author\/agazeta\/\"}]}<\/script>\n<!-- \/ Yoast SEO plugin. -->","yoast_head_json":{"title":"4\u00aa Edi\u00e7\u00e3o do Pr\u00eamio de Direitos Humanos \u00e9 realizada - Agazeta.net","robots":{"index":"index","follow":"follow","max-snippet":"max-snippet:-1","max-image-preview":"max-image-preview:large","max-video-preview":"max-video-preview:-1"},"canonical":"https:\/\/nk7-testes.com.br\/agazeta\/4-edicao-do-premio-de-direitos-humanos-e-realizada\/","og_locale":"pt_BR","og_type":"article","og_title":"4\u00aa Edi\u00e7\u00e3o do Pr\u00eamio de Direitos Humanos \u00e9 realizada - Agazeta.net","og_description":"Meireles, Cades e Educand\u00e1rio s\u00e3o premiados","og_url":"https:\/\/nk7-testes.com.br\/agazeta\/4-edicao-do-premio-de-direitos-humanos-e-realizada\/","og_site_name":"Agazeta.net","article_published_time":"2015-12-10T22:31:00+00:00","og_image":[{"width":458,"height":340,"url":"https:\/\/nk7-testes.com.br\/agazeta\/wp-content\/uploads\/2015\/12\/101215-cotidiano-premiodireitoshumanos-tvgazeta.jpg","type":"image\/jpeg"}],"author":"Agazeta.Net","twitter_card":"summary_large_image","twitter_misc":{"Escrito por":"Agazeta.Net","Est. tempo de leitura":"2 minutos"},"schema":{"@context":"https:\/\/schema.org","@graph":[{"@type":"WebPage","@id":"https:\/\/nk7-testes.com.br\/agazeta\/4-edicao-do-premio-de-direitos-humanos-e-realizada\/","url":"https:\/\/nk7-testes.com.br\/agazeta\/4-edicao-do-premio-de-direitos-humanos-e-realizada\/","name":"4\u00aa Edi\u00e7\u00e3o do Pr\u00eamio de Direitos Humanos \u00e9 realizada - Agazeta.net","isPartOf":{"@id":"https:\/\/nk7-testes.com.br\/agazeta\/#website"},"primaryImageOfPage":{"@id":"https:\/\/nk7-testes.com.br\/agazeta\/4-edicao-do-premio-de-direitos-humanos-e-realizada\/#primaryimage"},"image":{"@id":"https:\/\/nk7-testes.com.br\/agazeta\/4-edicao-do-premio-de-direitos-humanos-e-realizada\/#primaryimage"},"thumbnailUrl":"https:\/\/nk7-testes.com.br\/agazeta\/wp-content\/uploads\/2015\/12\/101215-cotidiano-premiodireitoshumanos-tvgazeta.jpg","datePublished":"2015-12-10T22:31:00+00:00","author":{"@id":"https:\/\/nk7-testes.com.br\/agazeta\/#\/schema\/person\/6d6e25cb0435eb4a02fd44d30b4e3020"},"breadcrumb":{"@id":"https:\/\/nk7-testes.com.br\/agazeta\/4-edicao-do-premio-de-direitos-humanos-e-realizada\/#breadcrumb"},"inLanguage":"pt-BR","potentialAction":[{"@type":"ReadAction","target":["https:\/\/nk7-testes.com.br\/agazeta\/4-edicao-do-premio-de-direitos-humanos-e-realizada\/"]}]},{"@type":"ImageObject","inLanguage":"pt-BR","@id":"https:\/\/nk7-testes.com.br\/agazeta\/4-edicao-do-premio-de-direitos-humanos-e-realizada\/#primaryimage","url":"https:\/\/nk7-testes.com.br\/agazeta\/wp-content\/uploads\/2015\/12\/101215-cotidiano-premiodireitoshumanos-tvgazeta.jpg","contentUrl":"https:\/\/nk7-testes.com.br\/agazeta\/wp-content\/uploads\/2015\/12\/101215-cotidiano-premiodireitoshumanos-tvgazeta.jpg","width":458,"height":340,"caption":"101215-cotidiano-premiodireitoshumanos-tvgazeta"},{"@type":"BreadcrumbList","@id":"https:\/\/nk7-testes.com.br\/agazeta\/4-edicao-do-premio-de-direitos-humanos-e-realizada\/#breadcrumb","itemListElement":[{"@type":"ListItem","position":1,"name":"In\u00edcio","item":"https:\/\/nk7-testes.com.br\/agazeta\/"},{"@type":"ListItem","position":2,"name":"4\u00aa Edi\u00e7\u00e3o do Pr\u00eamio de Direitos Humanos \u00e9 realizada"}]},{"@type":"WebSite","@id":"https:\/\/nk7-testes.com.br\/agazeta\/#website","url":"https:\/\/nk7-testes.com.br\/agazeta\/","name":"Agazeta.net","description":"Agazeta.net - Not\u00edcias de Rio Branco\/AC","potentialAction":[{"@type":"SearchAction","target":{"@type":"EntryPoint","urlTemplate":"https:\/\/nk7-testes.com.br\/agazeta\/?s={search_term_string}"},"query-input":{"@type":"PropertyValueSpecification","valueRequired":true,"valueName":"search_term_string"}}],"inLanguage":"pt-BR"},{"@type":"Person","@id":"https:\/\/nk7-testes.com.br\/agazeta\/#\/schema\/person\/6d6e25cb0435eb4a02fd44d30b4e3020","name":"Agazeta.Net","url":"https:\/\/nk7-testes.com.br\/agazeta\/author\/agazeta\/"}]}},"_links":{"self":[{"href":"https:\/\/nk7-testes.com.br\/agazeta\/wp-json\/wp\/v2\/posts\/20102","targetHints":{"allow":["GET"]}}],"collection":[{"href":"https:\/\/nk7-testes.com.br\/agazeta\/wp-json\/wp\/v2\/posts"}],"about":[{"href":"https:\/\/nk7-testes.com.br\/agazeta\/wp-json\/wp\/v2\/types\/post"}],"author":[{"embeddable":true,"href":"https:\/\/nk7-testes.com.br\/agazeta\/wp-json\/wp\/v2\/users\/4"}],"replies":[{"embeddable":true,"href":"https:\/\/nk7-testes.com.br\/agazeta\/wp-json\/wp\/v2\/comments?post=20102"}],"version-history":[{"count":0,"href":"https:\/\/nk7-testes.com.br\/agazeta\/wp-json\/wp\/v2\/posts\/20102\/revisions"}],"wp:featuredmedia":[{"embeddable":true,"href":"https:\/\/nk7-testes.com.br\/agazeta\/wp-json\/wp\/v2\/media\/20101"}],"wp:attachment":[{"href":"https:\/\/nk7-testes.com.br\/agazeta\/wp-json\/wp\/v2\/media?parent=20102"}],"wp:term":[{"taxonomy":"category","embeddable":true,"href":"https:\/\/nk7-testes.com.br\/agazeta\/wp-json\/wp\/v2\/categories?post=20102"},{"taxonomy":"post_tag","embeddable":true,"href":"https:\/\/nk7-testes.com.br\/agazeta\/wp-json\/wp\/v2\/tags?post=20102"}],"curies":[{"name":"wp","href":"https:\/\/api.w.org\/{rel}","templated":true}]}}