{"id":20094,"date":"2015-12-10T19:59:48","date_gmt":"2015-12-10T19:59:48","guid":{"rendered":"https:\/\/abarevegan.com.br\/index.php\/2015\/12\/10\/ms-aponta-aumento-de-casos-de-hiv-no-acre\/"},"modified":"2015-12-10T19:59:48","modified_gmt":"2015-12-10T19:59:48","slug":"ms-aponta-aumento-de-casos-de-hiv-no-acre","status":"publish","type":"post","link":"https:\/\/nk7-testes.com.br\/agazeta\/ms-aponta-aumento-de-casos-de-hiv-no-acre\/","title":{"rendered":"MS aponta aumento de casos de HIV no Acre"},"content":{"rendered":"<p style=\"text-align: justify;\">N\u00famero de casos subiu de 15 para 71 entre 2013 e 2014<\/p>\n<p style=\"text-align: justify;\">Um levantamento realizado pelo Minist\u00e9rio da Sa\u00fade (MS), em um ano, aponta que o n\u00famero de notifica\u00e7\u00f5es de pessoas com HIV aumentou no estado do Acre. A quantidade de casos saltou de 15 para 71 entre os anos 2013 e 2014.<\/p>\n<p style=\"text-align: justify;\">De acordo com o MS esse aumento pode ser explicado pela amplia\u00e7\u00e3o do acesso ao diagn\u00f3stico, especialmente com os testes r\u00e1pidos anti-HIV. Descobrindo a infec\u00e7\u00e3o precocemente, o paciente tem a oportunidade de se tratar e impedir que a infec\u00e7\u00e3o evolua para aids. Com a amplia\u00e7\u00e3o do diagn\u00f3stico, o desafio do governo federal \u00e9 acabar com a epidemia de aids at\u00e9 2030, em todo o Brasil, como destaca o ministro da Sa\u00fade, Marcelo Castro. \u201cN\u00f3s iremos cumprir a meta 90, 90, 90, o que significa essa meta, \u00e9 a gente diagnosticar 90% dos portadores de HIV, tratar 90% dos identificados e a gente conseguir uma carga viral impercept\u00edvel nos 90 % de casos tratados, ou seja, de pessoas que n\u00e3o v\u00e3o transmitir a Aids,\u201d disse o ministro da sa\u00fade, Marcelo Castro, em entrevista a r\u00e1dio do MS.<\/p>\n<p style=\"text-align: justify;\">Na inten\u00e7\u00e3o de ampliar ainda mais o n\u00famero de diagn\u00f3sticos de HIV nos estados brasileiros, a Anvisa permitiu o registro no Brasil de autotestes orais de HIV. A nova forma de testagem permite que o exame seja realizado em casa.<\/p>\n<p style=\"text-align: justify;\">Para o ministro da Sa\u00fade, Marcelo Castro, a expectativa \u00e9 que os autotestes sejam colocados logo no mercado. \u201cA Anvisa liberou, para o uso comercial, testes r\u00e1pidos de aids que as pessoas possam fazer em casa. Compra na farm\u00e1cia e faz em casa. S\u00e3o os autotestes. Esperamos que isto esteja disponibilizado para o mercado j\u00e1 no primeiro semestre do pr\u00f3ximo ano\u201d.<\/p>\n<p style=\"text-align: justify;\">Em todo o pa\u00eds, a taxa de detec\u00e7\u00e3o da aids caiu mais de cinco por cento. A redu\u00e7\u00e3o \u00e9 a maior dos \u00faltimos 12 anos. O SUS oferece gratuitamente teste e tratamento para HIV e aids. Basta procurar uma Unidade de Sa\u00fade.<\/p>\n","protected":false},"excerpt":{"rendered":"<p style=\"text-align: justify;\">N\u00famero de casos subiu de 15 para 71 entre 2013 e 2014<\/p>\n","protected":false},"author":4,"featured_media":20093,"comment_status":"open","ping_status":"open","sticky":false,"template":"","format":"standard","meta":{"jnews-multi-image_gallery":[],"jnews_single_post":[],"jnews_primary_category":[],"jnews_social_meta":[],"jnews_review":[],"enable_review":"","type":"","name":"","summary":"","brand":"","sku":"","good":[],"bad":[],"score_override":"","override_value":"","rating":[],"price":[],"footnotes":""},"categories":[54],"tags":[],"class_list":["post-20094","post","type-post","status-publish","format-standard","has-post-thumbnail","hentry","category-cotidiano"],"yoast_head":"<!-- This site is optimized with the Yoast SEO plugin v26.5 - https:\/\/yoast.com\/wordpress\/plugins\/seo\/ -->\n<title>MS aponta aumento de casos de HIV no Acre - Agazeta.net<\/title>\n<meta name=\"robots\" content=\"index, follow, max-snippet:-1, max-image-preview:large, max-video-preview:-1\" \/>\n<link rel=\"canonical\" href=\"https:\/\/nk7-testes.com.br\/agazeta\/ms-aponta-aumento-de-casos-de-hiv-no-acre\/\" \/>\n<meta property=\"og:locale\" content=\"pt_BR\" \/>\n<meta property=\"og:type\" content=\"article\" \/>\n<meta property=\"og:title\" content=\"MS aponta aumento de casos de HIV no Acre - Agazeta.net\" \/>\n<meta property=\"og:description\" content=\"N\u00famero de casos subiu de 15 para 71 entre 2013 e 2014\" \/>\n<meta property=\"og:url\" content=\"https:\/\/nk7-testes.com.br\/agazeta\/ms-aponta-aumento-de-casos-de-hiv-no-acre\/\" \/>\n<meta property=\"og:site_name\" content=\"Agazeta.net\" \/>\n<meta property=\"article:published_time\" content=\"2015-12-10T19:59:48+00:00\" \/>\n<meta property=\"og:image\" content=\"https:\/\/nk7-testes.com.br\/agazeta\/wp-content\/uploads\/2015\/12\/111215-hiv.jpg\" \/>\n\t<meta property=\"og:image:width\" content=\"458\" \/>\n\t<meta property=\"og:image:height\" content=\"340\" \/>\n\t<meta property=\"og:image:type\" content=\"image\/jpeg\" \/>\n<meta name=\"author\" content=\"Agazeta.Net\" \/>\n<meta name=\"twitter:card\" content=\"summary_large_image\" \/>\n<meta name=\"twitter:label1\" content=\"Escrito por\" \/>\n\t<meta name=\"twitter:data1\" content=\"Agazeta.Net\" \/>\n\t<meta name=\"twitter:label2\" content=\"Est. tempo de leitura\" \/>\n\t<meta name=\"twitter:data2\" content=\"2 minutos\" \/>\n<script type=\"application\/ld+json\" class=\"yoast-schema-graph\">{\"@context\":\"https:\/\/schema.org\",\"@graph\":[{\"@type\":\"WebPage\",\"@id\":\"https:\/\/nk7-testes.com.br\/agazeta\/ms-aponta-aumento-de-casos-de-hiv-no-acre\/\",\"url\":\"https:\/\/nk7-testes.com.br\/agazeta\/ms-aponta-aumento-de-casos-de-hiv-no-acre\/\",\"name\":\"MS aponta aumento de casos de HIV no Acre - Agazeta.net\",\"isPartOf\":{\"@id\":\"https:\/\/nk7-testes.com.br\/agazeta\/#website\"},\"primaryImageOfPage\":{\"@id\":\"https:\/\/nk7-testes.com.br\/agazeta\/ms-aponta-aumento-de-casos-de-hiv-no-acre\/#primaryimage\"},\"image\":{\"@id\":\"https:\/\/nk7-testes.com.br\/agazeta\/ms-aponta-aumento-de-casos-de-hiv-no-acre\/#primaryimage\"},\"thumbnailUrl\":\"https:\/\/nk7-testes.com.br\/agazeta\/wp-content\/uploads\/2015\/12\/111215-hiv.jpg\",\"datePublished\":\"2015-12-10T19:59:48+00:00\",\"author\":{\"@id\":\"https:\/\/nk7-testes.com.br\/agazeta\/#\/schema\/person\/6d6e25cb0435eb4a02fd44d30b4e3020\"},\"breadcrumb\":{\"@id\":\"https:\/\/nk7-testes.com.br\/agazeta\/ms-aponta-aumento-de-casos-de-hiv-no-acre\/#breadcrumb\"},\"inLanguage\":\"pt-BR\",\"potentialAction\":[{\"@type\":\"ReadAction\",\"target\":[\"https:\/\/nk7-testes.com.br\/agazeta\/ms-aponta-aumento-de-casos-de-hiv-no-acre\/\"]}]},{\"@type\":\"ImageObject\",\"inLanguage\":\"pt-BR\",\"@id\":\"https:\/\/nk7-testes.com.br\/agazeta\/ms-aponta-aumento-de-casos-de-hiv-no-acre\/#primaryimage\",\"url\":\"https:\/\/nk7-testes.com.br\/agazeta\/wp-content\/uploads\/2015\/12\/111215-hiv.jpg\",\"contentUrl\":\"https:\/\/nk7-testes.com.br\/agazeta\/wp-content\/uploads\/2015\/12\/111215-hiv.jpg\",\"width\":458,\"height\":340,\"caption\":\"111215-hiv\"},{\"@type\":\"BreadcrumbList\",\"@id\":\"https:\/\/nk7-testes.com.br\/agazeta\/ms-aponta-aumento-de-casos-de-hiv-no-acre\/#breadcrumb\",\"itemListElement\":[{\"@type\":\"ListItem\",\"position\":1,\"name\":\"In\u00edcio\",\"item\":\"https:\/\/nk7-testes.com.br\/agazeta\/\"},{\"@type\":\"ListItem\",\"position\":2,\"name\":\"MS aponta aumento de casos de HIV no Acre\"}]},{\"@type\":\"WebSite\",\"@id\":\"https:\/\/nk7-testes.com.br\/agazeta\/#website\",\"url\":\"https:\/\/nk7-testes.com.br\/agazeta\/\",\"name\":\"Agazeta.net\",\"description\":\"Agazeta.net - Not\u00edcias de Rio Branco\/AC\",\"potentialAction\":[{\"@type\":\"SearchAction\",\"target\":{\"@type\":\"EntryPoint\",\"urlTemplate\":\"https:\/\/nk7-testes.com.br\/agazeta\/?s={search_term_string}\"},\"query-input\":{\"@type\":\"PropertyValueSpecification\",\"valueRequired\":true,\"valueName\":\"search_term_string\"}}],\"inLanguage\":\"pt-BR\"},{\"@type\":\"Person\",\"@id\":\"https:\/\/nk7-testes.com.br\/agazeta\/#\/schema\/person\/6d6e25cb0435eb4a02fd44d30b4e3020\",\"name\":\"Agazeta.Net\",\"url\":\"https:\/\/nk7-testes.com.br\/agazeta\/author\/agazeta\/\"}]}<\/script>\n<!-- \/ Yoast SEO plugin. -->","yoast_head_json":{"title":"MS aponta aumento de casos de HIV no Acre - Agazeta.net","robots":{"index":"index","follow":"follow","max-snippet":"max-snippet:-1","max-image-preview":"max-image-preview:large","max-video-preview":"max-video-preview:-1"},"canonical":"https:\/\/nk7-testes.com.br\/agazeta\/ms-aponta-aumento-de-casos-de-hiv-no-acre\/","og_locale":"pt_BR","og_type":"article","og_title":"MS aponta aumento de casos de HIV no Acre - Agazeta.net","og_description":"N\u00famero de casos subiu de 15 para 71 entre 2013 e 2014","og_url":"https:\/\/nk7-testes.com.br\/agazeta\/ms-aponta-aumento-de-casos-de-hiv-no-acre\/","og_site_name":"Agazeta.net","article_published_time":"2015-12-10T19:59:48+00:00","og_image":[{"width":458,"height":340,"url":"https:\/\/nk7-testes.com.br\/agazeta\/wp-content\/uploads\/2015\/12\/111215-hiv.jpg","type":"image\/jpeg"}],"author":"Agazeta.Net","twitter_card":"summary_large_image","twitter_misc":{"Escrito por":"Agazeta.Net","Est. tempo de leitura":"2 minutos"},"schema":{"@context":"https:\/\/schema.org","@graph":[{"@type":"WebPage","@id":"https:\/\/nk7-testes.com.br\/agazeta\/ms-aponta-aumento-de-casos-de-hiv-no-acre\/","url":"https:\/\/nk7-testes.com.br\/agazeta\/ms-aponta-aumento-de-casos-de-hiv-no-acre\/","name":"MS aponta aumento de casos de HIV no Acre - Agazeta.net","isPartOf":{"@id":"https:\/\/nk7-testes.com.br\/agazeta\/#website"},"primaryImageOfPage":{"@id":"https:\/\/nk7-testes.com.br\/agazeta\/ms-aponta-aumento-de-casos-de-hiv-no-acre\/#primaryimage"},"image":{"@id":"https:\/\/nk7-testes.com.br\/agazeta\/ms-aponta-aumento-de-casos-de-hiv-no-acre\/#primaryimage"},"thumbnailUrl":"https:\/\/nk7-testes.com.br\/agazeta\/wp-content\/uploads\/2015\/12\/111215-hiv.jpg","datePublished":"2015-12-10T19:59:48+00:00","author":{"@id":"https:\/\/nk7-testes.com.br\/agazeta\/#\/schema\/person\/6d6e25cb0435eb4a02fd44d30b4e3020"},"breadcrumb":{"@id":"https:\/\/nk7-testes.com.br\/agazeta\/ms-aponta-aumento-de-casos-de-hiv-no-acre\/#breadcrumb"},"inLanguage":"pt-BR","potentialAction":[{"@type":"ReadAction","target":["https:\/\/nk7-testes.com.br\/agazeta\/ms-aponta-aumento-de-casos-de-hiv-no-acre\/"]}]},{"@type":"ImageObject","inLanguage":"pt-BR","@id":"https:\/\/nk7-testes.com.br\/agazeta\/ms-aponta-aumento-de-casos-de-hiv-no-acre\/#primaryimage","url":"https:\/\/nk7-testes.com.br\/agazeta\/wp-content\/uploads\/2015\/12\/111215-hiv.jpg","contentUrl":"https:\/\/nk7-testes.com.br\/agazeta\/wp-content\/uploads\/2015\/12\/111215-hiv.jpg","width":458,"height":340,"caption":"111215-hiv"},{"@type":"BreadcrumbList","@id":"https:\/\/nk7-testes.com.br\/agazeta\/ms-aponta-aumento-de-casos-de-hiv-no-acre\/#breadcrumb","itemListElement":[{"@type":"ListItem","position":1,"name":"In\u00edcio","item":"https:\/\/nk7-testes.com.br\/agazeta\/"},{"@type":"ListItem","position":2,"name":"MS aponta aumento de casos de HIV no Acre"}]},{"@type":"WebSite","@id":"https:\/\/nk7-testes.com.br\/agazeta\/#website","url":"https:\/\/nk7-testes.com.br\/agazeta\/","name":"Agazeta.net","description":"Agazeta.net - Not\u00edcias de Rio Branco\/AC","potentialAction":[{"@type":"SearchAction","target":{"@type":"EntryPoint","urlTemplate":"https:\/\/nk7-testes.com.br\/agazeta\/?s={search_term_string}"},"query-input":{"@type":"PropertyValueSpecification","valueRequired":true,"valueName":"search_term_string"}}],"inLanguage":"pt-BR"},{"@type":"Person","@id":"https:\/\/nk7-testes.com.br\/agazeta\/#\/schema\/person\/6d6e25cb0435eb4a02fd44d30b4e3020","name":"Agazeta.Net","url":"https:\/\/nk7-testes.com.br\/agazeta\/author\/agazeta\/"}]}},"_links":{"self":[{"href":"https:\/\/nk7-testes.com.br\/agazeta\/wp-json\/wp\/v2\/posts\/20094","targetHints":{"allow":["GET"]}}],"collection":[{"href":"https:\/\/nk7-testes.com.br\/agazeta\/wp-json\/wp\/v2\/posts"}],"about":[{"href":"https:\/\/nk7-testes.com.br\/agazeta\/wp-json\/wp\/v2\/types\/post"}],"author":[{"embeddable":true,"href":"https:\/\/nk7-testes.com.br\/agazeta\/wp-json\/wp\/v2\/users\/4"}],"replies":[{"embeddable":true,"href":"https:\/\/nk7-testes.com.br\/agazeta\/wp-json\/wp\/v2\/comments?post=20094"}],"version-history":[{"count":0,"href":"https:\/\/nk7-testes.com.br\/agazeta\/wp-json\/wp\/v2\/posts\/20094\/revisions"}],"wp:featuredmedia":[{"embeddable":true,"href":"https:\/\/nk7-testes.com.br\/agazeta\/wp-json\/wp\/v2\/media\/20093"}],"wp:attachment":[{"href":"https:\/\/nk7-testes.com.br\/agazeta\/wp-json\/wp\/v2\/media?parent=20094"}],"wp:term":[{"taxonomy":"category","embeddable":true,"href":"https:\/\/nk7-testes.com.br\/agazeta\/wp-json\/wp\/v2\/categories?post=20094"},{"taxonomy":"post_tag","embeddable":true,"href":"https:\/\/nk7-testes.com.br\/agazeta\/wp-json\/wp\/v2\/tags?post=20094"}],"curies":[{"name":"wp","href":"https:\/\/api.w.org\/{rel}","templated":true}]}}