{"id":20091,"date":"2015-12-10T17:07:42","date_gmt":"2015-12-10T17:07:42","guid":{"rendered":"https:\/\/abarevegan.com.br\/index.php\/2015\/12\/10\/secretaria-de-saude-confirma-tres-casos-de-microcefalia-no-estado\/"},"modified":"2015-12-10T17:07:42","modified_gmt":"2015-12-10T17:07:42","slug":"secretaria-de-saude-confirma-tres-casos-de-microcefalia-no-estado","status":"publish","type":"post","link":"https:\/\/nk7-testes.com.br\/agazeta\/secretaria-de-saude-confirma-tres-casos-de-microcefalia-no-estado\/","title":{"rendered":"Secretaria de Sa\u00fade confirma tr\u00eas casos de microcefalia no Estado"},"content":{"rendered":"<p style=\"text-align: justify;\">Casos est\u00e3o sendo investigados&nbsp;<\/p>\n<p style=\"text-align: justify;\">A Secretaria de Estado de Sa\u00fade divulgou na manh\u00e3 desta quinta-feira (10) uma nota falando a respeito de casos suspeitos de zika v\u00edrus no Acre e casos de beb\u00eas que nasceram com microcefalia.<\/p>\n<p style=\"text-align: justify;\">Em nota, foram confirmados tr\u00eas registros de nascimento de crian\u00e7as na Maternidade B\u00e1rbara Heliodora com microcefalia neste m\u00eas. Dois casos de m\u00e3es que moram em Feij\u00f3, onde h\u00e1 apenas um caso confirmado de dengue e outro no Jord\u00e3o, que n\u00e3o h\u00e1 registros de dengue.<\/p>\n<p style=\"text-align: justify;\">Os casos est\u00e3o sendo avaliados para que se saiba se h\u00e1 liga\u00e7\u00e3o entre a doen\u00e7a das crian\u00e7as com o mosquito <em>aedes aegypti<\/em> (mosquito que transmite a dengue) ou se a microcefalia foi causada por outra patologia.<\/p>\n<p style=\"text-align: justify;\">Sobre casos de suspeita de zika v\u00edrus, a secretaria esclareceu que tamb\u00e9m est\u00e1 investigando os casos suspeitos. Sete pessoas deram entrada em unidades de sa\u00fade do Estado apresentando sintomas semelhantes aos da dengue, chikungunya e zika v\u00edrus.<\/p>\n<p style=\"text-align: justify;\">&nbsp;<strong>A doen\u00e7a<\/strong><\/p>\n<p style=\"text-align: justify;\">Microcefalia \u00e9 uma condi\u00e7\u00e3o neurol\u00f3gica rara em que a cabe\u00e7a da pessoa \u00e9 significativamente menor do que a de outros da mesma idade e sexo. Microcefalia normalmente \u00e9 diagnosticada no come\u00e7o da vida e \u00e9 resultado do c\u00e9rebro n\u00e3o crescer o suficiente durante a gesta\u00e7\u00e3o ou ap\u00f3s o nascimento.<\/p>\n<p style=\"text-align: justify;\">Crian\u00e7as com microcefalia t\u00eam problemas de desenvolvimento. N\u00e3o h\u00e1 tratamentos para a microcefalia, mas tratamentos realizados desde os primeiros anos melhoram o desenvolvimento e qualidade de vida. A microcefalia pode ser causada por uma s\u00e9rie de problemas gen\u00e9ticos ou ambientais.<\/p>\n","protected":false},"excerpt":{"rendered":"<p style=\"text-align: justify;\">Casos est\u00e3o sendo investigados&nbsp;<\/p>\n","protected":false},"author":4,"featured_media":20090,"comment_status":"open","ping_status":"open","sticky":false,"template":"","format":"standard","meta":{"jnews-multi-image_gallery":[],"jnews_single_post":[],"jnews_primary_category":[],"jnews_social_meta":[],"jnews_review":[],"enable_review":"","type":"","name":"","summary":"","brand":"","sku":"","good":[],"bad":[],"score_override":"","override_value":"","rating":[],"price":[],"footnotes":""},"categories":[54],"tags":[],"class_list":["post-20091","post","type-post","status-publish","format-standard","has-post-thumbnail","hentry","category-cotidiano"],"yoast_head":"<!-- This site is optimized with the Yoast SEO plugin v26.5 - https:\/\/yoast.com\/wordpress\/plugins\/seo\/ -->\n<title>Secretaria de Sa\u00fade confirma tr\u00eas casos de microcefalia no Estado - Agazeta.net<\/title>\n<meta name=\"robots\" content=\"index, follow, max-snippet:-1, max-image-preview:large, max-video-preview:-1\" \/>\n<link rel=\"canonical\" href=\"https:\/\/nk7-testes.com.br\/agazeta\/secretaria-de-saude-confirma-tres-casos-de-microcefalia-no-estado\/\" \/>\n<meta property=\"og:locale\" content=\"pt_BR\" \/>\n<meta property=\"og:type\" content=\"article\" \/>\n<meta property=\"og:title\" content=\"Secretaria de Sa\u00fade confirma tr\u00eas casos de microcefalia no Estado - Agazeta.net\" \/>\n<meta property=\"og:description\" content=\"Casos est\u00e3o sendo investigados&nbsp;\" \/>\n<meta property=\"og:url\" content=\"https:\/\/nk7-testes.com.br\/agazeta\/secretaria-de-saude-confirma-tres-casos-de-microcefalia-no-estado\/\" \/>\n<meta property=\"og:site_name\" content=\"Agazeta.net\" \/>\n<meta property=\"article:published_time\" content=\"2015-12-10T17:07:42+00:00\" \/>\n<meta property=\"og:image\" content=\"https:\/\/nk7-testes.com.br\/agazeta\/wp-content\/uploads\/2015\/12\/101215-cotidiano-microcefalia.jpg\" \/>\n\t<meta property=\"og:image:width\" content=\"458\" \/>\n\t<meta property=\"og:image:height\" content=\"340\" \/>\n\t<meta property=\"og:image:type\" content=\"image\/jpeg\" \/>\n<meta name=\"author\" content=\"Agazeta.Net\" \/>\n<meta name=\"twitter:card\" content=\"summary_large_image\" \/>\n<meta name=\"twitter:label1\" content=\"Escrito por\" \/>\n\t<meta name=\"twitter:data1\" content=\"Agazeta.Net\" \/>\n\t<meta name=\"twitter:label2\" content=\"Est. tempo de leitura\" \/>\n\t<meta name=\"twitter:data2\" content=\"1 minuto\" \/>\n<script type=\"application\/ld+json\" class=\"yoast-schema-graph\">{\"@context\":\"https:\/\/schema.org\",\"@graph\":[{\"@type\":\"WebPage\",\"@id\":\"https:\/\/nk7-testes.com.br\/agazeta\/secretaria-de-saude-confirma-tres-casos-de-microcefalia-no-estado\/\",\"url\":\"https:\/\/nk7-testes.com.br\/agazeta\/secretaria-de-saude-confirma-tres-casos-de-microcefalia-no-estado\/\",\"name\":\"Secretaria de Sa\u00fade confirma tr\u00eas casos de microcefalia no Estado - Agazeta.net\",\"isPartOf\":{\"@id\":\"https:\/\/nk7-testes.com.br\/agazeta\/#website\"},\"primaryImageOfPage\":{\"@id\":\"https:\/\/nk7-testes.com.br\/agazeta\/secretaria-de-saude-confirma-tres-casos-de-microcefalia-no-estado\/#primaryimage\"},\"image\":{\"@id\":\"https:\/\/nk7-testes.com.br\/agazeta\/secretaria-de-saude-confirma-tres-casos-de-microcefalia-no-estado\/#primaryimage\"},\"thumbnailUrl\":\"https:\/\/nk7-testes.com.br\/agazeta\/wp-content\/uploads\/2015\/12\/101215-cotidiano-microcefalia.jpg\",\"datePublished\":\"2015-12-10T17:07:42+00:00\",\"author\":{\"@id\":\"https:\/\/nk7-testes.com.br\/agazeta\/#\/schema\/person\/6d6e25cb0435eb4a02fd44d30b4e3020\"},\"breadcrumb\":{\"@id\":\"https:\/\/nk7-testes.com.br\/agazeta\/secretaria-de-saude-confirma-tres-casos-de-microcefalia-no-estado\/#breadcrumb\"},\"inLanguage\":\"pt-BR\",\"potentialAction\":[{\"@type\":\"ReadAction\",\"target\":[\"https:\/\/nk7-testes.com.br\/agazeta\/secretaria-de-saude-confirma-tres-casos-de-microcefalia-no-estado\/\"]}]},{\"@type\":\"ImageObject\",\"inLanguage\":\"pt-BR\",\"@id\":\"https:\/\/nk7-testes.com.br\/agazeta\/secretaria-de-saude-confirma-tres-casos-de-microcefalia-no-estado\/#primaryimage\",\"url\":\"https:\/\/nk7-testes.com.br\/agazeta\/wp-content\/uploads\/2015\/12\/101215-cotidiano-microcefalia.jpg\",\"contentUrl\":\"https:\/\/nk7-testes.com.br\/agazeta\/wp-content\/uploads\/2015\/12\/101215-cotidiano-microcefalia.jpg\",\"width\":458,\"height\":340,\"caption\":\"101215-cotidiano-microcefalia\"},{\"@type\":\"BreadcrumbList\",\"@id\":\"https:\/\/nk7-testes.com.br\/agazeta\/secretaria-de-saude-confirma-tres-casos-de-microcefalia-no-estado\/#breadcrumb\",\"itemListElement\":[{\"@type\":\"ListItem\",\"position\":1,\"name\":\"In\u00edcio\",\"item\":\"https:\/\/nk7-testes.com.br\/agazeta\/\"},{\"@type\":\"ListItem\",\"position\":2,\"name\":\"Secretaria de Sa\u00fade confirma tr\u00eas casos de microcefalia no Estado\"}]},{\"@type\":\"WebSite\",\"@id\":\"https:\/\/nk7-testes.com.br\/agazeta\/#website\",\"url\":\"https:\/\/nk7-testes.com.br\/agazeta\/\",\"name\":\"Agazeta.net\",\"description\":\"Agazeta.net - Not\u00edcias de Rio Branco\/AC\",\"potentialAction\":[{\"@type\":\"SearchAction\",\"target\":{\"@type\":\"EntryPoint\",\"urlTemplate\":\"https:\/\/nk7-testes.com.br\/agazeta\/?s={search_term_string}\"},\"query-input\":{\"@type\":\"PropertyValueSpecification\",\"valueRequired\":true,\"valueName\":\"search_term_string\"}}],\"inLanguage\":\"pt-BR\"},{\"@type\":\"Person\",\"@id\":\"https:\/\/nk7-testes.com.br\/agazeta\/#\/schema\/person\/6d6e25cb0435eb4a02fd44d30b4e3020\",\"name\":\"Agazeta.Net\",\"url\":\"https:\/\/nk7-testes.com.br\/agazeta\/author\/agazeta\/\"}]}<\/script>\n<!-- \/ Yoast SEO plugin. -->","yoast_head_json":{"title":"Secretaria de Sa\u00fade confirma tr\u00eas casos de microcefalia no Estado - Agazeta.net","robots":{"index":"index","follow":"follow","max-snippet":"max-snippet:-1","max-image-preview":"max-image-preview:large","max-video-preview":"max-video-preview:-1"},"canonical":"https:\/\/nk7-testes.com.br\/agazeta\/secretaria-de-saude-confirma-tres-casos-de-microcefalia-no-estado\/","og_locale":"pt_BR","og_type":"article","og_title":"Secretaria de Sa\u00fade confirma tr\u00eas casos de microcefalia no Estado - Agazeta.net","og_description":"Casos est\u00e3o sendo investigados&nbsp;","og_url":"https:\/\/nk7-testes.com.br\/agazeta\/secretaria-de-saude-confirma-tres-casos-de-microcefalia-no-estado\/","og_site_name":"Agazeta.net","article_published_time":"2015-12-10T17:07:42+00:00","og_image":[{"width":458,"height":340,"url":"https:\/\/nk7-testes.com.br\/agazeta\/wp-content\/uploads\/2015\/12\/101215-cotidiano-microcefalia.jpg","type":"image\/jpeg"}],"author":"Agazeta.Net","twitter_card":"summary_large_image","twitter_misc":{"Escrito por":"Agazeta.Net","Est. tempo de leitura":"1 minuto"},"schema":{"@context":"https:\/\/schema.org","@graph":[{"@type":"WebPage","@id":"https:\/\/nk7-testes.com.br\/agazeta\/secretaria-de-saude-confirma-tres-casos-de-microcefalia-no-estado\/","url":"https:\/\/nk7-testes.com.br\/agazeta\/secretaria-de-saude-confirma-tres-casos-de-microcefalia-no-estado\/","name":"Secretaria de Sa\u00fade confirma tr\u00eas casos de microcefalia no Estado - Agazeta.net","isPartOf":{"@id":"https:\/\/nk7-testes.com.br\/agazeta\/#website"},"primaryImageOfPage":{"@id":"https:\/\/nk7-testes.com.br\/agazeta\/secretaria-de-saude-confirma-tres-casos-de-microcefalia-no-estado\/#primaryimage"},"image":{"@id":"https:\/\/nk7-testes.com.br\/agazeta\/secretaria-de-saude-confirma-tres-casos-de-microcefalia-no-estado\/#primaryimage"},"thumbnailUrl":"https:\/\/nk7-testes.com.br\/agazeta\/wp-content\/uploads\/2015\/12\/101215-cotidiano-microcefalia.jpg","datePublished":"2015-12-10T17:07:42+00:00","author":{"@id":"https:\/\/nk7-testes.com.br\/agazeta\/#\/schema\/person\/6d6e25cb0435eb4a02fd44d30b4e3020"},"breadcrumb":{"@id":"https:\/\/nk7-testes.com.br\/agazeta\/secretaria-de-saude-confirma-tres-casos-de-microcefalia-no-estado\/#breadcrumb"},"inLanguage":"pt-BR","potentialAction":[{"@type":"ReadAction","target":["https:\/\/nk7-testes.com.br\/agazeta\/secretaria-de-saude-confirma-tres-casos-de-microcefalia-no-estado\/"]}]},{"@type":"ImageObject","inLanguage":"pt-BR","@id":"https:\/\/nk7-testes.com.br\/agazeta\/secretaria-de-saude-confirma-tres-casos-de-microcefalia-no-estado\/#primaryimage","url":"https:\/\/nk7-testes.com.br\/agazeta\/wp-content\/uploads\/2015\/12\/101215-cotidiano-microcefalia.jpg","contentUrl":"https:\/\/nk7-testes.com.br\/agazeta\/wp-content\/uploads\/2015\/12\/101215-cotidiano-microcefalia.jpg","width":458,"height":340,"caption":"101215-cotidiano-microcefalia"},{"@type":"BreadcrumbList","@id":"https:\/\/nk7-testes.com.br\/agazeta\/secretaria-de-saude-confirma-tres-casos-de-microcefalia-no-estado\/#breadcrumb","itemListElement":[{"@type":"ListItem","position":1,"name":"In\u00edcio","item":"https:\/\/nk7-testes.com.br\/agazeta\/"},{"@type":"ListItem","position":2,"name":"Secretaria de Sa\u00fade confirma tr\u00eas casos de microcefalia no Estado"}]},{"@type":"WebSite","@id":"https:\/\/nk7-testes.com.br\/agazeta\/#website","url":"https:\/\/nk7-testes.com.br\/agazeta\/","name":"Agazeta.net","description":"Agazeta.net - Not\u00edcias de Rio Branco\/AC","potentialAction":[{"@type":"SearchAction","target":{"@type":"EntryPoint","urlTemplate":"https:\/\/nk7-testes.com.br\/agazeta\/?s={search_term_string}"},"query-input":{"@type":"PropertyValueSpecification","valueRequired":true,"valueName":"search_term_string"}}],"inLanguage":"pt-BR"},{"@type":"Person","@id":"https:\/\/nk7-testes.com.br\/agazeta\/#\/schema\/person\/6d6e25cb0435eb4a02fd44d30b4e3020","name":"Agazeta.Net","url":"https:\/\/nk7-testes.com.br\/agazeta\/author\/agazeta\/"}]}},"_links":{"self":[{"href":"https:\/\/nk7-testes.com.br\/agazeta\/wp-json\/wp\/v2\/posts\/20091","targetHints":{"allow":["GET"]}}],"collection":[{"href":"https:\/\/nk7-testes.com.br\/agazeta\/wp-json\/wp\/v2\/posts"}],"about":[{"href":"https:\/\/nk7-testes.com.br\/agazeta\/wp-json\/wp\/v2\/types\/post"}],"author":[{"embeddable":true,"href":"https:\/\/nk7-testes.com.br\/agazeta\/wp-json\/wp\/v2\/users\/4"}],"replies":[{"embeddable":true,"href":"https:\/\/nk7-testes.com.br\/agazeta\/wp-json\/wp\/v2\/comments?post=20091"}],"version-history":[{"count":0,"href":"https:\/\/nk7-testes.com.br\/agazeta\/wp-json\/wp\/v2\/posts\/20091\/revisions"}],"wp:featuredmedia":[{"embeddable":true,"href":"https:\/\/nk7-testes.com.br\/agazeta\/wp-json\/wp\/v2\/media\/20090"}],"wp:attachment":[{"href":"https:\/\/nk7-testes.com.br\/agazeta\/wp-json\/wp\/v2\/media?parent=20091"}],"wp:term":[{"taxonomy":"category","embeddable":true,"href":"https:\/\/nk7-testes.com.br\/agazeta\/wp-json\/wp\/v2\/categories?post=20091"},{"taxonomy":"post_tag","embeddable":true,"href":"https:\/\/nk7-testes.com.br\/agazeta\/wp-json\/wp\/v2\/tags?post=20091"}],"curies":[{"name":"wp","href":"https:\/\/api.w.org\/{rel}","templated":true}]}}