{"id":20082,"date":"2015-12-09T22:43:05","date_gmt":"2015-12-09T22:43:05","guid":{"rendered":"https:\/\/abarevegan.com.br\/index.php\/2015\/12\/09\/moradores-de-residenciais-da-caixa-denunciam-descaso\/"},"modified":"2015-12-09T22:43:05","modified_gmt":"2015-12-09T22:43:05","slug":"moradores-de-residenciais-da-caixa-denunciam-descaso","status":"publish","type":"post","link":"https:\/\/nk7-testes.com.br\/agazeta\/moradores-de-residenciais-da-caixa-denunciam-descaso\/","title":{"rendered":"Moradores de residenciais da Caixa denunciam descaso"},"content":{"rendered":"<p style=\"text-align: justify;\">Lixo acumulado, sem \u00e1gua e sem ilumina\u00e7\u00e3o p\u00fablica<\/p>\n<p style=\"text-align: justify;\">Os moradores de v\u00e1rios residenciais da cidade reclamam da falta de benfeitorias nas localidades onde moram. Em residenciais como Purus, Envira, Iaco e Juru\u00e1, que ficam bem pr\u00f3ximos uns dos outros, no bairro Apol\u00f4nio Sales, \u00e9 poss\u00edvel constatar porque os moradores est\u00e3o insatisfeitos. O lixo que deveria ser coletado est\u00e1 se acumulando, com o mau cheiro os urubus se aglomeram pelas ruas, na maioria dos postes l\u00e2mpadas queimadas.<\/p>\n<p style=\"text-align: justify;\">Nayara de Aguiar, representante da Comiss\u00e3o de Residenciais do PAR (Programa de Arrendamento) diz que, por conta das casas terem sido financiadas atrav\u00e9s da Caixa Econ\u00f4mica, o poder p\u00fablico n\u00e3o pode fazer nada dentro dos condom\u00ednios.<\/p>\n<p style=\"text-align: justify;\">Quando os moradores buscam a Caixa, s\u00e3o informados que fazer melhorias \u00e9 responsabilidade de uma empresa administradora. J\u00e1 a administradora diz que \u00e9 compet\u00eancia da Caixa. No fim, os moradores s\u00e3o os maiores prejudicados.<\/p>\n<p style=\"text-align: justify;\">\u201cA gente paga v\u00e1rios impostos, como o de ilumina\u00e7\u00e3o p\u00fablica, na conta de energia, ou outros impostos como o que \u00e9 cobrado na conta de \u00e1gua e n\u00e3o \u00e9 feito nada\u201d.<\/p>\n<p style=\"text-align: justify;\">Os moradores reclamam ainda que, apesar de pagarem taxa de condom\u00ednio, t\u00eam que pagar ainda taxa extra para pagar o sal\u00e1rio do porteiro. \u201cEntendemos que a taxa de condom\u00ednio deveria ser pra porteiro, ro\u00e7agem e manuten\u00e7\u00e3o. A luz, \u00e1gua, parque, cal\u00e7adas e ruas seriam dever do poder p\u00fablico, mas n\u00e3o temos nada\u201d, indignou-se Nayara.<\/p>\n<p style=\"text-align: justify;\">Nossa equipe entrou em contato com a assessoria de comunica\u00e7\u00e3o da Caixa Econ\u00f4mica, mas at\u00e9 o encerramento da mat\u00e9ria n\u00e3o tivemos retorno.<\/p>\n","protected":false},"excerpt":{"rendered":"<p style=\"text-align: justify;\">Lixo acumulado, sem \u00e1gua e sem ilumina\u00e7\u00e3o p\u00fablica<\/p>\n","protected":false},"author":4,"featured_media":20081,"comment_status":"open","ping_status":"open","sticky":false,"template":"","format":"standard","meta":{"jnews-multi-image_gallery":[],"jnews_single_post":[],"jnews_primary_category":[],"jnews_social_meta":[],"jnews_review":[],"enable_review":"","type":"","name":"","summary":"","brand":"","sku":"","good":[],"bad":[],"score_override":"","override_value":"","rating":[],"price":[],"footnotes":""},"categories":[54],"tags":[],"class_list":["post-20082","post","type-post","status-publish","format-standard","has-post-thumbnail","hentry","category-cotidiano"],"yoast_head":"<!-- This site is optimized with the Yoast SEO plugin v26.5 - https:\/\/yoast.com\/wordpress\/plugins\/seo\/ -->\n<title>Moradores de residenciais da Caixa denunciam descaso - Agazeta.net<\/title>\n<meta name=\"robots\" content=\"index, follow, max-snippet:-1, max-image-preview:large, max-video-preview:-1\" \/>\n<link rel=\"canonical\" href=\"https:\/\/nk7-testes.com.br\/agazeta\/moradores-de-residenciais-da-caixa-denunciam-descaso\/\" \/>\n<meta property=\"og:locale\" content=\"pt_BR\" \/>\n<meta property=\"og:type\" content=\"article\" \/>\n<meta property=\"og:title\" content=\"Moradores de residenciais da Caixa denunciam descaso - Agazeta.net\" \/>\n<meta property=\"og:description\" content=\"Lixo acumulado, sem \u00e1gua e sem ilumina\u00e7\u00e3o p\u00fablica\" \/>\n<meta property=\"og:url\" content=\"https:\/\/nk7-testes.com.br\/agazeta\/moradores-de-residenciais-da-caixa-denunciam-descaso\/\" \/>\n<meta property=\"og:site_name\" content=\"Agazeta.net\" \/>\n<meta property=\"article:published_time\" content=\"2015-12-09T22:43:05+00:00\" \/>\n<meta property=\"og:image\" content=\"https:\/\/nk7-testes.com.br\/agazeta\/wp-content\/uploads\/2015\/12\/091215-cotidiano-residenciais-cedida2.jpg\" \/>\n\t<meta property=\"og:image:width\" content=\"458\" \/>\n\t<meta property=\"og:image:height\" content=\"340\" \/>\n\t<meta property=\"og:image:type\" content=\"image\/jpeg\" \/>\n<meta name=\"author\" content=\"Agazeta.Net\" \/>\n<meta name=\"twitter:card\" content=\"summary_large_image\" \/>\n<meta name=\"twitter:label1\" content=\"Escrito por\" \/>\n\t<meta name=\"twitter:data1\" content=\"Agazeta.Net\" \/>\n\t<meta name=\"twitter:label2\" content=\"Est. tempo de leitura\" \/>\n\t<meta name=\"twitter:data2\" content=\"1 minuto\" \/>\n<script type=\"application\/ld+json\" class=\"yoast-schema-graph\">{\"@context\":\"https:\/\/schema.org\",\"@graph\":[{\"@type\":\"WebPage\",\"@id\":\"https:\/\/nk7-testes.com.br\/agazeta\/moradores-de-residenciais-da-caixa-denunciam-descaso\/\",\"url\":\"https:\/\/nk7-testes.com.br\/agazeta\/moradores-de-residenciais-da-caixa-denunciam-descaso\/\",\"name\":\"Moradores de residenciais da Caixa denunciam descaso - Agazeta.net\",\"isPartOf\":{\"@id\":\"https:\/\/nk7-testes.com.br\/agazeta\/#website\"},\"primaryImageOfPage\":{\"@id\":\"https:\/\/nk7-testes.com.br\/agazeta\/moradores-de-residenciais-da-caixa-denunciam-descaso\/#primaryimage\"},\"image\":{\"@id\":\"https:\/\/nk7-testes.com.br\/agazeta\/moradores-de-residenciais-da-caixa-denunciam-descaso\/#primaryimage\"},\"thumbnailUrl\":\"https:\/\/nk7-testes.com.br\/agazeta\/wp-content\/uploads\/2015\/12\/091215-cotidiano-residenciais-cedida2.jpg\",\"datePublished\":\"2015-12-09T22:43:05+00:00\",\"author\":{\"@id\":\"https:\/\/nk7-testes.com.br\/agazeta\/#\/schema\/person\/6d6e25cb0435eb4a02fd44d30b4e3020\"},\"breadcrumb\":{\"@id\":\"https:\/\/nk7-testes.com.br\/agazeta\/moradores-de-residenciais-da-caixa-denunciam-descaso\/#breadcrumb\"},\"inLanguage\":\"pt-BR\",\"potentialAction\":[{\"@type\":\"ReadAction\",\"target\":[\"https:\/\/nk7-testes.com.br\/agazeta\/moradores-de-residenciais-da-caixa-denunciam-descaso\/\"]}]},{\"@type\":\"ImageObject\",\"inLanguage\":\"pt-BR\",\"@id\":\"https:\/\/nk7-testes.com.br\/agazeta\/moradores-de-residenciais-da-caixa-denunciam-descaso\/#primaryimage\",\"url\":\"https:\/\/nk7-testes.com.br\/agazeta\/wp-content\/uploads\/2015\/12\/091215-cotidiano-residenciais-cedida2.jpg\",\"contentUrl\":\"https:\/\/nk7-testes.com.br\/agazeta\/wp-content\/uploads\/2015\/12\/091215-cotidiano-residenciais-cedida2.jpg\",\"width\":458,\"height\":340,\"caption\":\"091215-cotidiano-residenciais-cedida2\"},{\"@type\":\"BreadcrumbList\",\"@id\":\"https:\/\/nk7-testes.com.br\/agazeta\/moradores-de-residenciais-da-caixa-denunciam-descaso\/#breadcrumb\",\"itemListElement\":[{\"@type\":\"ListItem\",\"position\":1,\"name\":\"In\u00edcio\",\"item\":\"https:\/\/nk7-testes.com.br\/agazeta\/\"},{\"@type\":\"ListItem\",\"position\":2,\"name\":\"Moradores de residenciais da Caixa denunciam descaso\"}]},{\"@type\":\"WebSite\",\"@id\":\"https:\/\/nk7-testes.com.br\/agazeta\/#website\",\"url\":\"https:\/\/nk7-testes.com.br\/agazeta\/\",\"name\":\"Agazeta.net\",\"description\":\"Agazeta.net - Not\u00edcias de Rio Branco\/AC\",\"potentialAction\":[{\"@type\":\"SearchAction\",\"target\":{\"@type\":\"EntryPoint\",\"urlTemplate\":\"https:\/\/nk7-testes.com.br\/agazeta\/?s={search_term_string}\"},\"query-input\":{\"@type\":\"PropertyValueSpecification\",\"valueRequired\":true,\"valueName\":\"search_term_string\"}}],\"inLanguage\":\"pt-BR\"},{\"@type\":\"Person\",\"@id\":\"https:\/\/nk7-testes.com.br\/agazeta\/#\/schema\/person\/6d6e25cb0435eb4a02fd44d30b4e3020\",\"name\":\"Agazeta.Net\",\"url\":\"https:\/\/nk7-testes.com.br\/agazeta\/author\/agazeta\/\"}]}<\/script>\n<!-- \/ Yoast SEO plugin. -->","yoast_head_json":{"title":"Moradores de residenciais da Caixa denunciam descaso - Agazeta.net","robots":{"index":"index","follow":"follow","max-snippet":"max-snippet:-1","max-image-preview":"max-image-preview:large","max-video-preview":"max-video-preview:-1"},"canonical":"https:\/\/nk7-testes.com.br\/agazeta\/moradores-de-residenciais-da-caixa-denunciam-descaso\/","og_locale":"pt_BR","og_type":"article","og_title":"Moradores de residenciais da Caixa denunciam descaso - Agazeta.net","og_description":"Lixo acumulado, sem \u00e1gua e sem ilumina\u00e7\u00e3o p\u00fablica","og_url":"https:\/\/nk7-testes.com.br\/agazeta\/moradores-de-residenciais-da-caixa-denunciam-descaso\/","og_site_name":"Agazeta.net","article_published_time":"2015-12-09T22:43:05+00:00","og_image":[{"width":458,"height":340,"url":"https:\/\/nk7-testes.com.br\/agazeta\/wp-content\/uploads\/2015\/12\/091215-cotidiano-residenciais-cedida2.jpg","type":"image\/jpeg"}],"author":"Agazeta.Net","twitter_card":"summary_large_image","twitter_misc":{"Escrito por":"Agazeta.Net","Est. tempo de leitura":"1 minuto"},"schema":{"@context":"https:\/\/schema.org","@graph":[{"@type":"WebPage","@id":"https:\/\/nk7-testes.com.br\/agazeta\/moradores-de-residenciais-da-caixa-denunciam-descaso\/","url":"https:\/\/nk7-testes.com.br\/agazeta\/moradores-de-residenciais-da-caixa-denunciam-descaso\/","name":"Moradores de residenciais da Caixa denunciam descaso - Agazeta.net","isPartOf":{"@id":"https:\/\/nk7-testes.com.br\/agazeta\/#website"},"primaryImageOfPage":{"@id":"https:\/\/nk7-testes.com.br\/agazeta\/moradores-de-residenciais-da-caixa-denunciam-descaso\/#primaryimage"},"image":{"@id":"https:\/\/nk7-testes.com.br\/agazeta\/moradores-de-residenciais-da-caixa-denunciam-descaso\/#primaryimage"},"thumbnailUrl":"https:\/\/nk7-testes.com.br\/agazeta\/wp-content\/uploads\/2015\/12\/091215-cotidiano-residenciais-cedida2.jpg","datePublished":"2015-12-09T22:43:05+00:00","author":{"@id":"https:\/\/nk7-testes.com.br\/agazeta\/#\/schema\/person\/6d6e25cb0435eb4a02fd44d30b4e3020"},"breadcrumb":{"@id":"https:\/\/nk7-testes.com.br\/agazeta\/moradores-de-residenciais-da-caixa-denunciam-descaso\/#breadcrumb"},"inLanguage":"pt-BR","potentialAction":[{"@type":"ReadAction","target":["https:\/\/nk7-testes.com.br\/agazeta\/moradores-de-residenciais-da-caixa-denunciam-descaso\/"]}]},{"@type":"ImageObject","inLanguage":"pt-BR","@id":"https:\/\/nk7-testes.com.br\/agazeta\/moradores-de-residenciais-da-caixa-denunciam-descaso\/#primaryimage","url":"https:\/\/nk7-testes.com.br\/agazeta\/wp-content\/uploads\/2015\/12\/091215-cotidiano-residenciais-cedida2.jpg","contentUrl":"https:\/\/nk7-testes.com.br\/agazeta\/wp-content\/uploads\/2015\/12\/091215-cotidiano-residenciais-cedida2.jpg","width":458,"height":340,"caption":"091215-cotidiano-residenciais-cedida2"},{"@type":"BreadcrumbList","@id":"https:\/\/nk7-testes.com.br\/agazeta\/moradores-de-residenciais-da-caixa-denunciam-descaso\/#breadcrumb","itemListElement":[{"@type":"ListItem","position":1,"name":"In\u00edcio","item":"https:\/\/nk7-testes.com.br\/agazeta\/"},{"@type":"ListItem","position":2,"name":"Moradores de residenciais da Caixa denunciam descaso"}]},{"@type":"WebSite","@id":"https:\/\/nk7-testes.com.br\/agazeta\/#website","url":"https:\/\/nk7-testes.com.br\/agazeta\/","name":"Agazeta.net","description":"Agazeta.net - Not\u00edcias de Rio Branco\/AC","potentialAction":[{"@type":"SearchAction","target":{"@type":"EntryPoint","urlTemplate":"https:\/\/nk7-testes.com.br\/agazeta\/?s={search_term_string}"},"query-input":{"@type":"PropertyValueSpecification","valueRequired":true,"valueName":"search_term_string"}}],"inLanguage":"pt-BR"},{"@type":"Person","@id":"https:\/\/nk7-testes.com.br\/agazeta\/#\/schema\/person\/6d6e25cb0435eb4a02fd44d30b4e3020","name":"Agazeta.Net","url":"https:\/\/nk7-testes.com.br\/agazeta\/author\/agazeta\/"}]}},"_links":{"self":[{"href":"https:\/\/nk7-testes.com.br\/agazeta\/wp-json\/wp\/v2\/posts\/20082","targetHints":{"allow":["GET"]}}],"collection":[{"href":"https:\/\/nk7-testes.com.br\/agazeta\/wp-json\/wp\/v2\/posts"}],"about":[{"href":"https:\/\/nk7-testes.com.br\/agazeta\/wp-json\/wp\/v2\/types\/post"}],"author":[{"embeddable":true,"href":"https:\/\/nk7-testes.com.br\/agazeta\/wp-json\/wp\/v2\/users\/4"}],"replies":[{"embeddable":true,"href":"https:\/\/nk7-testes.com.br\/agazeta\/wp-json\/wp\/v2\/comments?post=20082"}],"version-history":[{"count":0,"href":"https:\/\/nk7-testes.com.br\/agazeta\/wp-json\/wp\/v2\/posts\/20082\/revisions"}],"wp:featuredmedia":[{"embeddable":true,"href":"https:\/\/nk7-testes.com.br\/agazeta\/wp-json\/wp\/v2\/media\/20081"}],"wp:attachment":[{"href":"https:\/\/nk7-testes.com.br\/agazeta\/wp-json\/wp\/v2\/media?parent=20082"}],"wp:term":[{"taxonomy":"category","embeddable":true,"href":"https:\/\/nk7-testes.com.br\/agazeta\/wp-json\/wp\/v2\/categories?post=20082"},{"taxonomy":"post_tag","embeddable":true,"href":"https:\/\/nk7-testes.com.br\/agazeta\/wp-json\/wp\/v2\/tags?post=20082"}],"curies":[{"name":"wp","href":"https:\/\/api.w.org\/{rel}","templated":true}]}}