{"id":20080,"date":"2015-12-09T22:21:57","date_gmt":"2015-12-09T22:21:57","guid":{"rendered":"https:\/\/abarevegan.com.br\/index.php\/2015\/12\/09\/cades-nega-falta-de-repasse-a-casas-de-apoio\/"},"modified":"2015-12-09T22:21:57","modified_gmt":"2015-12-09T22:21:57","slug":"cades-nega-falta-de-repasse-a-casas-de-apoio","status":"publish","type":"post","link":"https:\/\/nk7-testes.com.br\/agazeta\/cades-nega-falta-de-repasse-a-casas-de-apoio\/","title":{"rendered":"Cades nega falta de repasse a casas de apoio"},"content":{"rendered":"<p style=\"text-align: justify;\">Central anuncia amplia\u00e7\u00e3o de algumas casas de apoio<\/p>\n<p style=\"text-align: justify;\">A Central de Articula\u00e7\u00e3o de Entidades em Sa\u00fade (Cades) nega falta de repasse \u00e0s casas de apoio a pacientes e familiares em tratamento. De acordo com a coordenadora fundadora da Cades, Ver\u00f4nica Loureiro, o repasse \u00e9 realizado mensalmente atrav\u00e9s de conv\u00eanio, que termina neste m\u00eas de dezembro. Ela garante que as atividades ser\u00e3o retomadas a partir de janeiro, sem que prejudique as casas de apoio.<\/p>\n<p style=\"text-align: justify;\">A coordenadora informou ainda que casa de apoio que funciona pr\u00f3ximo ao Hospital das Cl\u00ednicas deve ganhar nova sede em janeiro. \u201cA casa que fica no Universit\u00e1rio tem capacidade para trinta pessoas e \u00e0s vezes recebe quarenta. O que queremos \u00e9 acomodar melhor essas pessoas. Apesar do local ser pr\u00f3ximo ao HC, j\u00e1 n\u00e3o oferece condi\u00e7\u00f5es necess\u00e1rias para receber esse n\u00famero de pessoas\u201d.<\/p>\n<p style=\"text-align: justify;\">Atualmente existem tr\u00eas casas de apoio no estado que recebem pacientes e familiares de pacientes que v\u00eam do interior do estado para Rio Branco em busca de tratamentos de Sa\u00fade.<\/p>\n","protected":false},"excerpt":{"rendered":"<p style=\"text-align: justify;\">Central anuncia amplia\u00e7\u00e3o de algumas casas de apoio<\/p>\n","protected":false},"author":4,"featured_media":20079,"comment_status":"open","ping_status":"open","sticky":false,"template":"","format":"standard","meta":{"jnews-multi-image_gallery":[],"jnews_single_post":[],"jnews_primary_category":[],"jnews_social_meta":[],"jnews_review":[],"enable_review":"","type":"","name":"","summary":"","brand":"","sku":"","good":[],"bad":[],"score_override":"","override_value":"","rating":[],"price":[],"footnotes":""},"categories":[54],"tags":[],"class_list":["post-20080","post","type-post","status-publish","format-standard","has-post-thumbnail","hentry","category-cotidiano"],"yoast_head":"<!-- This site is optimized with the Yoast SEO plugin v26.5 - https:\/\/yoast.com\/wordpress\/plugins\/seo\/ -->\n<title>Cades nega falta de repasse a casas de apoio - Agazeta.net<\/title>\n<meta name=\"robots\" content=\"index, follow, max-snippet:-1, max-image-preview:large, max-video-preview:-1\" \/>\n<link rel=\"canonical\" href=\"https:\/\/nk7-testes.com.br\/agazeta\/cades-nega-falta-de-repasse-a-casas-de-apoio\/\" \/>\n<meta property=\"og:locale\" content=\"pt_BR\" \/>\n<meta property=\"og:type\" content=\"article\" \/>\n<meta property=\"og:title\" content=\"Cades nega falta de repasse a casas de apoio - Agazeta.net\" \/>\n<meta property=\"og:description\" content=\"Central anuncia amplia\u00e7\u00e3o de algumas casas de apoio\" \/>\n<meta property=\"og:url\" content=\"https:\/\/nk7-testes.com.br\/agazeta\/cades-nega-falta-de-repasse-a-casas-de-apoio\/\" \/>\n<meta property=\"og:site_name\" content=\"Agazeta.net\" \/>\n<meta property=\"article:published_time\" content=\"2015-12-09T22:21:57+00:00\" \/>\n<meta property=\"og:image\" content=\"https:\/\/nk7-testes.com.br\/agazeta\/wp-content\/uploads\/2015\/12\/091215-cotidiano-casadeapoio-agenciadenoticias.jpg\" \/>\n\t<meta property=\"og:image:width\" content=\"458\" \/>\n\t<meta property=\"og:image:height\" content=\"340\" \/>\n\t<meta property=\"og:image:type\" content=\"image\/jpeg\" \/>\n<meta name=\"author\" content=\"Agazeta.Net\" \/>\n<meta name=\"twitter:card\" content=\"summary_large_image\" \/>\n<meta name=\"twitter:label1\" content=\"Escrito por\" \/>\n\t<meta name=\"twitter:data1\" content=\"Agazeta.Net\" \/>\n\t<meta name=\"twitter:label2\" content=\"Est. tempo de leitura\" \/>\n\t<meta name=\"twitter:data2\" content=\"1 minuto\" \/>\n<script type=\"application\/ld+json\" class=\"yoast-schema-graph\">{\"@context\":\"https:\/\/schema.org\",\"@graph\":[{\"@type\":\"WebPage\",\"@id\":\"https:\/\/nk7-testes.com.br\/agazeta\/cades-nega-falta-de-repasse-a-casas-de-apoio\/\",\"url\":\"https:\/\/nk7-testes.com.br\/agazeta\/cades-nega-falta-de-repasse-a-casas-de-apoio\/\",\"name\":\"Cades nega falta de repasse a casas de apoio - Agazeta.net\",\"isPartOf\":{\"@id\":\"https:\/\/nk7-testes.com.br\/agazeta\/#website\"},\"primaryImageOfPage\":{\"@id\":\"https:\/\/nk7-testes.com.br\/agazeta\/cades-nega-falta-de-repasse-a-casas-de-apoio\/#primaryimage\"},\"image\":{\"@id\":\"https:\/\/nk7-testes.com.br\/agazeta\/cades-nega-falta-de-repasse-a-casas-de-apoio\/#primaryimage\"},\"thumbnailUrl\":\"https:\/\/nk7-testes.com.br\/agazeta\/wp-content\/uploads\/2015\/12\/091215-cotidiano-casadeapoio-agenciadenoticias.jpg\",\"datePublished\":\"2015-12-09T22:21:57+00:00\",\"author\":{\"@id\":\"https:\/\/nk7-testes.com.br\/agazeta\/#\/schema\/person\/6d6e25cb0435eb4a02fd44d30b4e3020\"},\"breadcrumb\":{\"@id\":\"https:\/\/nk7-testes.com.br\/agazeta\/cades-nega-falta-de-repasse-a-casas-de-apoio\/#breadcrumb\"},\"inLanguage\":\"pt-BR\",\"potentialAction\":[{\"@type\":\"ReadAction\",\"target\":[\"https:\/\/nk7-testes.com.br\/agazeta\/cades-nega-falta-de-repasse-a-casas-de-apoio\/\"]}]},{\"@type\":\"ImageObject\",\"inLanguage\":\"pt-BR\",\"@id\":\"https:\/\/nk7-testes.com.br\/agazeta\/cades-nega-falta-de-repasse-a-casas-de-apoio\/#primaryimage\",\"url\":\"https:\/\/nk7-testes.com.br\/agazeta\/wp-content\/uploads\/2015\/12\/091215-cotidiano-casadeapoio-agenciadenoticias.jpg\",\"contentUrl\":\"https:\/\/nk7-testes.com.br\/agazeta\/wp-content\/uploads\/2015\/12\/091215-cotidiano-casadeapoio-agenciadenoticias.jpg\",\"width\":458,\"height\":340,\"caption\":\"091215-cotidiano-casadeapoio-agenciadenoticias\"},{\"@type\":\"BreadcrumbList\",\"@id\":\"https:\/\/nk7-testes.com.br\/agazeta\/cades-nega-falta-de-repasse-a-casas-de-apoio\/#breadcrumb\",\"itemListElement\":[{\"@type\":\"ListItem\",\"position\":1,\"name\":\"In\u00edcio\",\"item\":\"https:\/\/nk7-testes.com.br\/agazeta\/\"},{\"@type\":\"ListItem\",\"position\":2,\"name\":\"Cades nega falta de repasse a casas de apoio\"}]},{\"@type\":\"WebSite\",\"@id\":\"https:\/\/nk7-testes.com.br\/agazeta\/#website\",\"url\":\"https:\/\/nk7-testes.com.br\/agazeta\/\",\"name\":\"Agazeta.net\",\"description\":\"Agazeta.net - Not\u00edcias de Rio Branco\/AC\",\"potentialAction\":[{\"@type\":\"SearchAction\",\"target\":{\"@type\":\"EntryPoint\",\"urlTemplate\":\"https:\/\/nk7-testes.com.br\/agazeta\/?s={search_term_string}\"},\"query-input\":{\"@type\":\"PropertyValueSpecification\",\"valueRequired\":true,\"valueName\":\"search_term_string\"}}],\"inLanguage\":\"pt-BR\"},{\"@type\":\"Person\",\"@id\":\"https:\/\/nk7-testes.com.br\/agazeta\/#\/schema\/person\/6d6e25cb0435eb4a02fd44d30b4e3020\",\"name\":\"Agazeta.Net\",\"url\":\"https:\/\/nk7-testes.com.br\/agazeta\/author\/agazeta\/\"}]}<\/script>\n<!-- \/ Yoast SEO plugin. -->","yoast_head_json":{"title":"Cades nega falta de repasse a casas de apoio - Agazeta.net","robots":{"index":"index","follow":"follow","max-snippet":"max-snippet:-1","max-image-preview":"max-image-preview:large","max-video-preview":"max-video-preview:-1"},"canonical":"https:\/\/nk7-testes.com.br\/agazeta\/cades-nega-falta-de-repasse-a-casas-de-apoio\/","og_locale":"pt_BR","og_type":"article","og_title":"Cades nega falta de repasse a casas de apoio - Agazeta.net","og_description":"Central anuncia amplia\u00e7\u00e3o de algumas casas de apoio","og_url":"https:\/\/nk7-testes.com.br\/agazeta\/cades-nega-falta-de-repasse-a-casas-de-apoio\/","og_site_name":"Agazeta.net","article_published_time":"2015-12-09T22:21:57+00:00","og_image":[{"width":458,"height":340,"url":"https:\/\/nk7-testes.com.br\/agazeta\/wp-content\/uploads\/2015\/12\/091215-cotidiano-casadeapoio-agenciadenoticias.jpg","type":"image\/jpeg"}],"author":"Agazeta.Net","twitter_card":"summary_large_image","twitter_misc":{"Escrito por":"Agazeta.Net","Est. tempo de leitura":"1 minuto"},"schema":{"@context":"https:\/\/schema.org","@graph":[{"@type":"WebPage","@id":"https:\/\/nk7-testes.com.br\/agazeta\/cades-nega-falta-de-repasse-a-casas-de-apoio\/","url":"https:\/\/nk7-testes.com.br\/agazeta\/cades-nega-falta-de-repasse-a-casas-de-apoio\/","name":"Cades nega falta de repasse a casas de apoio - Agazeta.net","isPartOf":{"@id":"https:\/\/nk7-testes.com.br\/agazeta\/#website"},"primaryImageOfPage":{"@id":"https:\/\/nk7-testes.com.br\/agazeta\/cades-nega-falta-de-repasse-a-casas-de-apoio\/#primaryimage"},"image":{"@id":"https:\/\/nk7-testes.com.br\/agazeta\/cades-nega-falta-de-repasse-a-casas-de-apoio\/#primaryimage"},"thumbnailUrl":"https:\/\/nk7-testes.com.br\/agazeta\/wp-content\/uploads\/2015\/12\/091215-cotidiano-casadeapoio-agenciadenoticias.jpg","datePublished":"2015-12-09T22:21:57+00:00","author":{"@id":"https:\/\/nk7-testes.com.br\/agazeta\/#\/schema\/person\/6d6e25cb0435eb4a02fd44d30b4e3020"},"breadcrumb":{"@id":"https:\/\/nk7-testes.com.br\/agazeta\/cades-nega-falta-de-repasse-a-casas-de-apoio\/#breadcrumb"},"inLanguage":"pt-BR","potentialAction":[{"@type":"ReadAction","target":["https:\/\/nk7-testes.com.br\/agazeta\/cades-nega-falta-de-repasse-a-casas-de-apoio\/"]}]},{"@type":"ImageObject","inLanguage":"pt-BR","@id":"https:\/\/nk7-testes.com.br\/agazeta\/cades-nega-falta-de-repasse-a-casas-de-apoio\/#primaryimage","url":"https:\/\/nk7-testes.com.br\/agazeta\/wp-content\/uploads\/2015\/12\/091215-cotidiano-casadeapoio-agenciadenoticias.jpg","contentUrl":"https:\/\/nk7-testes.com.br\/agazeta\/wp-content\/uploads\/2015\/12\/091215-cotidiano-casadeapoio-agenciadenoticias.jpg","width":458,"height":340,"caption":"091215-cotidiano-casadeapoio-agenciadenoticias"},{"@type":"BreadcrumbList","@id":"https:\/\/nk7-testes.com.br\/agazeta\/cades-nega-falta-de-repasse-a-casas-de-apoio\/#breadcrumb","itemListElement":[{"@type":"ListItem","position":1,"name":"In\u00edcio","item":"https:\/\/nk7-testes.com.br\/agazeta\/"},{"@type":"ListItem","position":2,"name":"Cades nega falta de repasse a casas de apoio"}]},{"@type":"WebSite","@id":"https:\/\/nk7-testes.com.br\/agazeta\/#website","url":"https:\/\/nk7-testes.com.br\/agazeta\/","name":"Agazeta.net","description":"Agazeta.net - Not\u00edcias de Rio Branco\/AC","potentialAction":[{"@type":"SearchAction","target":{"@type":"EntryPoint","urlTemplate":"https:\/\/nk7-testes.com.br\/agazeta\/?s={search_term_string}"},"query-input":{"@type":"PropertyValueSpecification","valueRequired":true,"valueName":"search_term_string"}}],"inLanguage":"pt-BR"},{"@type":"Person","@id":"https:\/\/nk7-testes.com.br\/agazeta\/#\/schema\/person\/6d6e25cb0435eb4a02fd44d30b4e3020","name":"Agazeta.Net","url":"https:\/\/nk7-testes.com.br\/agazeta\/author\/agazeta\/"}]}},"_links":{"self":[{"href":"https:\/\/nk7-testes.com.br\/agazeta\/wp-json\/wp\/v2\/posts\/20080","targetHints":{"allow":["GET"]}}],"collection":[{"href":"https:\/\/nk7-testes.com.br\/agazeta\/wp-json\/wp\/v2\/posts"}],"about":[{"href":"https:\/\/nk7-testes.com.br\/agazeta\/wp-json\/wp\/v2\/types\/post"}],"author":[{"embeddable":true,"href":"https:\/\/nk7-testes.com.br\/agazeta\/wp-json\/wp\/v2\/users\/4"}],"replies":[{"embeddable":true,"href":"https:\/\/nk7-testes.com.br\/agazeta\/wp-json\/wp\/v2\/comments?post=20080"}],"version-history":[{"count":0,"href":"https:\/\/nk7-testes.com.br\/agazeta\/wp-json\/wp\/v2\/posts\/20080\/revisions"}],"wp:featuredmedia":[{"embeddable":true,"href":"https:\/\/nk7-testes.com.br\/agazeta\/wp-json\/wp\/v2\/media\/20079"}],"wp:attachment":[{"href":"https:\/\/nk7-testes.com.br\/agazeta\/wp-json\/wp\/v2\/media?parent=20080"}],"wp:term":[{"taxonomy":"category","embeddable":true,"href":"https:\/\/nk7-testes.com.br\/agazeta\/wp-json\/wp\/v2\/categories?post=20080"},{"taxonomy":"post_tag","embeddable":true,"href":"https:\/\/nk7-testes.com.br\/agazeta\/wp-json\/wp\/v2\/tags?post=20080"}],"curies":[{"name":"wp","href":"https:\/\/api.w.org\/{rel}","templated":true}]}}