{"id":20064,"date":"2015-12-08T22:45:15","date_gmt":"2015-12-08T22:45:15","guid":{"rendered":"https:\/\/abarevegan.com.br\/index.php\/2015\/12\/08\/servidores-se-preparam-para-o-zika-virus\/"},"modified":"2015-12-08T22:45:15","modified_gmt":"2015-12-08T22:45:15","slug":"servidores-se-preparam-para-o-zika-virus","status":"publish","type":"post","link":"https:\/\/nk7-testes.com.br\/agazeta\/servidores-se-preparam-para-o-zika-virus\/","title":{"rendered":"Servidores se preparam para o zika v\u00edrus"},"content":{"rendered":"<p style=\"text-align: justify;\">Sete pessoas podem estar com zika v\u00edrus no Acre<\/p>\n<p style=\"text-align: justify;\">Atendendo a orienta\u00e7\u00e3o do Minist\u00e9rio da Sa\u00fade, servidores p\u00fablicos recebem capacita\u00e7\u00e3o para implanta\u00e7\u00e3o de unidade sentinela para zika v\u00edrus. O Hospital de Urg\u00eancia e Emerg\u00eancia iniciou esta semana um dos ciclos da qualifica\u00e7\u00e3o, que visa detectar e tratar casos suspeitos.<\/p>\n<p style=\"text-align: justify;\">A partir de agora, algumas unidades do Estado v\u00e3o passar a integrar o Plano de Conting\u00eancia para combater ao vetor da dengue, chikungunya e zika v\u00edrus. Sobre as duas primeiras doen\u00e7as, os trabalhadores em Sa\u00fade j\u00e1 est\u00e3o bem informados, mas a \u00faltima, zika v\u00edrus, ainda existem muitas perguntas que precisam de respostas.<\/p>\n<p style=\"text-align: justify;\">O Hospital de Urg\u00eancia e Emerg\u00eancia de Rio Branco faz parte do conjunto de unidades sentinelas. Hoje, os servidores de Sa\u00fade iniciaram um ciclo de capacita\u00e7\u00e3o sobre a doen\u00e7a. \u201cCom objetivo de preparar pra atender aos pacientes que estejam com o zika v\u00edrus\u201d, disse a gerente da \u00e1rea cl\u00ednica do OS, Domice Vieira.<\/p>\n<p style=\"text-align: justify;\">A enfermeira Ana Paula Medeiros, da Vigil\u00e2ncia Epidemiol\u00f3gica do Estado, explica que h\u00e1 diferen\u00e7as entre as doen\u00e7as causadas pelo vetor aedes aegipty. \u201cA chikungunya tem a caracter\u00edstica das dores nas articula\u00e7\u00f5es, a zika, o mais forte, \u00e9 a vermelhid\u00e3o no corpo. A dengue, a febre \u00e9 muito alta\u201d, diferencia.<\/p>\n<p style=\"text-align: justify;\">O zika v\u00edrus foi identificado pela primeira vez, no m\u00eas de abril deste ano, e a preocupa\u00e7\u00e3o aumentou quando passou a ser associado a outras doen\u00e7as. O Minist\u00e9rio da Sa\u00fade j\u00e1 confirmou, por exemplo, a rela\u00e7\u00e3o do zika com a microcefalia.<\/p>\n<p style=\"text-align: justify;\">Para as gestantes, al\u00e9m do acompanhamento rigoroso do pr\u00e9-natal, outra medida preventiva \u00e9 a prote\u00e7\u00e3o contra picadas de insetos. \u201cAconselhamos o uso de telas nas casas, repelentes e cortinados\u201d, ressalta.<\/p>\n<p style=\"text-align: justify;\">Por enquanto, o Acre n\u00e3o tem casos confirmados de zika v\u00edrus. Mas pelo menos sete pessoas que apresentaram sintomas da doen\u00e7a tiveram amostras de sangue recolhidas. O resultado dos casos suspeitos sai entre 15 e 20 dias.<\/p>\n","protected":false},"excerpt":{"rendered":"<p style=\"text-align: justify;\">Sete pessoas podem estar com zika v\u00edrus no Acre<\/p>\n","protected":false},"author":4,"featured_media":20063,"comment_status":"open","ping_status":"open","sticky":false,"template":"","format":"standard","meta":{"jnews-multi-image_gallery":[],"jnews_single_post":[],"jnews_primary_category":[],"jnews_social_meta":[],"jnews_review":[],"enable_review":"","type":"","name":"","summary":"","brand":"","sku":"","good":[],"bad":[],"score_override":"","override_value":"","rating":[],"price":[],"footnotes":""},"categories":[54],"tags":[],"class_list":["post-20064","post","type-post","status-publish","format-standard","has-post-thumbnail","hentry","category-cotidiano"],"yoast_head":"<!-- This site is optimized with the Yoast SEO plugin v26.5 - https:\/\/yoast.com\/wordpress\/plugins\/seo\/ -->\n<title>Servidores se preparam para o zika v\u00edrus - Agazeta.net<\/title>\n<meta name=\"robots\" content=\"index, follow, max-snippet:-1, max-image-preview:large, max-video-preview:-1\" \/>\n<link rel=\"canonical\" href=\"https:\/\/nk7-testes.com.br\/agazeta\/servidores-se-preparam-para-o-zika-virus\/\" \/>\n<meta property=\"og:locale\" content=\"pt_BR\" \/>\n<meta property=\"og:type\" content=\"article\" \/>\n<meta property=\"og:title\" content=\"Servidores se preparam para o zika v\u00edrus - Agazeta.net\" \/>\n<meta property=\"og:description\" content=\"Sete pessoas podem estar com zika v\u00edrus no Acre\" \/>\n<meta property=\"og:url\" content=\"https:\/\/nk7-testes.com.br\/agazeta\/servidores-se-preparam-para-o-zika-virus\/\" \/>\n<meta property=\"og:site_name\" content=\"Agazeta.net\" \/>\n<meta property=\"article:published_time\" content=\"2015-12-08T22:45:15+00:00\" \/>\n<meta property=\"og:image\" content=\"https:\/\/nk7-testes.com.br\/agazeta\/wp-content\/uploads\/2015\/12\/081215-cotidiano-zikavirus-tvgazeta.jpg\" \/>\n\t<meta property=\"og:image:width\" content=\"479\" \/>\n\t<meta property=\"og:image:height\" content=\"340\" \/>\n\t<meta property=\"og:image:type\" content=\"image\/jpeg\" \/>\n<meta name=\"author\" content=\"Agazeta.Net\" \/>\n<meta name=\"twitter:card\" content=\"summary_large_image\" \/>\n<meta name=\"twitter:label1\" content=\"Escrito por\" \/>\n\t<meta name=\"twitter:data1\" content=\"Agazeta.Net\" \/>\n\t<meta name=\"twitter:label2\" content=\"Est. tempo de leitura\" \/>\n\t<meta name=\"twitter:data2\" content=\"2 minutos\" \/>\n<script type=\"application\/ld+json\" class=\"yoast-schema-graph\">{\"@context\":\"https:\/\/schema.org\",\"@graph\":[{\"@type\":\"WebPage\",\"@id\":\"https:\/\/nk7-testes.com.br\/agazeta\/servidores-se-preparam-para-o-zika-virus\/\",\"url\":\"https:\/\/nk7-testes.com.br\/agazeta\/servidores-se-preparam-para-o-zika-virus\/\",\"name\":\"Servidores se preparam para o zika v\u00edrus - Agazeta.net\",\"isPartOf\":{\"@id\":\"https:\/\/nk7-testes.com.br\/agazeta\/#website\"},\"primaryImageOfPage\":{\"@id\":\"https:\/\/nk7-testes.com.br\/agazeta\/servidores-se-preparam-para-o-zika-virus\/#primaryimage\"},\"image\":{\"@id\":\"https:\/\/nk7-testes.com.br\/agazeta\/servidores-se-preparam-para-o-zika-virus\/#primaryimage\"},\"thumbnailUrl\":\"https:\/\/nk7-testes.com.br\/agazeta\/wp-content\/uploads\/2015\/12\/081215-cotidiano-zikavirus-tvgazeta.jpg\",\"datePublished\":\"2015-12-08T22:45:15+00:00\",\"author\":{\"@id\":\"https:\/\/nk7-testes.com.br\/agazeta\/#\/schema\/person\/ff6b39d54d6973bfc57f4140f659b23f\"},\"breadcrumb\":{\"@id\":\"https:\/\/nk7-testes.com.br\/agazeta\/servidores-se-preparam-para-o-zika-virus\/#breadcrumb\"},\"inLanguage\":\"pt-BR\",\"potentialAction\":[{\"@type\":\"ReadAction\",\"target\":[\"https:\/\/nk7-testes.com.br\/agazeta\/servidores-se-preparam-para-o-zika-virus\/\"]}]},{\"@type\":\"ImageObject\",\"inLanguage\":\"pt-BR\",\"@id\":\"https:\/\/nk7-testes.com.br\/agazeta\/servidores-se-preparam-para-o-zika-virus\/#primaryimage\",\"url\":\"https:\/\/nk7-testes.com.br\/agazeta\/wp-content\/uploads\/2015\/12\/081215-cotidiano-zikavirus-tvgazeta.jpg\",\"contentUrl\":\"https:\/\/nk7-testes.com.br\/agazeta\/wp-content\/uploads\/2015\/12\/081215-cotidiano-zikavirus-tvgazeta.jpg\",\"width\":479,\"height\":340,\"caption\":\"081215-cotidiano-zikavirus-tvgazeta\"},{\"@type\":\"BreadcrumbList\",\"@id\":\"https:\/\/nk7-testes.com.br\/agazeta\/servidores-se-preparam-para-o-zika-virus\/#breadcrumb\",\"itemListElement\":[{\"@type\":\"ListItem\",\"position\":1,\"name\":\"In\u00edcio\",\"item\":\"https:\/\/nk7-testes.com.br\/agazeta\/\"},{\"@type\":\"ListItem\",\"position\":2,\"name\":\"Servidores se preparam para o zika v\u00edrus\"}]},{\"@type\":\"WebSite\",\"@id\":\"https:\/\/nk7-testes.com.br\/agazeta\/#website\",\"url\":\"https:\/\/nk7-testes.com.br\/agazeta\/\",\"name\":\"Agazeta.net\",\"description\":\"Agazeta.net - Not\u00edcias de Rio Branco\/AC\",\"potentialAction\":[{\"@type\":\"SearchAction\",\"target\":{\"@type\":\"EntryPoint\",\"urlTemplate\":\"https:\/\/nk7-testes.com.br\/agazeta\/?s={search_term_string}\"},\"query-input\":{\"@type\":\"PropertyValueSpecification\",\"valueRequired\":true,\"valueName\":\"search_term_string\"}}],\"inLanguage\":\"pt-BR\"},{\"@type\":\"Person\",\"@id\":\"https:\/\/nk7-testes.com.br\/agazeta\/#\/schema\/person\/ff6b39d54d6973bfc57f4140f659b23f\",\"name\":\"Agazeta.Net\",\"url\":\"https:\/\/nk7-testes.com.br\/agazeta\/author\/agazeta\/\"}]}<\/script>\n<!-- \/ Yoast SEO plugin. -->","yoast_head_json":{"title":"Servidores se preparam para o zika v\u00edrus - Agazeta.net","robots":{"index":"index","follow":"follow","max-snippet":"max-snippet:-1","max-image-preview":"max-image-preview:large","max-video-preview":"max-video-preview:-1"},"canonical":"https:\/\/nk7-testes.com.br\/agazeta\/servidores-se-preparam-para-o-zika-virus\/","og_locale":"pt_BR","og_type":"article","og_title":"Servidores se preparam para o zika v\u00edrus - Agazeta.net","og_description":"Sete pessoas podem estar com zika v\u00edrus no Acre","og_url":"https:\/\/nk7-testes.com.br\/agazeta\/servidores-se-preparam-para-o-zika-virus\/","og_site_name":"Agazeta.net","article_published_time":"2015-12-08T22:45:15+00:00","og_image":[{"width":479,"height":340,"url":"https:\/\/nk7-testes.com.br\/agazeta\/wp-content\/uploads\/2015\/12\/081215-cotidiano-zikavirus-tvgazeta.jpg","type":"image\/jpeg"}],"author":"Agazeta.Net","twitter_card":"summary_large_image","twitter_misc":{"Escrito por":"Agazeta.Net","Est. tempo de leitura":"2 minutos"},"schema":{"@context":"https:\/\/schema.org","@graph":[{"@type":"WebPage","@id":"https:\/\/nk7-testes.com.br\/agazeta\/servidores-se-preparam-para-o-zika-virus\/","url":"https:\/\/nk7-testes.com.br\/agazeta\/servidores-se-preparam-para-o-zika-virus\/","name":"Servidores se preparam para o zika v\u00edrus - Agazeta.net","isPartOf":{"@id":"https:\/\/nk7-testes.com.br\/agazeta\/#website"},"primaryImageOfPage":{"@id":"https:\/\/nk7-testes.com.br\/agazeta\/servidores-se-preparam-para-o-zika-virus\/#primaryimage"},"image":{"@id":"https:\/\/nk7-testes.com.br\/agazeta\/servidores-se-preparam-para-o-zika-virus\/#primaryimage"},"thumbnailUrl":"https:\/\/nk7-testes.com.br\/agazeta\/wp-content\/uploads\/2015\/12\/081215-cotidiano-zikavirus-tvgazeta.jpg","datePublished":"2015-12-08T22:45:15+00:00","author":{"@id":"https:\/\/nk7-testes.com.br\/agazeta\/#\/schema\/person\/ff6b39d54d6973bfc57f4140f659b23f"},"breadcrumb":{"@id":"https:\/\/nk7-testes.com.br\/agazeta\/servidores-se-preparam-para-o-zika-virus\/#breadcrumb"},"inLanguage":"pt-BR","potentialAction":[{"@type":"ReadAction","target":["https:\/\/nk7-testes.com.br\/agazeta\/servidores-se-preparam-para-o-zika-virus\/"]}]},{"@type":"ImageObject","inLanguage":"pt-BR","@id":"https:\/\/nk7-testes.com.br\/agazeta\/servidores-se-preparam-para-o-zika-virus\/#primaryimage","url":"https:\/\/nk7-testes.com.br\/agazeta\/wp-content\/uploads\/2015\/12\/081215-cotidiano-zikavirus-tvgazeta.jpg","contentUrl":"https:\/\/nk7-testes.com.br\/agazeta\/wp-content\/uploads\/2015\/12\/081215-cotidiano-zikavirus-tvgazeta.jpg","width":479,"height":340,"caption":"081215-cotidiano-zikavirus-tvgazeta"},{"@type":"BreadcrumbList","@id":"https:\/\/nk7-testes.com.br\/agazeta\/servidores-se-preparam-para-o-zika-virus\/#breadcrumb","itemListElement":[{"@type":"ListItem","position":1,"name":"In\u00edcio","item":"https:\/\/nk7-testes.com.br\/agazeta\/"},{"@type":"ListItem","position":2,"name":"Servidores se preparam para o zika v\u00edrus"}]},{"@type":"WebSite","@id":"https:\/\/nk7-testes.com.br\/agazeta\/#website","url":"https:\/\/nk7-testes.com.br\/agazeta\/","name":"Agazeta.net","description":"Agazeta.net - Not\u00edcias de Rio Branco\/AC","potentialAction":[{"@type":"SearchAction","target":{"@type":"EntryPoint","urlTemplate":"https:\/\/nk7-testes.com.br\/agazeta\/?s={search_term_string}"},"query-input":{"@type":"PropertyValueSpecification","valueRequired":true,"valueName":"search_term_string"}}],"inLanguage":"pt-BR"},{"@type":"Person","@id":"https:\/\/nk7-testes.com.br\/agazeta\/#\/schema\/person\/ff6b39d54d6973bfc57f4140f659b23f","name":"Agazeta.Net","url":"https:\/\/nk7-testes.com.br\/agazeta\/author\/agazeta\/"}]}},"_links":{"self":[{"href":"https:\/\/nk7-testes.com.br\/agazeta\/wp-json\/wp\/v2\/posts\/20064","targetHints":{"allow":["GET"]}}],"collection":[{"href":"https:\/\/nk7-testes.com.br\/agazeta\/wp-json\/wp\/v2\/posts"}],"about":[{"href":"https:\/\/nk7-testes.com.br\/agazeta\/wp-json\/wp\/v2\/types\/post"}],"author":[{"embeddable":true,"href":"https:\/\/nk7-testes.com.br\/agazeta\/wp-json\/wp\/v2\/users\/4"}],"replies":[{"embeddable":true,"href":"https:\/\/nk7-testes.com.br\/agazeta\/wp-json\/wp\/v2\/comments?post=20064"}],"version-history":[{"count":0,"href":"https:\/\/nk7-testes.com.br\/agazeta\/wp-json\/wp\/v2\/posts\/20064\/revisions"}],"wp:featuredmedia":[{"embeddable":true,"href":"https:\/\/nk7-testes.com.br\/agazeta\/wp-json\/wp\/v2\/media\/20063"}],"wp:attachment":[{"href":"https:\/\/nk7-testes.com.br\/agazeta\/wp-json\/wp\/v2\/media?parent=20064"}],"wp:term":[{"taxonomy":"category","embeddable":true,"href":"https:\/\/nk7-testes.com.br\/agazeta\/wp-json\/wp\/v2\/categories?post=20064"},{"taxonomy":"post_tag","embeddable":true,"href":"https:\/\/nk7-testes.com.br\/agazeta\/wp-json\/wp\/v2\/tags?post=20064"}],"curies":[{"name":"wp","href":"https:\/\/api.w.org\/{rel}","templated":true}]}}