{"id":20056,"date":"2015-12-08T21:16:22","date_gmt":"2015-12-08T21:16:22","guid":{"rendered":"https:\/\/abarevegan.com.br\/index.php\/2015\/12\/08\/aumentam-casos-de-malaria-em-cruzeiro-do-sul\/"},"modified":"2015-12-08T21:16:22","modified_gmt":"2015-12-08T21:16:22","slug":"aumentam-casos-de-malaria-em-cruzeiro-do-sul","status":"publish","type":"post","link":"https:\/\/nk7-testes.com.br\/agazeta\/aumentam-casos-de-malaria-em-cruzeiro-do-sul\/","title":{"rendered":"Aumentam casos de mal\u00e1ria em Cruzeiro do Sul"},"content":{"rendered":"<p style=\"text-align: justify;\">M\u00e9dia de diagn\u00f3sticos \u00e9 de 1,2 mil pessoas<\/p>\n<p style=\"text-align: justify;\">Um levantamento feito pela Secretaria Municipal de Sa\u00fade de Cruzeiro do Sul aponta que os n\u00fameros de mal\u00e1ria cresceram no munic\u00edpio. De acordo com os dados no m\u00eas de outubro, em compara\u00e7\u00e3o a setembro, o n\u00famero de casos subiu 5%. A m\u00e9dia de pessoas diagnosticadas com a doen\u00e7a \u00e9 de 1,2 mil por m\u00eas.<\/p>\n<p style=\"text-align: justify;\">O gerente local de endemias H\u00e9lio Cameli explica que o crescimento do n\u00famero de casos neste per\u00edodo \u00e9 comum e a equipe de sa\u00fade de Cruzeiro mant\u00e9m as atividades de combate \u00e0 doen\u00e7a, mesmo encontrando dificuldades por parte da popula\u00e7\u00e3o.<\/p>\n<p style=\"text-align: justify;\">\u201cTemos muitas dificuldades para executarmos esse trabalho porque encontramos muita resist\u00eancia por parte da popula\u00e7\u00e3o em receber a borrifa\u00e7\u00e3o nas casas que \u00e9 uma ferramenta muito importante no combate \u00e0 mal\u00e1ria\u201d.<\/p>\n<p style=\"text-align: justify;\">H\u00e9lio disse ainda que as pessoas que contraem a doen\u00e7a tamb\u00e9m n\u00e3o fazem o tratamento de forma adequada. \u201cMuitas pessoas deixam o tratamento, ou n\u00e3o d\u00e3o a medica\u00e7\u00e3o a suas crian\u00e7as, ou n\u00e3o tomam. E h\u00e1 tamb\u00e9m umas pessoas que tomam o rem\u00e9dio com cacha\u00e7a\u201d.<\/p>\n<p style=\"text-align: justify;\">Uma equipe de pesquisadores do Centro de Combate e Preven\u00e7\u00e3o de Doen\u00e7as dos Estados Unidos (CCPD) est\u00e1 no munic\u00edpio acompanhando os pacientes para avaliar que melhorias podem ser feitas no tratamento.<\/p>\n<p style=\"text-align: justify;\">\u201cTodos os pacientes com mal\u00e1ria falciparum que, por ventura, sejam atendidos no hospital, n\u00f3s avaliamos esses pacientes e convidamos para participar da pesquisa\u201d, disse o m\u00e9dico do CCPD, Alexandre Macedo.<\/p>\n","protected":false},"excerpt":{"rendered":"<p style=\"text-align: justify;\">M\u00e9dia de diagn\u00f3sticos \u00e9 de 1,2 mil pessoas<\/p>\n","protected":false},"author":4,"featured_media":20055,"comment_status":"open","ping_status":"open","sticky":false,"template":"","format":"standard","meta":{"jnews-multi-image_gallery":[],"jnews_single_post":[],"jnews_primary_category":[],"jnews_social_meta":[],"jnews_review":[],"enable_review":"","type":"","name":"","summary":"","brand":"","sku":"","good":[],"bad":[],"score_override":"","override_value":"","rating":[],"price":[],"footnotes":""},"categories":[54],"tags":[],"class_list":["post-20056","post","type-post","status-publish","format-standard","has-post-thumbnail","hentry","category-cotidiano"],"yoast_head":"<!-- This site is optimized with the Yoast SEO plugin v26.5 - https:\/\/yoast.com\/wordpress\/plugins\/seo\/ -->\n<title>Aumentam casos de mal\u00e1ria em Cruzeiro do Sul - Agazeta.net<\/title>\n<meta name=\"robots\" content=\"index, follow, max-snippet:-1, max-image-preview:large, max-video-preview:-1\" \/>\n<link rel=\"canonical\" href=\"https:\/\/nk7-testes.com.br\/agazeta\/aumentam-casos-de-malaria-em-cruzeiro-do-sul\/\" \/>\n<meta property=\"og:locale\" content=\"pt_BR\" \/>\n<meta property=\"og:type\" content=\"article\" \/>\n<meta property=\"og:title\" content=\"Aumentam casos de mal\u00e1ria em Cruzeiro do Sul - Agazeta.net\" \/>\n<meta property=\"og:description\" content=\"M\u00e9dia de diagn\u00f3sticos \u00e9 de 1,2 mil pessoas\" \/>\n<meta property=\"og:url\" content=\"https:\/\/nk7-testes.com.br\/agazeta\/aumentam-casos-de-malaria-em-cruzeiro-do-sul\/\" \/>\n<meta property=\"og:site_name\" content=\"Agazeta.net\" \/>\n<meta property=\"article:published_time\" content=\"2015-12-08T21:16:22+00:00\" \/>\n<meta property=\"og:image\" content=\"https:\/\/nk7-testes.com.br\/agazeta\/wp-content\/uploads\/2015\/12\/081215-cotidiano-malariacruzeirodosul-tvgazeta2.jpg\" \/>\n\t<meta property=\"og:image:width\" content=\"479\" \/>\n\t<meta property=\"og:image:height\" content=\"340\" \/>\n\t<meta property=\"og:image:type\" content=\"image\/jpeg\" \/>\n<meta name=\"author\" content=\"Agazeta.Net\" \/>\n<meta name=\"twitter:card\" content=\"summary_large_image\" \/>\n<meta name=\"twitter:label1\" content=\"Escrito por\" \/>\n\t<meta name=\"twitter:data1\" content=\"Agazeta.Net\" \/>\n\t<meta name=\"twitter:label2\" content=\"Est. tempo de leitura\" \/>\n\t<meta name=\"twitter:data2\" content=\"1 minuto\" \/>\n<script type=\"application\/ld+json\" class=\"yoast-schema-graph\">{\"@context\":\"https:\/\/schema.org\",\"@graph\":[{\"@type\":\"WebPage\",\"@id\":\"https:\/\/nk7-testes.com.br\/agazeta\/aumentam-casos-de-malaria-em-cruzeiro-do-sul\/\",\"url\":\"https:\/\/nk7-testes.com.br\/agazeta\/aumentam-casos-de-malaria-em-cruzeiro-do-sul\/\",\"name\":\"Aumentam casos de mal\u00e1ria em Cruzeiro do Sul - Agazeta.net\",\"isPartOf\":{\"@id\":\"https:\/\/nk7-testes.com.br\/agazeta\/#website\"},\"primaryImageOfPage\":{\"@id\":\"https:\/\/nk7-testes.com.br\/agazeta\/aumentam-casos-de-malaria-em-cruzeiro-do-sul\/#primaryimage\"},\"image\":{\"@id\":\"https:\/\/nk7-testes.com.br\/agazeta\/aumentam-casos-de-malaria-em-cruzeiro-do-sul\/#primaryimage\"},\"thumbnailUrl\":\"https:\/\/nk7-testes.com.br\/agazeta\/wp-content\/uploads\/2015\/12\/081215-cotidiano-malariacruzeirodosul-tvgazeta2.jpg\",\"datePublished\":\"2015-12-08T21:16:22+00:00\",\"author\":{\"@id\":\"https:\/\/nk7-testes.com.br\/agazeta\/#\/schema\/person\/6d6e25cb0435eb4a02fd44d30b4e3020\"},\"breadcrumb\":{\"@id\":\"https:\/\/nk7-testes.com.br\/agazeta\/aumentam-casos-de-malaria-em-cruzeiro-do-sul\/#breadcrumb\"},\"inLanguage\":\"pt-BR\",\"potentialAction\":[{\"@type\":\"ReadAction\",\"target\":[\"https:\/\/nk7-testes.com.br\/agazeta\/aumentam-casos-de-malaria-em-cruzeiro-do-sul\/\"]}]},{\"@type\":\"ImageObject\",\"inLanguage\":\"pt-BR\",\"@id\":\"https:\/\/nk7-testes.com.br\/agazeta\/aumentam-casos-de-malaria-em-cruzeiro-do-sul\/#primaryimage\",\"url\":\"https:\/\/nk7-testes.com.br\/agazeta\/wp-content\/uploads\/2015\/12\/081215-cotidiano-malariacruzeirodosul-tvgazeta2.jpg\",\"contentUrl\":\"https:\/\/nk7-testes.com.br\/agazeta\/wp-content\/uploads\/2015\/12\/081215-cotidiano-malariacruzeirodosul-tvgazeta2.jpg\",\"width\":479,\"height\":340,\"caption\":\"081215-cotidiano-malariacruzeirodosul-tvgazeta2\"},{\"@type\":\"BreadcrumbList\",\"@id\":\"https:\/\/nk7-testes.com.br\/agazeta\/aumentam-casos-de-malaria-em-cruzeiro-do-sul\/#breadcrumb\",\"itemListElement\":[{\"@type\":\"ListItem\",\"position\":1,\"name\":\"In\u00edcio\",\"item\":\"https:\/\/nk7-testes.com.br\/agazeta\/\"},{\"@type\":\"ListItem\",\"position\":2,\"name\":\"Aumentam casos de mal\u00e1ria em Cruzeiro do Sul\"}]},{\"@type\":\"WebSite\",\"@id\":\"https:\/\/nk7-testes.com.br\/agazeta\/#website\",\"url\":\"https:\/\/nk7-testes.com.br\/agazeta\/\",\"name\":\"Agazeta.net\",\"description\":\"Agazeta.net - Not\u00edcias de Rio Branco\/AC\",\"potentialAction\":[{\"@type\":\"SearchAction\",\"target\":{\"@type\":\"EntryPoint\",\"urlTemplate\":\"https:\/\/nk7-testes.com.br\/agazeta\/?s={search_term_string}\"},\"query-input\":{\"@type\":\"PropertyValueSpecification\",\"valueRequired\":true,\"valueName\":\"search_term_string\"}}],\"inLanguage\":\"pt-BR\"},{\"@type\":\"Person\",\"@id\":\"https:\/\/nk7-testes.com.br\/agazeta\/#\/schema\/person\/6d6e25cb0435eb4a02fd44d30b4e3020\",\"name\":\"Agazeta.Net\",\"url\":\"https:\/\/nk7-testes.com.br\/agazeta\/author\/agazeta\/\"}]}<\/script>\n<!-- \/ Yoast SEO plugin. -->","yoast_head_json":{"title":"Aumentam casos de mal\u00e1ria em Cruzeiro do Sul - Agazeta.net","robots":{"index":"index","follow":"follow","max-snippet":"max-snippet:-1","max-image-preview":"max-image-preview:large","max-video-preview":"max-video-preview:-1"},"canonical":"https:\/\/nk7-testes.com.br\/agazeta\/aumentam-casos-de-malaria-em-cruzeiro-do-sul\/","og_locale":"pt_BR","og_type":"article","og_title":"Aumentam casos de mal\u00e1ria em Cruzeiro do Sul - Agazeta.net","og_description":"M\u00e9dia de diagn\u00f3sticos \u00e9 de 1,2 mil pessoas","og_url":"https:\/\/nk7-testes.com.br\/agazeta\/aumentam-casos-de-malaria-em-cruzeiro-do-sul\/","og_site_name":"Agazeta.net","article_published_time":"2015-12-08T21:16:22+00:00","og_image":[{"width":479,"height":340,"url":"https:\/\/nk7-testes.com.br\/agazeta\/wp-content\/uploads\/2015\/12\/081215-cotidiano-malariacruzeirodosul-tvgazeta2.jpg","type":"image\/jpeg"}],"author":"Agazeta.Net","twitter_card":"summary_large_image","twitter_misc":{"Escrito por":"Agazeta.Net","Est. tempo de leitura":"1 minuto"},"schema":{"@context":"https:\/\/schema.org","@graph":[{"@type":"WebPage","@id":"https:\/\/nk7-testes.com.br\/agazeta\/aumentam-casos-de-malaria-em-cruzeiro-do-sul\/","url":"https:\/\/nk7-testes.com.br\/agazeta\/aumentam-casos-de-malaria-em-cruzeiro-do-sul\/","name":"Aumentam casos de mal\u00e1ria em Cruzeiro do Sul - Agazeta.net","isPartOf":{"@id":"https:\/\/nk7-testes.com.br\/agazeta\/#website"},"primaryImageOfPage":{"@id":"https:\/\/nk7-testes.com.br\/agazeta\/aumentam-casos-de-malaria-em-cruzeiro-do-sul\/#primaryimage"},"image":{"@id":"https:\/\/nk7-testes.com.br\/agazeta\/aumentam-casos-de-malaria-em-cruzeiro-do-sul\/#primaryimage"},"thumbnailUrl":"https:\/\/nk7-testes.com.br\/agazeta\/wp-content\/uploads\/2015\/12\/081215-cotidiano-malariacruzeirodosul-tvgazeta2.jpg","datePublished":"2015-12-08T21:16:22+00:00","author":{"@id":"https:\/\/nk7-testes.com.br\/agazeta\/#\/schema\/person\/6d6e25cb0435eb4a02fd44d30b4e3020"},"breadcrumb":{"@id":"https:\/\/nk7-testes.com.br\/agazeta\/aumentam-casos-de-malaria-em-cruzeiro-do-sul\/#breadcrumb"},"inLanguage":"pt-BR","potentialAction":[{"@type":"ReadAction","target":["https:\/\/nk7-testes.com.br\/agazeta\/aumentam-casos-de-malaria-em-cruzeiro-do-sul\/"]}]},{"@type":"ImageObject","inLanguage":"pt-BR","@id":"https:\/\/nk7-testes.com.br\/agazeta\/aumentam-casos-de-malaria-em-cruzeiro-do-sul\/#primaryimage","url":"https:\/\/nk7-testes.com.br\/agazeta\/wp-content\/uploads\/2015\/12\/081215-cotidiano-malariacruzeirodosul-tvgazeta2.jpg","contentUrl":"https:\/\/nk7-testes.com.br\/agazeta\/wp-content\/uploads\/2015\/12\/081215-cotidiano-malariacruzeirodosul-tvgazeta2.jpg","width":479,"height":340,"caption":"081215-cotidiano-malariacruzeirodosul-tvgazeta2"},{"@type":"BreadcrumbList","@id":"https:\/\/nk7-testes.com.br\/agazeta\/aumentam-casos-de-malaria-em-cruzeiro-do-sul\/#breadcrumb","itemListElement":[{"@type":"ListItem","position":1,"name":"In\u00edcio","item":"https:\/\/nk7-testes.com.br\/agazeta\/"},{"@type":"ListItem","position":2,"name":"Aumentam casos de mal\u00e1ria em Cruzeiro do Sul"}]},{"@type":"WebSite","@id":"https:\/\/nk7-testes.com.br\/agazeta\/#website","url":"https:\/\/nk7-testes.com.br\/agazeta\/","name":"Agazeta.net","description":"Agazeta.net - Not\u00edcias de Rio Branco\/AC","potentialAction":[{"@type":"SearchAction","target":{"@type":"EntryPoint","urlTemplate":"https:\/\/nk7-testes.com.br\/agazeta\/?s={search_term_string}"},"query-input":{"@type":"PropertyValueSpecification","valueRequired":true,"valueName":"search_term_string"}}],"inLanguage":"pt-BR"},{"@type":"Person","@id":"https:\/\/nk7-testes.com.br\/agazeta\/#\/schema\/person\/6d6e25cb0435eb4a02fd44d30b4e3020","name":"Agazeta.Net","url":"https:\/\/nk7-testes.com.br\/agazeta\/author\/agazeta\/"}]}},"_links":{"self":[{"href":"https:\/\/nk7-testes.com.br\/agazeta\/wp-json\/wp\/v2\/posts\/20056","targetHints":{"allow":["GET"]}}],"collection":[{"href":"https:\/\/nk7-testes.com.br\/agazeta\/wp-json\/wp\/v2\/posts"}],"about":[{"href":"https:\/\/nk7-testes.com.br\/agazeta\/wp-json\/wp\/v2\/types\/post"}],"author":[{"embeddable":true,"href":"https:\/\/nk7-testes.com.br\/agazeta\/wp-json\/wp\/v2\/users\/4"}],"replies":[{"embeddable":true,"href":"https:\/\/nk7-testes.com.br\/agazeta\/wp-json\/wp\/v2\/comments?post=20056"}],"version-history":[{"count":0,"href":"https:\/\/nk7-testes.com.br\/agazeta\/wp-json\/wp\/v2\/posts\/20056\/revisions"}],"wp:featuredmedia":[{"embeddable":true,"href":"https:\/\/nk7-testes.com.br\/agazeta\/wp-json\/wp\/v2\/media\/20055"}],"wp:attachment":[{"href":"https:\/\/nk7-testes.com.br\/agazeta\/wp-json\/wp\/v2\/media?parent=20056"}],"wp:term":[{"taxonomy":"category","embeddable":true,"href":"https:\/\/nk7-testes.com.br\/agazeta\/wp-json\/wp\/v2\/categories?post=20056"},{"taxonomy":"post_tag","embeddable":true,"href":"https:\/\/nk7-testes.com.br\/agazeta\/wp-json\/wp\/v2\/tags?post=20056"}],"curies":[{"name":"wp","href":"https:\/\/api.w.org\/{rel}","templated":true}]}}