{"id":20052,"date":"2015-12-08T20:43:07","date_gmt":"2015-12-08T20:43:07","guid":{"rendered":"https:\/\/abarevegan.com.br\/index.php\/2015\/12\/08\/peca-de-bach-e-apresentada-no-teatro-universitario\/"},"modified":"2015-12-08T20:43:07","modified_gmt":"2015-12-08T20:43:07","slug":"peca-de-bach-e-apresentada-no-teatro-universitario","status":"publish","type":"post","link":"https:\/\/nk7-testes.com.br\/agazeta\/peca-de-bach-e-apresentada-no-teatro-universitario\/","title":{"rendered":"Pe\u00e7a de Bach \u00e9 apresentada no Teatro Universit\u00e1rio"},"content":{"rendered":"<p>Apresenta\u00e7\u00e3o ser\u00e1 na pr\u00f3xima sexta-feira<\/p>\n<p>O Coro e a Orquestra de C\u00e2mara da Universidade Federal do Acre (Ufac) apresentar\u00e3o a pe\u00e7a \u201cMagnificat\u201d, de Johann Sebastian Bach. O show tem entrada franca e ocorrer\u00e1 no Teatro Universit\u00e1rio, dia 18, \u00e0s 19h. O projeto \u00e9 uma iniciativa da Diretoria de Arte, Cultura e Integra\u00e7\u00e3o Comunit\u00e1ria (Dacic), da Pr\u00f3-Reitoria de Extens\u00e3o e Cultura (Proex).<\/p>\n<p>A dire\u00e7\u00e3o art\u00edstica da pe\u00e7a \u00e9 realizada por Romualdo Medeiros, professor do curso de M\u00fasica da Ufac, enquanto a dire\u00e7\u00e3o do coro \u00e9 de Lidson Martins. Para Lucicleia Queiroz, diretora de Arte e Cultura da Proex, esse tipo de apresenta\u00e7\u00e3o \u00e9 essencial para a promo\u00e7\u00e3o da cultura na universidade.<\/p>\n<p>\u201cQueremos mostrar a toda comunidade o trabalho desenvolvido durante o ano todo pelo Coro e pela Orquestra da Ufac. Um trabalho maravilhoso. Nada mais prop\u00edcio do que a apresenta\u00e7\u00e3o dessa pe\u00e7a em v\u00e9speras de festividades de fim de ano\u201d, disse.<\/p>\n<p><strong>Coro e Orquestra de C\u00e2mara<\/strong><\/p>\n<p>O projeto \u00e9 formado por professores do curso de M\u00fasica, t\u00e9cnico-administrativos, m\u00fasicos bolsistas, m\u00fasicos de v\u00e1rios cursos, al\u00e9m de convidados da comunidade. Visa \u00e0 pesquisa e execu\u00e7\u00e3o de repert\u00f3rio sinf\u00f4nico e vocal de v\u00e1rios per\u00edodos da hist\u00f3ria da m\u00fasica, realizando apresenta\u00e7\u00f5es dentro e fora da universidade.<\/p>\n<p><strong>\u2018Magnificat\u2019<\/strong><\/p>\n<p>Em D maior, \u201cBWV 243\u201d \u00e9 uma das principais obras vocais de Johann Sebastian Bach. Foi composta para orquestra, um coro e solistas. Seu texto consiste no c\u00e2ntico de Maria, m\u00e3e de Jesus.<\/p>\n<p>Bach comp\u00f4s durante seis semanas uma vers\u00e3o inicial para as v\u00e9speras de Natal, que continha diversos textos. Ao longo dos anos, ele removeu os textos especificamente relacionados ao Natal para apropri\u00e1-la a performances durante o ano todo. A obra se divide em 12 partes, que podem ser agrupadas em tr\u00eas movimentos. Sua execu\u00e7\u00e3o dura aproximadamente 30 minutos.<\/p>\n<p>Acompanhe a fan-page do evento no Facebook e conhe\u00e7a um pouco mais sobre o Coro e a Orquestra de C\u00e2mara da Ufac.<\/p>\n","protected":false},"excerpt":{"rendered":"<p>Apresenta\u00e7\u00e3o ser\u00e1 na pr\u00f3xima sexta-feira<\/p>\n","protected":false},"author":4,"featured_media":20051,"comment_status":"open","ping_status":"open","sticky":false,"template":"","format":"standard","meta":{"jnews-multi-image_gallery":[],"jnews_single_post":[],"jnews_primary_category":[],"jnews_social_meta":[],"jnews_review":[],"enable_review":"","type":"","name":"","summary":"","brand":"","sku":"","good":[],"bad":[],"score_override":"","override_value":"","rating":[],"price":[],"footnotes":""},"categories":[54],"tags":[],"class_list":["post-20052","post","type-post","status-publish","format-standard","has-post-thumbnail","hentry","category-cotidiano"],"yoast_head":"<!-- This site is optimized with the Yoast SEO plugin v26.5 - https:\/\/yoast.com\/wordpress\/plugins\/seo\/ -->\n<title>Pe\u00e7a de Bach \u00e9 apresentada no Teatro Universit\u00e1rio - Agazeta.net<\/title>\n<meta name=\"robots\" content=\"index, follow, max-snippet:-1, max-image-preview:large, max-video-preview:-1\" \/>\n<link rel=\"canonical\" href=\"https:\/\/nk7-testes.com.br\/agazeta\/peca-de-bach-e-apresentada-no-teatro-universitario\/\" \/>\n<meta property=\"og:locale\" content=\"pt_BR\" \/>\n<meta property=\"og:type\" content=\"article\" \/>\n<meta property=\"og:title\" content=\"Pe\u00e7a de Bach \u00e9 apresentada no Teatro Universit\u00e1rio - Agazeta.net\" \/>\n<meta property=\"og:description\" content=\"Apresenta\u00e7\u00e3o ser\u00e1 na pr\u00f3xima sexta-feira\" \/>\n<meta property=\"og:url\" content=\"https:\/\/nk7-testes.com.br\/agazeta\/peca-de-bach-e-apresentada-no-teatro-universitario\/\" \/>\n<meta property=\"og:site_name\" content=\"Agazeta.net\" \/>\n<meta property=\"article:published_time\" content=\"2015-12-08T20:43:07+00:00\" \/>\n<meta property=\"og:image\" content=\"https:\/\/nk7-testes.com.br\/agazeta\/wp-content\/uploads\/2015\/12\/081215-cotidiano-apresentacaobach-divulgacao.jpg\" \/>\n\t<meta property=\"og:image:width\" content=\"479\" \/>\n\t<meta property=\"og:image:height\" content=\"340\" \/>\n\t<meta property=\"og:image:type\" content=\"image\/jpeg\" \/>\n<meta name=\"author\" content=\"Agazeta.Net\" \/>\n<meta name=\"twitter:card\" content=\"summary_large_image\" \/>\n<meta name=\"twitter:label1\" content=\"Escrito por\" \/>\n\t<meta name=\"twitter:data1\" content=\"Agazeta.Net\" \/>\n\t<meta name=\"twitter:label2\" content=\"Est. tempo de leitura\" \/>\n\t<meta name=\"twitter:data2\" content=\"2 minutos\" \/>\n<script type=\"application\/ld+json\" class=\"yoast-schema-graph\">{\"@context\":\"https:\/\/schema.org\",\"@graph\":[{\"@type\":\"WebPage\",\"@id\":\"https:\/\/nk7-testes.com.br\/agazeta\/peca-de-bach-e-apresentada-no-teatro-universitario\/\",\"url\":\"https:\/\/nk7-testes.com.br\/agazeta\/peca-de-bach-e-apresentada-no-teatro-universitario\/\",\"name\":\"Pe\u00e7a de Bach \u00e9 apresentada no Teatro Universit\u00e1rio - Agazeta.net\",\"isPartOf\":{\"@id\":\"https:\/\/nk7-testes.com.br\/agazeta\/#website\"},\"primaryImageOfPage\":{\"@id\":\"https:\/\/nk7-testes.com.br\/agazeta\/peca-de-bach-e-apresentada-no-teatro-universitario\/#primaryimage\"},\"image\":{\"@id\":\"https:\/\/nk7-testes.com.br\/agazeta\/peca-de-bach-e-apresentada-no-teatro-universitario\/#primaryimage\"},\"thumbnailUrl\":\"https:\/\/nk7-testes.com.br\/agazeta\/wp-content\/uploads\/2015\/12\/081215-cotidiano-apresentacaobach-divulgacao.jpg\",\"datePublished\":\"2015-12-08T20:43:07+00:00\",\"author\":{\"@id\":\"https:\/\/nk7-testes.com.br\/agazeta\/#\/schema\/person\/6d6e25cb0435eb4a02fd44d30b4e3020\"},\"breadcrumb\":{\"@id\":\"https:\/\/nk7-testes.com.br\/agazeta\/peca-de-bach-e-apresentada-no-teatro-universitario\/#breadcrumb\"},\"inLanguage\":\"pt-BR\",\"potentialAction\":[{\"@type\":\"ReadAction\",\"target\":[\"https:\/\/nk7-testes.com.br\/agazeta\/peca-de-bach-e-apresentada-no-teatro-universitario\/\"]}]},{\"@type\":\"ImageObject\",\"inLanguage\":\"pt-BR\",\"@id\":\"https:\/\/nk7-testes.com.br\/agazeta\/peca-de-bach-e-apresentada-no-teatro-universitario\/#primaryimage\",\"url\":\"https:\/\/nk7-testes.com.br\/agazeta\/wp-content\/uploads\/2015\/12\/081215-cotidiano-apresentacaobach-divulgacao.jpg\",\"contentUrl\":\"https:\/\/nk7-testes.com.br\/agazeta\/wp-content\/uploads\/2015\/12\/081215-cotidiano-apresentacaobach-divulgacao.jpg\",\"width\":479,\"height\":340,\"caption\":\"081215-cotidiano-apresentacaobach-divulgacao\"},{\"@type\":\"BreadcrumbList\",\"@id\":\"https:\/\/nk7-testes.com.br\/agazeta\/peca-de-bach-e-apresentada-no-teatro-universitario\/#breadcrumb\",\"itemListElement\":[{\"@type\":\"ListItem\",\"position\":1,\"name\":\"In\u00edcio\",\"item\":\"https:\/\/nk7-testes.com.br\/agazeta\/\"},{\"@type\":\"ListItem\",\"position\":2,\"name\":\"Pe\u00e7a de Bach \u00e9 apresentada no Teatro Universit\u00e1rio\"}]},{\"@type\":\"WebSite\",\"@id\":\"https:\/\/nk7-testes.com.br\/agazeta\/#website\",\"url\":\"https:\/\/nk7-testes.com.br\/agazeta\/\",\"name\":\"Agazeta.net\",\"description\":\"Agazeta.net - Not\u00edcias de Rio Branco\/AC\",\"potentialAction\":[{\"@type\":\"SearchAction\",\"target\":{\"@type\":\"EntryPoint\",\"urlTemplate\":\"https:\/\/nk7-testes.com.br\/agazeta\/?s={search_term_string}\"},\"query-input\":{\"@type\":\"PropertyValueSpecification\",\"valueRequired\":true,\"valueName\":\"search_term_string\"}}],\"inLanguage\":\"pt-BR\"},{\"@type\":\"Person\",\"@id\":\"https:\/\/nk7-testes.com.br\/agazeta\/#\/schema\/person\/6d6e25cb0435eb4a02fd44d30b4e3020\",\"name\":\"Agazeta.Net\",\"url\":\"https:\/\/nk7-testes.com.br\/agazeta\/author\/agazeta\/\"}]}<\/script>\n<!-- \/ Yoast SEO plugin. -->","yoast_head_json":{"title":"Pe\u00e7a de Bach \u00e9 apresentada no Teatro Universit\u00e1rio - Agazeta.net","robots":{"index":"index","follow":"follow","max-snippet":"max-snippet:-1","max-image-preview":"max-image-preview:large","max-video-preview":"max-video-preview:-1"},"canonical":"https:\/\/nk7-testes.com.br\/agazeta\/peca-de-bach-e-apresentada-no-teatro-universitario\/","og_locale":"pt_BR","og_type":"article","og_title":"Pe\u00e7a de Bach \u00e9 apresentada no Teatro Universit\u00e1rio - Agazeta.net","og_description":"Apresenta\u00e7\u00e3o ser\u00e1 na pr\u00f3xima sexta-feira","og_url":"https:\/\/nk7-testes.com.br\/agazeta\/peca-de-bach-e-apresentada-no-teatro-universitario\/","og_site_name":"Agazeta.net","article_published_time":"2015-12-08T20:43:07+00:00","og_image":[{"width":479,"height":340,"url":"https:\/\/nk7-testes.com.br\/agazeta\/wp-content\/uploads\/2015\/12\/081215-cotidiano-apresentacaobach-divulgacao.jpg","type":"image\/jpeg"}],"author":"Agazeta.Net","twitter_card":"summary_large_image","twitter_misc":{"Escrito por":"Agazeta.Net","Est. tempo de leitura":"2 minutos"},"schema":{"@context":"https:\/\/schema.org","@graph":[{"@type":"WebPage","@id":"https:\/\/nk7-testes.com.br\/agazeta\/peca-de-bach-e-apresentada-no-teatro-universitario\/","url":"https:\/\/nk7-testes.com.br\/agazeta\/peca-de-bach-e-apresentada-no-teatro-universitario\/","name":"Pe\u00e7a de Bach \u00e9 apresentada no Teatro Universit\u00e1rio - Agazeta.net","isPartOf":{"@id":"https:\/\/nk7-testes.com.br\/agazeta\/#website"},"primaryImageOfPage":{"@id":"https:\/\/nk7-testes.com.br\/agazeta\/peca-de-bach-e-apresentada-no-teatro-universitario\/#primaryimage"},"image":{"@id":"https:\/\/nk7-testes.com.br\/agazeta\/peca-de-bach-e-apresentada-no-teatro-universitario\/#primaryimage"},"thumbnailUrl":"https:\/\/nk7-testes.com.br\/agazeta\/wp-content\/uploads\/2015\/12\/081215-cotidiano-apresentacaobach-divulgacao.jpg","datePublished":"2015-12-08T20:43:07+00:00","author":{"@id":"https:\/\/nk7-testes.com.br\/agazeta\/#\/schema\/person\/6d6e25cb0435eb4a02fd44d30b4e3020"},"breadcrumb":{"@id":"https:\/\/nk7-testes.com.br\/agazeta\/peca-de-bach-e-apresentada-no-teatro-universitario\/#breadcrumb"},"inLanguage":"pt-BR","potentialAction":[{"@type":"ReadAction","target":["https:\/\/nk7-testes.com.br\/agazeta\/peca-de-bach-e-apresentada-no-teatro-universitario\/"]}]},{"@type":"ImageObject","inLanguage":"pt-BR","@id":"https:\/\/nk7-testes.com.br\/agazeta\/peca-de-bach-e-apresentada-no-teatro-universitario\/#primaryimage","url":"https:\/\/nk7-testes.com.br\/agazeta\/wp-content\/uploads\/2015\/12\/081215-cotidiano-apresentacaobach-divulgacao.jpg","contentUrl":"https:\/\/nk7-testes.com.br\/agazeta\/wp-content\/uploads\/2015\/12\/081215-cotidiano-apresentacaobach-divulgacao.jpg","width":479,"height":340,"caption":"081215-cotidiano-apresentacaobach-divulgacao"},{"@type":"BreadcrumbList","@id":"https:\/\/nk7-testes.com.br\/agazeta\/peca-de-bach-e-apresentada-no-teatro-universitario\/#breadcrumb","itemListElement":[{"@type":"ListItem","position":1,"name":"In\u00edcio","item":"https:\/\/nk7-testes.com.br\/agazeta\/"},{"@type":"ListItem","position":2,"name":"Pe\u00e7a de Bach \u00e9 apresentada no Teatro Universit\u00e1rio"}]},{"@type":"WebSite","@id":"https:\/\/nk7-testes.com.br\/agazeta\/#website","url":"https:\/\/nk7-testes.com.br\/agazeta\/","name":"Agazeta.net","description":"Agazeta.net - Not\u00edcias de Rio Branco\/AC","potentialAction":[{"@type":"SearchAction","target":{"@type":"EntryPoint","urlTemplate":"https:\/\/nk7-testes.com.br\/agazeta\/?s={search_term_string}"},"query-input":{"@type":"PropertyValueSpecification","valueRequired":true,"valueName":"search_term_string"}}],"inLanguage":"pt-BR"},{"@type":"Person","@id":"https:\/\/nk7-testes.com.br\/agazeta\/#\/schema\/person\/6d6e25cb0435eb4a02fd44d30b4e3020","name":"Agazeta.Net","url":"https:\/\/nk7-testes.com.br\/agazeta\/author\/agazeta\/"}]}},"_links":{"self":[{"href":"https:\/\/nk7-testes.com.br\/agazeta\/wp-json\/wp\/v2\/posts\/20052","targetHints":{"allow":["GET"]}}],"collection":[{"href":"https:\/\/nk7-testes.com.br\/agazeta\/wp-json\/wp\/v2\/posts"}],"about":[{"href":"https:\/\/nk7-testes.com.br\/agazeta\/wp-json\/wp\/v2\/types\/post"}],"author":[{"embeddable":true,"href":"https:\/\/nk7-testes.com.br\/agazeta\/wp-json\/wp\/v2\/users\/4"}],"replies":[{"embeddable":true,"href":"https:\/\/nk7-testes.com.br\/agazeta\/wp-json\/wp\/v2\/comments?post=20052"}],"version-history":[{"count":0,"href":"https:\/\/nk7-testes.com.br\/agazeta\/wp-json\/wp\/v2\/posts\/20052\/revisions"}],"wp:featuredmedia":[{"embeddable":true,"href":"https:\/\/nk7-testes.com.br\/agazeta\/wp-json\/wp\/v2\/media\/20051"}],"wp:attachment":[{"href":"https:\/\/nk7-testes.com.br\/agazeta\/wp-json\/wp\/v2\/media?parent=20052"}],"wp:term":[{"taxonomy":"category","embeddable":true,"href":"https:\/\/nk7-testes.com.br\/agazeta\/wp-json\/wp\/v2\/categories?post=20052"},{"taxonomy":"post_tag","embeddable":true,"href":"https:\/\/nk7-testes.com.br\/agazeta\/wp-json\/wp\/v2\/tags?post=20052"}],"curies":[{"name":"wp","href":"https:\/\/api.w.org\/{rel}","templated":true}]}}