{"id":20047,"date":"2015-12-08T16:22:22","date_gmt":"2015-12-08T16:22:22","guid":{"rendered":"https:\/\/abarevegan.com.br\/index.php\/2015\/12\/08\/icms-tem-estimativa-de-aumento-de-8-06\/"},"modified":"2015-12-08T16:22:22","modified_gmt":"2015-12-08T16:22:22","slug":"icms-tem-estimativa-de-aumento-de-8-06","status":"publish","type":"post","link":"https:\/\/nk7-testes.com.br\/agazeta\/icms-tem-estimativa-de-aumento-de-8-06\/","title":{"rendered":"ICMS tem estimativa de aumento de 8,06%"},"content":{"rendered":"<p style=\"text-align: justify;\">Mudan\u00e7as exigem mais de empresas e consumidores<\/p>\n<p style=\"text-align: justify;\">Em 2014, a Secretaria de Estado de Fazenda arrecadou R$ 846,7 milh\u00f5es. Em 2015, a estimativa (j\u00e1 contando com previs\u00e3o do m\u00eas de dezembro) \u00e9 de R$ 920,8 milh\u00f5es. O aumento \u00e9 de 8,06%.<\/p>\n<p style=\"text-align: justify;\">Mas, esse n\u00famero n\u00e3o exp\u00f5e uma situa\u00e7\u00e3o que \u00e9 custeada por duas pontas do consumo: empresas e consumidores. A situa\u00e7\u00e3o \u00e9 a seguinte: Comparando novembro de 2014 (quando a arrecada\u00e7\u00e3o foi de R$ 78.383 milh\u00f5es) com outubro (R$ 79.842 milh\u00f5es) houve uma queda de 1,8%.<\/p>\n<p style=\"text-align: justify;\">Fazendo a mesma compara\u00e7\u00e3o em 2015 (quando j\u00e1 entrou em vigor a mudan\u00e7a no regime de apura\u00e7\u00e3o do ICMS), o aumento foi de 13%: em outubro, foram arrecadados R$ 73.756 milh\u00f5es e em novembro foram R$ 84.060 milh\u00f5es.<\/p>\n<p style=\"text-align: justify;\">\u201cH\u00e1 dois elementos que custeiam esse ciclo: as empresas e o consumidor\u201d, analisa o presidente da Associa\u00e7\u00e3o Comercial e Industrial do Acre, Jurilande Arag\u00e3o. \u201c\u00c9 elementar esse racioc\u00ednio\u201d.<\/p>\n<p style=\"text-align: justify;\">Para o assessor da presid\u00eancia da Fecomercio do Acre, Eg\u00eddio Gar\u00f3, destaca que situa\u00e7\u00f5es como a enchente em 2015 fizeram com que a arrecada\u00e7\u00e3o de abril ca\u00edsse em 22% em rela\u00e7\u00e3o a janeiro. Mesmo com essas dificuldades, a expectativa de aumento na arrecada\u00e7\u00e3o exige cuidado e pondera\u00e7\u00e3o na an\u00e1lise.<\/p>\n<p style=\"text-align: justify;\">\u201cA expectativa de aumento global na arrecada\u00e7\u00e3o de ICMS em 2015 \u00e9 preciso ser observada com cuidado em rela\u00e7\u00e3o \u00e0 margem de lucro das empresas que pode estar sendo comprometida\u201d, analisou Gar\u00f3.<\/p>\n<p style=\"text-align: justify;\">A l\u00f3gica da Sefaz tem outro olhar. Para o Governo, a mudan\u00e7a do regime de arrecada\u00e7\u00e3o busca o equil\u00edbrio fiscal. \u201cVisa equalizar\u201d, explica a secret\u00e1ria Adjunta Fiscal da Sefaz, L\u00edlian Caniso. \u201cO que n\u00f3s queremos \u00e9 fazer o contribuinte pagar o justo, de acordo com seu tamanho\u201d.<\/p>\n","protected":false},"excerpt":{"rendered":"<p style=\"text-align: justify;\">Mudan\u00e7as exigem mais de empresas e consumidores<\/p>\n","protected":false},"author":4,"featured_media":11603,"comment_status":"open","ping_status":"open","sticky":false,"template":"","format":"standard","meta":{"jnews-multi-image_gallery":[],"jnews_single_post":[],"jnews_primary_category":[],"jnews_social_meta":[],"jnews_review":[],"enable_review":"","type":"","name":"","summary":"","brand":"","sku":"","good":[],"bad":[],"score_override":"","override_value":"","rating":[],"price":[],"footnotes":""},"categories":[54],"tags":[],"class_list":["post-20047","post","type-post","status-publish","format-standard","has-post-thumbnail","hentry","category-cotidiano"],"yoast_head":"<!-- This site is optimized with the Yoast SEO plugin v26.5 - https:\/\/yoast.com\/wordpress\/plugins\/seo\/ -->\n<title>ICMS tem estimativa de aumento de 8,06% - Agazeta.net<\/title>\n<meta name=\"robots\" content=\"index, follow, max-snippet:-1, max-image-preview:large, max-video-preview:-1\" \/>\n<link rel=\"canonical\" href=\"https:\/\/nk7-testes.com.br\/agazeta\/icms-tem-estimativa-de-aumento-de-8-06\/\" \/>\n<meta property=\"og:locale\" content=\"pt_BR\" \/>\n<meta property=\"og:type\" content=\"article\" \/>\n<meta property=\"og:title\" content=\"ICMS tem estimativa de aumento de 8,06% - Agazeta.net\" \/>\n<meta property=\"og:description\" content=\"Mudan\u00e7as exigem mais de empresas e consumidores\" \/>\n<meta property=\"og:url\" content=\"https:\/\/nk7-testes.com.br\/agazeta\/icms-tem-estimativa-de-aumento-de-8-06\/\" \/>\n<meta property=\"og:site_name\" content=\"Agazeta.net\" \/>\n<meta property=\"article:published_time\" content=\"2015-12-08T16:22:22+00:00\" \/>\n<meta property=\"og:image\" content=\"https:\/\/nk7-testes.com.br\/agazeta\/wp-content\/uploads\/2014\/11\/2211-cotidiano-comercio-taianelima.jpg\" \/>\n\t<meta property=\"og:image:width\" content=\"458\" \/>\n\t<meta property=\"og:image:height\" content=\"340\" \/>\n\t<meta property=\"og:image:type\" content=\"image\/jpeg\" \/>\n<meta name=\"author\" content=\"Agazeta.Net\" \/>\n<meta name=\"twitter:card\" content=\"summary_large_image\" \/>\n<meta name=\"twitter:label1\" content=\"Escrito por\" \/>\n\t<meta name=\"twitter:data1\" content=\"Agazeta.Net\" \/>\n\t<meta name=\"twitter:label2\" content=\"Est. tempo de leitura\" \/>\n\t<meta name=\"twitter:data2\" content=\"1 minuto\" \/>\n<script type=\"application\/ld+json\" class=\"yoast-schema-graph\">{\"@context\":\"https:\/\/schema.org\",\"@graph\":[{\"@type\":\"WebPage\",\"@id\":\"https:\/\/nk7-testes.com.br\/agazeta\/icms-tem-estimativa-de-aumento-de-8-06\/\",\"url\":\"https:\/\/nk7-testes.com.br\/agazeta\/icms-tem-estimativa-de-aumento-de-8-06\/\",\"name\":\"ICMS tem estimativa de aumento de 8,06% - Agazeta.net\",\"isPartOf\":{\"@id\":\"https:\/\/nk7-testes.com.br\/agazeta\/#website\"},\"primaryImageOfPage\":{\"@id\":\"https:\/\/nk7-testes.com.br\/agazeta\/icms-tem-estimativa-de-aumento-de-8-06\/#primaryimage\"},\"image\":{\"@id\":\"https:\/\/nk7-testes.com.br\/agazeta\/icms-tem-estimativa-de-aumento-de-8-06\/#primaryimage\"},\"thumbnailUrl\":\"https:\/\/nk7-testes.com.br\/agazeta\/wp-content\/uploads\/2014\/11\/2211-cotidiano-comercio-taianelima.jpg\",\"datePublished\":\"2015-12-08T16:22:22+00:00\",\"author\":{\"@id\":\"https:\/\/nk7-testes.com.br\/agazeta\/#\/schema\/person\/ff6b39d54d6973bfc57f4140f659b23f\"},\"breadcrumb\":{\"@id\":\"https:\/\/nk7-testes.com.br\/agazeta\/icms-tem-estimativa-de-aumento-de-8-06\/#breadcrumb\"},\"inLanguage\":\"pt-BR\",\"potentialAction\":[{\"@type\":\"ReadAction\",\"target\":[\"https:\/\/nk7-testes.com.br\/agazeta\/icms-tem-estimativa-de-aumento-de-8-06\/\"]}]},{\"@type\":\"ImageObject\",\"inLanguage\":\"pt-BR\",\"@id\":\"https:\/\/nk7-testes.com.br\/agazeta\/icms-tem-estimativa-de-aumento-de-8-06\/#primaryimage\",\"url\":\"https:\/\/nk7-testes.com.br\/agazeta\/wp-content\/uploads\/2014\/11\/2211-cotidiano-comercio-taianelima.jpg\",\"contentUrl\":\"https:\/\/nk7-testes.com.br\/agazeta\/wp-content\/uploads\/2014\/11\/2211-cotidiano-comercio-taianelima.jpg\",\"width\":458,\"height\":340,\"caption\":\"2211-cotidiano-comercio-taianelima\"},{\"@type\":\"BreadcrumbList\",\"@id\":\"https:\/\/nk7-testes.com.br\/agazeta\/icms-tem-estimativa-de-aumento-de-8-06\/#breadcrumb\",\"itemListElement\":[{\"@type\":\"ListItem\",\"position\":1,\"name\":\"In\u00edcio\",\"item\":\"https:\/\/nk7-testes.com.br\/agazeta\/\"},{\"@type\":\"ListItem\",\"position\":2,\"name\":\"ICMS tem estimativa de aumento de 8,06%\"}]},{\"@type\":\"WebSite\",\"@id\":\"https:\/\/nk7-testes.com.br\/agazeta\/#website\",\"url\":\"https:\/\/nk7-testes.com.br\/agazeta\/\",\"name\":\"Agazeta.net\",\"description\":\"Agazeta.net - Not\u00edcias de Rio Branco\/AC\",\"potentialAction\":[{\"@type\":\"SearchAction\",\"target\":{\"@type\":\"EntryPoint\",\"urlTemplate\":\"https:\/\/nk7-testes.com.br\/agazeta\/?s={search_term_string}\"},\"query-input\":{\"@type\":\"PropertyValueSpecification\",\"valueRequired\":true,\"valueName\":\"search_term_string\"}}],\"inLanguage\":\"pt-BR\"},{\"@type\":\"Person\",\"@id\":\"https:\/\/nk7-testes.com.br\/agazeta\/#\/schema\/person\/ff6b39d54d6973bfc57f4140f659b23f\",\"name\":\"Agazeta.Net\",\"url\":\"https:\/\/nk7-testes.com.br\/agazeta\/author\/agazeta\/\"}]}<\/script>\n<!-- \/ Yoast SEO plugin. -->","yoast_head_json":{"title":"ICMS tem estimativa de aumento de 8,06% - Agazeta.net","robots":{"index":"index","follow":"follow","max-snippet":"max-snippet:-1","max-image-preview":"max-image-preview:large","max-video-preview":"max-video-preview:-1"},"canonical":"https:\/\/nk7-testes.com.br\/agazeta\/icms-tem-estimativa-de-aumento-de-8-06\/","og_locale":"pt_BR","og_type":"article","og_title":"ICMS tem estimativa de aumento de 8,06% - Agazeta.net","og_description":"Mudan\u00e7as exigem mais de empresas e consumidores","og_url":"https:\/\/nk7-testes.com.br\/agazeta\/icms-tem-estimativa-de-aumento-de-8-06\/","og_site_name":"Agazeta.net","article_published_time":"2015-12-08T16:22:22+00:00","og_image":[{"width":458,"height":340,"url":"https:\/\/nk7-testes.com.br\/agazeta\/wp-content\/uploads\/2014\/11\/2211-cotidiano-comercio-taianelima.jpg","type":"image\/jpeg"}],"author":"Agazeta.Net","twitter_card":"summary_large_image","twitter_misc":{"Escrito por":"Agazeta.Net","Est. tempo de leitura":"1 minuto"},"schema":{"@context":"https:\/\/schema.org","@graph":[{"@type":"WebPage","@id":"https:\/\/nk7-testes.com.br\/agazeta\/icms-tem-estimativa-de-aumento-de-8-06\/","url":"https:\/\/nk7-testes.com.br\/agazeta\/icms-tem-estimativa-de-aumento-de-8-06\/","name":"ICMS tem estimativa de aumento de 8,06% - Agazeta.net","isPartOf":{"@id":"https:\/\/nk7-testes.com.br\/agazeta\/#website"},"primaryImageOfPage":{"@id":"https:\/\/nk7-testes.com.br\/agazeta\/icms-tem-estimativa-de-aumento-de-8-06\/#primaryimage"},"image":{"@id":"https:\/\/nk7-testes.com.br\/agazeta\/icms-tem-estimativa-de-aumento-de-8-06\/#primaryimage"},"thumbnailUrl":"https:\/\/nk7-testes.com.br\/agazeta\/wp-content\/uploads\/2014\/11\/2211-cotidiano-comercio-taianelima.jpg","datePublished":"2015-12-08T16:22:22+00:00","author":{"@id":"https:\/\/nk7-testes.com.br\/agazeta\/#\/schema\/person\/ff6b39d54d6973bfc57f4140f659b23f"},"breadcrumb":{"@id":"https:\/\/nk7-testes.com.br\/agazeta\/icms-tem-estimativa-de-aumento-de-8-06\/#breadcrumb"},"inLanguage":"pt-BR","potentialAction":[{"@type":"ReadAction","target":["https:\/\/nk7-testes.com.br\/agazeta\/icms-tem-estimativa-de-aumento-de-8-06\/"]}]},{"@type":"ImageObject","inLanguage":"pt-BR","@id":"https:\/\/nk7-testes.com.br\/agazeta\/icms-tem-estimativa-de-aumento-de-8-06\/#primaryimage","url":"https:\/\/nk7-testes.com.br\/agazeta\/wp-content\/uploads\/2014\/11\/2211-cotidiano-comercio-taianelima.jpg","contentUrl":"https:\/\/nk7-testes.com.br\/agazeta\/wp-content\/uploads\/2014\/11\/2211-cotidiano-comercio-taianelima.jpg","width":458,"height":340,"caption":"2211-cotidiano-comercio-taianelima"},{"@type":"BreadcrumbList","@id":"https:\/\/nk7-testes.com.br\/agazeta\/icms-tem-estimativa-de-aumento-de-8-06\/#breadcrumb","itemListElement":[{"@type":"ListItem","position":1,"name":"In\u00edcio","item":"https:\/\/nk7-testes.com.br\/agazeta\/"},{"@type":"ListItem","position":2,"name":"ICMS tem estimativa de aumento de 8,06%"}]},{"@type":"WebSite","@id":"https:\/\/nk7-testes.com.br\/agazeta\/#website","url":"https:\/\/nk7-testes.com.br\/agazeta\/","name":"Agazeta.net","description":"Agazeta.net - Not\u00edcias de Rio Branco\/AC","potentialAction":[{"@type":"SearchAction","target":{"@type":"EntryPoint","urlTemplate":"https:\/\/nk7-testes.com.br\/agazeta\/?s={search_term_string}"},"query-input":{"@type":"PropertyValueSpecification","valueRequired":true,"valueName":"search_term_string"}}],"inLanguage":"pt-BR"},{"@type":"Person","@id":"https:\/\/nk7-testes.com.br\/agazeta\/#\/schema\/person\/ff6b39d54d6973bfc57f4140f659b23f","name":"Agazeta.Net","url":"https:\/\/nk7-testes.com.br\/agazeta\/author\/agazeta\/"}]}},"_links":{"self":[{"href":"https:\/\/nk7-testes.com.br\/agazeta\/wp-json\/wp\/v2\/posts\/20047","targetHints":{"allow":["GET"]}}],"collection":[{"href":"https:\/\/nk7-testes.com.br\/agazeta\/wp-json\/wp\/v2\/posts"}],"about":[{"href":"https:\/\/nk7-testes.com.br\/agazeta\/wp-json\/wp\/v2\/types\/post"}],"author":[{"embeddable":true,"href":"https:\/\/nk7-testes.com.br\/agazeta\/wp-json\/wp\/v2\/users\/4"}],"replies":[{"embeddable":true,"href":"https:\/\/nk7-testes.com.br\/agazeta\/wp-json\/wp\/v2\/comments?post=20047"}],"version-history":[{"count":0,"href":"https:\/\/nk7-testes.com.br\/agazeta\/wp-json\/wp\/v2\/posts\/20047\/revisions"}],"wp:featuredmedia":[{"embeddable":true,"href":"https:\/\/nk7-testes.com.br\/agazeta\/wp-json\/wp\/v2\/media\/11603"}],"wp:attachment":[{"href":"https:\/\/nk7-testes.com.br\/agazeta\/wp-json\/wp\/v2\/media?parent=20047"}],"wp:term":[{"taxonomy":"category","embeddable":true,"href":"https:\/\/nk7-testes.com.br\/agazeta\/wp-json\/wp\/v2\/categories?post=20047"},{"taxonomy":"post_tag","embeddable":true,"href":"https:\/\/nk7-testes.com.br\/agazeta\/wp-json\/wp\/v2\/tags?post=20047"}],"curies":[{"name":"wp","href":"https:\/\/api.w.org\/{rel}","templated":true}]}}