{"id":20038,"date":"2015-12-07T20:28:37","date_gmt":"2015-12-07T20:28:37","guid":{"rendered":"https:\/\/abarevegan.com.br\/index.php\/2015\/12\/07\/peritos-do-inss-continuam-em-greve\/"},"modified":"2015-12-07T20:28:37","modified_gmt":"2015-12-07T20:28:37","slug":"peritos-do-inss-continuam-em-greve","status":"publish","type":"post","link":"https:\/\/nk7-testes.com.br\/agazeta\/peritos-do-inss-continuam-em-greve\/","title":{"rendered":"Peritos do INSS continuam em greve"},"content":{"rendered":"<p style=\"text-align: justify;\">Greve dos m\u00e9dicos prejudica popula\u00e7\u00e3o<\/p>\n<p style=\"text-align: justify;\">Em greve desde o dia 4 de setembro, ainda n\u00e3o h\u00e1 previs\u00e3o para o retorno das atividades dos peritos m\u00e9dicos do Instituto Nacional do Seguro Social (INSS). De acordo com a assessoria de comunica\u00e7\u00e3o do \u00f3rg\u00e3o, os benefici\u00e1rios est\u00e3o tendo as per\u00edcias reagendadas.<\/p>\n<p style=\"text-align: justify;\">At\u00e9 que se resolva o impasse, e os servidores retornem ao trabalho, o reagendamento \u00e9 a solu\u00e7\u00e3o adotada pelo INSS. O tempo m\u00e9dio de espera para o agendamento de per\u00edcia m\u00e9dica, passou de 20 dias, antes do in\u00edcio da greve, para 61 dias.<\/p>\n<p style=\"text-align: justify;\">O gerente de ag\u00eancia do INSS de Rio Branco, Kennedy Afonso, confirma a falta de perspectiva para o retorno das atividades dos peritos e disse ainda que ap\u00f3s a sinaliza\u00e7\u00e3o do Tribunal Superior do Trabalho (TST) o movimento foi ainda mais fortalecido.<\/p>\n<p style=\"text-align: justify;\">\u201cO que a gente sabe \u00e9 o que \u00e9 repassado pelos m\u00e9dicos. Ap\u00f3s o Supremo ter dito que a associa\u00e7\u00e3o n\u00e3o representa os m\u00e9dicos, o movimento decidiu radicalizar com suspens\u00e3o de cem por cento das atividades\u201d.<\/p>\n<p style=\"text-align: justify;\">At\u00e9 o dia primeiro deste m\u00eas, de acordo com Afonso, havia dois m\u00e9dicos atendendo nas ag\u00eancias dos bairros centro e Bosque, o que representava 30% do efetivo. Agora n\u00e3o h\u00e1 nenhum m\u00e9dico fazendo o atendimento.<\/p>\n<p style=\"text-align: justify;\">Para aqueles que tiveram os benef\u00edcios suspensos por falta de per\u00edcia, a assessoria informou que eles ter\u00e3o o valor ressarcido, assim que as atividades sejam normalizadas e estas pessoas possam fazer a avalia\u00e7\u00e3o m\u00e9dica.<\/p>\n<p style=\"text-align: justify;\">Os m\u00e9dicos peritos est\u00e3o sem reajuste salarial h\u00e1 dois anos e querem 27% de aumento, redu\u00e7\u00e3o da carga semanal de 40 para 30 horas, reestrutura\u00e7\u00e3o da carreira e fim da terceiriza\u00e7\u00e3o. Hoje, a categoria trabalha 40 horas, com sal\u00e1rios entre R$ 11 mil a R$ 16 mil, segundo o INSS.<\/p>\n","protected":false},"excerpt":{"rendered":"<p style=\"text-align: justify;\">Greve dos m\u00e9dicos prejudica popula\u00e7\u00e3o<\/p>\n","protected":false},"author":4,"featured_media":20037,"comment_status":"open","ping_status":"open","sticky":false,"template":"","format":"standard","meta":{"jnews-multi-image_gallery":[],"jnews_single_post":[],"jnews_primary_category":[],"jnews_social_meta":[],"jnews_review":[],"enable_review":"","type":"","name":"","summary":"","brand":"","sku":"","good":[],"bad":[],"score_override":"","override_value":"","rating":[],"price":[],"footnotes":""},"categories":[54],"tags":[],"class_list":["post-20038","post","type-post","status-publish","format-standard","has-post-thumbnail","hentry","category-cotidiano"],"yoast_head":"<!-- This site is optimized with the Yoast SEO plugin v26.5 - https:\/\/yoast.com\/wordpress\/plugins\/seo\/ -->\n<title>Peritos do INSS continuam em greve - Agazeta.net<\/title>\n<meta name=\"robots\" content=\"index, follow, max-snippet:-1, max-image-preview:large, max-video-preview:-1\" \/>\n<link rel=\"canonical\" href=\"https:\/\/nk7-testes.com.br\/agazeta\/peritos-do-inss-continuam-em-greve\/\" \/>\n<meta property=\"og:locale\" content=\"pt_BR\" \/>\n<meta property=\"og:type\" content=\"article\" \/>\n<meta property=\"og:title\" content=\"Peritos do INSS continuam em greve - Agazeta.net\" \/>\n<meta property=\"og:description\" content=\"Greve dos m\u00e9dicos prejudica popula\u00e7\u00e3o\" \/>\n<meta property=\"og:url\" content=\"https:\/\/nk7-testes.com.br\/agazeta\/peritos-do-inss-continuam-em-greve\/\" \/>\n<meta property=\"og:site_name\" content=\"Agazeta.net\" \/>\n<meta property=\"article:published_time\" content=\"2015-12-07T20:28:37+00:00\" \/>\n<meta property=\"og:image\" content=\"https:\/\/nk7-testes.com.br\/agazeta\/wp-content\/uploads\/2015\/12\/080615-cotidiano-inss-correiodaamazonia.jpg\" \/>\n\t<meta property=\"og:image:width\" content=\"458\" \/>\n\t<meta property=\"og:image:height\" content=\"340\" \/>\n\t<meta property=\"og:image:type\" content=\"image\/jpeg\" \/>\n<meta name=\"author\" content=\"Agazeta.Net\" \/>\n<meta name=\"twitter:card\" content=\"summary_large_image\" \/>\n<meta name=\"twitter:label1\" content=\"Escrito por\" \/>\n\t<meta name=\"twitter:data1\" content=\"Agazeta.Net\" \/>\n\t<meta name=\"twitter:label2\" content=\"Est. tempo de leitura\" \/>\n\t<meta name=\"twitter:data2\" content=\"2 minutos\" \/>\n<script type=\"application\/ld+json\" class=\"yoast-schema-graph\">{\"@context\":\"https:\/\/schema.org\",\"@graph\":[{\"@type\":\"WebPage\",\"@id\":\"https:\/\/nk7-testes.com.br\/agazeta\/peritos-do-inss-continuam-em-greve\/\",\"url\":\"https:\/\/nk7-testes.com.br\/agazeta\/peritos-do-inss-continuam-em-greve\/\",\"name\":\"Peritos do INSS continuam em greve - Agazeta.net\",\"isPartOf\":{\"@id\":\"https:\/\/nk7-testes.com.br\/agazeta\/#website\"},\"primaryImageOfPage\":{\"@id\":\"https:\/\/nk7-testes.com.br\/agazeta\/peritos-do-inss-continuam-em-greve\/#primaryimage\"},\"image\":{\"@id\":\"https:\/\/nk7-testes.com.br\/agazeta\/peritos-do-inss-continuam-em-greve\/#primaryimage\"},\"thumbnailUrl\":\"https:\/\/nk7-testes.com.br\/agazeta\/wp-content\/uploads\/2015\/12\/080615-cotidiano-inss-correiodaamazonia.jpg\",\"datePublished\":\"2015-12-07T20:28:37+00:00\",\"author\":{\"@id\":\"https:\/\/nk7-testes.com.br\/agazeta\/#\/schema\/person\/6d6e25cb0435eb4a02fd44d30b4e3020\"},\"breadcrumb\":{\"@id\":\"https:\/\/nk7-testes.com.br\/agazeta\/peritos-do-inss-continuam-em-greve\/#breadcrumb\"},\"inLanguage\":\"pt-BR\",\"potentialAction\":[{\"@type\":\"ReadAction\",\"target\":[\"https:\/\/nk7-testes.com.br\/agazeta\/peritos-do-inss-continuam-em-greve\/\"]}]},{\"@type\":\"ImageObject\",\"inLanguage\":\"pt-BR\",\"@id\":\"https:\/\/nk7-testes.com.br\/agazeta\/peritos-do-inss-continuam-em-greve\/#primaryimage\",\"url\":\"https:\/\/nk7-testes.com.br\/agazeta\/wp-content\/uploads\/2015\/12\/080615-cotidiano-inss-correiodaamazonia.jpg\",\"contentUrl\":\"https:\/\/nk7-testes.com.br\/agazeta\/wp-content\/uploads\/2015\/12\/080615-cotidiano-inss-correiodaamazonia.jpg\",\"width\":458,\"height\":340,\"caption\":\"080615-cotidiano-inss-correiodaamazonia\"},{\"@type\":\"BreadcrumbList\",\"@id\":\"https:\/\/nk7-testes.com.br\/agazeta\/peritos-do-inss-continuam-em-greve\/#breadcrumb\",\"itemListElement\":[{\"@type\":\"ListItem\",\"position\":1,\"name\":\"In\u00edcio\",\"item\":\"https:\/\/nk7-testes.com.br\/agazeta\/\"},{\"@type\":\"ListItem\",\"position\":2,\"name\":\"Peritos do INSS continuam em greve\"}]},{\"@type\":\"WebSite\",\"@id\":\"https:\/\/nk7-testes.com.br\/agazeta\/#website\",\"url\":\"https:\/\/nk7-testes.com.br\/agazeta\/\",\"name\":\"Agazeta.net\",\"description\":\"Agazeta.net - Not\u00edcias de Rio Branco\/AC\",\"potentialAction\":[{\"@type\":\"SearchAction\",\"target\":{\"@type\":\"EntryPoint\",\"urlTemplate\":\"https:\/\/nk7-testes.com.br\/agazeta\/?s={search_term_string}\"},\"query-input\":{\"@type\":\"PropertyValueSpecification\",\"valueRequired\":true,\"valueName\":\"search_term_string\"}}],\"inLanguage\":\"pt-BR\"},{\"@type\":\"Person\",\"@id\":\"https:\/\/nk7-testes.com.br\/agazeta\/#\/schema\/person\/6d6e25cb0435eb4a02fd44d30b4e3020\",\"name\":\"Agazeta.Net\",\"url\":\"https:\/\/nk7-testes.com.br\/agazeta\/author\/agazeta\/\"}]}<\/script>\n<!-- \/ Yoast SEO plugin. -->","yoast_head_json":{"title":"Peritos do INSS continuam em greve - Agazeta.net","robots":{"index":"index","follow":"follow","max-snippet":"max-snippet:-1","max-image-preview":"max-image-preview:large","max-video-preview":"max-video-preview:-1"},"canonical":"https:\/\/nk7-testes.com.br\/agazeta\/peritos-do-inss-continuam-em-greve\/","og_locale":"pt_BR","og_type":"article","og_title":"Peritos do INSS continuam em greve - Agazeta.net","og_description":"Greve dos m\u00e9dicos prejudica popula\u00e7\u00e3o","og_url":"https:\/\/nk7-testes.com.br\/agazeta\/peritos-do-inss-continuam-em-greve\/","og_site_name":"Agazeta.net","article_published_time":"2015-12-07T20:28:37+00:00","og_image":[{"width":458,"height":340,"url":"https:\/\/nk7-testes.com.br\/agazeta\/wp-content\/uploads\/2015\/12\/080615-cotidiano-inss-correiodaamazonia.jpg","type":"image\/jpeg"}],"author":"Agazeta.Net","twitter_card":"summary_large_image","twitter_misc":{"Escrito por":"Agazeta.Net","Est. tempo de leitura":"2 minutos"},"schema":{"@context":"https:\/\/schema.org","@graph":[{"@type":"WebPage","@id":"https:\/\/nk7-testes.com.br\/agazeta\/peritos-do-inss-continuam-em-greve\/","url":"https:\/\/nk7-testes.com.br\/agazeta\/peritos-do-inss-continuam-em-greve\/","name":"Peritos do INSS continuam em greve - Agazeta.net","isPartOf":{"@id":"https:\/\/nk7-testes.com.br\/agazeta\/#website"},"primaryImageOfPage":{"@id":"https:\/\/nk7-testes.com.br\/agazeta\/peritos-do-inss-continuam-em-greve\/#primaryimage"},"image":{"@id":"https:\/\/nk7-testes.com.br\/agazeta\/peritos-do-inss-continuam-em-greve\/#primaryimage"},"thumbnailUrl":"https:\/\/nk7-testes.com.br\/agazeta\/wp-content\/uploads\/2015\/12\/080615-cotidiano-inss-correiodaamazonia.jpg","datePublished":"2015-12-07T20:28:37+00:00","author":{"@id":"https:\/\/nk7-testes.com.br\/agazeta\/#\/schema\/person\/6d6e25cb0435eb4a02fd44d30b4e3020"},"breadcrumb":{"@id":"https:\/\/nk7-testes.com.br\/agazeta\/peritos-do-inss-continuam-em-greve\/#breadcrumb"},"inLanguage":"pt-BR","potentialAction":[{"@type":"ReadAction","target":["https:\/\/nk7-testes.com.br\/agazeta\/peritos-do-inss-continuam-em-greve\/"]}]},{"@type":"ImageObject","inLanguage":"pt-BR","@id":"https:\/\/nk7-testes.com.br\/agazeta\/peritos-do-inss-continuam-em-greve\/#primaryimage","url":"https:\/\/nk7-testes.com.br\/agazeta\/wp-content\/uploads\/2015\/12\/080615-cotidiano-inss-correiodaamazonia.jpg","contentUrl":"https:\/\/nk7-testes.com.br\/agazeta\/wp-content\/uploads\/2015\/12\/080615-cotidiano-inss-correiodaamazonia.jpg","width":458,"height":340,"caption":"080615-cotidiano-inss-correiodaamazonia"},{"@type":"BreadcrumbList","@id":"https:\/\/nk7-testes.com.br\/agazeta\/peritos-do-inss-continuam-em-greve\/#breadcrumb","itemListElement":[{"@type":"ListItem","position":1,"name":"In\u00edcio","item":"https:\/\/nk7-testes.com.br\/agazeta\/"},{"@type":"ListItem","position":2,"name":"Peritos do INSS continuam em greve"}]},{"@type":"WebSite","@id":"https:\/\/nk7-testes.com.br\/agazeta\/#website","url":"https:\/\/nk7-testes.com.br\/agazeta\/","name":"Agazeta.net","description":"Agazeta.net - Not\u00edcias de Rio Branco\/AC","potentialAction":[{"@type":"SearchAction","target":{"@type":"EntryPoint","urlTemplate":"https:\/\/nk7-testes.com.br\/agazeta\/?s={search_term_string}"},"query-input":{"@type":"PropertyValueSpecification","valueRequired":true,"valueName":"search_term_string"}}],"inLanguage":"pt-BR"},{"@type":"Person","@id":"https:\/\/nk7-testes.com.br\/agazeta\/#\/schema\/person\/6d6e25cb0435eb4a02fd44d30b4e3020","name":"Agazeta.Net","url":"https:\/\/nk7-testes.com.br\/agazeta\/author\/agazeta\/"}]}},"_links":{"self":[{"href":"https:\/\/nk7-testes.com.br\/agazeta\/wp-json\/wp\/v2\/posts\/20038","targetHints":{"allow":["GET"]}}],"collection":[{"href":"https:\/\/nk7-testes.com.br\/agazeta\/wp-json\/wp\/v2\/posts"}],"about":[{"href":"https:\/\/nk7-testes.com.br\/agazeta\/wp-json\/wp\/v2\/types\/post"}],"author":[{"embeddable":true,"href":"https:\/\/nk7-testes.com.br\/agazeta\/wp-json\/wp\/v2\/users\/4"}],"replies":[{"embeddable":true,"href":"https:\/\/nk7-testes.com.br\/agazeta\/wp-json\/wp\/v2\/comments?post=20038"}],"version-history":[{"count":0,"href":"https:\/\/nk7-testes.com.br\/agazeta\/wp-json\/wp\/v2\/posts\/20038\/revisions"}],"wp:featuredmedia":[{"embeddable":true,"href":"https:\/\/nk7-testes.com.br\/agazeta\/wp-json\/wp\/v2\/media\/20037"}],"wp:attachment":[{"href":"https:\/\/nk7-testes.com.br\/agazeta\/wp-json\/wp\/v2\/media?parent=20038"}],"wp:term":[{"taxonomy":"category","embeddable":true,"href":"https:\/\/nk7-testes.com.br\/agazeta\/wp-json\/wp\/v2\/categories?post=20038"},{"taxonomy":"post_tag","embeddable":true,"href":"https:\/\/nk7-testes.com.br\/agazeta\/wp-json\/wp\/v2\/tags?post=20038"}],"curies":[{"name":"wp","href":"https:\/\/api.w.org\/{rel}","templated":true}]}}