{"id":20028,"date":"2015-12-07T15:17:04","date_gmt":"2015-12-07T15:17:04","guid":{"rendered":"https:\/\/abarevegan.com.br\/index.php\/2015\/12\/07\/fracassa-mobilizacao-dos-professores\/"},"modified":"2015-12-07T15:17:04","modified_gmt":"2015-12-07T15:17:04","slug":"fracassa-mobilizacao-dos-professores","status":"publish","type":"post","link":"https:\/\/nk7-testes.com.br\/agazeta\/fracassa-mobilizacao-dos-professores\/","title":{"rendered":"Fracassa mobiliza\u00e7\u00e3o dos professores"},"content":{"rendered":"<p style=\"text-align: justify;\">N\u00e3o apareceu nenhum professor na SEE<\/p>\n<p style=\"text-align: justify;\">O Sindicato dos Trabalhadores em Educa\u00e7\u00e3o havia marcado para a manh\u00e3 desta segunda-feira (7) uma manifesta\u00e7\u00e3o em frente ao pr\u00e9dio da Secretaria de Estado de Educa\u00e7\u00e3o para protestar contra a possibilidade de cancelamento de contrato dos professores provis\u00f3rios.<\/p>\n<p style=\"text-align: justify;\">Pelo que est\u00e1 no contrato, a rela\u00e7\u00e3o entre os professores provis\u00f3rios e o Governo do Acre acaba agora neste fim de ano. Em assembleia, os educadores decidiram ajuizar uma a\u00e7\u00e3o para impedir o cancelamento do contrato.<\/p>\n<p style=\"text-align: justify;\">Os professores querem que a Secretaria de Estado de Educa\u00e7\u00e3o reveja esse prazo. A professora e presidente do Sinteac, Rosana Nascimento, em material de divulga\u00e7\u00e3o da assessoria do Sinteac lamentou a medida amarga que penalizar\u00e1 os professores que prestam servi\u00e7o, com base na an\u00e1lise de curr\u00edculo.<\/p>\n<p style=\"text-align: justify;\">\u201cBuscaremos o di\u00e1logo, mas se n\u00e3o houver avan\u00e7o, recorreremos \u00e0 justi\u00e7a para garantir o amparo judicial\u201d, prometeu a sindicalista. \u201cSe o edital do contrato tem vig\u00eancia por 24 meses, n\u00e3o justifica encerr\u00e1-lo antes do prazo contratual que \u00e9 dezembro de 2016\u201d, finalizou a presidente do Sinteac em declara\u00e7\u00e3o \u00e1 assessoria do sindicato.<\/p>\n","protected":false},"excerpt":{"rendered":"<p style=\"text-align: justify;\">N\u00e3o apareceu nenhum professor na SEE<\/p>\n","protected":false},"author":4,"featured_media":12430,"comment_status":"open","ping_status":"open","sticky":false,"template":"","format":"standard","meta":{"jnews-multi-image_gallery":[],"jnews_single_post":[],"jnews_primary_category":[],"jnews_social_meta":[],"jnews_review":[],"enable_review":"","type":"","name":"","summary":"","brand":"","sku":"","good":[],"bad":[],"score_override":"","override_value":"","rating":[],"price":[],"footnotes":""},"categories":[54],"tags":[],"class_list":["post-20028","post","type-post","status-publish","format-standard","has-post-thumbnail","hentry","category-cotidiano"],"yoast_head":"<!-- This site is optimized with the Yoast SEO plugin v26.5 - https:\/\/yoast.com\/wordpress\/plugins\/seo\/ -->\n<title>Fracassa mobiliza\u00e7\u00e3o dos professores - Agazeta.net<\/title>\n<meta name=\"robots\" content=\"index, follow, max-snippet:-1, max-image-preview:large, max-video-preview:-1\" \/>\n<link rel=\"canonical\" href=\"https:\/\/nk7-testes.com.br\/agazeta\/fracassa-mobilizacao-dos-professores\/\" \/>\n<meta property=\"og:locale\" content=\"pt_BR\" \/>\n<meta property=\"og:type\" content=\"article\" \/>\n<meta property=\"og:title\" content=\"Fracassa mobiliza\u00e7\u00e3o dos professores - Agazeta.net\" \/>\n<meta property=\"og:description\" content=\"N\u00e3o apareceu nenhum professor na SEE\" \/>\n<meta property=\"og:url\" content=\"https:\/\/nk7-testes.com.br\/agazeta\/fracassa-mobilizacao-dos-professores\/\" \/>\n<meta property=\"og:site_name\" content=\"Agazeta.net\" \/>\n<meta property=\"article:published_time\" content=\"2015-12-07T15:17:04+00:00\" \/>\n<meta property=\"og:image\" content=\"https:\/\/nk7-testes.com.br\/agazeta\/wp-content\/uploads\/2015\/01\/050115-cotidiano-see-tvgazeta.jpg\" \/>\n\t<meta property=\"og:image:width\" content=\"458\" \/>\n\t<meta property=\"og:image:height\" content=\"340\" \/>\n\t<meta property=\"og:image:type\" content=\"image\/jpeg\" \/>\n<meta name=\"author\" content=\"Agazeta.Net\" \/>\n<meta name=\"twitter:card\" content=\"summary_large_image\" \/>\n<meta name=\"twitter:label1\" content=\"Escrito por\" \/>\n\t<meta name=\"twitter:data1\" content=\"Agazeta.Net\" \/>\n\t<meta name=\"twitter:label2\" content=\"Est. tempo de leitura\" \/>\n\t<meta name=\"twitter:data2\" content=\"1 minuto\" \/>\n<script type=\"application\/ld+json\" class=\"yoast-schema-graph\">{\"@context\":\"https:\/\/schema.org\",\"@graph\":[{\"@type\":\"WebPage\",\"@id\":\"https:\/\/nk7-testes.com.br\/agazeta\/fracassa-mobilizacao-dos-professores\/\",\"url\":\"https:\/\/nk7-testes.com.br\/agazeta\/fracassa-mobilizacao-dos-professores\/\",\"name\":\"Fracassa mobiliza\u00e7\u00e3o dos professores - Agazeta.net\",\"isPartOf\":{\"@id\":\"https:\/\/nk7-testes.com.br\/agazeta\/#website\"},\"primaryImageOfPage\":{\"@id\":\"https:\/\/nk7-testes.com.br\/agazeta\/fracassa-mobilizacao-dos-professores\/#primaryimage\"},\"image\":{\"@id\":\"https:\/\/nk7-testes.com.br\/agazeta\/fracassa-mobilizacao-dos-professores\/#primaryimage\"},\"thumbnailUrl\":\"https:\/\/nk7-testes.com.br\/agazeta\/wp-content\/uploads\/2015\/01\/050115-cotidiano-see-tvgazeta.jpg\",\"datePublished\":\"2015-12-07T15:17:04+00:00\",\"author\":{\"@id\":\"https:\/\/nk7-testes.com.br\/agazeta\/#\/schema\/person\/6d6e25cb0435eb4a02fd44d30b4e3020\"},\"breadcrumb\":{\"@id\":\"https:\/\/nk7-testes.com.br\/agazeta\/fracassa-mobilizacao-dos-professores\/#breadcrumb\"},\"inLanguage\":\"pt-BR\",\"potentialAction\":[{\"@type\":\"ReadAction\",\"target\":[\"https:\/\/nk7-testes.com.br\/agazeta\/fracassa-mobilizacao-dos-professores\/\"]}]},{\"@type\":\"ImageObject\",\"inLanguage\":\"pt-BR\",\"@id\":\"https:\/\/nk7-testes.com.br\/agazeta\/fracassa-mobilizacao-dos-professores\/#primaryimage\",\"url\":\"https:\/\/nk7-testes.com.br\/agazeta\/wp-content\/uploads\/2015\/01\/050115-cotidiano-see-tvgazeta.jpg\",\"contentUrl\":\"https:\/\/nk7-testes.com.br\/agazeta\/wp-content\/uploads\/2015\/01\/050115-cotidiano-see-tvgazeta.jpg\",\"width\":458,\"height\":340,\"caption\":\"050115-cotidiano-see-tvgazeta\"},{\"@type\":\"BreadcrumbList\",\"@id\":\"https:\/\/nk7-testes.com.br\/agazeta\/fracassa-mobilizacao-dos-professores\/#breadcrumb\",\"itemListElement\":[{\"@type\":\"ListItem\",\"position\":1,\"name\":\"In\u00edcio\",\"item\":\"https:\/\/nk7-testes.com.br\/agazeta\/\"},{\"@type\":\"ListItem\",\"position\":2,\"name\":\"Fracassa mobiliza\u00e7\u00e3o dos professores\"}]},{\"@type\":\"WebSite\",\"@id\":\"https:\/\/nk7-testes.com.br\/agazeta\/#website\",\"url\":\"https:\/\/nk7-testes.com.br\/agazeta\/\",\"name\":\"Agazeta.net\",\"description\":\"Agazeta.net - Not\u00edcias de Rio Branco\/AC\",\"potentialAction\":[{\"@type\":\"SearchAction\",\"target\":{\"@type\":\"EntryPoint\",\"urlTemplate\":\"https:\/\/nk7-testes.com.br\/agazeta\/?s={search_term_string}\"},\"query-input\":{\"@type\":\"PropertyValueSpecification\",\"valueRequired\":true,\"valueName\":\"search_term_string\"}}],\"inLanguage\":\"pt-BR\"},{\"@type\":\"Person\",\"@id\":\"https:\/\/nk7-testes.com.br\/agazeta\/#\/schema\/person\/6d6e25cb0435eb4a02fd44d30b4e3020\",\"name\":\"Agazeta.Net\",\"url\":\"https:\/\/nk7-testes.com.br\/agazeta\/author\/agazeta\/\"}]}<\/script>\n<!-- \/ Yoast SEO plugin. -->","yoast_head_json":{"title":"Fracassa mobiliza\u00e7\u00e3o dos professores - Agazeta.net","robots":{"index":"index","follow":"follow","max-snippet":"max-snippet:-1","max-image-preview":"max-image-preview:large","max-video-preview":"max-video-preview:-1"},"canonical":"https:\/\/nk7-testes.com.br\/agazeta\/fracassa-mobilizacao-dos-professores\/","og_locale":"pt_BR","og_type":"article","og_title":"Fracassa mobiliza\u00e7\u00e3o dos professores - Agazeta.net","og_description":"N\u00e3o apareceu nenhum professor na SEE","og_url":"https:\/\/nk7-testes.com.br\/agazeta\/fracassa-mobilizacao-dos-professores\/","og_site_name":"Agazeta.net","article_published_time":"2015-12-07T15:17:04+00:00","og_image":[{"width":458,"height":340,"url":"https:\/\/nk7-testes.com.br\/agazeta\/wp-content\/uploads\/2015\/01\/050115-cotidiano-see-tvgazeta.jpg","type":"image\/jpeg"}],"author":"Agazeta.Net","twitter_card":"summary_large_image","twitter_misc":{"Escrito por":"Agazeta.Net","Est. tempo de leitura":"1 minuto"},"schema":{"@context":"https:\/\/schema.org","@graph":[{"@type":"WebPage","@id":"https:\/\/nk7-testes.com.br\/agazeta\/fracassa-mobilizacao-dos-professores\/","url":"https:\/\/nk7-testes.com.br\/agazeta\/fracassa-mobilizacao-dos-professores\/","name":"Fracassa mobiliza\u00e7\u00e3o dos professores - Agazeta.net","isPartOf":{"@id":"https:\/\/nk7-testes.com.br\/agazeta\/#website"},"primaryImageOfPage":{"@id":"https:\/\/nk7-testes.com.br\/agazeta\/fracassa-mobilizacao-dos-professores\/#primaryimage"},"image":{"@id":"https:\/\/nk7-testes.com.br\/agazeta\/fracassa-mobilizacao-dos-professores\/#primaryimage"},"thumbnailUrl":"https:\/\/nk7-testes.com.br\/agazeta\/wp-content\/uploads\/2015\/01\/050115-cotidiano-see-tvgazeta.jpg","datePublished":"2015-12-07T15:17:04+00:00","author":{"@id":"https:\/\/nk7-testes.com.br\/agazeta\/#\/schema\/person\/6d6e25cb0435eb4a02fd44d30b4e3020"},"breadcrumb":{"@id":"https:\/\/nk7-testes.com.br\/agazeta\/fracassa-mobilizacao-dos-professores\/#breadcrumb"},"inLanguage":"pt-BR","potentialAction":[{"@type":"ReadAction","target":["https:\/\/nk7-testes.com.br\/agazeta\/fracassa-mobilizacao-dos-professores\/"]}]},{"@type":"ImageObject","inLanguage":"pt-BR","@id":"https:\/\/nk7-testes.com.br\/agazeta\/fracassa-mobilizacao-dos-professores\/#primaryimage","url":"https:\/\/nk7-testes.com.br\/agazeta\/wp-content\/uploads\/2015\/01\/050115-cotidiano-see-tvgazeta.jpg","contentUrl":"https:\/\/nk7-testes.com.br\/agazeta\/wp-content\/uploads\/2015\/01\/050115-cotidiano-see-tvgazeta.jpg","width":458,"height":340,"caption":"050115-cotidiano-see-tvgazeta"},{"@type":"BreadcrumbList","@id":"https:\/\/nk7-testes.com.br\/agazeta\/fracassa-mobilizacao-dos-professores\/#breadcrumb","itemListElement":[{"@type":"ListItem","position":1,"name":"In\u00edcio","item":"https:\/\/nk7-testes.com.br\/agazeta\/"},{"@type":"ListItem","position":2,"name":"Fracassa mobiliza\u00e7\u00e3o dos professores"}]},{"@type":"WebSite","@id":"https:\/\/nk7-testes.com.br\/agazeta\/#website","url":"https:\/\/nk7-testes.com.br\/agazeta\/","name":"Agazeta.net","description":"Agazeta.net - Not\u00edcias de Rio Branco\/AC","potentialAction":[{"@type":"SearchAction","target":{"@type":"EntryPoint","urlTemplate":"https:\/\/nk7-testes.com.br\/agazeta\/?s={search_term_string}"},"query-input":{"@type":"PropertyValueSpecification","valueRequired":true,"valueName":"search_term_string"}}],"inLanguage":"pt-BR"},{"@type":"Person","@id":"https:\/\/nk7-testes.com.br\/agazeta\/#\/schema\/person\/6d6e25cb0435eb4a02fd44d30b4e3020","name":"Agazeta.Net","url":"https:\/\/nk7-testes.com.br\/agazeta\/author\/agazeta\/"}]}},"_links":{"self":[{"href":"https:\/\/nk7-testes.com.br\/agazeta\/wp-json\/wp\/v2\/posts\/20028","targetHints":{"allow":["GET"]}}],"collection":[{"href":"https:\/\/nk7-testes.com.br\/agazeta\/wp-json\/wp\/v2\/posts"}],"about":[{"href":"https:\/\/nk7-testes.com.br\/agazeta\/wp-json\/wp\/v2\/types\/post"}],"author":[{"embeddable":true,"href":"https:\/\/nk7-testes.com.br\/agazeta\/wp-json\/wp\/v2\/users\/4"}],"replies":[{"embeddable":true,"href":"https:\/\/nk7-testes.com.br\/agazeta\/wp-json\/wp\/v2\/comments?post=20028"}],"version-history":[{"count":0,"href":"https:\/\/nk7-testes.com.br\/agazeta\/wp-json\/wp\/v2\/posts\/20028\/revisions"}],"wp:featuredmedia":[{"embeddable":true,"href":"https:\/\/nk7-testes.com.br\/agazeta\/wp-json\/wp\/v2\/media\/12430"}],"wp:attachment":[{"href":"https:\/\/nk7-testes.com.br\/agazeta\/wp-json\/wp\/v2\/media?parent=20028"}],"wp:term":[{"taxonomy":"category","embeddable":true,"href":"https:\/\/nk7-testes.com.br\/agazeta\/wp-json\/wp\/v2\/categories?post=20028"},{"taxonomy":"post_tag","embeddable":true,"href":"https:\/\/nk7-testes.com.br\/agazeta\/wp-json\/wp\/v2\/tags?post=20028"}],"curies":[{"name":"wp","href":"https:\/\/api.w.org\/{rel}","templated":true}]}}