{"id":19991,"date":"2015-12-03T22:00:53","date_gmt":"2015-12-03T22:00:53","guid":{"rendered":"https:\/\/abarevegan.com.br\/index.php\/2015\/12\/03\/presidente-do-crc-acusado-de-desvio-de-dinheiro-publico\/"},"modified":"2015-12-03T22:00:53","modified_gmt":"2015-12-03T22:00:53","slug":"presidente-do-crc-acusado-de-desvio-de-dinheiro-publico","status":"publish","type":"post","link":"https:\/\/nk7-testes.com.br\/agazeta\/presidente-do-crc-acusado-de-desvio-de-dinheiro-publico\/","title":{"rendered":"Presidente do CRC acusado de desvio de dinheiro p\u00fablico"},"content":{"rendered":"<p style=\"text-align: justify;\">Den\u00fancia in\u00e9dita em 20 anos da autarquia federal<\/p>\n<p style=\"text-align: justify;\">O atual presidente do Conselho Regional de Contabilidade, Marcelo do Nascimento Fran\u00e7a, \u00e9 acusado de desviar R$ 5,9 mil da autarquia federal para a realiza\u00e7\u00e3o de uma festa de confraterniza\u00e7\u00e3o.<\/p>\n<p style=\"text-align: justify;\">O esquema serviu para beneficiar uma empresa de eventos ap\u00f3s participa\u00e7\u00e3o de licita\u00e7\u00e3o (modelo carta-convite). &#8220;Era uma licita\u00e7\u00e3o de carta marcada e superfaturada\u201d, segundo constatou um conselheiro que produziu um pequeno dossi\u00ea explicando como funcionou o sistema de desvio.<\/p>\n<p style=\"text-align: justify;\">Aos poucos, a irregularidade foi sendo identificada por pessoas chave dentro da autarquia federal: era necess\u00e1rio blindar o esquema. A contadora concursada do CRC, Cristiane Borges, identificou o problema e fez o que deveria ter feito: apresentou a situa\u00e7\u00e3o para a Chefia do Controle Interno e tamb\u00e9m para a diretora da autarquia.<\/p>\n<p style=\"text-align: justify;\">\u201cA pessoa respons\u00e1vel pelo Controle at\u00e9 tentou argumentar que aquilo n\u00e3o estava correto, mas o presidente pressionou de tal forma que o chefe do Controle Interno pediu para sair\u201d, lembra Borges.<\/p>\n<p style=\"text-align: justify;\">O Minist\u00e9rio P\u00fablico Federal e o Conselho Federal de Contabilidade foram informados do desvio de dinheiro p\u00fablico praticado no CRC\/AC ano passado. \u201cQuando o MPF enviou o of\u00edcio solicitando informa\u00e7\u00f5es, a dire\u00e7\u00e3o me afastou por 30 dias e quando eu retornei me colocaram no setor de Fiscaliza\u00e7\u00e3o\u201d, indigna-se a contadora Cristiane que n\u00e3o se identificava com a nova fun\u00e7\u00e3o. \u201cN\u00e3o havia mais clima para continuar ali\u201d. Cristiane Borges pediu para sair do CRC\/AC em mar\u00e7o deste ano.<\/p>\n<p style=\"text-align: justify;\">Sentindo-se injusti\u00e7ada, Borges formalizou uma a\u00e7\u00e3o na Justi\u00e7a do Trabalho. Foi justamente em uma audi\u00eancia, conduzida pela ju\u00edza Jamille Carvalho Ribeiro Pires, que o esquema foi evidenciado. E pela boca de quem menos se esperava: o pr\u00f3prio presidente do Conselho Regional de Contabilidade do Acre, Marcelo Fran\u00e7a.<\/p>\n<p style=\"text-align: justify;\">\u201cEle caiu em contradi\u00e7\u00e3o no depoimento \u00e0 ju\u00edza\u201d, pontua o conselheiro denunciante. De fato, em declara\u00e7\u00e3o feita em ju\u00edzo, Fran\u00e7a \u201cn\u00e3o soube informar porque o valor do servi\u00e7o contratado com a empresa foi em parte depositado na conta da sua filha\u201d.<\/p>\n<p style=\"text-align: justify;\"><strong>O ESQUEMA<\/strong><\/p>\n<p style=\"text-align: justify;\"><strong>1)<\/strong> A licita\u00e7\u00e3o modelo carta-convite, de acordo com a den\u00fancia, j\u00e1 tinha vencedor escolhido por Marcelo Fran\u00e7a;<\/p>\n<p style=\"text-align: justify;\"><strong>2)<\/strong> Das tr\u00eas cota\u00e7\u00f5es de pre\u00e7os feitas, o n\u00famero de convidados para a confraterniza\u00e7\u00e3o variava, ficando o pre\u00e7o mais baixo com a empresa que interessava ao conselheiro-presidente;<\/p>\n<p style=\"text-align: justify;\"><strong>3)<\/strong> Em e-mail trocado entre a empresa e a diretora do CRC, Isabella Cristina Melo da Silva, fica evidenciado o esquema, incluindo a informa\u00e7\u00e3o do dep\u00f3sito de parte do dinheiro na conta da filha de Marcelo Fran\u00e7a.<\/p>\n<p style=\"text-align: justify;\"><strong>Marcelo Fran\u00e7a n\u00e3o quis se pronunciar<\/strong><\/p>\n<p style=\"text-align: justify;\">O conselheiro-presidente do Conselho Regional de Contabilidade foi procurado para expor a vers\u00e3o dos fatos, segundo a \u00f3tica da diretoria. Alegou que esse assunto j\u00e1 tinha lhe rendido muitos dissabores e que n\u00e3o gostaria de tratar do problema, inclusive por quest\u00f5es pessoais (um familiar doente).<\/p>\n<p style=\"text-align: justify;\">Deixou toda a responsabilidade de responder ao problema \u00e0 assessoria de imprensa <em>(ver nota)<\/em>. Em Nota de Esclarecimento, o principal argumento da assessoria guarda rela\u00e7\u00e3o com a auditoria do Tribunal de Contas da Uni\u00e3o que aprovou as contas de Marcelo Fran\u00e7a.<br \/>\u201cOcorre que a auditoria do TCU \u00e9 feita por amostragem\u201d, detalha o conselheiro-denunciante. \u201cO TCU n\u00e3o analisa tudo. Ficam coisas sem ser observadas. Uma delas est\u00e1 sendo exposta aqui\u201d.<\/p>\n<p style=\"text-align: justify;\"><strong>Conselho Federal_<\/strong> O Conselho Federal de Contabilidade tamb\u00e9m foi procurado pela reporgagem de <strong>A Gazeta.Net<\/strong>. Era preciso saber quais provid\u00eancias o CFC tomaria a partir das den\u00fancias de desvio de dinheiro no CRC\/AC.<\/p>\n<p style=\"text-align: justify;\">A reportagem esperou por dois dias. O contato da assessoria de imprensa do CFC, diante da solicita\u00e7\u00e3o feita, foi realizada por telefone. A assessora se comprometeu a retornar com informa\u00e7\u00f5es. O que n\u00e3o aconteceu at\u00e9 esta quinta-feira.<\/p>\n<p style=\"text-align: justify;\">&#8220;Essa \u00e9 uma situa\u00e7\u00e3o in\u00e9dita no Conselho Regional em mais de 20 anos de atua\u00e7\u00e3o no Acre e justamente no momento t\u00e3o importante para a classe de contabilistas. Mas, \u00e9 preciso cortar na carne, por menor que seja a quantidade de dinheiro. \u00c9 preciso trabalhar dentro daquilo que \u00e9 correto, sobretudo quando o que est\u00e1 em jogo \u00e9 dinheiro p\u00fablico&#8221;, diz o conselheiro.<\/p>\n<p style=\"text-align: justify;\"><strong>Plen\u00e1ria adiada_<\/strong> Nesta quinta-feira (3), haveria a \u00faltima plen\u00e1ria do ano. Seria a \u00faltima plen\u00e1ria de Marcelo Fran\u00e7a como conselheiro-presidente do CRC\/AC. Ao ser informada a respeito da reportagem de AGazeta.Net, a diretoria adiou a plen\u00e1ria para o dia 17 de dezembro.&nbsp;Essa plen\u00e1ria promete ter um clima bem diferente dos outros 11 encontros do ano.<\/p>\n<p style=\"text-align: justify;\"><strong>Nota de Esclarecimento<\/strong><\/p>\n<p style=\"text-align: justify;\"><em>Conselho Regional de Contabilidade\/AC<\/em><\/p>\n<p style=\"text-align: justify;\">O Conselho Regional de Contabilidade do Acre (CRC\/AC), por meio da assessoria de imprensa, informa que a presta\u00e7\u00e3o de contas de 2014 foi aprovada pelo Tribunal de Contas da Uni\u00e3o (TCU). A gest\u00e3o da autarquia \u00e9 fiscalizada anualmente por meio do Conselho Federal de Contabilidade (CFC) que possui a pr\u00e1tica de realizar duas auditorias e ainda exige o trabalho de auditoria por meio de uma empresa independente.<\/p>\n<p style=\"text-align: justify;\">A institui\u00e7\u00e3o tamb\u00e9m teve as contas submetidas ao setor de contabilidade, ao setor de controladoria, \u00e0 c\u00e2mara de controle interno (composta por tr\u00eas conselheiros), tendo sido aprovadas pelo plen\u00e1rio composto por todos os nove conselheiros. As contas ainda passaram pelo controle interno do CFC.<\/p>\n<p style=\"text-align: justify;\">O CRC realiza essa explicativa em decorr\u00eancia de uma den\u00fancia realizada no Conselho Federal e no Minist\u00e9rio P\u00fablico Federal (MPF), em novembro do ano de 2014, ou seja, com foco naquele ano e que acabou passando por todas as exig\u00eancias necess\u00e1rias, comprovando a regularidade de todos os atos do gestor, o conselheiro-presidente Marcelo Fran\u00e7a.<\/p>\n<p style=\"text-align: justify;\">Ap\u00f3s um ano, n\u00e3o houve abertura de processo judicial ou a den\u00fancia a Justi\u00e7a contra o gestor que teve todas as presta\u00e7\u00f5es de contas de anos anteriores aprovadas. \u00c9 poss\u00edvel verificar a regularidade no site do TCU, onde est\u00e3o publicados os pareceres de forma transparente.<\/p>\n<p style=\"text-align: justify;\">Nos 22 anos de trabalho como servidor p\u00fablico e em todos os mandatos, Marcelo Fran\u00e7a jamais foi processado ou condenado em decorr\u00eancia da atua\u00e7\u00e3o dele como gestor.<\/p>\n<p style=\"text-align: justify;\">O CRC\/AC defende a legitimidade dos \u00f3rg\u00e3os de fiscaliza\u00e7\u00e3o que t\u00eam toda a autonomia de realizar questionamentos e realizar a abertura de procedimentos necess\u00e1rios para averiguar poss\u00edveis reclama\u00e7\u00f5es ou den\u00fancias. O profissional da contabilidade e o cidad\u00e3o comum tamb\u00e9m pode ter acesso a todos os dados e informa\u00e7\u00f5es do Conselho.<\/p>\n<p style=\"text-align: justify;\"><strong><em>Assessoria de imprensa do CRC\/AC<\/em><\/strong><\/p>\n","protected":false},"excerpt":{"rendered":"<p style=\"text-align: justify;\">Den\u00fancia in\u00e9dita em 20 anos da autarquia federal<\/p>\n","protected":false},"author":4,"featured_media":19990,"comment_status":"open","ping_status":"open","sticky":false,"template":"","format":"standard","meta":{"jnews-multi-image_gallery":[],"jnews_single_post":[],"jnews_primary_category":[],"jnews_social_meta":[],"jnews_review":[],"enable_review":"","type":"","name":"","summary":"","brand":"","sku":"","good":[],"bad":[],"score_override":"","override_value":"","rating":[],"price":[],"footnotes":""},"categories":[54],"tags":[],"class_list":["post-19991","post","type-post","status-publish","format-standard","has-post-thumbnail","hentry","category-cotidiano"],"yoast_head":"<!-- This site is optimized with the Yoast SEO plugin v26.5 - https:\/\/yoast.com\/wordpress\/plugins\/seo\/ -->\n<title>Presidente do CRC acusado de desvio de dinheiro p\u00fablico - Agazeta.net<\/title>\n<meta name=\"robots\" content=\"index, follow, max-snippet:-1, max-image-preview:large, max-video-preview:-1\" \/>\n<link rel=\"canonical\" href=\"https:\/\/nk7-testes.com.br\/agazeta\/presidente-do-crc-acusado-de-desvio-de-dinheiro-publico\/\" \/>\n<meta property=\"og:locale\" content=\"pt_BR\" \/>\n<meta property=\"og:type\" content=\"article\" \/>\n<meta property=\"og:title\" content=\"Presidente do CRC acusado de desvio de dinheiro p\u00fablico - Agazeta.net\" \/>\n<meta property=\"og:description\" content=\"Den\u00fancia in\u00e9dita em 20 anos da autarquia federal\" \/>\n<meta property=\"og:url\" content=\"https:\/\/nk7-testes.com.br\/agazeta\/presidente-do-crc-acusado-de-desvio-de-dinheiro-publico\/\" \/>\n<meta property=\"og:site_name\" content=\"Agazeta.net\" \/>\n<meta property=\"article:published_time\" content=\"2015-12-03T22:00:53+00:00\" \/>\n<meta property=\"og:image\" content=\"https:\/\/nk7-testes.com.br\/agazeta\/wp-content\/uploads\/2015\/12\/031215-cotidiano-crc-cleriston.jpg\" \/>\n\t<meta property=\"og:image:width\" content=\"458\" \/>\n\t<meta property=\"og:image:height\" content=\"340\" \/>\n\t<meta property=\"og:image:type\" content=\"image\/jpeg\" \/>\n<meta name=\"author\" content=\"Agazeta.Net\" \/>\n<meta name=\"twitter:card\" content=\"summary_large_image\" \/>\n<meta name=\"twitter:label1\" content=\"Escrito por\" \/>\n\t<meta name=\"twitter:data1\" content=\"Agazeta.Net\" \/>\n\t<meta name=\"twitter:label2\" content=\"Est. tempo de leitura\" \/>\n\t<meta name=\"twitter:data2\" content=\"6 minutos\" \/>\n<script type=\"application\/ld+json\" class=\"yoast-schema-graph\">{\"@context\":\"https:\/\/schema.org\",\"@graph\":[{\"@type\":\"WebPage\",\"@id\":\"https:\/\/nk7-testes.com.br\/agazeta\/presidente-do-crc-acusado-de-desvio-de-dinheiro-publico\/\",\"url\":\"https:\/\/nk7-testes.com.br\/agazeta\/presidente-do-crc-acusado-de-desvio-de-dinheiro-publico\/\",\"name\":\"Presidente do CRC acusado de desvio de dinheiro p\u00fablico - Agazeta.net\",\"isPartOf\":{\"@id\":\"https:\/\/nk7-testes.com.br\/agazeta\/#website\"},\"primaryImageOfPage\":{\"@id\":\"https:\/\/nk7-testes.com.br\/agazeta\/presidente-do-crc-acusado-de-desvio-de-dinheiro-publico\/#primaryimage\"},\"image\":{\"@id\":\"https:\/\/nk7-testes.com.br\/agazeta\/presidente-do-crc-acusado-de-desvio-de-dinheiro-publico\/#primaryimage\"},\"thumbnailUrl\":\"https:\/\/nk7-testes.com.br\/agazeta\/wp-content\/uploads\/2015\/12\/031215-cotidiano-crc-cleriston.jpg\",\"datePublished\":\"2015-12-03T22:00:53+00:00\",\"author\":{\"@id\":\"https:\/\/nk7-testes.com.br\/agazeta\/#\/schema\/person\/6d6e25cb0435eb4a02fd44d30b4e3020\"},\"breadcrumb\":{\"@id\":\"https:\/\/nk7-testes.com.br\/agazeta\/presidente-do-crc-acusado-de-desvio-de-dinheiro-publico\/#breadcrumb\"},\"inLanguage\":\"pt-BR\",\"potentialAction\":[{\"@type\":\"ReadAction\",\"target\":[\"https:\/\/nk7-testes.com.br\/agazeta\/presidente-do-crc-acusado-de-desvio-de-dinheiro-publico\/\"]}]},{\"@type\":\"ImageObject\",\"inLanguage\":\"pt-BR\",\"@id\":\"https:\/\/nk7-testes.com.br\/agazeta\/presidente-do-crc-acusado-de-desvio-de-dinheiro-publico\/#primaryimage\",\"url\":\"https:\/\/nk7-testes.com.br\/agazeta\/wp-content\/uploads\/2015\/12\/031215-cotidiano-crc-cleriston.jpg\",\"contentUrl\":\"https:\/\/nk7-testes.com.br\/agazeta\/wp-content\/uploads\/2015\/12\/031215-cotidiano-crc-cleriston.jpg\",\"width\":458,\"height\":340,\"caption\":\"031215-cotidiano-crc-cleriston\"},{\"@type\":\"BreadcrumbList\",\"@id\":\"https:\/\/nk7-testes.com.br\/agazeta\/presidente-do-crc-acusado-de-desvio-de-dinheiro-publico\/#breadcrumb\",\"itemListElement\":[{\"@type\":\"ListItem\",\"position\":1,\"name\":\"In\u00edcio\",\"item\":\"https:\/\/nk7-testes.com.br\/agazeta\/\"},{\"@type\":\"ListItem\",\"position\":2,\"name\":\"Presidente do CRC acusado de desvio de dinheiro p\u00fablico\"}]},{\"@type\":\"WebSite\",\"@id\":\"https:\/\/nk7-testes.com.br\/agazeta\/#website\",\"url\":\"https:\/\/nk7-testes.com.br\/agazeta\/\",\"name\":\"Agazeta.net\",\"description\":\"Agazeta.net - Not\u00edcias de Rio Branco\/AC\",\"potentialAction\":[{\"@type\":\"SearchAction\",\"target\":{\"@type\":\"EntryPoint\",\"urlTemplate\":\"https:\/\/nk7-testes.com.br\/agazeta\/?s={search_term_string}\"},\"query-input\":{\"@type\":\"PropertyValueSpecification\",\"valueRequired\":true,\"valueName\":\"search_term_string\"}}],\"inLanguage\":\"pt-BR\"},{\"@type\":\"Person\",\"@id\":\"https:\/\/nk7-testes.com.br\/agazeta\/#\/schema\/person\/6d6e25cb0435eb4a02fd44d30b4e3020\",\"name\":\"Agazeta.Net\",\"url\":\"https:\/\/nk7-testes.com.br\/agazeta\/author\/agazeta\/\"}]}<\/script>\n<!-- \/ Yoast SEO plugin. -->","yoast_head_json":{"title":"Presidente do CRC acusado de desvio de dinheiro p\u00fablico - Agazeta.net","robots":{"index":"index","follow":"follow","max-snippet":"max-snippet:-1","max-image-preview":"max-image-preview:large","max-video-preview":"max-video-preview:-1"},"canonical":"https:\/\/nk7-testes.com.br\/agazeta\/presidente-do-crc-acusado-de-desvio-de-dinheiro-publico\/","og_locale":"pt_BR","og_type":"article","og_title":"Presidente do CRC acusado de desvio de dinheiro p\u00fablico - Agazeta.net","og_description":"Den\u00fancia in\u00e9dita em 20 anos da autarquia federal","og_url":"https:\/\/nk7-testes.com.br\/agazeta\/presidente-do-crc-acusado-de-desvio-de-dinheiro-publico\/","og_site_name":"Agazeta.net","article_published_time":"2015-12-03T22:00:53+00:00","og_image":[{"width":458,"height":340,"url":"https:\/\/nk7-testes.com.br\/agazeta\/wp-content\/uploads\/2015\/12\/031215-cotidiano-crc-cleriston.jpg","type":"image\/jpeg"}],"author":"Agazeta.Net","twitter_card":"summary_large_image","twitter_misc":{"Escrito por":"Agazeta.Net","Est. tempo de leitura":"6 minutos"},"schema":{"@context":"https:\/\/schema.org","@graph":[{"@type":"WebPage","@id":"https:\/\/nk7-testes.com.br\/agazeta\/presidente-do-crc-acusado-de-desvio-de-dinheiro-publico\/","url":"https:\/\/nk7-testes.com.br\/agazeta\/presidente-do-crc-acusado-de-desvio-de-dinheiro-publico\/","name":"Presidente do CRC acusado de desvio de dinheiro p\u00fablico - Agazeta.net","isPartOf":{"@id":"https:\/\/nk7-testes.com.br\/agazeta\/#website"},"primaryImageOfPage":{"@id":"https:\/\/nk7-testes.com.br\/agazeta\/presidente-do-crc-acusado-de-desvio-de-dinheiro-publico\/#primaryimage"},"image":{"@id":"https:\/\/nk7-testes.com.br\/agazeta\/presidente-do-crc-acusado-de-desvio-de-dinheiro-publico\/#primaryimage"},"thumbnailUrl":"https:\/\/nk7-testes.com.br\/agazeta\/wp-content\/uploads\/2015\/12\/031215-cotidiano-crc-cleriston.jpg","datePublished":"2015-12-03T22:00:53+00:00","author":{"@id":"https:\/\/nk7-testes.com.br\/agazeta\/#\/schema\/person\/6d6e25cb0435eb4a02fd44d30b4e3020"},"breadcrumb":{"@id":"https:\/\/nk7-testes.com.br\/agazeta\/presidente-do-crc-acusado-de-desvio-de-dinheiro-publico\/#breadcrumb"},"inLanguage":"pt-BR","potentialAction":[{"@type":"ReadAction","target":["https:\/\/nk7-testes.com.br\/agazeta\/presidente-do-crc-acusado-de-desvio-de-dinheiro-publico\/"]}]},{"@type":"ImageObject","inLanguage":"pt-BR","@id":"https:\/\/nk7-testes.com.br\/agazeta\/presidente-do-crc-acusado-de-desvio-de-dinheiro-publico\/#primaryimage","url":"https:\/\/nk7-testes.com.br\/agazeta\/wp-content\/uploads\/2015\/12\/031215-cotidiano-crc-cleriston.jpg","contentUrl":"https:\/\/nk7-testes.com.br\/agazeta\/wp-content\/uploads\/2015\/12\/031215-cotidiano-crc-cleriston.jpg","width":458,"height":340,"caption":"031215-cotidiano-crc-cleriston"},{"@type":"BreadcrumbList","@id":"https:\/\/nk7-testes.com.br\/agazeta\/presidente-do-crc-acusado-de-desvio-de-dinheiro-publico\/#breadcrumb","itemListElement":[{"@type":"ListItem","position":1,"name":"In\u00edcio","item":"https:\/\/nk7-testes.com.br\/agazeta\/"},{"@type":"ListItem","position":2,"name":"Presidente do CRC acusado de desvio de dinheiro p\u00fablico"}]},{"@type":"WebSite","@id":"https:\/\/nk7-testes.com.br\/agazeta\/#website","url":"https:\/\/nk7-testes.com.br\/agazeta\/","name":"Agazeta.net","description":"Agazeta.net - Not\u00edcias de Rio Branco\/AC","potentialAction":[{"@type":"SearchAction","target":{"@type":"EntryPoint","urlTemplate":"https:\/\/nk7-testes.com.br\/agazeta\/?s={search_term_string}"},"query-input":{"@type":"PropertyValueSpecification","valueRequired":true,"valueName":"search_term_string"}}],"inLanguage":"pt-BR"},{"@type":"Person","@id":"https:\/\/nk7-testes.com.br\/agazeta\/#\/schema\/person\/6d6e25cb0435eb4a02fd44d30b4e3020","name":"Agazeta.Net","url":"https:\/\/nk7-testes.com.br\/agazeta\/author\/agazeta\/"}]}},"_links":{"self":[{"href":"https:\/\/nk7-testes.com.br\/agazeta\/wp-json\/wp\/v2\/posts\/19991","targetHints":{"allow":["GET"]}}],"collection":[{"href":"https:\/\/nk7-testes.com.br\/agazeta\/wp-json\/wp\/v2\/posts"}],"about":[{"href":"https:\/\/nk7-testes.com.br\/agazeta\/wp-json\/wp\/v2\/types\/post"}],"author":[{"embeddable":true,"href":"https:\/\/nk7-testes.com.br\/agazeta\/wp-json\/wp\/v2\/users\/4"}],"replies":[{"embeddable":true,"href":"https:\/\/nk7-testes.com.br\/agazeta\/wp-json\/wp\/v2\/comments?post=19991"}],"version-history":[{"count":0,"href":"https:\/\/nk7-testes.com.br\/agazeta\/wp-json\/wp\/v2\/posts\/19991\/revisions"}],"wp:featuredmedia":[{"embeddable":true,"href":"https:\/\/nk7-testes.com.br\/agazeta\/wp-json\/wp\/v2\/media\/19990"}],"wp:attachment":[{"href":"https:\/\/nk7-testes.com.br\/agazeta\/wp-json\/wp\/v2\/media?parent=19991"}],"wp:term":[{"taxonomy":"category","embeddable":true,"href":"https:\/\/nk7-testes.com.br\/agazeta\/wp-json\/wp\/v2\/categories?post=19991"},{"taxonomy":"post_tag","embeddable":true,"href":"https:\/\/nk7-testes.com.br\/agazeta\/wp-json\/wp\/v2\/tags?post=19991"}],"curies":[{"name":"wp","href":"https:\/\/api.w.org\/{rel}","templated":true}]}}