{"id":19981,"date":"2015-12-03T15:17:18","date_gmt":"2015-12-03T15:17:18","guid":{"rendered":"https:\/\/abarevegan.com.br\/index.php\/2015\/12\/03\/invasores-do-pae-barreiro-tem-que-desocupar\/"},"modified":"2015-12-03T15:17:18","modified_gmt":"2015-12-03T15:17:18","slug":"invasores-do-pae-barreiro-tem-que-desocupar","status":"publish","type":"post","link":"https:\/\/nk7-testes.com.br\/agazeta\/invasores-do-pae-barreiro-tem-que-desocupar\/","title":{"rendered":"Invasores do PAE Barreiro t\u00eam que desocupar \u00e1rea"},"content":{"rendered":"<p style=\"text-align: justify;\">Clima \u00e9 tenso na regi\u00e3o e h\u00e1 possibilidade de conflito<\/p>\n<p style=\"text-align: justify;\">Dia 20 de dezembro \u00e9 o prazo que os 100 invasores do Projeto de Assentamento Extrativista Barreiro t\u00eam para sair da regi\u00e3o. A data foi definida em reuni\u00e3o com o ouvidor do Incra, Ada\u00edldo dos Santos, que esteve na Vila Caquet\u00e1, acompanhado de policiais federais.<\/p>\n<p style=\"text-align: justify;\">A sa\u00edda pac\u00edfica \u00e9 o melhor a ser feito pelos invasores. Caso haja conflito, h\u00e1 possibilidade de pris\u00e3o de at\u00e9 seis meses e a perda de direito de inscri\u00e7\u00f5es em outras sele\u00e7\u00f5es para assentamentos feitas pelo poder p\u00fablico.<\/p>\n<p style=\"text-align: justify;\">O Projeto de Assentamento Extrativista Barreiro foi criado em 2005 com capacidade para assentamento de 20 fam\u00edlias, numa \u00e1rea de 8.1 mil hectares. Por se tratar de projeto ambientalmente diferenciado, o perfil produtivo \u00e9 prioritariamente extrativista, com atividades compat\u00edveis com a manuten\u00e7\u00e3o da fauna e da flora, a exemplo do plano de manejo florestal em execu\u00e7\u00e3o no assentamento.<\/p>\n","protected":false},"excerpt":{"rendered":"<p style=\"text-align: justify;\">Clima \u00e9 tenso na regi\u00e3o e h\u00e1 possibilidade de conflito<\/p>\n","protected":false},"author":4,"featured_media":19980,"comment_status":"open","ping_status":"open","sticky":false,"template":"","format":"standard","meta":{"jnews-multi-image_gallery":[],"jnews_single_post":[],"jnews_primary_category":[],"jnews_social_meta":[],"jnews_review":[],"enable_review":"","type":"","name":"","summary":"","brand":"","sku":"","good":[],"bad":[],"score_override":"","override_value":"","rating":[],"price":[],"footnotes":""},"categories":[54],"tags":[],"class_list":["post-19981","post","type-post","status-publish","format-standard","has-post-thumbnail","hentry","category-cotidiano"],"yoast_head":"<!-- This site is optimized with the Yoast SEO plugin v26.5 - https:\/\/yoast.com\/wordpress\/plugins\/seo\/ -->\n<title>Invasores do PAE Barreiro t\u00eam que desocupar \u00e1rea - Agazeta.net<\/title>\n<meta name=\"robots\" content=\"index, follow, max-snippet:-1, max-image-preview:large, max-video-preview:-1\" \/>\n<link rel=\"canonical\" href=\"https:\/\/nk7-testes.com.br\/agazeta\/invasores-do-pae-barreiro-tem-que-desocupar\/\" \/>\n<meta property=\"og:locale\" content=\"pt_BR\" \/>\n<meta property=\"og:type\" content=\"article\" \/>\n<meta property=\"og:title\" content=\"Invasores do PAE Barreiro t\u00eam que desocupar \u00e1rea - Agazeta.net\" \/>\n<meta property=\"og:description\" content=\"Clima \u00e9 tenso na regi\u00e3o e h\u00e1 possibilidade de conflito\" \/>\n<meta property=\"og:url\" content=\"https:\/\/nk7-testes.com.br\/agazeta\/invasores-do-pae-barreiro-tem-que-desocupar\/\" \/>\n<meta property=\"og:site_name\" content=\"Agazeta.net\" \/>\n<meta property=\"article:published_time\" content=\"2015-12-03T15:17:18+00:00\" \/>\n<meta property=\"og:image\" content=\"https:\/\/nk7-testes.com.br\/agazeta\/wp-content\/uploads\/2015\/12\/031215-cotidiano-incra-assessoriaincra.jpg\" \/>\n\t<meta property=\"og:image:width\" content=\"458\" \/>\n\t<meta property=\"og:image:height\" content=\"340\" \/>\n\t<meta property=\"og:image:type\" content=\"image\/jpeg\" \/>\n<meta name=\"author\" content=\"Agazeta.Net\" \/>\n<meta name=\"twitter:card\" content=\"summary_large_image\" \/>\n<meta name=\"twitter:label1\" content=\"Escrito por\" \/>\n\t<meta name=\"twitter:data1\" content=\"Agazeta.Net\" \/>\n\t<meta name=\"twitter:label2\" content=\"Est. tempo de leitura\" \/>\n\t<meta name=\"twitter:data2\" content=\"1 minuto\" \/>\n<script type=\"application\/ld+json\" class=\"yoast-schema-graph\">{\"@context\":\"https:\/\/schema.org\",\"@graph\":[{\"@type\":\"WebPage\",\"@id\":\"https:\/\/nk7-testes.com.br\/agazeta\/invasores-do-pae-barreiro-tem-que-desocupar\/\",\"url\":\"https:\/\/nk7-testes.com.br\/agazeta\/invasores-do-pae-barreiro-tem-que-desocupar\/\",\"name\":\"Invasores do PAE Barreiro t\u00eam que desocupar \u00e1rea - Agazeta.net\",\"isPartOf\":{\"@id\":\"https:\/\/nk7-testes.com.br\/agazeta\/#website\"},\"primaryImageOfPage\":{\"@id\":\"https:\/\/nk7-testes.com.br\/agazeta\/invasores-do-pae-barreiro-tem-que-desocupar\/#primaryimage\"},\"image\":{\"@id\":\"https:\/\/nk7-testes.com.br\/agazeta\/invasores-do-pae-barreiro-tem-que-desocupar\/#primaryimage\"},\"thumbnailUrl\":\"https:\/\/nk7-testes.com.br\/agazeta\/wp-content\/uploads\/2015\/12\/031215-cotidiano-incra-assessoriaincra.jpg\",\"datePublished\":\"2015-12-03T15:17:18+00:00\",\"author\":{\"@id\":\"https:\/\/nk7-testes.com.br\/agazeta\/#\/schema\/person\/6d6e25cb0435eb4a02fd44d30b4e3020\"},\"breadcrumb\":{\"@id\":\"https:\/\/nk7-testes.com.br\/agazeta\/invasores-do-pae-barreiro-tem-que-desocupar\/#breadcrumb\"},\"inLanguage\":\"pt-BR\",\"potentialAction\":[{\"@type\":\"ReadAction\",\"target\":[\"https:\/\/nk7-testes.com.br\/agazeta\/invasores-do-pae-barreiro-tem-que-desocupar\/\"]}]},{\"@type\":\"ImageObject\",\"inLanguage\":\"pt-BR\",\"@id\":\"https:\/\/nk7-testes.com.br\/agazeta\/invasores-do-pae-barreiro-tem-que-desocupar\/#primaryimage\",\"url\":\"https:\/\/nk7-testes.com.br\/agazeta\/wp-content\/uploads\/2015\/12\/031215-cotidiano-incra-assessoriaincra.jpg\",\"contentUrl\":\"https:\/\/nk7-testes.com.br\/agazeta\/wp-content\/uploads\/2015\/12\/031215-cotidiano-incra-assessoriaincra.jpg\",\"width\":458,\"height\":340,\"caption\":\"031215-cotidiano-incra-assessoriaincra\"},{\"@type\":\"BreadcrumbList\",\"@id\":\"https:\/\/nk7-testes.com.br\/agazeta\/invasores-do-pae-barreiro-tem-que-desocupar\/#breadcrumb\",\"itemListElement\":[{\"@type\":\"ListItem\",\"position\":1,\"name\":\"In\u00edcio\",\"item\":\"https:\/\/nk7-testes.com.br\/agazeta\/\"},{\"@type\":\"ListItem\",\"position\":2,\"name\":\"Invasores do PAE Barreiro t\u00eam que desocupar \u00e1rea\"}]},{\"@type\":\"WebSite\",\"@id\":\"https:\/\/nk7-testes.com.br\/agazeta\/#website\",\"url\":\"https:\/\/nk7-testes.com.br\/agazeta\/\",\"name\":\"Agazeta.net\",\"description\":\"Agazeta.net - Not\u00edcias de Rio Branco\/AC\",\"potentialAction\":[{\"@type\":\"SearchAction\",\"target\":{\"@type\":\"EntryPoint\",\"urlTemplate\":\"https:\/\/nk7-testes.com.br\/agazeta\/?s={search_term_string}\"},\"query-input\":{\"@type\":\"PropertyValueSpecification\",\"valueRequired\":true,\"valueName\":\"search_term_string\"}}],\"inLanguage\":\"pt-BR\"},{\"@type\":\"Person\",\"@id\":\"https:\/\/nk7-testes.com.br\/agazeta\/#\/schema\/person\/6d6e25cb0435eb4a02fd44d30b4e3020\",\"name\":\"Agazeta.Net\",\"url\":\"https:\/\/nk7-testes.com.br\/agazeta\/author\/agazeta\/\"}]}<\/script>\n<!-- \/ Yoast SEO plugin. -->","yoast_head_json":{"title":"Invasores do PAE Barreiro t\u00eam que desocupar \u00e1rea - Agazeta.net","robots":{"index":"index","follow":"follow","max-snippet":"max-snippet:-1","max-image-preview":"max-image-preview:large","max-video-preview":"max-video-preview:-1"},"canonical":"https:\/\/nk7-testes.com.br\/agazeta\/invasores-do-pae-barreiro-tem-que-desocupar\/","og_locale":"pt_BR","og_type":"article","og_title":"Invasores do PAE Barreiro t\u00eam que desocupar \u00e1rea - Agazeta.net","og_description":"Clima \u00e9 tenso na regi\u00e3o e h\u00e1 possibilidade de conflito","og_url":"https:\/\/nk7-testes.com.br\/agazeta\/invasores-do-pae-barreiro-tem-que-desocupar\/","og_site_name":"Agazeta.net","article_published_time":"2015-12-03T15:17:18+00:00","og_image":[{"width":458,"height":340,"url":"https:\/\/nk7-testes.com.br\/agazeta\/wp-content\/uploads\/2015\/12\/031215-cotidiano-incra-assessoriaincra.jpg","type":"image\/jpeg"}],"author":"Agazeta.Net","twitter_card":"summary_large_image","twitter_misc":{"Escrito por":"Agazeta.Net","Est. tempo de leitura":"1 minuto"},"schema":{"@context":"https:\/\/schema.org","@graph":[{"@type":"WebPage","@id":"https:\/\/nk7-testes.com.br\/agazeta\/invasores-do-pae-barreiro-tem-que-desocupar\/","url":"https:\/\/nk7-testes.com.br\/agazeta\/invasores-do-pae-barreiro-tem-que-desocupar\/","name":"Invasores do PAE Barreiro t\u00eam que desocupar \u00e1rea - Agazeta.net","isPartOf":{"@id":"https:\/\/nk7-testes.com.br\/agazeta\/#website"},"primaryImageOfPage":{"@id":"https:\/\/nk7-testes.com.br\/agazeta\/invasores-do-pae-barreiro-tem-que-desocupar\/#primaryimage"},"image":{"@id":"https:\/\/nk7-testes.com.br\/agazeta\/invasores-do-pae-barreiro-tem-que-desocupar\/#primaryimage"},"thumbnailUrl":"https:\/\/nk7-testes.com.br\/agazeta\/wp-content\/uploads\/2015\/12\/031215-cotidiano-incra-assessoriaincra.jpg","datePublished":"2015-12-03T15:17:18+00:00","author":{"@id":"https:\/\/nk7-testes.com.br\/agazeta\/#\/schema\/person\/6d6e25cb0435eb4a02fd44d30b4e3020"},"breadcrumb":{"@id":"https:\/\/nk7-testes.com.br\/agazeta\/invasores-do-pae-barreiro-tem-que-desocupar\/#breadcrumb"},"inLanguage":"pt-BR","potentialAction":[{"@type":"ReadAction","target":["https:\/\/nk7-testes.com.br\/agazeta\/invasores-do-pae-barreiro-tem-que-desocupar\/"]}]},{"@type":"ImageObject","inLanguage":"pt-BR","@id":"https:\/\/nk7-testes.com.br\/agazeta\/invasores-do-pae-barreiro-tem-que-desocupar\/#primaryimage","url":"https:\/\/nk7-testes.com.br\/agazeta\/wp-content\/uploads\/2015\/12\/031215-cotidiano-incra-assessoriaincra.jpg","contentUrl":"https:\/\/nk7-testes.com.br\/agazeta\/wp-content\/uploads\/2015\/12\/031215-cotidiano-incra-assessoriaincra.jpg","width":458,"height":340,"caption":"031215-cotidiano-incra-assessoriaincra"},{"@type":"BreadcrumbList","@id":"https:\/\/nk7-testes.com.br\/agazeta\/invasores-do-pae-barreiro-tem-que-desocupar\/#breadcrumb","itemListElement":[{"@type":"ListItem","position":1,"name":"In\u00edcio","item":"https:\/\/nk7-testes.com.br\/agazeta\/"},{"@type":"ListItem","position":2,"name":"Invasores do PAE Barreiro t\u00eam que desocupar \u00e1rea"}]},{"@type":"WebSite","@id":"https:\/\/nk7-testes.com.br\/agazeta\/#website","url":"https:\/\/nk7-testes.com.br\/agazeta\/","name":"Agazeta.net","description":"Agazeta.net - Not\u00edcias de Rio Branco\/AC","potentialAction":[{"@type":"SearchAction","target":{"@type":"EntryPoint","urlTemplate":"https:\/\/nk7-testes.com.br\/agazeta\/?s={search_term_string}"},"query-input":{"@type":"PropertyValueSpecification","valueRequired":true,"valueName":"search_term_string"}}],"inLanguage":"pt-BR"},{"@type":"Person","@id":"https:\/\/nk7-testes.com.br\/agazeta\/#\/schema\/person\/6d6e25cb0435eb4a02fd44d30b4e3020","name":"Agazeta.Net","url":"https:\/\/nk7-testes.com.br\/agazeta\/author\/agazeta\/"}]}},"_links":{"self":[{"href":"https:\/\/nk7-testes.com.br\/agazeta\/wp-json\/wp\/v2\/posts\/19981","targetHints":{"allow":["GET"]}}],"collection":[{"href":"https:\/\/nk7-testes.com.br\/agazeta\/wp-json\/wp\/v2\/posts"}],"about":[{"href":"https:\/\/nk7-testes.com.br\/agazeta\/wp-json\/wp\/v2\/types\/post"}],"author":[{"embeddable":true,"href":"https:\/\/nk7-testes.com.br\/agazeta\/wp-json\/wp\/v2\/users\/4"}],"replies":[{"embeddable":true,"href":"https:\/\/nk7-testes.com.br\/agazeta\/wp-json\/wp\/v2\/comments?post=19981"}],"version-history":[{"count":0,"href":"https:\/\/nk7-testes.com.br\/agazeta\/wp-json\/wp\/v2\/posts\/19981\/revisions"}],"wp:featuredmedia":[{"embeddable":true,"href":"https:\/\/nk7-testes.com.br\/agazeta\/wp-json\/wp\/v2\/media\/19980"}],"wp:attachment":[{"href":"https:\/\/nk7-testes.com.br\/agazeta\/wp-json\/wp\/v2\/media?parent=19981"}],"wp:term":[{"taxonomy":"category","embeddable":true,"href":"https:\/\/nk7-testes.com.br\/agazeta\/wp-json\/wp\/v2\/categories?post=19981"},{"taxonomy":"post_tag","embeddable":true,"href":"https:\/\/nk7-testes.com.br\/agazeta\/wp-json\/wp\/v2\/tags?post=19981"}],"curies":[{"name":"wp","href":"https:\/\/api.w.org\/{rel}","templated":true}]}}