{"id":19944,"date":"2015-12-01T21:01:33","date_gmt":"2015-12-01T21:01:33","guid":{"rendered":"https:\/\/abarevegan.com.br\/index.php\/2015\/12\/01\/justica-garante-indenizacao-a-estudante-estuprada\/"},"modified":"2015-12-01T21:01:33","modified_gmt":"2015-12-01T21:01:33","slug":"justica-garante-indenizacao-a-estudante-estuprada","status":"publish","type":"post","link":"https:\/\/nk7-testes.com.br\/agazeta\/justica-garante-indenizacao-a-estudante-estuprada\/","title":{"rendered":"Justi\u00e7a garante indeniza\u00e7\u00e3o a estudante estuprada"},"content":{"rendered":"<p style=\"text-align: justify;\">Garota \u00e9 portadora de Down: crime em escola p\u00fablica<\/p>\n<p style=\"text-align: justify;\">A 3\u00aa Vara de Fazenda P\u00fablica da Comarca de Rio Branco julgou e condenou o Estado do Acre a pagar R$ 50 mil para portadora de S\u00edndrome de Down, representada por sua genitora M. A. da S. e S., a t\u00edtulo dos danos morais sofridos pela autora da a\u00e7\u00e3o, por ter sido violentada sexualmente, nas depend\u00eancias de uma escola estadual no ano de 2011, pelo vigia M.P.R., que \u00e0 \u00e9poca dos fatos era servidor p\u00fablico.<\/p>\n<p style=\"text-align: justify;\">Publicada na edi\u00e7\u00e3o n\u00b0 5.532 do Di\u00e1rio de Justi\u00e7a Eletr\u00f4nico, a senten\u00e7a de autoria do juiz de Direito Substituto Fl\u00e1vio Mundim constatou a exist\u00eancia de nexo causal \u201cligado \u00e0 conduta danosa, adotada pelo vigia M.P.R., ao resultado suportado pela demandante, de modo que, utilizou-se, o vigia, de sua condi\u00e7\u00e3o de servidor da escola onde ocorreram os fatos, para o fim de promover os atos libidinosos contra a pessoa da demandante\u201d.<\/p>\n<p style=\"text-align: justify;\">Entenda o Caso<\/p>\n<p style=\"text-align: justify;\">Na a\u00e7\u00e3o de indeniza\u00e7\u00e3o pelos danos morais, apresentada pela demandante, legalmente incapaz em raz\u00e3o de defici\u00eancia mental, portanto, representada por sua genitora, foi arguido pela responsabilidade civil do Estado, quanto \u00e0 situa\u00e7\u00e3o sofrida por K.J.S. e S que al\u00e9m de ser portadora de S\u00edndrome de Down tinha 16 anos de idade quando foi violentada.<\/p>\n<p style=\"text-align: justify;\">A m\u00e3e relatou, na pe\u00e7a inicial, que foi buscar a filha na escola \u201conde encontrou o denunciado saindo do banheiro com o z\u00edper da bermuda aberto e a v\u00edtima com marcas \u2026 por cima da camisa, momento em que indagou da menor quanto ao ocorrido, tendo a v\u00edtima relatado a viol\u00eancia sexual\u201d.<\/p>\n<p style=\"text-align: justify;\">No pedido de indeniza\u00e7\u00e3o apresentado \u00e0 Justi\u00e7a \u00e9 acrescentado que o ju\u00edzo criminal emitiu senten\u00e7a, que ainda n\u00e3o transitou em julgado, condenando o agente p\u00fablico a oito anos de pris\u00e3o, bem como o pagamento de indeniza\u00e7\u00e3o de R$ 2 mil \u00e0 v\u00edtima.<\/p>\n<p style=\"text-align: justify;\">Em contesta\u00e7\u00e3o, o Estado do Acre, nas alega\u00e7\u00f5es finais, pleiteou pela \u201cnecessidade de se aguardar o fim do processo penal relacionado aos fatos ora examinados, considerando a inexist\u00eancia de tr\u00e2nsito em julgado, e tamb\u00e9m a j\u00e1 existente compensa\u00e7\u00e3o indenizat\u00f3ria promovida no ju\u00edzo criminal por ocasi\u00e3o da senten\u00e7a\u201d.<\/p>\n<p style=\"text-align: justify;\">Senten\u00e7a<\/p>\n<p style=\"text-align: justify;\">Analisando o m\u00e9rito da quest\u00e3o, o juiz de Direito Substituto Fl\u00e1vio Mundim, que estava respondendo pela 3\u00aa Vara de Fazenda P\u00fablica, considerou a proced\u00eancia do pedido formulado pela parte autora, registrando a responsabilidade civil do Estado.<\/p>\n<p style=\"text-align: justify;\">\u201cExaminando todos os meios de prova utilizados no processo, notadamente os documentos e depoimentos prestados em ju\u00edzo, entendo que os elementos indicados acima, para a configura\u00e7\u00e3o da responsabilidade civil do Estado, est\u00e3o presentes, uma vez que houve, de fato, uma conduta comissiva e danosa \u00e0 demandante, consistente em verdadeiro crime de estupro praticado nas depend\u00eancias de escola estadual, materializado pela a\u00e7\u00e3o do vigia M.P.R de ter levado \u00e0 demandante at\u00e9 um dos banheiros da institui\u00e7\u00e3o e ali empregado atos libidinosos, aproveitando-se, como \u00e9 vis\u00edvel, da condi\u00e7\u00e3o de vulnerabilidade de K. J. e tamb\u00e9m de sua qualidade de servidor da escola para alcan\u00e7ar o fim pretendido\u201d, anotou o magistrado.<\/p>\n<p style=\"text-align: justify;\">Na senten\u00e7a, o juiz Fl\u00e1vio enfatizou \u201co fato de ter o agente estatal trabalhado na escola estadual com o prop\u00f3sito de garantir a seguran\u00e7a da entidade e, por consequ\u00eancia, dos que ali frequentam\u201d.<\/p>\n<p style=\"text-align: justify;\">Quanto aos argumentos apresentados pelo Estado do Acre, o magistrado julgou n\u00e3o merecerem reconhecimento, explicando que \u201cj\u00e1 se encontra pacificado o entendimento de que vige em nosso ordenamento o princ\u00edpio da independ\u00eancia das esferas de responsabiliza\u00e7\u00e3o, de modo que a conclus\u00e3o a ser extra\u00edda no ju\u00edzo c\u00edvel, a rigor, independe do que se venha apurar naquele com compet\u00eancia criminal\u201d.<\/p>\n<p style=\"text-align: justify;\">Por fim, o magistrado determinou que \u201cap\u00f3s o prazo regular para recurso volunt\u00e1rio, cumpra-se o determinado no art. 475, inc. I, do CPC, remetendo os autos \u00e0 segunda inst\u00e2ncia de jurisdi\u00e7\u00e3o, por for\u00e7a da remessa necess\u00e1ria\u201d.<\/p>\n","protected":false},"excerpt":{"rendered":"<p style=\"text-align: justify;\">Garota \u00e9 portadora de Down: crime em escola p\u00fablica<\/p>\n","protected":false},"author":4,"featured_media":9913,"comment_status":"open","ping_status":"open","sticky":false,"template":"","format":"standard","meta":{"jnews-multi-image_gallery":[],"jnews_single_post":[],"jnews_primary_category":[],"jnews_social_meta":[],"jnews_review":[],"enable_review":"","type":"","name":"","summary":"","brand":"","sku":"","good":[],"bad":[],"score_override":"","override_value":"","rating":[],"price":[],"footnotes":""},"categories":[54],"tags":[],"class_list":["post-19944","post","type-post","status-publish","format-standard","has-post-thumbnail","hentry","category-cotidiano"],"yoast_head":"<!-- This site is optimized with the Yoast SEO plugin v26.5 - https:\/\/yoast.com\/wordpress\/plugins\/seo\/ -->\n<title>Justi\u00e7a garante indeniza\u00e7\u00e3o a estudante estuprada - Agazeta.net<\/title>\n<meta name=\"robots\" content=\"index, follow, max-snippet:-1, max-image-preview:large, max-video-preview:-1\" \/>\n<link rel=\"canonical\" href=\"https:\/\/nk7-testes.com.br\/agazeta\/justica-garante-indenizacao-a-estudante-estuprada\/\" \/>\n<meta property=\"og:locale\" content=\"pt_BR\" \/>\n<meta property=\"og:type\" content=\"article\" \/>\n<meta property=\"og:title\" content=\"Justi\u00e7a garante indeniza\u00e7\u00e3o a estudante estuprada - Agazeta.net\" \/>\n<meta property=\"og:description\" content=\"Garota \u00e9 portadora de Down: crime em escola p\u00fablica\" \/>\n<meta property=\"og:url\" content=\"https:\/\/nk7-testes.com.br\/agazeta\/justica-garante-indenizacao-a-estudante-estuprada\/\" \/>\n<meta property=\"og:site_name\" content=\"Agazeta.net\" \/>\n<meta property=\"article:published_time\" content=\"2015-12-01T21:01:33+00:00\" \/>\n<meta property=\"og:image\" content=\"https:\/\/nk7-testes.com.br\/agazeta\/wp-content\/uploads\/2014\/09\/1209-politica-tj.jpg\" \/>\n\t<meta property=\"og:image:width\" content=\"458\" \/>\n\t<meta property=\"og:image:height\" content=\"340\" \/>\n\t<meta property=\"og:image:type\" content=\"image\/jpeg\" \/>\n<meta name=\"author\" content=\"Agazeta.Net\" \/>\n<meta name=\"twitter:card\" content=\"summary_large_image\" \/>\n<meta name=\"twitter:label1\" content=\"Escrito por\" \/>\n\t<meta name=\"twitter:data1\" content=\"Agazeta.Net\" \/>\n\t<meta name=\"twitter:label2\" content=\"Est. tempo de leitura\" \/>\n\t<meta name=\"twitter:data2\" content=\"3 minutos\" \/>\n<script type=\"application\/ld+json\" class=\"yoast-schema-graph\">{\"@context\":\"https:\/\/schema.org\",\"@graph\":[{\"@type\":\"WebPage\",\"@id\":\"https:\/\/nk7-testes.com.br\/agazeta\/justica-garante-indenizacao-a-estudante-estuprada\/\",\"url\":\"https:\/\/nk7-testes.com.br\/agazeta\/justica-garante-indenizacao-a-estudante-estuprada\/\",\"name\":\"Justi\u00e7a garante indeniza\u00e7\u00e3o a estudante estuprada - Agazeta.net\",\"isPartOf\":{\"@id\":\"https:\/\/nk7-testes.com.br\/agazeta\/#website\"},\"primaryImageOfPage\":{\"@id\":\"https:\/\/nk7-testes.com.br\/agazeta\/justica-garante-indenizacao-a-estudante-estuprada\/#primaryimage\"},\"image\":{\"@id\":\"https:\/\/nk7-testes.com.br\/agazeta\/justica-garante-indenizacao-a-estudante-estuprada\/#primaryimage\"},\"thumbnailUrl\":\"https:\/\/nk7-testes.com.br\/agazeta\/wp-content\/uploads\/2014\/09\/1209-politica-tj.jpg\",\"datePublished\":\"2015-12-01T21:01:33+00:00\",\"author\":{\"@id\":\"https:\/\/nk7-testes.com.br\/agazeta\/#\/schema\/person\/6d6e25cb0435eb4a02fd44d30b4e3020\"},\"breadcrumb\":{\"@id\":\"https:\/\/nk7-testes.com.br\/agazeta\/justica-garante-indenizacao-a-estudante-estuprada\/#breadcrumb\"},\"inLanguage\":\"pt-BR\",\"potentialAction\":[{\"@type\":\"ReadAction\",\"target\":[\"https:\/\/nk7-testes.com.br\/agazeta\/justica-garante-indenizacao-a-estudante-estuprada\/\"]}]},{\"@type\":\"ImageObject\",\"inLanguage\":\"pt-BR\",\"@id\":\"https:\/\/nk7-testes.com.br\/agazeta\/justica-garante-indenizacao-a-estudante-estuprada\/#primaryimage\",\"url\":\"https:\/\/nk7-testes.com.br\/agazeta\/wp-content\/uploads\/2014\/09\/1209-politica-tj.jpg\",\"contentUrl\":\"https:\/\/nk7-testes.com.br\/agazeta\/wp-content\/uploads\/2014\/09\/1209-politica-tj.jpg\",\"width\":458,\"height\":340,\"caption\":\"1209-politica-tj\"},{\"@type\":\"BreadcrumbList\",\"@id\":\"https:\/\/nk7-testes.com.br\/agazeta\/justica-garante-indenizacao-a-estudante-estuprada\/#breadcrumb\",\"itemListElement\":[{\"@type\":\"ListItem\",\"position\":1,\"name\":\"In\u00edcio\",\"item\":\"https:\/\/nk7-testes.com.br\/agazeta\/\"},{\"@type\":\"ListItem\",\"position\":2,\"name\":\"Justi\u00e7a garante indeniza\u00e7\u00e3o a estudante estuprada\"}]},{\"@type\":\"WebSite\",\"@id\":\"https:\/\/nk7-testes.com.br\/agazeta\/#website\",\"url\":\"https:\/\/nk7-testes.com.br\/agazeta\/\",\"name\":\"Agazeta.net\",\"description\":\"Agazeta.net - Not\u00edcias de Rio Branco\/AC\",\"potentialAction\":[{\"@type\":\"SearchAction\",\"target\":{\"@type\":\"EntryPoint\",\"urlTemplate\":\"https:\/\/nk7-testes.com.br\/agazeta\/?s={search_term_string}\"},\"query-input\":{\"@type\":\"PropertyValueSpecification\",\"valueRequired\":true,\"valueName\":\"search_term_string\"}}],\"inLanguage\":\"pt-BR\"},{\"@type\":\"Person\",\"@id\":\"https:\/\/nk7-testes.com.br\/agazeta\/#\/schema\/person\/6d6e25cb0435eb4a02fd44d30b4e3020\",\"name\":\"Agazeta.Net\",\"url\":\"https:\/\/nk7-testes.com.br\/agazeta\/author\/agazeta\/\"}]}<\/script>\n<!-- \/ Yoast SEO plugin. -->","yoast_head_json":{"title":"Justi\u00e7a garante indeniza\u00e7\u00e3o a estudante estuprada - Agazeta.net","robots":{"index":"index","follow":"follow","max-snippet":"max-snippet:-1","max-image-preview":"max-image-preview:large","max-video-preview":"max-video-preview:-1"},"canonical":"https:\/\/nk7-testes.com.br\/agazeta\/justica-garante-indenizacao-a-estudante-estuprada\/","og_locale":"pt_BR","og_type":"article","og_title":"Justi\u00e7a garante indeniza\u00e7\u00e3o a estudante estuprada - Agazeta.net","og_description":"Garota \u00e9 portadora de Down: crime em escola p\u00fablica","og_url":"https:\/\/nk7-testes.com.br\/agazeta\/justica-garante-indenizacao-a-estudante-estuprada\/","og_site_name":"Agazeta.net","article_published_time":"2015-12-01T21:01:33+00:00","og_image":[{"width":458,"height":340,"url":"https:\/\/nk7-testes.com.br\/agazeta\/wp-content\/uploads\/2014\/09\/1209-politica-tj.jpg","type":"image\/jpeg"}],"author":"Agazeta.Net","twitter_card":"summary_large_image","twitter_misc":{"Escrito por":"Agazeta.Net","Est. tempo de leitura":"3 minutos"},"schema":{"@context":"https:\/\/schema.org","@graph":[{"@type":"WebPage","@id":"https:\/\/nk7-testes.com.br\/agazeta\/justica-garante-indenizacao-a-estudante-estuprada\/","url":"https:\/\/nk7-testes.com.br\/agazeta\/justica-garante-indenizacao-a-estudante-estuprada\/","name":"Justi\u00e7a garante indeniza\u00e7\u00e3o a estudante estuprada - Agazeta.net","isPartOf":{"@id":"https:\/\/nk7-testes.com.br\/agazeta\/#website"},"primaryImageOfPage":{"@id":"https:\/\/nk7-testes.com.br\/agazeta\/justica-garante-indenizacao-a-estudante-estuprada\/#primaryimage"},"image":{"@id":"https:\/\/nk7-testes.com.br\/agazeta\/justica-garante-indenizacao-a-estudante-estuprada\/#primaryimage"},"thumbnailUrl":"https:\/\/nk7-testes.com.br\/agazeta\/wp-content\/uploads\/2014\/09\/1209-politica-tj.jpg","datePublished":"2015-12-01T21:01:33+00:00","author":{"@id":"https:\/\/nk7-testes.com.br\/agazeta\/#\/schema\/person\/6d6e25cb0435eb4a02fd44d30b4e3020"},"breadcrumb":{"@id":"https:\/\/nk7-testes.com.br\/agazeta\/justica-garante-indenizacao-a-estudante-estuprada\/#breadcrumb"},"inLanguage":"pt-BR","potentialAction":[{"@type":"ReadAction","target":["https:\/\/nk7-testes.com.br\/agazeta\/justica-garante-indenizacao-a-estudante-estuprada\/"]}]},{"@type":"ImageObject","inLanguage":"pt-BR","@id":"https:\/\/nk7-testes.com.br\/agazeta\/justica-garante-indenizacao-a-estudante-estuprada\/#primaryimage","url":"https:\/\/nk7-testes.com.br\/agazeta\/wp-content\/uploads\/2014\/09\/1209-politica-tj.jpg","contentUrl":"https:\/\/nk7-testes.com.br\/agazeta\/wp-content\/uploads\/2014\/09\/1209-politica-tj.jpg","width":458,"height":340,"caption":"1209-politica-tj"},{"@type":"BreadcrumbList","@id":"https:\/\/nk7-testes.com.br\/agazeta\/justica-garante-indenizacao-a-estudante-estuprada\/#breadcrumb","itemListElement":[{"@type":"ListItem","position":1,"name":"In\u00edcio","item":"https:\/\/nk7-testes.com.br\/agazeta\/"},{"@type":"ListItem","position":2,"name":"Justi\u00e7a garante indeniza\u00e7\u00e3o a estudante estuprada"}]},{"@type":"WebSite","@id":"https:\/\/nk7-testes.com.br\/agazeta\/#website","url":"https:\/\/nk7-testes.com.br\/agazeta\/","name":"Agazeta.net","description":"Agazeta.net - Not\u00edcias de Rio Branco\/AC","potentialAction":[{"@type":"SearchAction","target":{"@type":"EntryPoint","urlTemplate":"https:\/\/nk7-testes.com.br\/agazeta\/?s={search_term_string}"},"query-input":{"@type":"PropertyValueSpecification","valueRequired":true,"valueName":"search_term_string"}}],"inLanguage":"pt-BR"},{"@type":"Person","@id":"https:\/\/nk7-testes.com.br\/agazeta\/#\/schema\/person\/6d6e25cb0435eb4a02fd44d30b4e3020","name":"Agazeta.Net","url":"https:\/\/nk7-testes.com.br\/agazeta\/author\/agazeta\/"}]}},"_links":{"self":[{"href":"https:\/\/nk7-testes.com.br\/agazeta\/wp-json\/wp\/v2\/posts\/19944","targetHints":{"allow":["GET"]}}],"collection":[{"href":"https:\/\/nk7-testes.com.br\/agazeta\/wp-json\/wp\/v2\/posts"}],"about":[{"href":"https:\/\/nk7-testes.com.br\/agazeta\/wp-json\/wp\/v2\/types\/post"}],"author":[{"embeddable":true,"href":"https:\/\/nk7-testes.com.br\/agazeta\/wp-json\/wp\/v2\/users\/4"}],"replies":[{"embeddable":true,"href":"https:\/\/nk7-testes.com.br\/agazeta\/wp-json\/wp\/v2\/comments?post=19944"}],"version-history":[{"count":0,"href":"https:\/\/nk7-testes.com.br\/agazeta\/wp-json\/wp\/v2\/posts\/19944\/revisions"}],"wp:featuredmedia":[{"embeddable":true,"href":"https:\/\/nk7-testes.com.br\/agazeta\/wp-json\/wp\/v2\/media\/9913"}],"wp:attachment":[{"href":"https:\/\/nk7-testes.com.br\/agazeta\/wp-json\/wp\/v2\/media?parent=19944"}],"wp:term":[{"taxonomy":"category","embeddable":true,"href":"https:\/\/nk7-testes.com.br\/agazeta\/wp-json\/wp\/v2\/categories?post=19944"},{"taxonomy":"post_tag","embeddable":true,"href":"https:\/\/nk7-testes.com.br\/agazeta\/wp-json\/wp\/v2\/tags?post=19944"}],"curies":[{"name":"wp","href":"https:\/\/api.w.org\/{rel}","templated":true}]}}