{"id":19943,"date":"2015-12-01T20:40:55","date_gmt":"2015-12-01T20:40:55","guid":{"rendered":"https:\/\/abarevegan.com.br\/index.php\/2015\/12\/01\/taxis-passam-a-rodar-cobrando-bandeira-2\/"},"modified":"2015-12-01T20:40:55","modified_gmt":"2015-12-01T20:40:55","slug":"taxis-passam-a-rodar-cobrando-bandeira-2","status":"publish","type":"post","link":"https:\/\/nk7-testes.com.br\/agazeta\/taxis-passam-a-rodar-cobrando-bandeira-2\/","title":{"rendered":"T\u00e1xis passam a rodar cobrando bandeira 2"},"content":{"rendered":"<p style=\"text-align: justify;\">13\u00ba dos taxistas garantido at\u00e9 janeiro<\/p>\n<p style=\"text-align: justify;\">Desde \u00e0s 22h desta segunda-feira (30), os t\u00e1xis de Rio Branco passaram a rodar com bandeira 2. A medida deve ser mantida at\u00e9 \u00e0s 6 h da manh\u00e3 do dia 2 de janeiro de 2016. Em Cruzeiro do Sul, outro munic\u00edpio que faz uso do tax\u00edmetro, a bandeira 2 s\u00f3 come\u00e7a a ser cobrada a partir do dia 7.<\/p>\n<p style=\"text-align: justify;\">Segundo o presidente do Sindicato dos Taxistas e Condutores An\u00f4nimos do Acre (Sintcac), Experidi\u00e3o Teixeira de Souza Filho, o acr\u00e9scimo que os usu\u00e1rios do transporte ir\u00e3o pagar \u00e9 de cerca de 27%.<\/p>\n<p style=\"text-align: justify;\">Na bandeira, quem faz uso da corrida de t\u00e1xi paga R$ 4,50 da bandeirada inicial (valor fixo) mais R$ 4,40 por quil\u00f4metro rodado, com a mudan\u00e7a o valor da quilometragem vai para R$ 5,10.<\/p>\n<p style=\"text-align: justify;\">Ainda de acordo com o presidente do Sinticac, a crise que atinge todo o pa\u00eds n\u00e3o tr\u00e1s boas expectativas para os trabalhadores. \u201cEssa crise atinge a gente em cheio. Sem dinheiro as pessoas optam pelo \u00f4nibus, por uma carona, em alguns casos at\u00e9 preferem andar a p\u00e9. Apesar de estarmos entrando na melhor \u00e9poca para a pra\u00e7a, as expectativas s\u00e3o desanimadoras\u201d.<\/p>\n<p style=\"text-align: justify;\">E se o problema \u00e9 falta de dinheiro em esp\u00e9cie, Experidi\u00e3o conta que os taxistas j\u00e1 est\u00e3o se adequando. \u201cCom a falta de dinheiro, a sa\u00edda pode ser o cart\u00e3o de cr\u00e9dito e a maioria dos taxistas j\u00e1 se adequou e tem a maquininha\u201d.<\/p>\n","protected":false},"excerpt":{"rendered":"<p style=\"text-align: justify;\">13\u00ba dos taxistas garantido at\u00e9 janeiro<\/p>\n","protected":false},"author":4,"featured_media":19942,"comment_status":"open","ping_status":"open","sticky":false,"template":"","format":"standard","meta":{"jnews-multi-image_gallery":[],"jnews_single_post":[],"jnews_primary_category":[],"jnews_social_meta":[],"jnews_review":[],"enable_review":"","type":"","name":"","summary":"","brand":"","sku":"","good":[],"bad":[],"score_override":"","override_value":"","rating":[],"price":[],"footnotes":""},"categories":[54],"tags":[],"class_list":["post-19943","post","type-post","status-publish","format-standard","has-post-thumbnail","hentry","category-cotidiano"],"yoast_head":"<!-- This site is optimized with the Yoast SEO plugin v26.5 - https:\/\/yoast.com\/wordpress\/plugins\/seo\/ -->\n<title>T\u00e1xis passam a rodar cobrando bandeira 2 - Agazeta.net<\/title>\n<meta name=\"robots\" content=\"index, follow, max-snippet:-1, max-image-preview:large, max-video-preview:-1\" \/>\n<link rel=\"canonical\" href=\"https:\/\/nk7-testes.com.br\/agazeta\/taxis-passam-a-rodar-cobrando-bandeira-2\/\" \/>\n<meta property=\"og:locale\" content=\"pt_BR\" \/>\n<meta property=\"og:type\" content=\"article\" \/>\n<meta property=\"og:title\" content=\"T\u00e1xis passam a rodar cobrando bandeira 2 - Agazeta.net\" \/>\n<meta property=\"og:description\" content=\"13\u00ba dos taxistas garantido at\u00e9 janeiro\" \/>\n<meta property=\"og:url\" content=\"https:\/\/nk7-testes.com.br\/agazeta\/taxis-passam-a-rodar-cobrando-bandeira-2\/\" \/>\n<meta property=\"og:site_name\" content=\"Agazeta.net\" \/>\n<meta property=\"article:published_time\" content=\"2015-12-01T20:40:55+00:00\" \/>\n<meta property=\"og:image\" content=\"https:\/\/nk7-testes.com.br\/agazeta\/wp-content\/uploads\/2015\/12\/2011-cotidiano-taxi-taiane.jpg\" \/>\n\t<meta property=\"og:image:width\" content=\"458\" \/>\n\t<meta property=\"og:image:height\" content=\"340\" \/>\n\t<meta property=\"og:image:type\" content=\"image\/jpeg\" \/>\n<meta name=\"author\" content=\"Agazeta.Net\" \/>\n<meta name=\"twitter:card\" content=\"summary_large_image\" \/>\n<meta name=\"twitter:label1\" content=\"Escrito por\" \/>\n\t<meta name=\"twitter:data1\" content=\"Agazeta.Net\" \/>\n\t<meta name=\"twitter:label2\" content=\"Est. tempo de leitura\" \/>\n\t<meta name=\"twitter:data2\" content=\"1 minuto\" \/>\n<script type=\"application\/ld+json\" class=\"yoast-schema-graph\">{\"@context\":\"https:\/\/schema.org\",\"@graph\":[{\"@type\":\"WebPage\",\"@id\":\"https:\/\/nk7-testes.com.br\/agazeta\/taxis-passam-a-rodar-cobrando-bandeira-2\/\",\"url\":\"https:\/\/nk7-testes.com.br\/agazeta\/taxis-passam-a-rodar-cobrando-bandeira-2\/\",\"name\":\"T\u00e1xis passam a rodar cobrando bandeira 2 - Agazeta.net\",\"isPartOf\":{\"@id\":\"https:\/\/nk7-testes.com.br\/agazeta\/#website\"},\"primaryImageOfPage\":{\"@id\":\"https:\/\/nk7-testes.com.br\/agazeta\/taxis-passam-a-rodar-cobrando-bandeira-2\/#primaryimage\"},\"image\":{\"@id\":\"https:\/\/nk7-testes.com.br\/agazeta\/taxis-passam-a-rodar-cobrando-bandeira-2\/#primaryimage\"},\"thumbnailUrl\":\"https:\/\/nk7-testes.com.br\/agazeta\/wp-content\/uploads\/2015\/12\/2011-cotidiano-taxi-taiane.jpg\",\"datePublished\":\"2015-12-01T20:40:55+00:00\",\"author\":{\"@id\":\"https:\/\/nk7-testes.com.br\/agazeta\/#\/schema\/person\/6d6e25cb0435eb4a02fd44d30b4e3020\"},\"breadcrumb\":{\"@id\":\"https:\/\/nk7-testes.com.br\/agazeta\/taxis-passam-a-rodar-cobrando-bandeira-2\/#breadcrumb\"},\"inLanguage\":\"pt-BR\",\"potentialAction\":[{\"@type\":\"ReadAction\",\"target\":[\"https:\/\/nk7-testes.com.br\/agazeta\/taxis-passam-a-rodar-cobrando-bandeira-2\/\"]}]},{\"@type\":\"ImageObject\",\"inLanguage\":\"pt-BR\",\"@id\":\"https:\/\/nk7-testes.com.br\/agazeta\/taxis-passam-a-rodar-cobrando-bandeira-2\/#primaryimage\",\"url\":\"https:\/\/nk7-testes.com.br\/agazeta\/wp-content\/uploads\/2015\/12\/2011-cotidiano-taxi-taiane.jpg\",\"contentUrl\":\"https:\/\/nk7-testes.com.br\/agazeta\/wp-content\/uploads\/2015\/12\/2011-cotidiano-taxi-taiane.jpg\",\"width\":458,\"height\":340,\"caption\":\"2011-cotidiano-taxi-taiane\"},{\"@type\":\"BreadcrumbList\",\"@id\":\"https:\/\/nk7-testes.com.br\/agazeta\/taxis-passam-a-rodar-cobrando-bandeira-2\/#breadcrumb\",\"itemListElement\":[{\"@type\":\"ListItem\",\"position\":1,\"name\":\"In\u00edcio\",\"item\":\"https:\/\/nk7-testes.com.br\/agazeta\/\"},{\"@type\":\"ListItem\",\"position\":2,\"name\":\"T\u00e1xis passam a rodar cobrando bandeira 2\"}]},{\"@type\":\"WebSite\",\"@id\":\"https:\/\/nk7-testes.com.br\/agazeta\/#website\",\"url\":\"https:\/\/nk7-testes.com.br\/agazeta\/\",\"name\":\"Agazeta.net\",\"description\":\"Agazeta.net - Not\u00edcias de Rio Branco\/AC\",\"potentialAction\":[{\"@type\":\"SearchAction\",\"target\":{\"@type\":\"EntryPoint\",\"urlTemplate\":\"https:\/\/nk7-testes.com.br\/agazeta\/?s={search_term_string}\"},\"query-input\":{\"@type\":\"PropertyValueSpecification\",\"valueRequired\":true,\"valueName\":\"search_term_string\"}}],\"inLanguage\":\"pt-BR\"},{\"@type\":\"Person\",\"@id\":\"https:\/\/nk7-testes.com.br\/agazeta\/#\/schema\/person\/6d6e25cb0435eb4a02fd44d30b4e3020\",\"name\":\"Agazeta.Net\",\"url\":\"https:\/\/nk7-testes.com.br\/agazeta\/author\/agazeta\/\"}]}<\/script>\n<!-- \/ Yoast SEO plugin. -->","yoast_head_json":{"title":"T\u00e1xis passam a rodar cobrando bandeira 2 - Agazeta.net","robots":{"index":"index","follow":"follow","max-snippet":"max-snippet:-1","max-image-preview":"max-image-preview:large","max-video-preview":"max-video-preview:-1"},"canonical":"https:\/\/nk7-testes.com.br\/agazeta\/taxis-passam-a-rodar-cobrando-bandeira-2\/","og_locale":"pt_BR","og_type":"article","og_title":"T\u00e1xis passam a rodar cobrando bandeira 2 - Agazeta.net","og_description":"13\u00ba dos taxistas garantido at\u00e9 janeiro","og_url":"https:\/\/nk7-testes.com.br\/agazeta\/taxis-passam-a-rodar-cobrando-bandeira-2\/","og_site_name":"Agazeta.net","article_published_time":"2015-12-01T20:40:55+00:00","og_image":[{"width":458,"height":340,"url":"https:\/\/nk7-testes.com.br\/agazeta\/wp-content\/uploads\/2015\/12\/2011-cotidiano-taxi-taiane.jpg","type":"image\/jpeg"}],"author":"Agazeta.Net","twitter_card":"summary_large_image","twitter_misc":{"Escrito por":"Agazeta.Net","Est. tempo de leitura":"1 minuto"},"schema":{"@context":"https:\/\/schema.org","@graph":[{"@type":"WebPage","@id":"https:\/\/nk7-testes.com.br\/agazeta\/taxis-passam-a-rodar-cobrando-bandeira-2\/","url":"https:\/\/nk7-testes.com.br\/agazeta\/taxis-passam-a-rodar-cobrando-bandeira-2\/","name":"T\u00e1xis passam a rodar cobrando bandeira 2 - Agazeta.net","isPartOf":{"@id":"https:\/\/nk7-testes.com.br\/agazeta\/#website"},"primaryImageOfPage":{"@id":"https:\/\/nk7-testes.com.br\/agazeta\/taxis-passam-a-rodar-cobrando-bandeira-2\/#primaryimage"},"image":{"@id":"https:\/\/nk7-testes.com.br\/agazeta\/taxis-passam-a-rodar-cobrando-bandeira-2\/#primaryimage"},"thumbnailUrl":"https:\/\/nk7-testes.com.br\/agazeta\/wp-content\/uploads\/2015\/12\/2011-cotidiano-taxi-taiane.jpg","datePublished":"2015-12-01T20:40:55+00:00","author":{"@id":"https:\/\/nk7-testes.com.br\/agazeta\/#\/schema\/person\/6d6e25cb0435eb4a02fd44d30b4e3020"},"breadcrumb":{"@id":"https:\/\/nk7-testes.com.br\/agazeta\/taxis-passam-a-rodar-cobrando-bandeira-2\/#breadcrumb"},"inLanguage":"pt-BR","potentialAction":[{"@type":"ReadAction","target":["https:\/\/nk7-testes.com.br\/agazeta\/taxis-passam-a-rodar-cobrando-bandeira-2\/"]}]},{"@type":"ImageObject","inLanguage":"pt-BR","@id":"https:\/\/nk7-testes.com.br\/agazeta\/taxis-passam-a-rodar-cobrando-bandeira-2\/#primaryimage","url":"https:\/\/nk7-testes.com.br\/agazeta\/wp-content\/uploads\/2015\/12\/2011-cotidiano-taxi-taiane.jpg","contentUrl":"https:\/\/nk7-testes.com.br\/agazeta\/wp-content\/uploads\/2015\/12\/2011-cotidiano-taxi-taiane.jpg","width":458,"height":340,"caption":"2011-cotidiano-taxi-taiane"},{"@type":"BreadcrumbList","@id":"https:\/\/nk7-testes.com.br\/agazeta\/taxis-passam-a-rodar-cobrando-bandeira-2\/#breadcrumb","itemListElement":[{"@type":"ListItem","position":1,"name":"In\u00edcio","item":"https:\/\/nk7-testes.com.br\/agazeta\/"},{"@type":"ListItem","position":2,"name":"T\u00e1xis passam a rodar cobrando bandeira 2"}]},{"@type":"WebSite","@id":"https:\/\/nk7-testes.com.br\/agazeta\/#website","url":"https:\/\/nk7-testes.com.br\/agazeta\/","name":"Agazeta.net","description":"Agazeta.net - Not\u00edcias de Rio Branco\/AC","potentialAction":[{"@type":"SearchAction","target":{"@type":"EntryPoint","urlTemplate":"https:\/\/nk7-testes.com.br\/agazeta\/?s={search_term_string}"},"query-input":{"@type":"PropertyValueSpecification","valueRequired":true,"valueName":"search_term_string"}}],"inLanguage":"pt-BR"},{"@type":"Person","@id":"https:\/\/nk7-testes.com.br\/agazeta\/#\/schema\/person\/6d6e25cb0435eb4a02fd44d30b4e3020","name":"Agazeta.Net","url":"https:\/\/nk7-testes.com.br\/agazeta\/author\/agazeta\/"}]}},"_links":{"self":[{"href":"https:\/\/nk7-testes.com.br\/agazeta\/wp-json\/wp\/v2\/posts\/19943","targetHints":{"allow":["GET"]}}],"collection":[{"href":"https:\/\/nk7-testes.com.br\/agazeta\/wp-json\/wp\/v2\/posts"}],"about":[{"href":"https:\/\/nk7-testes.com.br\/agazeta\/wp-json\/wp\/v2\/types\/post"}],"author":[{"embeddable":true,"href":"https:\/\/nk7-testes.com.br\/agazeta\/wp-json\/wp\/v2\/users\/4"}],"replies":[{"embeddable":true,"href":"https:\/\/nk7-testes.com.br\/agazeta\/wp-json\/wp\/v2\/comments?post=19943"}],"version-history":[{"count":0,"href":"https:\/\/nk7-testes.com.br\/agazeta\/wp-json\/wp\/v2\/posts\/19943\/revisions"}],"wp:featuredmedia":[{"embeddable":true,"href":"https:\/\/nk7-testes.com.br\/agazeta\/wp-json\/wp\/v2\/media\/19942"}],"wp:attachment":[{"href":"https:\/\/nk7-testes.com.br\/agazeta\/wp-json\/wp\/v2\/media?parent=19943"}],"wp:term":[{"taxonomy":"category","embeddable":true,"href":"https:\/\/nk7-testes.com.br\/agazeta\/wp-json\/wp\/v2\/categories?post=19943"},{"taxonomy":"post_tag","embeddable":true,"href":"https:\/\/nk7-testes.com.br\/agazeta\/wp-json\/wp\/v2\/tags?post=19943"}],"curies":[{"name":"wp","href":"https:\/\/api.w.org\/{rel}","templated":true}]}}