{"id":19902,"date":"2015-11-28T17:51:47","date_gmt":"2015-11-28T17:51:47","guid":{"rendered":"https:\/\/abarevegan.com.br\/index.php\/2015\/11\/28\/por-que-o-estado-tem-que-produzir-porco\/"},"modified":"2015-11-28T17:51:47","modified_gmt":"2015-11-28T17:51:47","slug":"por-que-o-estado-tem-que-produzir-porco","status":"publish","type":"post","link":"https:\/\/nk7-testes.com.br\/agazeta\/por-que-o-estado-tem-que-produzir-porco\/","title":{"rendered":"Por que o Estado tem que produzir porco?"},"content":{"rendered":"<p style=\"text-align: justify;\">M\u00e3o de obra, mercados e investimentos em jogo<\/p>\n<p style=\"text-align: justify;\">Associa\u00e7\u00e3o Brasileira de Criadores de Su\u00ednos calcula que, no Brasil, a cadeia produtiva da suinocultura empregue aproximadamente 1 milh\u00e3o de pessoas. Nas regi\u00f5es do Sudeste e Sul, o capital instalado j\u00e1 conquistou mercados exigentes e, mesmo assim, os sustos s\u00e3o c\u00edclicos: 2014, por exemplo, foi um ano refer\u00eancia pela crise que se instalou.<\/p>\n<p style=\"text-align: justify;\">Somente agora, no fim de 2015, o segmento come\u00e7a a respirar um pouco mais aliviado. Se em estados como Minas Gerais e Santa Catarina, a crise na suinocultura \u00e9 c\u00edclica e muito dependente dos humores europeus (sobretudo da R\u00fassia), por que o Estado do Acre resolveu entrar nesse nicho?<\/p>\n<p style=\"text-align: justify;\">Os fatores s\u00e3o v\u00e1rios: o capitalismo estatal instalado aqui no Acre se comprometeu no palanque a apostar na industrializa\u00e7\u00e3o: h\u00e1, portanto, um compromisso de ordem pol\u00edtica em ampliar a base produtiva.<\/p>\n<p style=\"text-align: justify;\">O segundo fator guarda rela\u00e7\u00e3o com a m\u00e3o de obra. Na cadeia produtiva da suinocultura no Acre, ainda \u00e9 permitida uma m\u00e3o de obra de baixa qualifica\u00e7\u00e3o, o que est\u00e1 afinado com a realidade do setor prim\u00e1rio acriano.<\/p>\n<p style=\"text-align: justify;\">O terceiro fator tem rela\u00e7\u00e3o com a geografia. O Governo do Estado, a Ag\u00eancia de Neg\u00f3cios do Acre e os t\u00e9cnicos da Dom Porquito apostam alto na ideia de que a suinocultura daqui pode ser uma alternativa concreta para o mercado andino.<\/p>\n<p style=\"text-align: justify;\">Existe at\u00e9 alguns assessores mais empolgados que j\u00e1 falam em \u00c1sia e R\u00fassia. Mas, o bom senso prevalece e o que predomina \u00e9 a ideia de \u201cconsolidar presen\u00e7a gradual\u201d em mercados mais pr\u00f3ximos.<\/p>\n<p style=\"text-align: justify;\">Do ponto de vista estritamente mercadol\u00f3gico, a Dom Porquito tem condi\u00e7\u00f5es de se consolidar mais rapidamente do que a Peixes da Amaz\u00f4nia. Os desenhos administrativos s\u00e3o semelhantes, mas mercado do peixe \u00e9 muito mais sens\u00edvel, inst\u00e1vel e vulner\u00e1vel, comparado \u00e0 suinocultura.<\/p>\n<p style=\"text-align: justify;\">Papel do Estado<\/p>\n<p style=\"text-align: justify;\">Quando o governador Ti\u00e3o Viana descerrar a placa de inaugura\u00e7\u00e3o, uma antiga discuss\u00e3o volta ao destaque: a participa\u00e7\u00e3o do Estado, interferindo na Economia. \u00c9 papel do Estado produzir porco? Produzir peixe? Produzir galinha?<\/p>\n<p style=\"text-align: justify;\">Oficialmente, a Ag\u00eancia de Neg\u00f3cios do Acre divulga que j\u00e1 foram investidos R$ 85,1 milh\u00f5es no projeto Dom Porquito, desde a cria\u00e7\u00e3o em 2012. E mais: a previs\u00e3o \u00e9 de que outros R$ 43 milh\u00f5es sejam aplicados at\u00e9 2018.<\/p>\n<p style=\"text-align: justify;\">Desse volume de recursos, quanto h\u00e1 de dinheiro p\u00fablico? Quanto h\u00e1 da iniciativa privada? Quanto h\u00e1 do pequeno produtor?<\/p>\n<p style=\"text-align: justify;\">Por outro lado: o que fazer? Cruzar os bra\u00e7os? N\u00e3o ampliar a base de produ\u00e7\u00e3o? N\u00e3o apoiar o pequeno produtor? N\u00e3o apoiar o m\u00e9dio produtor? N\u00e3o incentivar projetos que unam tudo isso e promovam o com\u00e9rcio regional?<\/p>\n<p style=\"text-align: justify;\">Infraestrautura<\/p>\n<p style=\"text-align: justify;\">De uma responsabilidade, o Estado n\u00e3o pode fugir: garantir infraestrutura. E nesse aspecto todo o pa\u00eds vai mal. O Alto Acre sentiu, nas granjas, a falha estatal em setembro deste ano: um apag\u00e3o levou \u00e0 morte mais de 12 mil frangos.<\/p>\n<p style=\"text-align: justify;\">Os animais morreram por causa do calor. N\u00e3o houve uma auditoria que contabilizasse com seguran\u00e7a os reais preju\u00edzos: os n\u00fameros oscilam muito. Mas, o fato \u00e9 que a Acre Aves, a agroind\u00fastria que absorve a produ\u00e7\u00e3o da regi\u00e3o, foi surpreendida.<\/p>\n<p style=\"text-align: justify;\">Obs: No domingo, o site AGazeta.Net publica a terceira reportagem da s\u00e9rie sobre suinocultura no Acre.<\/p>\n","protected":false},"excerpt":{"rendered":"<p style=\"text-align: justify;\">M\u00e3o de obra, mercados e investimentos em jogo<\/p>\n","protected":false},"author":4,"featured_media":19901,"comment_status":"open","ping_status":"open","sticky":false,"template":"","format":"standard","meta":{"jnews-multi-image_gallery":[],"jnews_single_post":[],"jnews_primary_category":[],"jnews_social_meta":[],"jnews_review":[],"enable_review":"","type":"","name":"","summary":"","brand":"","sku":"","good":[],"bad":[],"score_override":"","override_value":"","rating":[],"price":[],"footnotes":""},"categories":[54],"tags":[],"class_list":["post-19902","post","type-post","status-publish","format-standard","has-post-thumbnail","hentry","category-cotidiano"],"yoast_head":"<!-- This site is optimized with the Yoast SEO plugin v26.5 - https:\/\/yoast.com\/wordpress\/plugins\/seo\/ -->\n<title>Por que o Estado tem que produzir porco? - Agazeta.net<\/title>\n<meta name=\"robots\" content=\"index, follow, max-snippet:-1, max-image-preview:large, max-video-preview:-1\" \/>\n<link rel=\"canonical\" href=\"https:\/\/nk7-testes.com.br\/agazeta\/por-que-o-estado-tem-que-produzir-porco\/\" \/>\n<meta property=\"og:locale\" content=\"pt_BR\" \/>\n<meta property=\"og:type\" content=\"article\" \/>\n<meta property=\"og:title\" content=\"Por que o Estado tem que produzir porco? - Agazeta.net\" \/>\n<meta property=\"og:description\" content=\"M\u00e3o de obra, mercados e investimentos em jogo\" \/>\n<meta property=\"og:url\" content=\"https:\/\/nk7-testes.com.br\/agazeta\/por-que-o-estado-tem-que-produzir-porco\/\" \/>\n<meta property=\"og:site_name\" content=\"Agazeta.net\" \/>\n<meta property=\"article:published_time\" content=\"2015-11-28T17:51:47+00:00\" \/>\n<meta property=\"og:image\" content=\"https:\/\/nk7-testes.com.br\/agazeta\/wp-content\/uploads\/2015\/11\/281115-cotidiano-domporquito-cedida2.jpg\" \/>\n\t<meta property=\"og:image:width\" content=\"458\" \/>\n\t<meta property=\"og:image:height\" content=\"340\" \/>\n\t<meta property=\"og:image:type\" content=\"image\/jpeg\" \/>\n<meta name=\"author\" content=\"Agazeta.Net\" \/>\n<meta name=\"twitter:card\" content=\"summary_large_image\" \/>\n<meta name=\"twitter:label1\" content=\"Escrito por\" \/>\n\t<meta name=\"twitter:data1\" content=\"Agazeta.Net\" \/>\n\t<meta name=\"twitter:label2\" content=\"Est. tempo de leitura\" \/>\n\t<meta name=\"twitter:data2\" content=\"3 minutos\" \/>\n<script type=\"application\/ld+json\" class=\"yoast-schema-graph\">{\"@context\":\"https:\/\/schema.org\",\"@graph\":[{\"@type\":\"WebPage\",\"@id\":\"https:\/\/nk7-testes.com.br\/agazeta\/por-que-o-estado-tem-que-produzir-porco\/\",\"url\":\"https:\/\/nk7-testes.com.br\/agazeta\/por-que-o-estado-tem-que-produzir-porco\/\",\"name\":\"Por que o Estado tem que produzir porco? - Agazeta.net\",\"isPartOf\":{\"@id\":\"https:\/\/nk7-testes.com.br\/agazeta\/#website\"},\"primaryImageOfPage\":{\"@id\":\"https:\/\/nk7-testes.com.br\/agazeta\/por-que-o-estado-tem-que-produzir-porco\/#primaryimage\"},\"image\":{\"@id\":\"https:\/\/nk7-testes.com.br\/agazeta\/por-que-o-estado-tem-que-produzir-porco\/#primaryimage\"},\"thumbnailUrl\":\"https:\/\/nk7-testes.com.br\/agazeta\/wp-content\/uploads\/2015\/11\/281115-cotidiano-domporquito-cedida2.jpg\",\"datePublished\":\"2015-11-28T17:51:47+00:00\",\"author\":{\"@id\":\"https:\/\/nk7-testes.com.br\/agazeta\/#\/schema\/person\/6d6e25cb0435eb4a02fd44d30b4e3020\"},\"breadcrumb\":{\"@id\":\"https:\/\/nk7-testes.com.br\/agazeta\/por-que-o-estado-tem-que-produzir-porco\/#breadcrumb\"},\"inLanguage\":\"pt-BR\",\"potentialAction\":[{\"@type\":\"ReadAction\",\"target\":[\"https:\/\/nk7-testes.com.br\/agazeta\/por-que-o-estado-tem-que-produzir-porco\/\"]}]},{\"@type\":\"ImageObject\",\"inLanguage\":\"pt-BR\",\"@id\":\"https:\/\/nk7-testes.com.br\/agazeta\/por-que-o-estado-tem-que-produzir-porco\/#primaryimage\",\"url\":\"https:\/\/nk7-testes.com.br\/agazeta\/wp-content\/uploads\/2015\/11\/281115-cotidiano-domporquito-cedida2.jpg\",\"contentUrl\":\"https:\/\/nk7-testes.com.br\/agazeta\/wp-content\/uploads\/2015\/11\/281115-cotidiano-domporquito-cedida2.jpg\",\"width\":458,\"height\":340,\"caption\":\"281115-cotidiano-domporquito-cedida2\"},{\"@type\":\"BreadcrumbList\",\"@id\":\"https:\/\/nk7-testes.com.br\/agazeta\/por-que-o-estado-tem-que-produzir-porco\/#breadcrumb\",\"itemListElement\":[{\"@type\":\"ListItem\",\"position\":1,\"name\":\"In\u00edcio\",\"item\":\"https:\/\/nk7-testes.com.br\/agazeta\/\"},{\"@type\":\"ListItem\",\"position\":2,\"name\":\"Por que o Estado tem que produzir porco?\"}]},{\"@type\":\"WebSite\",\"@id\":\"https:\/\/nk7-testes.com.br\/agazeta\/#website\",\"url\":\"https:\/\/nk7-testes.com.br\/agazeta\/\",\"name\":\"Agazeta.net\",\"description\":\"Agazeta.net - Not\u00edcias de Rio Branco\/AC\",\"potentialAction\":[{\"@type\":\"SearchAction\",\"target\":{\"@type\":\"EntryPoint\",\"urlTemplate\":\"https:\/\/nk7-testes.com.br\/agazeta\/?s={search_term_string}\"},\"query-input\":{\"@type\":\"PropertyValueSpecification\",\"valueRequired\":true,\"valueName\":\"search_term_string\"}}],\"inLanguage\":\"pt-BR\"},{\"@type\":\"Person\",\"@id\":\"https:\/\/nk7-testes.com.br\/agazeta\/#\/schema\/person\/6d6e25cb0435eb4a02fd44d30b4e3020\",\"name\":\"Agazeta.Net\",\"url\":\"https:\/\/nk7-testes.com.br\/agazeta\/author\/agazeta\/\"}]}<\/script>\n<!-- \/ Yoast SEO plugin. -->","yoast_head_json":{"title":"Por que o Estado tem que produzir porco? - Agazeta.net","robots":{"index":"index","follow":"follow","max-snippet":"max-snippet:-1","max-image-preview":"max-image-preview:large","max-video-preview":"max-video-preview:-1"},"canonical":"https:\/\/nk7-testes.com.br\/agazeta\/por-que-o-estado-tem-que-produzir-porco\/","og_locale":"pt_BR","og_type":"article","og_title":"Por que o Estado tem que produzir porco? - Agazeta.net","og_description":"M\u00e3o de obra, mercados e investimentos em jogo","og_url":"https:\/\/nk7-testes.com.br\/agazeta\/por-que-o-estado-tem-que-produzir-porco\/","og_site_name":"Agazeta.net","article_published_time":"2015-11-28T17:51:47+00:00","og_image":[{"width":458,"height":340,"url":"https:\/\/nk7-testes.com.br\/agazeta\/wp-content\/uploads\/2015\/11\/281115-cotidiano-domporquito-cedida2.jpg","type":"image\/jpeg"}],"author":"Agazeta.Net","twitter_card":"summary_large_image","twitter_misc":{"Escrito por":"Agazeta.Net","Est. tempo de leitura":"3 minutos"},"schema":{"@context":"https:\/\/schema.org","@graph":[{"@type":"WebPage","@id":"https:\/\/nk7-testes.com.br\/agazeta\/por-que-o-estado-tem-que-produzir-porco\/","url":"https:\/\/nk7-testes.com.br\/agazeta\/por-que-o-estado-tem-que-produzir-porco\/","name":"Por que o Estado tem que produzir porco? - Agazeta.net","isPartOf":{"@id":"https:\/\/nk7-testes.com.br\/agazeta\/#website"},"primaryImageOfPage":{"@id":"https:\/\/nk7-testes.com.br\/agazeta\/por-que-o-estado-tem-que-produzir-porco\/#primaryimage"},"image":{"@id":"https:\/\/nk7-testes.com.br\/agazeta\/por-que-o-estado-tem-que-produzir-porco\/#primaryimage"},"thumbnailUrl":"https:\/\/nk7-testes.com.br\/agazeta\/wp-content\/uploads\/2015\/11\/281115-cotidiano-domporquito-cedida2.jpg","datePublished":"2015-11-28T17:51:47+00:00","author":{"@id":"https:\/\/nk7-testes.com.br\/agazeta\/#\/schema\/person\/6d6e25cb0435eb4a02fd44d30b4e3020"},"breadcrumb":{"@id":"https:\/\/nk7-testes.com.br\/agazeta\/por-que-o-estado-tem-que-produzir-porco\/#breadcrumb"},"inLanguage":"pt-BR","potentialAction":[{"@type":"ReadAction","target":["https:\/\/nk7-testes.com.br\/agazeta\/por-que-o-estado-tem-que-produzir-porco\/"]}]},{"@type":"ImageObject","inLanguage":"pt-BR","@id":"https:\/\/nk7-testes.com.br\/agazeta\/por-que-o-estado-tem-que-produzir-porco\/#primaryimage","url":"https:\/\/nk7-testes.com.br\/agazeta\/wp-content\/uploads\/2015\/11\/281115-cotidiano-domporquito-cedida2.jpg","contentUrl":"https:\/\/nk7-testes.com.br\/agazeta\/wp-content\/uploads\/2015\/11\/281115-cotidiano-domporquito-cedida2.jpg","width":458,"height":340,"caption":"281115-cotidiano-domporquito-cedida2"},{"@type":"BreadcrumbList","@id":"https:\/\/nk7-testes.com.br\/agazeta\/por-que-o-estado-tem-que-produzir-porco\/#breadcrumb","itemListElement":[{"@type":"ListItem","position":1,"name":"In\u00edcio","item":"https:\/\/nk7-testes.com.br\/agazeta\/"},{"@type":"ListItem","position":2,"name":"Por que o Estado tem que produzir porco?"}]},{"@type":"WebSite","@id":"https:\/\/nk7-testes.com.br\/agazeta\/#website","url":"https:\/\/nk7-testes.com.br\/agazeta\/","name":"Agazeta.net","description":"Agazeta.net - Not\u00edcias de Rio Branco\/AC","potentialAction":[{"@type":"SearchAction","target":{"@type":"EntryPoint","urlTemplate":"https:\/\/nk7-testes.com.br\/agazeta\/?s={search_term_string}"},"query-input":{"@type":"PropertyValueSpecification","valueRequired":true,"valueName":"search_term_string"}}],"inLanguage":"pt-BR"},{"@type":"Person","@id":"https:\/\/nk7-testes.com.br\/agazeta\/#\/schema\/person\/6d6e25cb0435eb4a02fd44d30b4e3020","name":"Agazeta.Net","url":"https:\/\/nk7-testes.com.br\/agazeta\/author\/agazeta\/"}]}},"_links":{"self":[{"href":"https:\/\/nk7-testes.com.br\/agazeta\/wp-json\/wp\/v2\/posts\/19902","targetHints":{"allow":["GET"]}}],"collection":[{"href":"https:\/\/nk7-testes.com.br\/agazeta\/wp-json\/wp\/v2\/posts"}],"about":[{"href":"https:\/\/nk7-testes.com.br\/agazeta\/wp-json\/wp\/v2\/types\/post"}],"author":[{"embeddable":true,"href":"https:\/\/nk7-testes.com.br\/agazeta\/wp-json\/wp\/v2\/users\/4"}],"replies":[{"embeddable":true,"href":"https:\/\/nk7-testes.com.br\/agazeta\/wp-json\/wp\/v2\/comments?post=19902"}],"version-history":[{"count":0,"href":"https:\/\/nk7-testes.com.br\/agazeta\/wp-json\/wp\/v2\/posts\/19902\/revisions"}],"wp:featuredmedia":[{"embeddable":true,"href":"https:\/\/nk7-testes.com.br\/agazeta\/wp-json\/wp\/v2\/media\/19901"}],"wp:attachment":[{"href":"https:\/\/nk7-testes.com.br\/agazeta\/wp-json\/wp\/v2\/media?parent=19902"}],"wp:term":[{"taxonomy":"category","embeddable":true,"href":"https:\/\/nk7-testes.com.br\/agazeta\/wp-json\/wp\/v2\/categories?post=19902"},{"taxonomy":"post_tag","embeddable":true,"href":"https:\/\/nk7-testes.com.br\/agazeta\/wp-json\/wp\/v2\/tags?post=19902"}],"curies":[{"name":"wp","href":"https:\/\/api.w.org\/{rel}","templated":true}]}}