{"id":19898,"date":"2015-11-27T23:04:12","date_gmt":"2015-11-27T23:04:12","guid":{"rendered":"https:\/\/abarevegan.com.br\/index.php\/2015\/11\/27\/por-que-bolivia-e-peru-sao-mercados-estrategicos\/"},"modified":"2015-11-27T23:04:12","modified_gmt":"2015-11-27T23:04:12","slug":"por-que-bolivia-e-peru-sao-mercados-estrategicos","status":"publish","type":"post","link":"https:\/\/nk7-testes.com.br\/agazeta\/por-que-bolivia-e-peru-sao-mercados-estrategicos\/","title":{"rendered":"Por que Bol\u00edvia e Peru s\u00e3o mercados estrat\u00e9gicos?"},"content":{"rendered":"<p style=\"text-align: justify;\">Projeto acriano investe R$ 128,1 milh\u00f5es at\u00e9 2018<\/p>\n<p style=\"text-align: justify;\">No Minist\u00e9rio da Agricultura, o SIF 2524 tem identidade: Dom Porquito, o primeiro empreendimento agroindustrial do segmento no Acre com capacidade de exportar carne de porco. O projeto do governo do Acre foi conclu\u00eddo e ser\u00e1 inaugurado nesta segunda-feira com presen\u00e7a do ex-presidente Lula e v\u00e1rios governadores da regi\u00e3o.<\/p>\n<p style=\"text-align: justify;\">H\u00e1 11 produtos dispon\u00edveis no mercado local (entre cortes espec\u00edficos e defumados) feitos pela bandeira Dom Porquito que assina as marcas Mr. Pig, Sabbor e Refinatti. O projeto tem participa\u00e7\u00e3o do Governo do Acre (por meio da Ag\u00eancia de Neg\u00f3cios do Acre), capital privado e pequenos produtores.<\/p>\n<p style=\"text-align: justify;\">De acordo com a Ag\u00eancia de Neg\u00f3cios do Acre, j\u00e1 foram investidos R$ 85,1 milh\u00f5es no projeto, desde que foi criado em 2012. A previs\u00e3o \u00e9 de que outros R$ 43 milh\u00f5es sejam aplicados at\u00e9 2018.<\/p>\n<p style=\"text-align: justify;\">Mas, por que investir em setor prim\u00e1rio no Acre? A resposta pode estar bem ao lado. Os cotistas da Dom Porquito e os t\u00e9cnicos do Governo t\u00eam dois focos imediatos no com\u00e9rcio da carne su\u00edna: Bol\u00edvia e Peru.<\/p>\n<p style=\"text-align: justify;\">S\u00e3o dois pa\u00edses pobres (em algumas regi\u00f5es miser\u00e1veis at\u00e9). Mas, h\u00e1 um fato que n\u00e3o pode ser desprezado: esses dois povos consomem carne de porco. E a demanda est\u00e1 aumentando.<\/p>\n<p style=\"text-align: justify;\">A Bol\u00edvia, por exemplo, tem na carne de porco o segundo produto na pauta de importa\u00e7\u00e3o com demanda anual de US$ 3,9 milh\u00f5es em 2013. Em 2010, era de apenas US$ 583 mil.<\/p>\n<p style=\"text-align: justify;\">N\u00e3o s\u00e3o n\u00famero t\u00e3o expressivos comparados a outras regi\u00f5es do Brasil, mas o que \u00e9 preciso observar \u00e9 a tend\u00eancia de aumento na demanda. E \u00e9 fundamentado nessa expectativa que os investimentos s\u00e3o feitos.<\/p>\n<p style=\"text-align: justify;\">Peru_ O Peru \u00e9 um mercado mais delicado. \u00c9 uma das economias mais atraentes do Cone Sul para o capital estrangeiro e concretizou, em outubro deste ano, forma\u00e7\u00e3o de bloco econ\u00f4mico integrado por Estados Unidos, Jap\u00e3o e mais 9 pa\u00edses, o gigantesco Tratado de Livre Com\u00e9rcio Trans Pac\u00edfico, a resposta norteamericana \u00e0 China.<\/p>\n<p style=\"text-align: justify;\">Esses tratados dificultam a consolida\u00e7\u00e3o de empresas que n\u00e3o fazem parte do bloco. \u00c9 poss\u00edvel, por exemplo, que os Estados Unidos e Peru resolvam derrubar a zero qualquer barreira alfandeg\u00e1ria em rela\u00e7\u00e3o \u00e0 carne su\u00edna. Se isso acontecer fica mais dif\u00edcil para a empresa acriana.<\/p>\n<p style=\"text-align: justify;\">O Peru mesmo j\u00e1 produz carne su\u00edna. Em 2012, a produ\u00e7\u00e3o foi de 121 mil toneladas. O que \u00e9 pouco para uma demanda interna de 4,5 Kg per capita. Quais fatores podem ser favor\u00e1veis \u00e0 conquista de parte do mercado peruano pela Dom Porquito?<\/p>\n<p style=\"text-align: justify;\">As 600 fazendas de m\u00e9dio e grande porte do pa\u00eds est\u00e3o localizadas na regi\u00e3o costeira e n\u00e3o no interior do pa\u00eds (2 milh\u00f5es de cabe\u00e7as de su\u00ednos). Na \u00e1rea de floresta, a produ\u00e7\u00e3o est\u00e1 limitada a tr\u00eas ou quatro cidades.<\/p>\n<p style=\"text-align: justify;\">Outro ponto favor\u00e1vel \u00e0 Dom Porquito: produ\u00e7\u00e3o de milho. O Peru produz 30% das 3,2 milh\u00f5es de toneladas consumidas anualmente. Na pr\u00e1tica, o pa\u00eds fica \u00e0 merc\u00ea do mercado internacional. Essa limita\u00e7\u00e3o, inclusive, j\u00e1 chamou aten\u00e7\u00e3o de produtores de milho do Acre que iniciam 2016 com exporta\u00e7\u00e3o de milho triturado para cooperativas peruanas.<\/p>\n<p style=\"text-align: justify;\">Neste s\u00e1bado, o site agazeta.net publica segunda mat\u00e9ria sobre o empreendimento Dom Porquito e o cen\u00e1rio do com\u00e9rcio de carne su\u00edna na regi\u00e3o.<\/p>\n","protected":false},"excerpt":{"rendered":"<p style=\"text-align: justify;\">Projeto acriano investe R$ 128,1 milh\u00f5es at\u00e9 2018<\/p>\n","protected":false},"author":4,"featured_media":19897,"comment_status":"open","ping_status":"open","sticky":false,"template":"","format":"standard","meta":{"jnews-multi-image_gallery":[],"jnews_single_post":[],"jnews_primary_category":[],"jnews_social_meta":[],"jnews_review":[],"enable_review":"","type":"","name":"","summary":"","brand":"","sku":"","good":[],"bad":[],"score_override":"","override_value":"","rating":[],"price":[],"footnotes":""},"categories":[54],"tags":[],"class_list":["post-19898","post","type-post","status-publish","format-standard","has-post-thumbnail","hentry","category-cotidiano"],"yoast_head":"<!-- This site is optimized with the Yoast SEO plugin v26.5 - https:\/\/yoast.com\/wordpress\/plugins\/seo\/ -->\n<title>Por que Bol\u00edvia e Peru s\u00e3o mercados estrat\u00e9gicos? - Agazeta.net<\/title>\n<meta name=\"robots\" content=\"index, follow, max-snippet:-1, max-image-preview:large, max-video-preview:-1\" \/>\n<link rel=\"canonical\" href=\"https:\/\/nk7-testes.com.br\/agazeta\/por-que-bolivia-e-peru-sao-mercados-estrategicos\/\" \/>\n<meta property=\"og:locale\" content=\"pt_BR\" \/>\n<meta property=\"og:type\" content=\"article\" \/>\n<meta property=\"og:title\" content=\"Por que Bol\u00edvia e Peru s\u00e3o mercados estrat\u00e9gicos? - Agazeta.net\" \/>\n<meta property=\"og:description\" content=\"Projeto acriano investe R$ 128,1 milh\u00f5es at\u00e9 2018\" \/>\n<meta property=\"og:url\" content=\"https:\/\/nk7-testes.com.br\/agazeta\/por-que-bolivia-e-peru-sao-mercados-estrategicos\/\" \/>\n<meta property=\"og:site_name\" content=\"Agazeta.net\" \/>\n<meta property=\"article:published_time\" content=\"2015-11-27T23:04:12+00:00\" \/>\n<meta property=\"og:image\" content=\"https:\/\/nk7-testes.com.br\/agazeta\/wp-content\/uploads\/2015\/11\/271115-cotidiano-domporquito-cedida.jpg\" \/>\n\t<meta property=\"og:image:width\" content=\"458\" \/>\n\t<meta property=\"og:image:height\" content=\"340\" \/>\n\t<meta property=\"og:image:type\" content=\"image\/jpeg\" \/>\n<meta name=\"author\" content=\"Agazeta.Net\" \/>\n<meta name=\"twitter:card\" content=\"summary_large_image\" \/>\n<meta name=\"twitter:label1\" content=\"Escrito por\" \/>\n\t<meta name=\"twitter:data1\" content=\"Agazeta.Net\" \/>\n\t<meta name=\"twitter:label2\" content=\"Est. tempo de leitura\" \/>\n\t<meta name=\"twitter:data2\" content=\"3 minutos\" \/>\n<script type=\"application\/ld+json\" class=\"yoast-schema-graph\">{\"@context\":\"https:\/\/schema.org\",\"@graph\":[{\"@type\":\"WebPage\",\"@id\":\"https:\/\/nk7-testes.com.br\/agazeta\/por-que-bolivia-e-peru-sao-mercados-estrategicos\/\",\"url\":\"https:\/\/nk7-testes.com.br\/agazeta\/por-que-bolivia-e-peru-sao-mercados-estrategicos\/\",\"name\":\"Por que Bol\u00edvia e Peru s\u00e3o mercados estrat\u00e9gicos? - Agazeta.net\",\"isPartOf\":{\"@id\":\"https:\/\/nk7-testes.com.br\/agazeta\/#website\"},\"primaryImageOfPage\":{\"@id\":\"https:\/\/nk7-testes.com.br\/agazeta\/por-que-bolivia-e-peru-sao-mercados-estrategicos\/#primaryimage\"},\"image\":{\"@id\":\"https:\/\/nk7-testes.com.br\/agazeta\/por-que-bolivia-e-peru-sao-mercados-estrategicos\/#primaryimage\"},\"thumbnailUrl\":\"https:\/\/nk7-testes.com.br\/agazeta\/wp-content\/uploads\/2015\/11\/271115-cotidiano-domporquito-cedida.jpg\",\"datePublished\":\"2015-11-27T23:04:12+00:00\",\"author\":{\"@id\":\"https:\/\/nk7-testes.com.br\/agazeta\/#\/schema\/person\/6d6e25cb0435eb4a02fd44d30b4e3020\"},\"breadcrumb\":{\"@id\":\"https:\/\/nk7-testes.com.br\/agazeta\/por-que-bolivia-e-peru-sao-mercados-estrategicos\/#breadcrumb\"},\"inLanguage\":\"pt-BR\",\"potentialAction\":[{\"@type\":\"ReadAction\",\"target\":[\"https:\/\/nk7-testes.com.br\/agazeta\/por-que-bolivia-e-peru-sao-mercados-estrategicos\/\"]}]},{\"@type\":\"ImageObject\",\"inLanguage\":\"pt-BR\",\"@id\":\"https:\/\/nk7-testes.com.br\/agazeta\/por-que-bolivia-e-peru-sao-mercados-estrategicos\/#primaryimage\",\"url\":\"https:\/\/nk7-testes.com.br\/agazeta\/wp-content\/uploads\/2015\/11\/271115-cotidiano-domporquito-cedida.jpg\",\"contentUrl\":\"https:\/\/nk7-testes.com.br\/agazeta\/wp-content\/uploads\/2015\/11\/271115-cotidiano-domporquito-cedida.jpg\",\"width\":458,\"height\":340,\"caption\":\"271115-cotidiano-domporquito-cedida\"},{\"@type\":\"BreadcrumbList\",\"@id\":\"https:\/\/nk7-testes.com.br\/agazeta\/por-que-bolivia-e-peru-sao-mercados-estrategicos\/#breadcrumb\",\"itemListElement\":[{\"@type\":\"ListItem\",\"position\":1,\"name\":\"In\u00edcio\",\"item\":\"https:\/\/nk7-testes.com.br\/agazeta\/\"},{\"@type\":\"ListItem\",\"position\":2,\"name\":\"Por que Bol\u00edvia e Peru s\u00e3o mercados estrat\u00e9gicos?\"}]},{\"@type\":\"WebSite\",\"@id\":\"https:\/\/nk7-testes.com.br\/agazeta\/#website\",\"url\":\"https:\/\/nk7-testes.com.br\/agazeta\/\",\"name\":\"Agazeta.net\",\"description\":\"Agazeta.net - Not\u00edcias de Rio Branco\/AC\",\"potentialAction\":[{\"@type\":\"SearchAction\",\"target\":{\"@type\":\"EntryPoint\",\"urlTemplate\":\"https:\/\/nk7-testes.com.br\/agazeta\/?s={search_term_string}\"},\"query-input\":{\"@type\":\"PropertyValueSpecification\",\"valueRequired\":true,\"valueName\":\"search_term_string\"}}],\"inLanguage\":\"pt-BR\"},{\"@type\":\"Person\",\"@id\":\"https:\/\/nk7-testes.com.br\/agazeta\/#\/schema\/person\/6d6e25cb0435eb4a02fd44d30b4e3020\",\"name\":\"Agazeta.Net\",\"url\":\"https:\/\/nk7-testes.com.br\/agazeta\/author\/agazeta\/\"}]}<\/script>\n<!-- \/ Yoast SEO plugin. -->","yoast_head_json":{"title":"Por que Bol\u00edvia e Peru s\u00e3o mercados estrat\u00e9gicos? - Agazeta.net","robots":{"index":"index","follow":"follow","max-snippet":"max-snippet:-1","max-image-preview":"max-image-preview:large","max-video-preview":"max-video-preview:-1"},"canonical":"https:\/\/nk7-testes.com.br\/agazeta\/por-que-bolivia-e-peru-sao-mercados-estrategicos\/","og_locale":"pt_BR","og_type":"article","og_title":"Por que Bol\u00edvia e Peru s\u00e3o mercados estrat\u00e9gicos? - Agazeta.net","og_description":"Projeto acriano investe R$ 128,1 milh\u00f5es at\u00e9 2018","og_url":"https:\/\/nk7-testes.com.br\/agazeta\/por-que-bolivia-e-peru-sao-mercados-estrategicos\/","og_site_name":"Agazeta.net","article_published_time":"2015-11-27T23:04:12+00:00","og_image":[{"width":458,"height":340,"url":"https:\/\/nk7-testes.com.br\/agazeta\/wp-content\/uploads\/2015\/11\/271115-cotidiano-domporquito-cedida.jpg","type":"image\/jpeg"}],"author":"Agazeta.Net","twitter_card":"summary_large_image","twitter_misc":{"Escrito por":"Agazeta.Net","Est. tempo de leitura":"3 minutos"},"schema":{"@context":"https:\/\/schema.org","@graph":[{"@type":"WebPage","@id":"https:\/\/nk7-testes.com.br\/agazeta\/por-que-bolivia-e-peru-sao-mercados-estrategicos\/","url":"https:\/\/nk7-testes.com.br\/agazeta\/por-que-bolivia-e-peru-sao-mercados-estrategicos\/","name":"Por que Bol\u00edvia e Peru s\u00e3o mercados estrat\u00e9gicos? - Agazeta.net","isPartOf":{"@id":"https:\/\/nk7-testes.com.br\/agazeta\/#website"},"primaryImageOfPage":{"@id":"https:\/\/nk7-testes.com.br\/agazeta\/por-que-bolivia-e-peru-sao-mercados-estrategicos\/#primaryimage"},"image":{"@id":"https:\/\/nk7-testes.com.br\/agazeta\/por-que-bolivia-e-peru-sao-mercados-estrategicos\/#primaryimage"},"thumbnailUrl":"https:\/\/nk7-testes.com.br\/agazeta\/wp-content\/uploads\/2015\/11\/271115-cotidiano-domporquito-cedida.jpg","datePublished":"2015-11-27T23:04:12+00:00","author":{"@id":"https:\/\/nk7-testes.com.br\/agazeta\/#\/schema\/person\/6d6e25cb0435eb4a02fd44d30b4e3020"},"breadcrumb":{"@id":"https:\/\/nk7-testes.com.br\/agazeta\/por-que-bolivia-e-peru-sao-mercados-estrategicos\/#breadcrumb"},"inLanguage":"pt-BR","potentialAction":[{"@type":"ReadAction","target":["https:\/\/nk7-testes.com.br\/agazeta\/por-que-bolivia-e-peru-sao-mercados-estrategicos\/"]}]},{"@type":"ImageObject","inLanguage":"pt-BR","@id":"https:\/\/nk7-testes.com.br\/agazeta\/por-que-bolivia-e-peru-sao-mercados-estrategicos\/#primaryimage","url":"https:\/\/nk7-testes.com.br\/agazeta\/wp-content\/uploads\/2015\/11\/271115-cotidiano-domporquito-cedida.jpg","contentUrl":"https:\/\/nk7-testes.com.br\/agazeta\/wp-content\/uploads\/2015\/11\/271115-cotidiano-domporquito-cedida.jpg","width":458,"height":340,"caption":"271115-cotidiano-domporquito-cedida"},{"@type":"BreadcrumbList","@id":"https:\/\/nk7-testes.com.br\/agazeta\/por-que-bolivia-e-peru-sao-mercados-estrategicos\/#breadcrumb","itemListElement":[{"@type":"ListItem","position":1,"name":"In\u00edcio","item":"https:\/\/nk7-testes.com.br\/agazeta\/"},{"@type":"ListItem","position":2,"name":"Por que Bol\u00edvia e Peru s\u00e3o mercados estrat\u00e9gicos?"}]},{"@type":"WebSite","@id":"https:\/\/nk7-testes.com.br\/agazeta\/#website","url":"https:\/\/nk7-testes.com.br\/agazeta\/","name":"Agazeta.net","description":"Agazeta.net - Not\u00edcias de Rio Branco\/AC","potentialAction":[{"@type":"SearchAction","target":{"@type":"EntryPoint","urlTemplate":"https:\/\/nk7-testes.com.br\/agazeta\/?s={search_term_string}"},"query-input":{"@type":"PropertyValueSpecification","valueRequired":true,"valueName":"search_term_string"}}],"inLanguage":"pt-BR"},{"@type":"Person","@id":"https:\/\/nk7-testes.com.br\/agazeta\/#\/schema\/person\/6d6e25cb0435eb4a02fd44d30b4e3020","name":"Agazeta.Net","url":"https:\/\/nk7-testes.com.br\/agazeta\/author\/agazeta\/"}]}},"_links":{"self":[{"href":"https:\/\/nk7-testes.com.br\/agazeta\/wp-json\/wp\/v2\/posts\/19898","targetHints":{"allow":["GET"]}}],"collection":[{"href":"https:\/\/nk7-testes.com.br\/agazeta\/wp-json\/wp\/v2\/posts"}],"about":[{"href":"https:\/\/nk7-testes.com.br\/agazeta\/wp-json\/wp\/v2\/types\/post"}],"author":[{"embeddable":true,"href":"https:\/\/nk7-testes.com.br\/agazeta\/wp-json\/wp\/v2\/users\/4"}],"replies":[{"embeddable":true,"href":"https:\/\/nk7-testes.com.br\/agazeta\/wp-json\/wp\/v2\/comments?post=19898"}],"version-history":[{"count":0,"href":"https:\/\/nk7-testes.com.br\/agazeta\/wp-json\/wp\/v2\/posts\/19898\/revisions"}],"wp:featuredmedia":[{"embeddable":true,"href":"https:\/\/nk7-testes.com.br\/agazeta\/wp-json\/wp\/v2\/media\/19897"}],"wp:attachment":[{"href":"https:\/\/nk7-testes.com.br\/agazeta\/wp-json\/wp\/v2\/media?parent=19898"}],"wp:term":[{"taxonomy":"category","embeddable":true,"href":"https:\/\/nk7-testes.com.br\/agazeta\/wp-json\/wp\/v2\/categories?post=19898"},{"taxonomy":"post_tag","embeddable":true,"href":"https:\/\/nk7-testes.com.br\/agazeta\/wp-json\/wp\/v2\/tags?post=19898"}],"curies":[{"name":"wp","href":"https:\/\/api.w.org\/{rel}","templated":true}]}}