{"id":19895,"date":"2015-11-27T20:50:40","date_gmt":"2015-11-27T20:50:40","guid":{"rendered":"https:\/\/abarevegan.com.br\/index.php\/2015\/11\/27\/moradores-do-ramal-do-tuffic-vao-ser-despejados\/"},"modified":"2015-11-27T20:50:40","modified_gmt":"2015-11-27T20:50:40","slug":"moradores-do-ramal-do-tuffic-vao-ser-despejados","status":"publish","type":"post","link":"https:\/\/nk7-testes.com.br\/agazeta\/moradores-do-ramal-do-tuffic-vao-ser-despejados\/","title":{"rendered":"Moradores do Ramal do Tuffic v\u00e3o ser despejados"},"content":{"rendered":"<p style=\"text-align: justify;\">Justi\u00e7a garantiu reintegra\u00e7\u00e3o de posse<\/p>\n<p style=\"text-align: justify;\">Moradores do Ramal Tuffic, localizado na Estrada Irineu Serra, estiveram na manh\u00e3 desta sexta-feira, (27) no F\u00f3rum Bar\u00e3o do Rio Branco, para participar de uma audi\u00eancia com a ju\u00edza que expediu mandado de reintegra\u00e7\u00e3o de posse, onde 76 fam\u00edlias seriam prejudicadas.<\/p>\n<p style=\"text-align: justify;\">No documento, um advogado e pecuarista reivindica a \u00e1rea de terra. Segundo os posseiros, muitas fam\u00edlias se instalaram no local h\u00e1 quase 20 anos e foram surpreendidas com o mandado.<\/p>\n<p style=\"text-align: justify;\">\u201cEu cheguei em casa depois do trabalho e me encontrei com um oficial de Justi\u00e7a entregando esse documento para todo mundo. N\u00e3o tivemos a visita de ningu\u00e9m da Justi\u00e7a, de \u00f3rg\u00e3o nenhum sequer\u201d, afirma o posseiro Sebasti\u00e3o da Silva. De acordo com ele, a fam\u00edlia se estabeleceu no local h\u00e1 17 anos.<\/p>\n<p style=\"text-align: justify;\">De acordo com a comiss\u00e3o de moradores, que se preparou para conversar com a magistrada, houve uma consulta na prefeitura e foi verificado que a \u00e1rea pertence ao munic\u00edpio.<\/p>\n<p style=\"text-align: justify;\">\u201cN\u00f3s temos c\u00f3pia desse documento. Somos da agricultura familiar, temos nossa planta\u00e7\u00e3o, j\u00e1 fizemos at\u00e9 financiamento em banco. Que banco financia dinheiro em uma terra que n\u00e3o \u00e9 do cidad\u00e3o\u201d, questiona Luiz Almeida.<\/p>\n<p style=\"text-align: justify;\">A ordem de reintegra\u00e7\u00e3o de posse estipula 10 dias para que a \u00e1rea seja desocupada. As fam\u00edlias alegam que n\u00e3o podem contratar advogado para se defender judicialmente.<\/p>\n","protected":false},"excerpt":{"rendered":"<p style=\"text-align: justify;\">Justi\u00e7a garantiu reintegra\u00e7\u00e3o de posse<\/p>\n","protected":false},"author":4,"featured_media":19894,"comment_status":"open","ping_status":"open","sticky":false,"template":"","format":"standard","meta":{"jnews-multi-image_gallery":[],"jnews_single_post":[],"jnews_primary_category":[],"jnews_social_meta":[],"jnews_review":[],"enable_review":"","type":"","name":"","summary":"","brand":"","sku":"","good":[],"bad":[],"score_override":"","override_value":"","rating":[],"price":[],"footnotes":""},"categories":[54],"tags":[],"class_list":["post-19895","post","type-post","status-publish","format-standard","has-post-thumbnail","hentry","category-cotidiano"],"yoast_head":"<!-- This site is optimized with the Yoast SEO plugin v26.5 - https:\/\/yoast.com\/wordpress\/plugins\/seo\/ -->\n<title>Moradores do Ramal do Tuffic v\u00e3o ser despejados - Agazeta.net<\/title>\n<meta name=\"robots\" content=\"index, follow, max-snippet:-1, max-image-preview:large, max-video-preview:-1\" \/>\n<link rel=\"canonical\" href=\"https:\/\/nk7-testes.com.br\/agazeta\/moradores-do-ramal-do-tuffic-vao-ser-despejados\/\" \/>\n<meta property=\"og:locale\" content=\"pt_BR\" \/>\n<meta property=\"og:type\" content=\"article\" \/>\n<meta property=\"og:title\" content=\"Moradores do Ramal do Tuffic v\u00e3o ser despejados - Agazeta.net\" \/>\n<meta property=\"og:description\" content=\"Justi\u00e7a garantiu reintegra\u00e7\u00e3o de posse\" \/>\n<meta property=\"og:url\" content=\"https:\/\/nk7-testes.com.br\/agazeta\/moradores-do-ramal-do-tuffic-vao-ser-despejados\/\" \/>\n<meta property=\"og:site_name\" content=\"Agazeta.net\" \/>\n<meta property=\"article:published_time\" content=\"2015-11-27T20:50:40+00:00\" \/>\n<meta property=\"og:image\" content=\"https:\/\/nk7-testes.com.br\/agazeta\/wp-content\/uploads\/2015\/11\/271115-cotidiano-posseiorsdotuffic-tvgazeta2.jpg\" \/>\n\t<meta property=\"og:image:width\" content=\"458\" \/>\n\t<meta property=\"og:image:height\" content=\"340\" \/>\n\t<meta property=\"og:image:type\" content=\"image\/jpeg\" \/>\n<meta name=\"author\" content=\"Agazeta.Net\" \/>\n<meta name=\"twitter:card\" content=\"summary_large_image\" \/>\n<meta name=\"twitter:label1\" content=\"Escrito por\" \/>\n\t<meta name=\"twitter:data1\" content=\"Agazeta.Net\" \/>\n\t<meta name=\"twitter:label2\" content=\"Est. tempo de leitura\" \/>\n\t<meta name=\"twitter:data2\" content=\"1 minuto\" \/>\n<script type=\"application\/ld+json\" class=\"yoast-schema-graph\">{\"@context\":\"https:\/\/schema.org\",\"@graph\":[{\"@type\":\"WebPage\",\"@id\":\"https:\/\/nk7-testes.com.br\/agazeta\/moradores-do-ramal-do-tuffic-vao-ser-despejados\/\",\"url\":\"https:\/\/nk7-testes.com.br\/agazeta\/moradores-do-ramal-do-tuffic-vao-ser-despejados\/\",\"name\":\"Moradores do Ramal do Tuffic v\u00e3o ser despejados - Agazeta.net\",\"isPartOf\":{\"@id\":\"https:\/\/nk7-testes.com.br\/agazeta\/#website\"},\"primaryImageOfPage\":{\"@id\":\"https:\/\/nk7-testes.com.br\/agazeta\/moradores-do-ramal-do-tuffic-vao-ser-despejados\/#primaryimage\"},\"image\":{\"@id\":\"https:\/\/nk7-testes.com.br\/agazeta\/moradores-do-ramal-do-tuffic-vao-ser-despejados\/#primaryimage\"},\"thumbnailUrl\":\"https:\/\/nk7-testes.com.br\/agazeta\/wp-content\/uploads\/2015\/11\/271115-cotidiano-posseiorsdotuffic-tvgazeta2.jpg\",\"datePublished\":\"2015-11-27T20:50:40+00:00\",\"author\":{\"@id\":\"https:\/\/nk7-testes.com.br\/agazeta\/#\/schema\/person\/6d6e25cb0435eb4a02fd44d30b4e3020\"},\"breadcrumb\":{\"@id\":\"https:\/\/nk7-testes.com.br\/agazeta\/moradores-do-ramal-do-tuffic-vao-ser-despejados\/#breadcrumb\"},\"inLanguage\":\"pt-BR\",\"potentialAction\":[{\"@type\":\"ReadAction\",\"target\":[\"https:\/\/nk7-testes.com.br\/agazeta\/moradores-do-ramal-do-tuffic-vao-ser-despejados\/\"]}]},{\"@type\":\"ImageObject\",\"inLanguage\":\"pt-BR\",\"@id\":\"https:\/\/nk7-testes.com.br\/agazeta\/moradores-do-ramal-do-tuffic-vao-ser-despejados\/#primaryimage\",\"url\":\"https:\/\/nk7-testes.com.br\/agazeta\/wp-content\/uploads\/2015\/11\/271115-cotidiano-posseiorsdotuffic-tvgazeta2.jpg\",\"contentUrl\":\"https:\/\/nk7-testes.com.br\/agazeta\/wp-content\/uploads\/2015\/11\/271115-cotidiano-posseiorsdotuffic-tvgazeta2.jpg\",\"width\":458,\"height\":340,\"caption\":\"271115-cotidiano-posseiorsdotuffic-tvgazeta2\"},{\"@type\":\"BreadcrumbList\",\"@id\":\"https:\/\/nk7-testes.com.br\/agazeta\/moradores-do-ramal-do-tuffic-vao-ser-despejados\/#breadcrumb\",\"itemListElement\":[{\"@type\":\"ListItem\",\"position\":1,\"name\":\"In\u00edcio\",\"item\":\"https:\/\/nk7-testes.com.br\/agazeta\/\"},{\"@type\":\"ListItem\",\"position\":2,\"name\":\"Moradores do Ramal do Tuffic v\u00e3o ser despejados\"}]},{\"@type\":\"WebSite\",\"@id\":\"https:\/\/nk7-testes.com.br\/agazeta\/#website\",\"url\":\"https:\/\/nk7-testes.com.br\/agazeta\/\",\"name\":\"Agazeta.net\",\"description\":\"Agazeta.net - Not\u00edcias de Rio Branco\/AC\",\"potentialAction\":[{\"@type\":\"SearchAction\",\"target\":{\"@type\":\"EntryPoint\",\"urlTemplate\":\"https:\/\/nk7-testes.com.br\/agazeta\/?s={search_term_string}\"},\"query-input\":{\"@type\":\"PropertyValueSpecification\",\"valueRequired\":true,\"valueName\":\"search_term_string\"}}],\"inLanguage\":\"pt-BR\"},{\"@type\":\"Person\",\"@id\":\"https:\/\/nk7-testes.com.br\/agazeta\/#\/schema\/person\/6d6e25cb0435eb4a02fd44d30b4e3020\",\"name\":\"Agazeta.Net\",\"url\":\"https:\/\/nk7-testes.com.br\/agazeta\/author\/agazeta\/\"}]}<\/script>\n<!-- \/ Yoast SEO plugin. -->","yoast_head_json":{"title":"Moradores do Ramal do Tuffic v\u00e3o ser despejados - Agazeta.net","robots":{"index":"index","follow":"follow","max-snippet":"max-snippet:-1","max-image-preview":"max-image-preview:large","max-video-preview":"max-video-preview:-1"},"canonical":"https:\/\/nk7-testes.com.br\/agazeta\/moradores-do-ramal-do-tuffic-vao-ser-despejados\/","og_locale":"pt_BR","og_type":"article","og_title":"Moradores do Ramal do Tuffic v\u00e3o ser despejados - Agazeta.net","og_description":"Justi\u00e7a garantiu reintegra\u00e7\u00e3o de posse","og_url":"https:\/\/nk7-testes.com.br\/agazeta\/moradores-do-ramal-do-tuffic-vao-ser-despejados\/","og_site_name":"Agazeta.net","article_published_time":"2015-11-27T20:50:40+00:00","og_image":[{"width":458,"height":340,"url":"https:\/\/nk7-testes.com.br\/agazeta\/wp-content\/uploads\/2015\/11\/271115-cotidiano-posseiorsdotuffic-tvgazeta2.jpg","type":"image\/jpeg"}],"author":"Agazeta.Net","twitter_card":"summary_large_image","twitter_misc":{"Escrito por":"Agazeta.Net","Est. tempo de leitura":"1 minuto"},"schema":{"@context":"https:\/\/schema.org","@graph":[{"@type":"WebPage","@id":"https:\/\/nk7-testes.com.br\/agazeta\/moradores-do-ramal-do-tuffic-vao-ser-despejados\/","url":"https:\/\/nk7-testes.com.br\/agazeta\/moradores-do-ramal-do-tuffic-vao-ser-despejados\/","name":"Moradores do Ramal do Tuffic v\u00e3o ser despejados - Agazeta.net","isPartOf":{"@id":"https:\/\/nk7-testes.com.br\/agazeta\/#website"},"primaryImageOfPage":{"@id":"https:\/\/nk7-testes.com.br\/agazeta\/moradores-do-ramal-do-tuffic-vao-ser-despejados\/#primaryimage"},"image":{"@id":"https:\/\/nk7-testes.com.br\/agazeta\/moradores-do-ramal-do-tuffic-vao-ser-despejados\/#primaryimage"},"thumbnailUrl":"https:\/\/nk7-testes.com.br\/agazeta\/wp-content\/uploads\/2015\/11\/271115-cotidiano-posseiorsdotuffic-tvgazeta2.jpg","datePublished":"2015-11-27T20:50:40+00:00","author":{"@id":"https:\/\/nk7-testes.com.br\/agazeta\/#\/schema\/person\/6d6e25cb0435eb4a02fd44d30b4e3020"},"breadcrumb":{"@id":"https:\/\/nk7-testes.com.br\/agazeta\/moradores-do-ramal-do-tuffic-vao-ser-despejados\/#breadcrumb"},"inLanguage":"pt-BR","potentialAction":[{"@type":"ReadAction","target":["https:\/\/nk7-testes.com.br\/agazeta\/moradores-do-ramal-do-tuffic-vao-ser-despejados\/"]}]},{"@type":"ImageObject","inLanguage":"pt-BR","@id":"https:\/\/nk7-testes.com.br\/agazeta\/moradores-do-ramal-do-tuffic-vao-ser-despejados\/#primaryimage","url":"https:\/\/nk7-testes.com.br\/agazeta\/wp-content\/uploads\/2015\/11\/271115-cotidiano-posseiorsdotuffic-tvgazeta2.jpg","contentUrl":"https:\/\/nk7-testes.com.br\/agazeta\/wp-content\/uploads\/2015\/11\/271115-cotidiano-posseiorsdotuffic-tvgazeta2.jpg","width":458,"height":340,"caption":"271115-cotidiano-posseiorsdotuffic-tvgazeta2"},{"@type":"BreadcrumbList","@id":"https:\/\/nk7-testes.com.br\/agazeta\/moradores-do-ramal-do-tuffic-vao-ser-despejados\/#breadcrumb","itemListElement":[{"@type":"ListItem","position":1,"name":"In\u00edcio","item":"https:\/\/nk7-testes.com.br\/agazeta\/"},{"@type":"ListItem","position":2,"name":"Moradores do Ramal do Tuffic v\u00e3o ser despejados"}]},{"@type":"WebSite","@id":"https:\/\/nk7-testes.com.br\/agazeta\/#website","url":"https:\/\/nk7-testes.com.br\/agazeta\/","name":"Agazeta.net","description":"Agazeta.net - Not\u00edcias de Rio Branco\/AC","potentialAction":[{"@type":"SearchAction","target":{"@type":"EntryPoint","urlTemplate":"https:\/\/nk7-testes.com.br\/agazeta\/?s={search_term_string}"},"query-input":{"@type":"PropertyValueSpecification","valueRequired":true,"valueName":"search_term_string"}}],"inLanguage":"pt-BR"},{"@type":"Person","@id":"https:\/\/nk7-testes.com.br\/agazeta\/#\/schema\/person\/6d6e25cb0435eb4a02fd44d30b4e3020","name":"Agazeta.Net","url":"https:\/\/nk7-testes.com.br\/agazeta\/author\/agazeta\/"}]}},"_links":{"self":[{"href":"https:\/\/nk7-testes.com.br\/agazeta\/wp-json\/wp\/v2\/posts\/19895","targetHints":{"allow":["GET"]}}],"collection":[{"href":"https:\/\/nk7-testes.com.br\/agazeta\/wp-json\/wp\/v2\/posts"}],"about":[{"href":"https:\/\/nk7-testes.com.br\/agazeta\/wp-json\/wp\/v2\/types\/post"}],"author":[{"embeddable":true,"href":"https:\/\/nk7-testes.com.br\/agazeta\/wp-json\/wp\/v2\/users\/4"}],"replies":[{"embeddable":true,"href":"https:\/\/nk7-testes.com.br\/agazeta\/wp-json\/wp\/v2\/comments?post=19895"}],"version-history":[{"count":0,"href":"https:\/\/nk7-testes.com.br\/agazeta\/wp-json\/wp\/v2\/posts\/19895\/revisions"}],"wp:featuredmedia":[{"embeddable":true,"href":"https:\/\/nk7-testes.com.br\/agazeta\/wp-json\/wp\/v2\/media\/19894"}],"wp:attachment":[{"href":"https:\/\/nk7-testes.com.br\/agazeta\/wp-json\/wp\/v2\/media?parent=19895"}],"wp:term":[{"taxonomy":"category","embeddable":true,"href":"https:\/\/nk7-testes.com.br\/agazeta\/wp-json\/wp\/v2\/categories?post=19895"},{"taxonomy":"post_tag","embeddable":true,"href":"https:\/\/nk7-testes.com.br\/agazeta\/wp-json\/wp\/v2\/tags?post=19895"}],"curies":[{"name":"wp","href":"https:\/\/api.w.org\/{rel}","templated":true}]}}