{"id":19893,"date":"2015-11-27T20:34:20","date_gmt":"2015-11-27T20:34:20","guid":{"rendered":"https:\/\/abarevegan.com.br\/index.php\/2015\/11\/27\/acre-contra-o-cancer-338-mortes-em-2014\/"},"modified":"2015-11-27T20:34:20","modified_gmt":"2015-11-27T20:34:20","slug":"acre-contra-o-cancer-338-mortes-em-2014","status":"publish","type":"post","link":"https:\/\/nk7-testes.com.br\/agazeta\/acre-contra-o-cancer-338-mortes-em-2014\/","title":{"rendered":"Acre contra o c\u00e2ncer: 338 mortes em 2014"},"content":{"rendered":"<p style=\"text-align: justify;\"><span style=\"font-size: 12pt; line-height: 115%; font-family: 'Times New Roman', serif;\"><\/span><\/p>\n<p style=\"text-align: justify;\">Dia Nacional de Combate ao C\u00e2ncer<\/p>\n<p style=\"text-align: justify;\"><span style=\"font-size: 12pt; line-height: 115%; font-family: 'Times New Roman', serif;\"><\/span><\/p>\n<p style=\"text-align: justify;\">Dia Nacional de Combate ao C\u00e2ncer \u00e9 marcado por palestras e atendimentos em unidade de sa\u00fade de Rio Branco. A iniciativa teve objetivo de alertar pacientes para a\u00e7\u00f5es de preven\u00e7\u00e3o \u00e0 doen\u00e7a que podem significar maiores chances de cura para quem adquirir a doen\u00e7a.<\/p>\n<p style=\"text-align: justify;\"><span style=\"font-size: 12pt; line-height: 115%; font-family: 'Times New Roman', serif;\"><\/span><\/p>\n<p style=\"text-align: justify;\">A unidade de refer\u00eancia Eduardo Assmar, localizada no Bairro 15, foi o local escolhido pela Secretaria de Sa\u00fade de Rio Branco para promover a atividade alusiva ao dia nacional de combate ao c\u00e2ncer. Usu\u00e1rios da comunidade, homens e mulheres, foram convidados a participar do evento, que tratou sobre os diferentes tipos de c\u00e2ncer.<\/p>\n<p style=\"text-align: justify;\"><span style=\"font-size: 12pt; line-height: 115%; font-family: 'Times New Roman', serif;\"><\/span><\/p>\n<p style=\"text-align: justify;\">\u201cN\u00f3s estamos com palestras de orienta\u00e7\u00e3o com profissionais do Hospital do C\u00e2ncer, com nossos profissionais do estado e munic\u00edpio, e fazendo atendimento m\u00e9dico e de enfermagem para fazer exames. Caso identifiquemos algum problema, encaminharemos para o devido tratamento\u201d, disse o secret\u00e1rio de Sa\u00fade de Rio Branco, Oteniel Almeida.<\/p>\n<p style=\"text-align: justify;\"><span style=\"font-size: 12pt; line-height: 115%; font-family: 'Times New Roman', serif;\"><\/span><\/p>\n<p style=\"text-align: justify;\">O c\u00e2ncer \u00e9 a segunda principal causa de morte no Brasil, atr\u00e1s apenas das doen\u00e7as cardiovasculares. No Acre, em 2012, entre as mulheres, foram registrados 385 casos. Em 2013, foram 367 e em 2014, 366. Os tipos mais comuns s\u00e3o de colo de \u00fatero e mama.<br \/>Entre os homens, a maior incid\u00eancia \u00e9 de c\u00e2ncer de pr\u00f3stata, seguido pelos de est\u00f4mago e pele. Em 2012, foram registrados 305 casos entre o p\u00fablico masculino. Em 2013, 256 e, em 2014, 338. Fazendo uma compara\u00e7\u00e3o, o n\u00famero de casos entre homens e mulheres \u00e9 semelhante, no decorrer dos anos.<\/p>\n<p style=\"text-align: justify;\"><span style=\"font-size: 12pt; line-height: 115%; font-family: 'Times New Roman', serif;\"><\/span><\/p>\n<p style=\"text-align: justify;\">Durante todo o dia, especialistas alertaram sobre a import\u00e2ncia do diagn\u00f3stico precoce, que pode salvar vidas.<\/p>\n<p style=\"text-align: justify;\"><span style=\"font-size: 12pt; line-height: 115%; font-family: 'Times New Roman', serif;\"><\/span><\/p>\n<p style=\"text-align: justify;\">Al\u00e9m da atividade f\u00edsica, e outros h\u00e1bitos de vida saud\u00e1veis como alimenta\u00e7\u00e3o, que ajudam a prevenir a doen\u00e7a, o Instituto Nacional do C\u00e2ncer (INCA) tamb\u00e9m sugere:<br \/>&#8211; N\u00e3o fumar; j\u00e1 que o tabagismo \u00e9 o principal fator de risco para o c\u00e2ncer de pulm\u00e3o, respons\u00e1vel por 90% dos casos;<\/p>\n<p style=\"text-align: justify;\"><span style=\"font-size: 12pt; line-height: 115%; font-family: 'Times New Roman', serif;\"><\/span><\/p>\n<p style=\"text-align: justify;\">&#8211; Evitar bebidas alco\u00f3licas, visto que o \u00e1lcool est\u00e1 relacionado com casos de c\u00e2ncer na regi\u00e3o da boca e es\u00f4fago. A bebida potencializa o surgimento da doen\u00e7a;<\/p>\n<p style=\"text-align: justify;\">&#8211; Evitar sol nos per\u00edodos entre 10 da manh\u00e3 e 4 da tarde, tamb\u00e9m \u00e9 importante por que a exposi\u00e7\u00e3o sem prote\u00e7\u00e3o est\u00e1 associada aos casos de c\u00e2ncer de pele;<\/p>\n<p style=\"text-align: justify;\"><span style=\"font-size: 12pt; line-height: 115%; font-family: 'Times New Roman', serif;\"><\/span><\/p>\n<p style=\"text-align: justify;\">&#8211; E no caso das mulheres: realizar anualmente o exame preventivo do c\u00e2ncer de colo do \u00fatero (PCCU).<\/p>\n<p style=\"text-align: justify;\"><span style=\"font-size: 12pt; line-height: 115%; font-family: 'Times New Roman', serif;\"><\/span><\/p>\n<p style=\"text-align: justify;\">De acordo com a coordenadora municipal da \u00e1rea t\u00e9cnica da Sa\u00fade da Mulher, Tereza Montalverne, a preven\u00e7\u00e3o significa reduzir mortes e aumentar as chances de cura. \u201cMais de 30% das mortes poderiam ser evitadas com preven\u00e7\u00e3o. As chances de cura para o c\u00e2ncer de mama e \u00fatero podem chegar a 60% e 80%, com diagn\u00f3stico precoce\u201d, disse.<\/p>\n","protected":false},"excerpt":{"rendered":"<p style=\"text-align: justify;\"><span style=\"font-size: 12pt; line-height: 115%; font-family: 'Times New Roman', serif;\"><\/span><\/p>\n<p style=\"text-align: justify;\">Dia Nacional de Combate ao C\u00e2ncer<\/p>\n","protected":false},"author":4,"featured_media":19892,"comment_status":"open","ping_status":"open","sticky":false,"template":"","format":"standard","meta":{"jnews-multi-image_gallery":[],"jnews_single_post":[],"jnews_primary_category":[],"jnews_social_meta":[],"jnews_review":[],"enable_review":"","type":"","name":"","summary":"","brand":"","sku":"","good":[],"bad":[],"score_override":"","override_value":"","rating":[],"price":[],"footnotes":""},"categories":[54],"tags":[],"class_list":["post-19893","post","type-post","status-publish","format-standard","has-post-thumbnail","hentry","category-cotidiano"],"yoast_head":"<!-- This site is optimized with the Yoast SEO plugin v26.5 - https:\/\/yoast.com\/wordpress\/plugins\/seo\/ -->\n<title>Acre contra o c\u00e2ncer: 338 mortes em 2014 - Agazeta.net<\/title>\n<meta name=\"robots\" content=\"index, follow, max-snippet:-1, max-image-preview:large, max-video-preview:-1\" \/>\n<link rel=\"canonical\" href=\"https:\/\/nk7-testes.com.br\/agazeta\/acre-contra-o-cancer-338-mortes-em-2014\/\" \/>\n<meta property=\"og:locale\" content=\"pt_BR\" \/>\n<meta property=\"og:type\" content=\"article\" \/>\n<meta property=\"og:title\" content=\"Acre contra o c\u00e2ncer: 338 mortes em 2014 - Agazeta.net\" \/>\n<meta property=\"og:description\" content=\"Dia Nacional de Combate ao C\u00e2ncer\" \/>\n<meta property=\"og:url\" content=\"https:\/\/nk7-testes.com.br\/agazeta\/acre-contra-o-cancer-338-mortes-em-2014\/\" \/>\n<meta property=\"og:site_name\" content=\"Agazeta.net\" \/>\n<meta property=\"article:published_time\" content=\"2015-11-27T20:34:20+00:00\" \/>\n<meta property=\"og:image\" content=\"https:\/\/nk7-testes.com.br\/agazeta\/wp-content\/uploads\/2015\/11\/271115-cotidiano-cancer-tvgazeta.jpg\" \/>\n\t<meta property=\"og:image:width\" content=\"458\" \/>\n\t<meta property=\"og:image:height\" content=\"340\" \/>\n\t<meta property=\"og:image:type\" content=\"image\/jpeg\" \/>\n<meta name=\"author\" content=\"Agazeta.Net\" \/>\n<meta name=\"twitter:card\" content=\"summary_large_image\" \/>\n<meta name=\"twitter:label1\" content=\"Escrito por\" \/>\n\t<meta name=\"twitter:data1\" content=\"Agazeta.Net\" \/>\n\t<meta name=\"twitter:label2\" content=\"Est. tempo de leitura\" \/>\n\t<meta name=\"twitter:data2\" content=\"2 minutos\" \/>\n<script type=\"application\/ld+json\" class=\"yoast-schema-graph\">{\"@context\":\"https:\/\/schema.org\",\"@graph\":[{\"@type\":\"WebPage\",\"@id\":\"https:\/\/nk7-testes.com.br\/agazeta\/acre-contra-o-cancer-338-mortes-em-2014\/\",\"url\":\"https:\/\/nk7-testes.com.br\/agazeta\/acre-contra-o-cancer-338-mortes-em-2014\/\",\"name\":\"Acre contra o c\u00e2ncer: 338 mortes em 2014 - Agazeta.net\",\"isPartOf\":{\"@id\":\"https:\/\/nk7-testes.com.br\/agazeta\/#website\"},\"primaryImageOfPage\":{\"@id\":\"https:\/\/nk7-testes.com.br\/agazeta\/acre-contra-o-cancer-338-mortes-em-2014\/#primaryimage\"},\"image\":{\"@id\":\"https:\/\/nk7-testes.com.br\/agazeta\/acre-contra-o-cancer-338-mortes-em-2014\/#primaryimage\"},\"thumbnailUrl\":\"https:\/\/nk7-testes.com.br\/agazeta\/wp-content\/uploads\/2015\/11\/271115-cotidiano-cancer-tvgazeta.jpg\",\"datePublished\":\"2015-11-27T20:34:20+00:00\",\"author\":{\"@id\":\"https:\/\/nk7-testes.com.br\/agazeta\/#\/schema\/person\/6d6e25cb0435eb4a02fd44d30b4e3020\"},\"breadcrumb\":{\"@id\":\"https:\/\/nk7-testes.com.br\/agazeta\/acre-contra-o-cancer-338-mortes-em-2014\/#breadcrumb\"},\"inLanguage\":\"pt-BR\",\"potentialAction\":[{\"@type\":\"ReadAction\",\"target\":[\"https:\/\/nk7-testes.com.br\/agazeta\/acre-contra-o-cancer-338-mortes-em-2014\/\"]}]},{\"@type\":\"ImageObject\",\"inLanguage\":\"pt-BR\",\"@id\":\"https:\/\/nk7-testes.com.br\/agazeta\/acre-contra-o-cancer-338-mortes-em-2014\/#primaryimage\",\"url\":\"https:\/\/nk7-testes.com.br\/agazeta\/wp-content\/uploads\/2015\/11\/271115-cotidiano-cancer-tvgazeta.jpg\",\"contentUrl\":\"https:\/\/nk7-testes.com.br\/agazeta\/wp-content\/uploads\/2015\/11\/271115-cotidiano-cancer-tvgazeta.jpg\",\"width\":458,\"height\":340,\"caption\":\"271115-cotidiano-cancer-tvgazeta\"},{\"@type\":\"BreadcrumbList\",\"@id\":\"https:\/\/nk7-testes.com.br\/agazeta\/acre-contra-o-cancer-338-mortes-em-2014\/#breadcrumb\",\"itemListElement\":[{\"@type\":\"ListItem\",\"position\":1,\"name\":\"In\u00edcio\",\"item\":\"https:\/\/nk7-testes.com.br\/agazeta\/\"},{\"@type\":\"ListItem\",\"position\":2,\"name\":\"Acre contra o c\u00e2ncer: 338 mortes em 2014\"}]},{\"@type\":\"WebSite\",\"@id\":\"https:\/\/nk7-testes.com.br\/agazeta\/#website\",\"url\":\"https:\/\/nk7-testes.com.br\/agazeta\/\",\"name\":\"Agazeta.net\",\"description\":\"Agazeta.net - Not\u00edcias de Rio Branco\/AC\",\"potentialAction\":[{\"@type\":\"SearchAction\",\"target\":{\"@type\":\"EntryPoint\",\"urlTemplate\":\"https:\/\/nk7-testes.com.br\/agazeta\/?s={search_term_string}\"},\"query-input\":{\"@type\":\"PropertyValueSpecification\",\"valueRequired\":true,\"valueName\":\"search_term_string\"}}],\"inLanguage\":\"pt-BR\"},{\"@type\":\"Person\",\"@id\":\"https:\/\/nk7-testes.com.br\/agazeta\/#\/schema\/person\/6d6e25cb0435eb4a02fd44d30b4e3020\",\"name\":\"Agazeta.Net\",\"url\":\"https:\/\/nk7-testes.com.br\/agazeta\/author\/agazeta\/\"}]}<\/script>\n<!-- \/ Yoast SEO plugin. -->","yoast_head_json":{"title":"Acre contra o c\u00e2ncer: 338 mortes em 2014 - Agazeta.net","robots":{"index":"index","follow":"follow","max-snippet":"max-snippet:-1","max-image-preview":"max-image-preview:large","max-video-preview":"max-video-preview:-1"},"canonical":"https:\/\/nk7-testes.com.br\/agazeta\/acre-contra-o-cancer-338-mortes-em-2014\/","og_locale":"pt_BR","og_type":"article","og_title":"Acre contra o c\u00e2ncer: 338 mortes em 2014 - Agazeta.net","og_description":"Dia Nacional de Combate ao C\u00e2ncer","og_url":"https:\/\/nk7-testes.com.br\/agazeta\/acre-contra-o-cancer-338-mortes-em-2014\/","og_site_name":"Agazeta.net","article_published_time":"2015-11-27T20:34:20+00:00","og_image":[{"width":458,"height":340,"url":"https:\/\/nk7-testes.com.br\/agazeta\/wp-content\/uploads\/2015\/11\/271115-cotidiano-cancer-tvgazeta.jpg","type":"image\/jpeg"}],"author":"Agazeta.Net","twitter_card":"summary_large_image","twitter_misc":{"Escrito por":"Agazeta.Net","Est. tempo de leitura":"2 minutos"},"schema":{"@context":"https:\/\/schema.org","@graph":[{"@type":"WebPage","@id":"https:\/\/nk7-testes.com.br\/agazeta\/acre-contra-o-cancer-338-mortes-em-2014\/","url":"https:\/\/nk7-testes.com.br\/agazeta\/acre-contra-o-cancer-338-mortes-em-2014\/","name":"Acre contra o c\u00e2ncer: 338 mortes em 2014 - Agazeta.net","isPartOf":{"@id":"https:\/\/nk7-testes.com.br\/agazeta\/#website"},"primaryImageOfPage":{"@id":"https:\/\/nk7-testes.com.br\/agazeta\/acre-contra-o-cancer-338-mortes-em-2014\/#primaryimage"},"image":{"@id":"https:\/\/nk7-testes.com.br\/agazeta\/acre-contra-o-cancer-338-mortes-em-2014\/#primaryimage"},"thumbnailUrl":"https:\/\/nk7-testes.com.br\/agazeta\/wp-content\/uploads\/2015\/11\/271115-cotidiano-cancer-tvgazeta.jpg","datePublished":"2015-11-27T20:34:20+00:00","author":{"@id":"https:\/\/nk7-testes.com.br\/agazeta\/#\/schema\/person\/6d6e25cb0435eb4a02fd44d30b4e3020"},"breadcrumb":{"@id":"https:\/\/nk7-testes.com.br\/agazeta\/acre-contra-o-cancer-338-mortes-em-2014\/#breadcrumb"},"inLanguage":"pt-BR","potentialAction":[{"@type":"ReadAction","target":["https:\/\/nk7-testes.com.br\/agazeta\/acre-contra-o-cancer-338-mortes-em-2014\/"]}]},{"@type":"ImageObject","inLanguage":"pt-BR","@id":"https:\/\/nk7-testes.com.br\/agazeta\/acre-contra-o-cancer-338-mortes-em-2014\/#primaryimage","url":"https:\/\/nk7-testes.com.br\/agazeta\/wp-content\/uploads\/2015\/11\/271115-cotidiano-cancer-tvgazeta.jpg","contentUrl":"https:\/\/nk7-testes.com.br\/agazeta\/wp-content\/uploads\/2015\/11\/271115-cotidiano-cancer-tvgazeta.jpg","width":458,"height":340,"caption":"271115-cotidiano-cancer-tvgazeta"},{"@type":"BreadcrumbList","@id":"https:\/\/nk7-testes.com.br\/agazeta\/acre-contra-o-cancer-338-mortes-em-2014\/#breadcrumb","itemListElement":[{"@type":"ListItem","position":1,"name":"In\u00edcio","item":"https:\/\/nk7-testes.com.br\/agazeta\/"},{"@type":"ListItem","position":2,"name":"Acre contra o c\u00e2ncer: 338 mortes em 2014"}]},{"@type":"WebSite","@id":"https:\/\/nk7-testes.com.br\/agazeta\/#website","url":"https:\/\/nk7-testes.com.br\/agazeta\/","name":"Agazeta.net","description":"Agazeta.net - Not\u00edcias de Rio Branco\/AC","potentialAction":[{"@type":"SearchAction","target":{"@type":"EntryPoint","urlTemplate":"https:\/\/nk7-testes.com.br\/agazeta\/?s={search_term_string}"},"query-input":{"@type":"PropertyValueSpecification","valueRequired":true,"valueName":"search_term_string"}}],"inLanguage":"pt-BR"},{"@type":"Person","@id":"https:\/\/nk7-testes.com.br\/agazeta\/#\/schema\/person\/6d6e25cb0435eb4a02fd44d30b4e3020","name":"Agazeta.Net","url":"https:\/\/nk7-testes.com.br\/agazeta\/author\/agazeta\/"}]}},"_links":{"self":[{"href":"https:\/\/nk7-testes.com.br\/agazeta\/wp-json\/wp\/v2\/posts\/19893","targetHints":{"allow":["GET"]}}],"collection":[{"href":"https:\/\/nk7-testes.com.br\/agazeta\/wp-json\/wp\/v2\/posts"}],"about":[{"href":"https:\/\/nk7-testes.com.br\/agazeta\/wp-json\/wp\/v2\/types\/post"}],"author":[{"embeddable":true,"href":"https:\/\/nk7-testes.com.br\/agazeta\/wp-json\/wp\/v2\/users\/4"}],"replies":[{"embeddable":true,"href":"https:\/\/nk7-testes.com.br\/agazeta\/wp-json\/wp\/v2\/comments?post=19893"}],"version-history":[{"count":0,"href":"https:\/\/nk7-testes.com.br\/agazeta\/wp-json\/wp\/v2\/posts\/19893\/revisions"}],"wp:featuredmedia":[{"embeddable":true,"href":"https:\/\/nk7-testes.com.br\/agazeta\/wp-json\/wp\/v2\/media\/19892"}],"wp:attachment":[{"href":"https:\/\/nk7-testes.com.br\/agazeta\/wp-json\/wp\/v2\/media?parent=19893"}],"wp:term":[{"taxonomy":"category","embeddable":true,"href":"https:\/\/nk7-testes.com.br\/agazeta\/wp-json\/wp\/v2\/categories?post=19893"},{"taxonomy":"post_tag","embeddable":true,"href":"https:\/\/nk7-testes.com.br\/agazeta\/wp-json\/wp\/v2\/tags?post=19893"}],"curies":[{"name":"wp","href":"https:\/\/api.w.org\/{rel}","templated":true}]}}