{"id":19891,"date":"2015-11-27T20:04:26","date_gmt":"2015-11-27T20:04:26","guid":{"rendered":"https:\/\/abarevegan.com.br\/index.php\/2015\/11\/27\/presidente-da-comissao-eleitoral-do-ifac-mantem-pleito\/"},"modified":"2015-11-27T20:04:26","modified_gmt":"2015-11-27T20:04:26","slug":"presidente-da-comissao-eleitoral-do-ifac-mantem-pleito","status":"publish","type":"post","link":"https:\/\/nk7-testes.com.br\/agazeta\/presidente-da-comissao-eleitoral-do-ifac-mantem-pleito\/","title":{"rendered":"Presidente da Comiss\u00e3o Eleitoral do Ifac mant\u00e9m pleito"},"content":{"rendered":"<p style=\"text-align: justify;\">Quest\u00e3o do debate \u201c\u00e9 ponto vencido\u201d<\/p>\n<p style=\"text-align: justify;\">O presidente da Comiss\u00e3o Eleitoral do Instituto Federal do Acre (Ifac), Daniel Farias Esteves, falou a respeito da possibilidade de impugna\u00e7\u00e3o da elei\u00e7\u00e3o para reitoria da Institui\u00e7\u00e3o.<\/p>\n<p style=\"text-align: justify;\">Os estudantes, al\u00e9m de realizarem um manifesto na \u00faltima quarta-feira pedindo que houvesse debates entre os candidatos, reuniram assinaturas em um abaixo-assinado e levaram o documento \u00e0 Defensoria P\u00fablica da Uni\u00e3o na tentativa de conseguir o cancelamento da elei\u00e7\u00e3o que aconteceu nesta quinta.<\/p>\n<p style=\"text-align: justify;\">Daniel explicou que a quest\u00e3o do debate \u201c\u00e9 ponto vencido\u201d, j\u00e1 que segundo ele, o regulamento do Ifac prev\u00ea que o debate entre os candidatos n\u00e3o \u00e9 obrigat\u00f3rio. \u201cUm dos candidatos queria que houvesse um debate em cada campus o que n\u00e3o seria vi\u00e1vel. Tamb\u00e9m seria injusto se a comiss\u00e3o marcasse um debate j\u00e1 que a data e o local marcados poderiam ir contra a agenda que os candidatos cumpriam\u201d.<\/p>\n<p style=\"text-align: justify;\">O presidente da Comiss\u00e3o Eleitoral disse ainda que entende a reivindica\u00e7\u00e3o dos estudantes e que se, caso o MPF procure a institui\u00e7\u00e3o, eles estar\u00e3o abertos ao di\u00e1logo. \u201cA gente entende que quem se sente lesado deve procurar os seus direitos, e caso sejamos procurados pelo MP, vamos manter o di\u00e1logo, que sempre mantivemos. O Ifac est\u00e1 aberto e n\u00e3o tem o que temer\u201d.<\/p>\n<p style=\"text-align: justify;\">A candidata Rosana Cavalcante, que j\u00e1 era reitora do Ifac, permanece no cargo com 48 votos de diferen\u00e7a em rela\u00e7\u00e3o ao advers\u00e1rio. E apesar do n\u00famero de absten\u00e7\u00f5es ter sido alto entre os estudantes, Daniel garante que foi menos do que o esperado.<br \/>\u201cTivemos um n\u00famero de trinta por cento de absten\u00e7\u00f5es, entre nulos e brancos, o que n\u00e3o representa muito, j\u00e1 que esper\u00e1vamos cerca de cinquenta por cento, tendo em vista que o voto \u00e9 facultativo\u201d.<\/p>\n","protected":false},"excerpt":{"rendered":"<p style=\"text-align: justify;\">Quest\u00e3o do debate \u201c\u00e9 ponto vencido\u201d<\/p>\n","protected":false},"author":4,"featured_media":19890,"comment_status":"open","ping_status":"open","sticky":false,"template":"","format":"standard","meta":{"jnews-multi-image_gallery":[],"jnews_single_post":[],"jnews_primary_category":[],"jnews_social_meta":[],"jnews_review":[],"enable_review":"","type":"","name":"","summary":"","brand":"","sku":"","good":[],"bad":[],"score_override":"","override_value":"","rating":[],"price":[],"footnotes":""},"categories":[54],"tags":[],"class_list":["post-19891","post","type-post","status-publish","format-standard","has-post-thumbnail","hentry","category-cotidiano"],"yoast_head":"<!-- This site is optimized with the Yoast SEO plugin v26.5 - https:\/\/yoast.com\/wordpress\/plugins\/seo\/ -->\n<title>Presidente da Comiss\u00e3o Eleitoral do Ifac mant\u00e9m pleito - Agazeta.net<\/title>\n<meta name=\"robots\" content=\"index, follow, max-snippet:-1, max-image-preview:large, max-video-preview:-1\" \/>\n<link rel=\"canonical\" href=\"https:\/\/nk7-testes.com.br\/agazeta\/presidente-da-comissao-eleitoral-do-ifac-mantem-pleito\/\" \/>\n<meta property=\"og:locale\" content=\"pt_BR\" \/>\n<meta property=\"og:type\" content=\"article\" \/>\n<meta property=\"og:title\" content=\"Presidente da Comiss\u00e3o Eleitoral do Ifac mant\u00e9m pleito - Agazeta.net\" \/>\n<meta property=\"og:description\" content=\"Quest\u00e3o do debate \u201c\u00e9 ponto vencido\u201d\" \/>\n<meta property=\"og:url\" content=\"https:\/\/nk7-testes.com.br\/agazeta\/presidente-da-comissao-eleitoral-do-ifac-mantem-pleito\/\" \/>\n<meta property=\"og:site_name\" content=\"Agazeta.net\" \/>\n<meta property=\"article:published_time\" content=\"2015-11-27T20:04:26+00:00\" \/>\n<meta property=\"og:image\" content=\"https:\/\/nk7-testes.com.br\/agazeta\/wp-content\/uploads\/2015\/11\/271115-cotidiano-eleicaoifac-cleriston.jpg\" \/>\n\t<meta property=\"og:image:width\" content=\"458\" \/>\n\t<meta property=\"og:image:height\" content=\"340\" \/>\n\t<meta property=\"og:image:type\" content=\"image\/jpeg\" \/>\n<meta name=\"author\" content=\"Agazeta.Net\" \/>\n<meta name=\"twitter:card\" content=\"summary_large_image\" \/>\n<meta name=\"twitter:label1\" content=\"Escrito por\" \/>\n\t<meta name=\"twitter:data1\" content=\"Agazeta.Net\" \/>\n\t<meta name=\"twitter:label2\" content=\"Est. tempo de leitura\" \/>\n\t<meta name=\"twitter:data2\" content=\"2 minutos\" \/>\n<script type=\"application\/ld+json\" class=\"yoast-schema-graph\">{\"@context\":\"https:\/\/schema.org\",\"@graph\":[{\"@type\":\"WebPage\",\"@id\":\"https:\/\/nk7-testes.com.br\/agazeta\/presidente-da-comissao-eleitoral-do-ifac-mantem-pleito\/\",\"url\":\"https:\/\/nk7-testes.com.br\/agazeta\/presidente-da-comissao-eleitoral-do-ifac-mantem-pleito\/\",\"name\":\"Presidente da Comiss\u00e3o Eleitoral do Ifac mant\u00e9m pleito - Agazeta.net\",\"isPartOf\":{\"@id\":\"https:\/\/nk7-testes.com.br\/agazeta\/#website\"},\"primaryImageOfPage\":{\"@id\":\"https:\/\/nk7-testes.com.br\/agazeta\/presidente-da-comissao-eleitoral-do-ifac-mantem-pleito\/#primaryimage\"},\"image\":{\"@id\":\"https:\/\/nk7-testes.com.br\/agazeta\/presidente-da-comissao-eleitoral-do-ifac-mantem-pleito\/#primaryimage\"},\"thumbnailUrl\":\"https:\/\/nk7-testes.com.br\/agazeta\/wp-content\/uploads\/2015\/11\/271115-cotidiano-eleicaoifac-cleriston.jpg\",\"datePublished\":\"2015-11-27T20:04:26+00:00\",\"author\":{\"@id\":\"https:\/\/nk7-testes.com.br\/agazeta\/#\/schema\/person\/6d6e25cb0435eb4a02fd44d30b4e3020\"},\"breadcrumb\":{\"@id\":\"https:\/\/nk7-testes.com.br\/agazeta\/presidente-da-comissao-eleitoral-do-ifac-mantem-pleito\/#breadcrumb\"},\"inLanguage\":\"pt-BR\",\"potentialAction\":[{\"@type\":\"ReadAction\",\"target\":[\"https:\/\/nk7-testes.com.br\/agazeta\/presidente-da-comissao-eleitoral-do-ifac-mantem-pleito\/\"]}]},{\"@type\":\"ImageObject\",\"inLanguage\":\"pt-BR\",\"@id\":\"https:\/\/nk7-testes.com.br\/agazeta\/presidente-da-comissao-eleitoral-do-ifac-mantem-pleito\/#primaryimage\",\"url\":\"https:\/\/nk7-testes.com.br\/agazeta\/wp-content\/uploads\/2015\/11\/271115-cotidiano-eleicaoifac-cleriston.jpg\",\"contentUrl\":\"https:\/\/nk7-testes.com.br\/agazeta\/wp-content\/uploads\/2015\/11\/271115-cotidiano-eleicaoifac-cleriston.jpg\",\"width\":458,\"height\":340,\"caption\":\"271115-cotidiano-eleicaoifac-cleriston\"},{\"@type\":\"BreadcrumbList\",\"@id\":\"https:\/\/nk7-testes.com.br\/agazeta\/presidente-da-comissao-eleitoral-do-ifac-mantem-pleito\/#breadcrumb\",\"itemListElement\":[{\"@type\":\"ListItem\",\"position\":1,\"name\":\"In\u00edcio\",\"item\":\"https:\/\/nk7-testes.com.br\/agazeta\/\"},{\"@type\":\"ListItem\",\"position\":2,\"name\":\"Presidente da Comiss\u00e3o Eleitoral do Ifac mant\u00e9m pleito\"}]},{\"@type\":\"WebSite\",\"@id\":\"https:\/\/nk7-testes.com.br\/agazeta\/#website\",\"url\":\"https:\/\/nk7-testes.com.br\/agazeta\/\",\"name\":\"Agazeta.net\",\"description\":\"Agazeta.net - Not\u00edcias de Rio Branco\/AC\",\"potentialAction\":[{\"@type\":\"SearchAction\",\"target\":{\"@type\":\"EntryPoint\",\"urlTemplate\":\"https:\/\/nk7-testes.com.br\/agazeta\/?s={search_term_string}\"},\"query-input\":{\"@type\":\"PropertyValueSpecification\",\"valueRequired\":true,\"valueName\":\"search_term_string\"}}],\"inLanguage\":\"pt-BR\"},{\"@type\":\"Person\",\"@id\":\"https:\/\/nk7-testes.com.br\/agazeta\/#\/schema\/person\/6d6e25cb0435eb4a02fd44d30b4e3020\",\"name\":\"Agazeta.Net\",\"url\":\"https:\/\/nk7-testes.com.br\/agazeta\/author\/agazeta\/\"}]}<\/script>\n<!-- \/ Yoast SEO plugin. -->","yoast_head_json":{"title":"Presidente da Comiss\u00e3o Eleitoral do Ifac mant\u00e9m pleito - Agazeta.net","robots":{"index":"index","follow":"follow","max-snippet":"max-snippet:-1","max-image-preview":"max-image-preview:large","max-video-preview":"max-video-preview:-1"},"canonical":"https:\/\/nk7-testes.com.br\/agazeta\/presidente-da-comissao-eleitoral-do-ifac-mantem-pleito\/","og_locale":"pt_BR","og_type":"article","og_title":"Presidente da Comiss\u00e3o Eleitoral do Ifac mant\u00e9m pleito - Agazeta.net","og_description":"Quest\u00e3o do debate \u201c\u00e9 ponto vencido\u201d","og_url":"https:\/\/nk7-testes.com.br\/agazeta\/presidente-da-comissao-eleitoral-do-ifac-mantem-pleito\/","og_site_name":"Agazeta.net","article_published_time":"2015-11-27T20:04:26+00:00","og_image":[{"width":458,"height":340,"url":"https:\/\/nk7-testes.com.br\/agazeta\/wp-content\/uploads\/2015\/11\/271115-cotidiano-eleicaoifac-cleriston.jpg","type":"image\/jpeg"}],"author":"Agazeta.Net","twitter_card":"summary_large_image","twitter_misc":{"Escrito por":"Agazeta.Net","Est. tempo de leitura":"2 minutos"},"schema":{"@context":"https:\/\/schema.org","@graph":[{"@type":"WebPage","@id":"https:\/\/nk7-testes.com.br\/agazeta\/presidente-da-comissao-eleitoral-do-ifac-mantem-pleito\/","url":"https:\/\/nk7-testes.com.br\/agazeta\/presidente-da-comissao-eleitoral-do-ifac-mantem-pleito\/","name":"Presidente da Comiss\u00e3o Eleitoral do Ifac mant\u00e9m pleito - Agazeta.net","isPartOf":{"@id":"https:\/\/nk7-testes.com.br\/agazeta\/#website"},"primaryImageOfPage":{"@id":"https:\/\/nk7-testes.com.br\/agazeta\/presidente-da-comissao-eleitoral-do-ifac-mantem-pleito\/#primaryimage"},"image":{"@id":"https:\/\/nk7-testes.com.br\/agazeta\/presidente-da-comissao-eleitoral-do-ifac-mantem-pleito\/#primaryimage"},"thumbnailUrl":"https:\/\/nk7-testes.com.br\/agazeta\/wp-content\/uploads\/2015\/11\/271115-cotidiano-eleicaoifac-cleriston.jpg","datePublished":"2015-11-27T20:04:26+00:00","author":{"@id":"https:\/\/nk7-testes.com.br\/agazeta\/#\/schema\/person\/6d6e25cb0435eb4a02fd44d30b4e3020"},"breadcrumb":{"@id":"https:\/\/nk7-testes.com.br\/agazeta\/presidente-da-comissao-eleitoral-do-ifac-mantem-pleito\/#breadcrumb"},"inLanguage":"pt-BR","potentialAction":[{"@type":"ReadAction","target":["https:\/\/nk7-testes.com.br\/agazeta\/presidente-da-comissao-eleitoral-do-ifac-mantem-pleito\/"]}]},{"@type":"ImageObject","inLanguage":"pt-BR","@id":"https:\/\/nk7-testes.com.br\/agazeta\/presidente-da-comissao-eleitoral-do-ifac-mantem-pleito\/#primaryimage","url":"https:\/\/nk7-testes.com.br\/agazeta\/wp-content\/uploads\/2015\/11\/271115-cotidiano-eleicaoifac-cleriston.jpg","contentUrl":"https:\/\/nk7-testes.com.br\/agazeta\/wp-content\/uploads\/2015\/11\/271115-cotidiano-eleicaoifac-cleriston.jpg","width":458,"height":340,"caption":"271115-cotidiano-eleicaoifac-cleriston"},{"@type":"BreadcrumbList","@id":"https:\/\/nk7-testes.com.br\/agazeta\/presidente-da-comissao-eleitoral-do-ifac-mantem-pleito\/#breadcrumb","itemListElement":[{"@type":"ListItem","position":1,"name":"In\u00edcio","item":"https:\/\/nk7-testes.com.br\/agazeta\/"},{"@type":"ListItem","position":2,"name":"Presidente da Comiss\u00e3o Eleitoral do Ifac mant\u00e9m pleito"}]},{"@type":"WebSite","@id":"https:\/\/nk7-testes.com.br\/agazeta\/#website","url":"https:\/\/nk7-testes.com.br\/agazeta\/","name":"Agazeta.net","description":"Agazeta.net - Not\u00edcias de Rio Branco\/AC","potentialAction":[{"@type":"SearchAction","target":{"@type":"EntryPoint","urlTemplate":"https:\/\/nk7-testes.com.br\/agazeta\/?s={search_term_string}"},"query-input":{"@type":"PropertyValueSpecification","valueRequired":true,"valueName":"search_term_string"}}],"inLanguage":"pt-BR"},{"@type":"Person","@id":"https:\/\/nk7-testes.com.br\/agazeta\/#\/schema\/person\/6d6e25cb0435eb4a02fd44d30b4e3020","name":"Agazeta.Net","url":"https:\/\/nk7-testes.com.br\/agazeta\/author\/agazeta\/"}]}},"_links":{"self":[{"href":"https:\/\/nk7-testes.com.br\/agazeta\/wp-json\/wp\/v2\/posts\/19891","targetHints":{"allow":["GET"]}}],"collection":[{"href":"https:\/\/nk7-testes.com.br\/agazeta\/wp-json\/wp\/v2\/posts"}],"about":[{"href":"https:\/\/nk7-testes.com.br\/agazeta\/wp-json\/wp\/v2\/types\/post"}],"author":[{"embeddable":true,"href":"https:\/\/nk7-testes.com.br\/agazeta\/wp-json\/wp\/v2\/users\/4"}],"replies":[{"embeddable":true,"href":"https:\/\/nk7-testes.com.br\/agazeta\/wp-json\/wp\/v2\/comments?post=19891"}],"version-history":[{"count":0,"href":"https:\/\/nk7-testes.com.br\/agazeta\/wp-json\/wp\/v2\/posts\/19891\/revisions"}],"wp:featuredmedia":[{"embeddable":true,"href":"https:\/\/nk7-testes.com.br\/agazeta\/wp-json\/wp\/v2\/media\/19890"}],"wp:attachment":[{"href":"https:\/\/nk7-testes.com.br\/agazeta\/wp-json\/wp\/v2\/media?parent=19891"}],"wp:term":[{"taxonomy":"category","embeddable":true,"href":"https:\/\/nk7-testes.com.br\/agazeta\/wp-json\/wp\/v2\/categories?post=19891"},{"taxonomy":"post_tag","embeddable":true,"href":"https:\/\/nk7-testes.com.br\/agazeta\/wp-json\/wp\/v2\/tags?post=19891"}],"curies":[{"name":"wp","href":"https:\/\/api.w.org\/{rel}","templated":true}]}}