{"id":19885,"date":"2015-11-27T15:47:29","date_gmt":"2015-11-27T15:47:29","guid":{"rendered":"https:\/\/abarevegan.com.br\/index.php\/2015\/11\/27\/alunos-do-ifac-querem-anulacao-do-pleito\/"},"modified":"2015-11-27T15:47:29","modified_gmt":"2015-11-27T15:47:29","slug":"alunos-do-ifac-querem-anulacao-do-pleito","status":"publish","type":"post","link":"https:\/\/nk7-testes.com.br\/agazeta\/alunos-do-ifac-querem-anulacao-do-pleito\/","title":{"rendered":"Alunos do Ifac querem anula\u00e7\u00e3o do pleito"},"content":{"rendered":"<p style=\"text-align: justify;\">Defensoria P\u00fablica da Uni\u00e3o foi acionada<\/p>\n<p style=\"text-align: justify;\">Alunos do Instituto Federal do Acre exigem a anula\u00e7\u00e3o das elei\u00e7\u00f5es para escolha do novo reitor. Eles fundamentam o pedido pelo alto n\u00famero de votos brancos, nulos e absten\u00e7\u00f5es. A Defensoria P\u00fablica da Uni\u00e3o foi acionada para que seja formalizada uma a\u00e7\u00e3o junto ao Minist\u00e9rio P\u00fablico Federal. As elei\u00e7\u00f5es ocorreram ontem.<\/p>\n<p style=\"text-align: justify;\">\u201cQueremos debate e tempo para analisarmos as propostas\u201d, disse o estudante Gabriel Brito, um dos l\u00edderes do movimento pela anula\u00e7\u00e3o do pleito. A elei\u00e7\u00e3o serviu para escolha de reitor do Ifac e dos diretores dos campi de Rio Branco, Cruzeiro do Sul e Sena Madureira.<\/p>\n<p style=\"text-align: justify;\">As urnas deram um recado evidente: os alunos recha\u00e7aram o processo eleitoral. Ao todo: foram exatos 4.997 votos nulos\/brancos ou absten\u00e7\u00f5es. Os alunos que escolheram algum dos candidatos somaram 3.468.<\/p>\n<p style=\"text-align: justify;\">De forma geral, o n\u00famero de votos nulos, brancos ou absten\u00e7\u00f5es ultrapassaram 1.529 o n\u00famero de votos com escolha em candidato espec\u00edfico.<\/p>\n<p style=\"text-align: justify;\">Para reitor, havia dois candidatos: Ricardo Bezerra Hoffman (que teve 949 votos) e Rosana Cavalcante dos Santos (que teve 1.089 votos). Os votos para escolha do reitor brancos\/nulos e absten\u00e7\u00f5es somaram 2.805. \u201cEsses n\u00fameros apontam para uma situa\u00e7\u00e3o simples: o pleito n\u00e3o tem legitimidade\u201d, afirmou Brito.<\/p>\n<p style=\"text-align: justify;\">A reportagem tentou contato com o presidente da Comiss\u00e3o Eleitoral do Ifac, Daniel Esteves, mas n\u00e3o foi atendida.<\/p>\n<p><strong>Reitor<\/strong><\/p>\n<p>Candidato &nbsp; &nbsp; &nbsp; &nbsp; &nbsp; &nbsp; &nbsp; &nbsp; &nbsp; &nbsp; &nbsp; &nbsp; &nbsp; &nbsp; &nbsp; &nbsp; &nbsp; &nbsp; &nbsp; &nbsp; &nbsp; &nbsp; &nbsp; &nbsp; &nbsp; Votos<\/p>\n<p>Ricardo Hoffman &nbsp; &nbsp; &nbsp; &nbsp; &nbsp; &nbsp; &nbsp; &nbsp; &nbsp; &nbsp; &nbsp; &nbsp; &nbsp; &nbsp; &nbsp; &nbsp; &nbsp; &nbsp; &nbsp; &nbsp; &nbsp; &nbsp; &nbsp;949<br \/>Rosana Santos &nbsp; &nbsp; &nbsp; &nbsp; &nbsp; &nbsp; &nbsp; &nbsp; &nbsp; &nbsp; &nbsp; &nbsp; &nbsp; &nbsp; &nbsp; &nbsp; &nbsp; &nbsp; &nbsp; &nbsp; &nbsp; &nbsp; &nbsp;1.089<br \/>Brancos, nulos e absten\u00e7\u00f5es &nbsp; &nbsp; &nbsp; &nbsp; &nbsp; &nbsp; &nbsp; &nbsp; &nbsp; &nbsp; &nbsp; &nbsp;2.085<\/p>\n<p><strong>Diretor Geral Cruzeiro do Sul<\/strong><\/p>\n<p>Candidato &nbsp; &nbsp; &nbsp; &nbsp; &nbsp; &nbsp; &nbsp; &nbsp; &nbsp; &nbsp; &nbsp; &nbsp; &nbsp; &nbsp; &nbsp; &nbsp; &nbsp; &nbsp; &nbsp; &nbsp; &nbsp; &nbsp; &nbsp; &nbsp; &nbsp; &nbsp; Votos<\/p>\n<p>Francislene Rosas da Silva &nbsp; &nbsp; &nbsp; &nbsp; &nbsp; &nbsp; &nbsp; &nbsp; &nbsp; &nbsp; &nbsp; &nbsp; &nbsp; &nbsp; &nbsp; &nbsp; 235<br \/>Lilliane Martins &nbsp; &nbsp; &nbsp; &nbsp; &nbsp; &nbsp; &nbsp; &nbsp; &nbsp; &nbsp; &nbsp; &nbsp; &nbsp; &nbsp; &nbsp; &nbsp; &nbsp; &nbsp; &nbsp; &nbsp; &nbsp; &nbsp; &nbsp; &nbsp; &nbsp; &nbsp; 249<br \/>Brancos, nulos e absten\u00e7\u00f5es &nbsp; &nbsp; &nbsp; &nbsp; &nbsp; &nbsp; &nbsp; &nbsp; &nbsp; &nbsp; &nbsp; &nbsp; &nbsp; &nbsp; 585<\/p>\n<p><strong>Diretor Geral Rio Branco<\/strong><\/p>\n<p>Candidato &nbsp; &nbsp; &nbsp; &nbsp; &nbsp; &nbsp; &nbsp; &nbsp; &nbsp; &nbsp; &nbsp; &nbsp; &nbsp; &nbsp; &nbsp; &nbsp; &nbsp; &nbsp; &nbsp; &nbsp; &nbsp; &nbsp; &nbsp; &nbsp; &nbsp; &nbsp; &nbsp;Votos<\/p>\n<p>Dirlei Fachinello &nbsp; &nbsp; &nbsp; &nbsp; &nbsp; &nbsp; &nbsp; &nbsp; &nbsp; &nbsp; &nbsp; &nbsp; &nbsp; &nbsp; &nbsp; &nbsp; &nbsp; &nbsp; &nbsp; &nbsp; &nbsp; &nbsp; &nbsp; &nbsp; &nbsp; 289 <br \/>Wemerson Fittipaldi &nbsp; &nbsp; &nbsp; &nbsp; &nbsp; &nbsp; &nbsp; &nbsp; &nbsp; &nbsp; &nbsp; &nbsp; &nbsp; &nbsp; &nbsp; &nbsp; &nbsp; &nbsp; &nbsp; &nbsp; &nbsp; &nbsp; 385 <br \/>Brancos, nulos e absten\u00e7\u00f5es &nbsp; &nbsp; &nbsp; &nbsp; &nbsp; &nbsp; &nbsp; &nbsp; &nbsp; &nbsp; &nbsp; &nbsp; &nbsp; 1.366<\/p>\n<p><strong>Diretor Geral Sena Madureira<\/strong><\/p>\n<p>Italva Miranda da Silva<em> &nbsp; &nbsp; &nbsp; &nbsp; &nbsp; &nbsp; &nbsp; &nbsp; &nbsp; &nbsp; &nbsp; &nbsp; &nbsp; &nbsp; &nbsp; &nbsp; &nbsp; &nbsp; &nbsp; &nbsp;<\/em>Votos<br \/><em>(chapa \u00fanica)<\/em><\/p>\n<p>Sim &nbsp; &nbsp; &nbsp; &nbsp; &nbsp; &nbsp; &nbsp; &nbsp; &nbsp; &nbsp; &nbsp; &nbsp; &nbsp; &nbsp; &nbsp; &nbsp; &nbsp; &nbsp; &nbsp; &nbsp; &nbsp; &nbsp; &nbsp; &nbsp; &nbsp; &nbsp; &nbsp; &nbsp; &nbsp; &nbsp; &nbsp; &nbsp; &nbsp; &nbsp; &nbsp; 247<br \/>N\u00e3o &nbsp; &nbsp; &nbsp; &nbsp; &nbsp; &nbsp; &nbsp; &nbsp; &nbsp; &nbsp; &nbsp; &nbsp; &nbsp; &nbsp; &nbsp; &nbsp; &nbsp; &nbsp; &nbsp; &nbsp; &nbsp; &nbsp; &nbsp; &nbsp; &nbsp; &nbsp; &nbsp; &nbsp; &nbsp; &nbsp; &nbsp; &nbsp; &nbsp; &nbsp; &nbsp; &nbsp;25<br \/>Brancos, nulos e absten\u00e7\u00f5es &nbsp; &nbsp; &nbsp; &nbsp; &nbsp; &nbsp; &nbsp; &nbsp; &nbsp; &nbsp; &nbsp; &nbsp; &nbsp; &nbsp; &nbsp; 241<\/p>\n","protected":false},"excerpt":{"rendered":"<p style=\"text-align: justify;\">Defensoria P\u00fablica da Uni\u00e3o foi acionada<\/p>\n","protected":false},"author":4,"featured_media":19884,"comment_status":"open","ping_status":"open","sticky":false,"template":"","format":"standard","meta":{"jnews-multi-image_gallery":[],"jnews_single_post":[],"jnews_primary_category":[],"jnews_social_meta":[],"jnews_review":[],"enable_review":"","type":"","name":"","summary":"","brand":"","sku":"","good":[],"bad":[],"score_override":"","override_value":"","rating":[],"price":[],"footnotes":""},"categories":[54],"tags":[],"class_list":["post-19885","post","type-post","status-publish","format-standard","has-post-thumbnail","hentry","category-cotidiano"],"yoast_head":"<!-- This site is optimized with the Yoast SEO plugin v26.5 - https:\/\/yoast.com\/wordpress\/plugins\/seo\/ -->\n<title>Alunos do Ifac querem anula\u00e7\u00e3o do pleito - Agazeta.net<\/title>\n<meta name=\"robots\" content=\"index, follow, max-snippet:-1, max-image-preview:large, max-video-preview:-1\" \/>\n<link rel=\"canonical\" href=\"https:\/\/nk7-testes.com.br\/agazeta\/alunos-do-ifac-querem-anulacao-do-pleito\/\" \/>\n<meta property=\"og:locale\" content=\"pt_BR\" \/>\n<meta property=\"og:type\" content=\"article\" \/>\n<meta property=\"og:title\" content=\"Alunos do Ifac querem anula\u00e7\u00e3o do pleito - Agazeta.net\" \/>\n<meta property=\"og:description\" content=\"Defensoria P\u00fablica da Uni\u00e3o foi acionada\" \/>\n<meta property=\"og:url\" content=\"https:\/\/nk7-testes.com.br\/agazeta\/alunos-do-ifac-querem-anulacao-do-pleito\/\" \/>\n<meta property=\"og:site_name\" content=\"Agazeta.net\" \/>\n<meta property=\"article:published_time\" content=\"2015-11-27T15:47:29+00:00\" \/>\n<meta property=\"og:image\" content=\"https:\/\/nk7-testes.com.br\/agazeta\/wp-content\/uploads\/2015\/11\/271115-cotidiano-alunosifac-cleriston.jpg\" \/>\n\t<meta property=\"og:image:width\" content=\"458\" \/>\n\t<meta property=\"og:image:height\" content=\"340\" \/>\n\t<meta property=\"og:image:type\" content=\"image\/jpeg\" \/>\n<meta name=\"author\" content=\"Agazeta.Net\" \/>\n<meta name=\"twitter:card\" content=\"summary_large_image\" \/>\n<meta name=\"twitter:label1\" content=\"Escrito por\" \/>\n\t<meta name=\"twitter:data1\" content=\"Agazeta.Net\" \/>\n\t<meta name=\"twitter:label2\" content=\"Est. tempo de leitura\" \/>\n\t<meta name=\"twitter:data2\" content=\"3 minutos\" \/>\n<script type=\"application\/ld+json\" class=\"yoast-schema-graph\">{\"@context\":\"https:\/\/schema.org\",\"@graph\":[{\"@type\":\"WebPage\",\"@id\":\"https:\/\/nk7-testes.com.br\/agazeta\/alunos-do-ifac-querem-anulacao-do-pleito\/\",\"url\":\"https:\/\/nk7-testes.com.br\/agazeta\/alunos-do-ifac-querem-anulacao-do-pleito\/\",\"name\":\"Alunos do Ifac querem anula\u00e7\u00e3o do pleito - Agazeta.net\",\"isPartOf\":{\"@id\":\"https:\/\/nk7-testes.com.br\/agazeta\/#website\"},\"primaryImageOfPage\":{\"@id\":\"https:\/\/nk7-testes.com.br\/agazeta\/alunos-do-ifac-querem-anulacao-do-pleito\/#primaryimage\"},\"image\":{\"@id\":\"https:\/\/nk7-testes.com.br\/agazeta\/alunos-do-ifac-querem-anulacao-do-pleito\/#primaryimage\"},\"thumbnailUrl\":\"https:\/\/nk7-testes.com.br\/agazeta\/wp-content\/uploads\/2015\/11\/271115-cotidiano-alunosifac-cleriston.jpg\",\"datePublished\":\"2015-11-27T15:47:29+00:00\",\"author\":{\"@id\":\"https:\/\/nk7-testes.com.br\/agazeta\/#\/schema\/person\/6d6e25cb0435eb4a02fd44d30b4e3020\"},\"breadcrumb\":{\"@id\":\"https:\/\/nk7-testes.com.br\/agazeta\/alunos-do-ifac-querem-anulacao-do-pleito\/#breadcrumb\"},\"inLanguage\":\"pt-BR\",\"potentialAction\":[{\"@type\":\"ReadAction\",\"target\":[\"https:\/\/nk7-testes.com.br\/agazeta\/alunos-do-ifac-querem-anulacao-do-pleito\/\"]}]},{\"@type\":\"ImageObject\",\"inLanguage\":\"pt-BR\",\"@id\":\"https:\/\/nk7-testes.com.br\/agazeta\/alunos-do-ifac-querem-anulacao-do-pleito\/#primaryimage\",\"url\":\"https:\/\/nk7-testes.com.br\/agazeta\/wp-content\/uploads\/2015\/11\/271115-cotidiano-alunosifac-cleriston.jpg\",\"contentUrl\":\"https:\/\/nk7-testes.com.br\/agazeta\/wp-content\/uploads\/2015\/11\/271115-cotidiano-alunosifac-cleriston.jpg\",\"width\":458,\"height\":340,\"caption\":\"271115-cotidiano-alunosifac-cleriston\"},{\"@type\":\"BreadcrumbList\",\"@id\":\"https:\/\/nk7-testes.com.br\/agazeta\/alunos-do-ifac-querem-anulacao-do-pleito\/#breadcrumb\",\"itemListElement\":[{\"@type\":\"ListItem\",\"position\":1,\"name\":\"In\u00edcio\",\"item\":\"https:\/\/nk7-testes.com.br\/agazeta\/\"},{\"@type\":\"ListItem\",\"position\":2,\"name\":\"Alunos do Ifac querem anula\u00e7\u00e3o do pleito\"}]},{\"@type\":\"WebSite\",\"@id\":\"https:\/\/nk7-testes.com.br\/agazeta\/#website\",\"url\":\"https:\/\/nk7-testes.com.br\/agazeta\/\",\"name\":\"Agazeta.net\",\"description\":\"Agazeta.net - Not\u00edcias de Rio Branco\/AC\",\"potentialAction\":[{\"@type\":\"SearchAction\",\"target\":{\"@type\":\"EntryPoint\",\"urlTemplate\":\"https:\/\/nk7-testes.com.br\/agazeta\/?s={search_term_string}\"},\"query-input\":{\"@type\":\"PropertyValueSpecification\",\"valueRequired\":true,\"valueName\":\"search_term_string\"}}],\"inLanguage\":\"pt-BR\"},{\"@type\":\"Person\",\"@id\":\"https:\/\/nk7-testes.com.br\/agazeta\/#\/schema\/person\/6d6e25cb0435eb4a02fd44d30b4e3020\",\"name\":\"Agazeta.Net\",\"url\":\"https:\/\/nk7-testes.com.br\/agazeta\/author\/agazeta\/\"}]}<\/script>\n<!-- \/ Yoast SEO plugin. -->","yoast_head_json":{"title":"Alunos do Ifac querem anula\u00e7\u00e3o do pleito - Agazeta.net","robots":{"index":"index","follow":"follow","max-snippet":"max-snippet:-1","max-image-preview":"max-image-preview:large","max-video-preview":"max-video-preview:-1"},"canonical":"https:\/\/nk7-testes.com.br\/agazeta\/alunos-do-ifac-querem-anulacao-do-pleito\/","og_locale":"pt_BR","og_type":"article","og_title":"Alunos do Ifac querem anula\u00e7\u00e3o do pleito - Agazeta.net","og_description":"Defensoria P\u00fablica da Uni\u00e3o foi acionada","og_url":"https:\/\/nk7-testes.com.br\/agazeta\/alunos-do-ifac-querem-anulacao-do-pleito\/","og_site_name":"Agazeta.net","article_published_time":"2015-11-27T15:47:29+00:00","og_image":[{"width":458,"height":340,"url":"https:\/\/nk7-testes.com.br\/agazeta\/wp-content\/uploads\/2015\/11\/271115-cotidiano-alunosifac-cleriston.jpg","type":"image\/jpeg"}],"author":"Agazeta.Net","twitter_card":"summary_large_image","twitter_misc":{"Escrito por":"Agazeta.Net","Est. tempo de leitura":"3 minutos"},"schema":{"@context":"https:\/\/schema.org","@graph":[{"@type":"WebPage","@id":"https:\/\/nk7-testes.com.br\/agazeta\/alunos-do-ifac-querem-anulacao-do-pleito\/","url":"https:\/\/nk7-testes.com.br\/agazeta\/alunos-do-ifac-querem-anulacao-do-pleito\/","name":"Alunos do Ifac querem anula\u00e7\u00e3o do pleito - Agazeta.net","isPartOf":{"@id":"https:\/\/nk7-testes.com.br\/agazeta\/#website"},"primaryImageOfPage":{"@id":"https:\/\/nk7-testes.com.br\/agazeta\/alunos-do-ifac-querem-anulacao-do-pleito\/#primaryimage"},"image":{"@id":"https:\/\/nk7-testes.com.br\/agazeta\/alunos-do-ifac-querem-anulacao-do-pleito\/#primaryimage"},"thumbnailUrl":"https:\/\/nk7-testes.com.br\/agazeta\/wp-content\/uploads\/2015\/11\/271115-cotidiano-alunosifac-cleriston.jpg","datePublished":"2015-11-27T15:47:29+00:00","author":{"@id":"https:\/\/nk7-testes.com.br\/agazeta\/#\/schema\/person\/6d6e25cb0435eb4a02fd44d30b4e3020"},"breadcrumb":{"@id":"https:\/\/nk7-testes.com.br\/agazeta\/alunos-do-ifac-querem-anulacao-do-pleito\/#breadcrumb"},"inLanguage":"pt-BR","potentialAction":[{"@type":"ReadAction","target":["https:\/\/nk7-testes.com.br\/agazeta\/alunos-do-ifac-querem-anulacao-do-pleito\/"]}]},{"@type":"ImageObject","inLanguage":"pt-BR","@id":"https:\/\/nk7-testes.com.br\/agazeta\/alunos-do-ifac-querem-anulacao-do-pleito\/#primaryimage","url":"https:\/\/nk7-testes.com.br\/agazeta\/wp-content\/uploads\/2015\/11\/271115-cotidiano-alunosifac-cleriston.jpg","contentUrl":"https:\/\/nk7-testes.com.br\/agazeta\/wp-content\/uploads\/2015\/11\/271115-cotidiano-alunosifac-cleriston.jpg","width":458,"height":340,"caption":"271115-cotidiano-alunosifac-cleriston"},{"@type":"BreadcrumbList","@id":"https:\/\/nk7-testes.com.br\/agazeta\/alunos-do-ifac-querem-anulacao-do-pleito\/#breadcrumb","itemListElement":[{"@type":"ListItem","position":1,"name":"In\u00edcio","item":"https:\/\/nk7-testes.com.br\/agazeta\/"},{"@type":"ListItem","position":2,"name":"Alunos do Ifac querem anula\u00e7\u00e3o do pleito"}]},{"@type":"WebSite","@id":"https:\/\/nk7-testes.com.br\/agazeta\/#website","url":"https:\/\/nk7-testes.com.br\/agazeta\/","name":"Agazeta.net","description":"Agazeta.net - Not\u00edcias de Rio Branco\/AC","potentialAction":[{"@type":"SearchAction","target":{"@type":"EntryPoint","urlTemplate":"https:\/\/nk7-testes.com.br\/agazeta\/?s={search_term_string}"},"query-input":{"@type":"PropertyValueSpecification","valueRequired":true,"valueName":"search_term_string"}}],"inLanguage":"pt-BR"},{"@type":"Person","@id":"https:\/\/nk7-testes.com.br\/agazeta\/#\/schema\/person\/6d6e25cb0435eb4a02fd44d30b4e3020","name":"Agazeta.Net","url":"https:\/\/nk7-testes.com.br\/agazeta\/author\/agazeta\/"}]}},"_links":{"self":[{"href":"https:\/\/nk7-testes.com.br\/agazeta\/wp-json\/wp\/v2\/posts\/19885","targetHints":{"allow":["GET"]}}],"collection":[{"href":"https:\/\/nk7-testes.com.br\/agazeta\/wp-json\/wp\/v2\/posts"}],"about":[{"href":"https:\/\/nk7-testes.com.br\/agazeta\/wp-json\/wp\/v2\/types\/post"}],"author":[{"embeddable":true,"href":"https:\/\/nk7-testes.com.br\/agazeta\/wp-json\/wp\/v2\/users\/4"}],"replies":[{"embeddable":true,"href":"https:\/\/nk7-testes.com.br\/agazeta\/wp-json\/wp\/v2\/comments?post=19885"}],"version-history":[{"count":0,"href":"https:\/\/nk7-testes.com.br\/agazeta\/wp-json\/wp\/v2\/posts\/19885\/revisions"}],"wp:featuredmedia":[{"embeddable":true,"href":"https:\/\/nk7-testes.com.br\/agazeta\/wp-json\/wp\/v2\/media\/19884"}],"wp:attachment":[{"href":"https:\/\/nk7-testes.com.br\/agazeta\/wp-json\/wp\/v2\/media?parent=19885"}],"wp:term":[{"taxonomy":"category","embeddable":true,"href":"https:\/\/nk7-testes.com.br\/agazeta\/wp-json\/wp\/v2\/categories?post=19885"},{"taxonomy":"post_tag","embeddable":true,"href":"https:\/\/nk7-testes.com.br\/agazeta\/wp-json\/wp\/v2\/tags?post=19885"}],"curies":[{"name":"wp","href":"https:\/\/api.w.org\/{rel}","templated":true}]}}