{"id":19864,"date":"2015-11-26T14:07:17","date_gmt":"2015-11-26T14:07:17","guid":{"rendered":"https:\/\/abarevegan.com.br\/index.php\/2015\/11\/26\/padre-massimo-critica-dia-do-catolico\/"},"modified":"2015-11-26T14:07:17","modified_gmt":"2015-11-26T14:07:17","slug":"padre-massimo-critica-dia-do-catolico","status":"publish","type":"post","link":"https:\/\/nk7-testes.com.br\/agazeta\/padre-massimo-critica-dia-do-catolico\/","title":{"rendered":"Padre Massimo critica \u201cDia do Cat\u00f3lico\u201d"},"content":{"rendered":"<p style=\"text-align: justify;\">Lideran\u00e7a classifica proposta de \u201cdescabida\u201d<\/p>\n<p style=\"text-align: justify;\">Padre Massimo Lombardi, a lideran\u00e7a cat\u00f3lica mais popular do Acre atualmente, criticou o projeto de lei 136\/2015 do deputado Manoel Moraes (PSB) que institui o \u201cDia do Cat\u00f3lico\u201d. A proposta ainda ser\u00e1 apreciada pelo plen\u00e1rio da Assembleia Legislativa.<\/p>\n<p style=\"text-align: justify;\">\u201c\u00c9 uma proposta descabida, n\u00e3o h\u00e1 sentido\u201d, afirmou Lombardi no bom humor t\u00e3o peculiar. \u201cEnt\u00e3o, n\u00f3s vamos ter que instituir o dia da Umbanda, dia do Esp\u00edrita, dia dos Budistas\u201d.<\/p>\n<p style=\"text-align: justify;\">O padre lembra que no processo de conforma\u00e7\u00e3o pol\u00edtica para instituir o \u201cDia do Evang\u00e9lico\u201d houve um consenso de que \u201ca Igreja Cat\u00f3lica j\u00e1 tinha v\u00e1rias datas alusivas durante o ano\u201d.<\/p>\n<p style=\"text-align: justify;\">\u201cMas, n\u00f3s n\u00e3o sofremos desse complexo de sermos discriminados\u201d, afirmou. \u201cN\u00e3o podemos ter mais feriados\u201d.<\/p>\n<p style=\"text-align: justify;\">A proposta do parlamentar \u00e9 instituir a data no Dia de S\u00e3o Sebasti\u00e3o, dia 20 de janeiro, uma forma de n\u00e3o criar \u201cmais um feriado\u201d.<\/p>\n<p style=\"text-align: justify;\">\u201cMas, o problema n\u00e3o \u00e9 esse em si, ser feriado ou n\u00e3o ser feriado. O problema \u00e9 que temos outras urg\u00eancias. Ou n\u00e3o temos?\u201d<\/p>\n","protected":false},"excerpt":{"rendered":"<p style=\"text-align: justify;\">Lideran\u00e7a classifica proposta de \u201cdescabida\u201d<\/p>\n","protected":false},"author":4,"featured_media":19863,"comment_status":"open","ping_status":"open","sticky":false,"template":"","format":"standard","meta":{"jnews-multi-image_gallery":[],"jnews_single_post":[],"jnews_primary_category":[],"jnews_social_meta":[],"jnews_review":[],"enable_review":"","type":"","name":"","summary":"","brand":"","sku":"","good":[],"bad":[],"score_override":"","override_value":"","rating":[],"price":[],"footnotes":""},"categories":[54],"tags":[],"class_list":["post-19864","post","type-post","status-publish","format-standard","has-post-thumbnail","hentry","category-cotidiano"],"yoast_head":"<!-- This site is optimized with the Yoast SEO plugin v26.5 - https:\/\/yoast.com\/wordpress\/plugins\/seo\/ -->\n<title>Padre Massimo critica \u201cDia do Cat\u00f3lico\u201d - Agazeta.net<\/title>\n<meta name=\"robots\" content=\"index, follow, max-snippet:-1, max-image-preview:large, max-video-preview:-1\" \/>\n<link rel=\"canonical\" href=\"https:\/\/nk7-testes.com.br\/agazeta\/padre-massimo-critica-dia-do-catolico\/\" \/>\n<meta property=\"og:locale\" content=\"pt_BR\" \/>\n<meta property=\"og:type\" content=\"article\" \/>\n<meta property=\"og:title\" content=\"Padre Massimo critica \u201cDia do Cat\u00f3lico\u201d - Agazeta.net\" \/>\n<meta property=\"og:description\" content=\"Lideran\u00e7a classifica proposta de \u201cdescabida\u201d\" \/>\n<meta property=\"og:url\" content=\"https:\/\/nk7-testes.com.br\/agazeta\/padre-massimo-critica-dia-do-catolico\/\" \/>\n<meta property=\"og:site_name\" content=\"Agazeta.net\" \/>\n<meta property=\"article:published_time\" content=\"2015-11-26T14:07:17+00:00\" \/>\n<meta property=\"og:image\" content=\"https:\/\/nk7-testes.com.br\/agazeta\/wp-content\/uploads\/2015\/11\/261115-cotidiano-padremassimo-agazetadoacre.jpg\" \/>\n\t<meta property=\"og:image:width\" content=\"458\" \/>\n\t<meta property=\"og:image:height\" content=\"340\" \/>\n\t<meta property=\"og:image:type\" content=\"image\/jpeg\" \/>\n<meta name=\"author\" content=\"Agazeta.Net\" \/>\n<meta name=\"twitter:card\" content=\"summary_large_image\" \/>\n<meta name=\"twitter:label1\" content=\"Escrito por\" \/>\n\t<meta name=\"twitter:data1\" content=\"Agazeta.Net\" \/>\n\t<meta name=\"twitter:label2\" content=\"Est. tempo de leitura\" \/>\n\t<meta name=\"twitter:data2\" content=\"1 minuto\" \/>\n<script type=\"application\/ld+json\" class=\"yoast-schema-graph\">{\"@context\":\"https:\/\/schema.org\",\"@graph\":[{\"@type\":\"WebPage\",\"@id\":\"https:\/\/nk7-testes.com.br\/agazeta\/padre-massimo-critica-dia-do-catolico\/\",\"url\":\"https:\/\/nk7-testes.com.br\/agazeta\/padre-massimo-critica-dia-do-catolico\/\",\"name\":\"Padre Massimo critica \u201cDia do Cat\u00f3lico\u201d - Agazeta.net\",\"isPartOf\":{\"@id\":\"https:\/\/nk7-testes.com.br\/agazeta\/#website\"},\"primaryImageOfPage\":{\"@id\":\"https:\/\/nk7-testes.com.br\/agazeta\/padre-massimo-critica-dia-do-catolico\/#primaryimage\"},\"image\":{\"@id\":\"https:\/\/nk7-testes.com.br\/agazeta\/padre-massimo-critica-dia-do-catolico\/#primaryimage\"},\"thumbnailUrl\":\"https:\/\/nk7-testes.com.br\/agazeta\/wp-content\/uploads\/2015\/11\/261115-cotidiano-padremassimo-agazetadoacre.jpg\",\"datePublished\":\"2015-11-26T14:07:17+00:00\",\"author\":{\"@id\":\"https:\/\/nk7-testes.com.br\/agazeta\/#\/schema\/person\/6d6e25cb0435eb4a02fd44d30b4e3020\"},\"breadcrumb\":{\"@id\":\"https:\/\/nk7-testes.com.br\/agazeta\/padre-massimo-critica-dia-do-catolico\/#breadcrumb\"},\"inLanguage\":\"pt-BR\",\"potentialAction\":[{\"@type\":\"ReadAction\",\"target\":[\"https:\/\/nk7-testes.com.br\/agazeta\/padre-massimo-critica-dia-do-catolico\/\"]}]},{\"@type\":\"ImageObject\",\"inLanguage\":\"pt-BR\",\"@id\":\"https:\/\/nk7-testes.com.br\/agazeta\/padre-massimo-critica-dia-do-catolico\/#primaryimage\",\"url\":\"https:\/\/nk7-testes.com.br\/agazeta\/wp-content\/uploads\/2015\/11\/261115-cotidiano-padremassimo-agazetadoacre.jpg\",\"contentUrl\":\"https:\/\/nk7-testes.com.br\/agazeta\/wp-content\/uploads\/2015\/11\/261115-cotidiano-padremassimo-agazetadoacre.jpg\",\"width\":458,\"height\":340,\"caption\":\"261115-cotidiano-padremassimo-agazetadoacre\"},{\"@type\":\"BreadcrumbList\",\"@id\":\"https:\/\/nk7-testes.com.br\/agazeta\/padre-massimo-critica-dia-do-catolico\/#breadcrumb\",\"itemListElement\":[{\"@type\":\"ListItem\",\"position\":1,\"name\":\"In\u00edcio\",\"item\":\"https:\/\/nk7-testes.com.br\/agazeta\/\"},{\"@type\":\"ListItem\",\"position\":2,\"name\":\"Padre Massimo critica \u201cDia do Cat\u00f3lico\u201d\"}]},{\"@type\":\"WebSite\",\"@id\":\"https:\/\/nk7-testes.com.br\/agazeta\/#website\",\"url\":\"https:\/\/nk7-testes.com.br\/agazeta\/\",\"name\":\"Agazeta.net\",\"description\":\"Agazeta.net - Not\u00edcias de Rio Branco\/AC\",\"potentialAction\":[{\"@type\":\"SearchAction\",\"target\":{\"@type\":\"EntryPoint\",\"urlTemplate\":\"https:\/\/nk7-testes.com.br\/agazeta\/?s={search_term_string}\"},\"query-input\":{\"@type\":\"PropertyValueSpecification\",\"valueRequired\":true,\"valueName\":\"search_term_string\"}}],\"inLanguage\":\"pt-BR\"},{\"@type\":\"Person\",\"@id\":\"https:\/\/nk7-testes.com.br\/agazeta\/#\/schema\/person\/6d6e25cb0435eb4a02fd44d30b4e3020\",\"name\":\"Agazeta.Net\",\"url\":\"https:\/\/nk7-testes.com.br\/agazeta\/author\/agazeta\/\"}]}<\/script>\n<!-- \/ Yoast SEO plugin. -->","yoast_head_json":{"title":"Padre Massimo critica \u201cDia do Cat\u00f3lico\u201d - Agazeta.net","robots":{"index":"index","follow":"follow","max-snippet":"max-snippet:-1","max-image-preview":"max-image-preview:large","max-video-preview":"max-video-preview:-1"},"canonical":"https:\/\/nk7-testes.com.br\/agazeta\/padre-massimo-critica-dia-do-catolico\/","og_locale":"pt_BR","og_type":"article","og_title":"Padre Massimo critica \u201cDia do Cat\u00f3lico\u201d - Agazeta.net","og_description":"Lideran\u00e7a classifica proposta de \u201cdescabida\u201d","og_url":"https:\/\/nk7-testes.com.br\/agazeta\/padre-massimo-critica-dia-do-catolico\/","og_site_name":"Agazeta.net","article_published_time":"2015-11-26T14:07:17+00:00","og_image":[{"width":458,"height":340,"url":"https:\/\/nk7-testes.com.br\/agazeta\/wp-content\/uploads\/2015\/11\/261115-cotidiano-padremassimo-agazetadoacre.jpg","type":"image\/jpeg"}],"author":"Agazeta.Net","twitter_card":"summary_large_image","twitter_misc":{"Escrito por":"Agazeta.Net","Est. tempo de leitura":"1 minuto"},"schema":{"@context":"https:\/\/schema.org","@graph":[{"@type":"WebPage","@id":"https:\/\/nk7-testes.com.br\/agazeta\/padre-massimo-critica-dia-do-catolico\/","url":"https:\/\/nk7-testes.com.br\/agazeta\/padre-massimo-critica-dia-do-catolico\/","name":"Padre Massimo critica \u201cDia do Cat\u00f3lico\u201d - Agazeta.net","isPartOf":{"@id":"https:\/\/nk7-testes.com.br\/agazeta\/#website"},"primaryImageOfPage":{"@id":"https:\/\/nk7-testes.com.br\/agazeta\/padre-massimo-critica-dia-do-catolico\/#primaryimage"},"image":{"@id":"https:\/\/nk7-testes.com.br\/agazeta\/padre-massimo-critica-dia-do-catolico\/#primaryimage"},"thumbnailUrl":"https:\/\/nk7-testes.com.br\/agazeta\/wp-content\/uploads\/2015\/11\/261115-cotidiano-padremassimo-agazetadoacre.jpg","datePublished":"2015-11-26T14:07:17+00:00","author":{"@id":"https:\/\/nk7-testes.com.br\/agazeta\/#\/schema\/person\/6d6e25cb0435eb4a02fd44d30b4e3020"},"breadcrumb":{"@id":"https:\/\/nk7-testes.com.br\/agazeta\/padre-massimo-critica-dia-do-catolico\/#breadcrumb"},"inLanguage":"pt-BR","potentialAction":[{"@type":"ReadAction","target":["https:\/\/nk7-testes.com.br\/agazeta\/padre-massimo-critica-dia-do-catolico\/"]}]},{"@type":"ImageObject","inLanguage":"pt-BR","@id":"https:\/\/nk7-testes.com.br\/agazeta\/padre-massimo-critica-dia-do-catolico\/#primaryimage","url":"https:\/\/nk7-testes.com.br\/agazeta\/wp-content\/uploads\/2015\/11\/261115-cotidiano-padremassimo-agazetadoacre.jpg","contentUrl":"https:\/\/nk7-testes.com.br\/agazeta\/wp-content\/uploads\/2015\/11\/261115-cotidiano-padremassimo-agazetadoacre.jpg","width":458,"height":340,"caption":"261115-cotidiano-padremassimo-agazetadoacre"},{"@type":"BreadcrumbList","@id":"https:\/\/nk7-testes.com.br\/agazeta\/padre-massimo-critica-dia-do-catolico\/#breadcrumb","itemListElement":[{"@type":"ListItem","position":1,"name":"In\u00edcio","item":"https:\/\/nk7-testes.com.br\/agazeta\/"},{"@type":"ListItem","position":2,"name":"Padre Massimo critica \u201cDia do Cat\u00f3lico\u201d"}]},{"@type":"WebSite","@id":"https:\/\/nk7-testes.com.br\/agazeta\/#website","url":"https:\/\/nk7-testes.com.br\/agazeta\/","name":"Agazeta.net","description":"Agazeta.net - Not\u00edcias de Rio Branco\/AC","potentialAction":[{"@type":"SearchAction","target":{"@type":"EntryPoint","urlTemplate":"https:\/\/nk7-testes.com.br\/agazeta\/?s={search_term_string}"},"query-input":{"@type":"PropertyValueSpecification","valueRequired":true,"valueName":"search_term_string"}}],"inLanguage":"pt-BR"},{"@type":"Person","@id":"https:\/\/nk7-testes.com.br\/agazeta\/#\/schema\/person\/6d6e25cb0435eb4a02fd44d30b4e3020","name":"Agazeta.Net","url":"https:\/\/nk7-testes.com.br\/agazeta\/author\/agazeta\/"}]}},"_links":{"self":[{"href":"https:\/\/nk7-testes.com.br\/agazeta\/wp-json\/wp\/v2\/posts\/19864","targetHints":{"allow":["GET"]}}],"collection":[{"href":"https:\/\/nk7-testes.com.br\/agazeta\/wp-json\/wp\/v2\/posts"}],"about":[{"href":"https:\/\/nk7-testes.com.br\/agazeta\/wp-json\/wp\/v2\/types\/post"}],"author":[{"embeddable":true,"href":"https:\/\/nk7-testes.com.br\/agazeta\/wp-json\/wp\/v2\/users\/4"}],"replies":[{"embeddable":true,"href":"https:\/\/nk7-testes.com.br\/agazeta\/wp-json\/wp\/v2\/comments?post=19864"}],"version-history":[{"count":0,"href":"https:\/\/nk7-testes.com.br\/agazeta\/wp-json\/wp\/v2\/posts\/19864\/revisions"}],"wp:featuredmedia":[{"embeddable":true,"href":"https:\/\/nk7-testes.com.br\/agazeta\/wp-json\/wp\/v2\/media\/19863"}],"wp:attachment":[{"href":"https:\/\/nk7-testes.com.br\/agazeta\/wp-json\/wp\/v2\/media?parent=19864"}],"wp:term":[{"taxonomy":"category","embeddable":true,"href":"https:\/\/nk7-testes.com.br\/agazeta\/wp-json\/wp\/v2\/categories?post=19864"},{"taxonomy":"post_tag","embeddable":true,"href":"https:\/\/nk7-testes.com.br\/agazeta\/wp-json\/wp\/v2\/tags?post=19864"}],"curies":[{"name":"wp","href":"https:\/\/api.w.org\/{rel}","templated":true}]}}