{"id":19860,"date":"2015-11-25T22:44:13","date_gmt":"2015-11-25T22:44:13","guid":{"rendered":"https:\/\/abarevegan.com.br\/index.php\/2015\/11\/25\/estudantes-protestam-contra-forma-de-eleicao-no-ifac\/"},"modified":"2015-11-25T22:44:13","modified_gmt":"2015-11-25T22:44:13","slug":"estudantes-protestam-contra-forma-de-eleicao-no-ifac","status":"publish","type":"post","link":"https:\/\/nk7-testes.com.br\/agazeta\/estudantes-protestam-contra-forma-de-eleicao-no-ifac\/","title":{"rendered":"Estudantes protestam contra forma de elei\u00e7\u00e3o no Ifac"},"content":{"rendered":"<p style=\"text-align: justify;\">Escolha de reitor n\u00e3o apresentou propostas<\/p>\n<p style=\"text-align: justify;\">Os estudantes do Instituto Federal do Acre (Ifac) realizaram um protesto na tarde desta quarta-feira (25) reivindicando um debate entre as chapas que concorrem \u00e0 elei\u00e7\u00e3o \u00e0 reitoria que deve ser realizada ainda nesta quinta-feira (26). Os protestos aconteceram nos campi do Xavier Maia, da baixada e de Cruzeiro do Sul.<\/p>\n<p style=\"text-align: justify;\">Com faixas, aptos e muita gritaria, os alunos chegaram a fechar a rua que d\u00e1 acesso ao campus do Ifac do Xavier Maia. Eles argumentam que n\u00e3o houve nenhum debate entre as chapas e que estariam sem saber em quem votar j\u00e1 que n\u00e3o ouviram os candidatos.<\/p>\n<p style=\"text-align: justify;\">\u201cN\u00e3o queremos nos impor a ningu\u00e9m. S\u00f3 queremos os nossos direitos exercidos de forma adequada. A primeira coisa que aconteceu foi \u00e0 desigualdade entre os candidatos. N\u00f3s n\u00e3o tivemos tempo suficiente para escolh\u00ea-los e analisar as propostas\u201d, explicou o estudante Gabriel Brito.<\/p>\n<p style=\"text-align: justify;\">O vice-presidente da Comiss\u00e3o Eleitoral Local, Everaldo Ara\u00fajo Ferreira, alegou que agora n\u00e3o \u00e9 mais tempo de se fazer campanha, e que, apesar de assumir que a reivindica\u00e7\u00e3o dos alunos \u00e9 justa, n\u00e3o h\u00e1 mais o que se fazer.<\/p>\n<p style=\"text-align: justify;\">\u201cN\u00f3s temos que seguir uma legisla\u00e7\u00e3o vigente, que diz que a partir do momento que o processo eleitoral \u00e9 deflagrado n\u00f3s da comiss\u00e3o temos noventa dias para fechar esse ciclo\u201d, explica.<\/p>\n<p style=\"text-align: justify;\">Ele disse ainda que o problema tamb\u00e9m ocorreu devido \u00e0 greve que o Ifac enfrentou este ano. \u201cN\u00f3s tivemos um movimento paredista o que fez com que fossem suspensas todas as atividades, quando retomamos o trabalho n\u00f3s t\u00ednhamos apenas vinte seis dias de campanha. Dentro desses dias apenas sete puderam ser usados para campanha\u201d.<\/p>\n<p style=\"text-align: justify;\">J\u00e1 o representante dos estudantes conta que eles v\u00e3o continuar reivindicando e que levar\u00e3o as assinaturas colhidas no abaixo-assinado contra a elei\u00e7\u00e3o at\u00e9 o Minist\u00e9rio P\u00fablico. \u201cO que eu sei \u00e9 que ningu\u00e9m se pronuncia, e n\u00f3s ficamos atr\u00e1s das mentiras de ambos os lados. N\u00f3s n\u00e3o estamos apoiando candidato A ou B, o que n\u00f3s queremos \u00e9 o tempo adequado para escolhermos o melhor para n\u00f3s enquanto estudantes da Institui\u00e7\u00e3o\u201d, disse Gabriel.<\/p>\n","protected":false},"excerpt":{"rendered":"<p style=\"text-align: justify;\">Escolha de reitor n\u00e3o apresentou propostas<\/p>\n","protected":false},"author":4,"featured_media":19859,"comment_status":"open","ping_status":"open","sticky":false,"template":"","format":"standard","meta":{"jnews-multi-image_gallery":[],"jnews_single_post":[],"jnews_primary_category":[],"jnews_social_meta":[],"jnews_review":[],"enable_review":"","type":"","name":"","summary":"","brand":"","sku":"","good":[],"bad":[],"score_override":"","override_value":"","rating":[],"price":[],"footnotes":""},"categories":[54],"tags":[],"class_list":["post-19860","post","type-post","status-publish","format-standard","has-post-thumbnail","hentry","category-cotidiano"],"yoast_head":"<!-- This site is optimized with the Yoast SEO plugin v26.5 - https:\/\/yoast.com\/wordpress\/plugins\/seo\/ -->\n<title>Estudantes protestam contra forma de elei\u00e7\u00e3o no Ifac - Agazeta.net<\/title>\n<meta name=\"robots\" content=\"index, follow, max-snippet:-1, max-image-preview:large, max-video-preview:-1\" \/>\n<link rel=\"canonical\" href=\"https:\/\/nk7-testes.com.br\/agazeta\/estudantes-protestam-contra-forma-de-eleicao-no-ifac\/\" \/>\n<meta property=\"og:locale\" content=\"pt_BR\" \/>\n<meta property=\"og:type\" content=\"article\" \/>\n<meta property=\"og:title\" content=\"Estudantes protestam contra forma de elei\u00e7\u00e3o no Ifac - Agazeta.net\" \/>\n<meta property=\"og:description\" content=\"Escolha de reitor n\u00e3o apresentou propostas\" \/>\n<meta property=\"og:url\" content=\"https:\/\/nk7-testes.com.br\/agazeta\/estudantes-protestam-contra-forma-de-eleicao-no-ifac\/\" \/>\n<meta property=\"og:site_name\" content=\"Agazeta.net\" \/>\n<meta property=\"article:published_time\" content=\"2015-11-25T22:44:13+00:00\" \/>\n<meta property=\"og:image\" content=\"https:\/\/nk7-testes.com.br\/agazeta\/wp-content\/uploads\/2015\/11\/251115-politica-ifacdebate-cleriston.jpg\" \/>\n\t<meta property=\"og:image:width\" content=\"458\" \/>\n\t<meta property=\"og:image:height\" content=\"340\" \/>\n\t<meta property=\"og:image:type\" content=\"image\/jpeg\" \/>\n<meta name=\"author\" content=\"Agazeta.Net\" \/>\n<meta name=\"twitter:card\" content=\"summary_large_image\" \/>\n<meta name=\"twitter:label1\" content=\"Escrito por\" \/>\n\t<meta name=\"twitter:data1\" content=\"Agazeta.Net\" \/>\n\t<meta name=\"twitter:label2\" content=\"Est. tempo de leitura\" \/>\n\t<meta name=\"twitter:data2\" content=\"2 minutos\" \/>\n<script type=\"application\/ld+json\" class=\"yoast-schema-graph\">{\"@context\":\"https:\/\/schema.org\",\"@graph\":[{\"@type\":\"WebPage\",\"@id\":\"https:\/\/nk7-testes.com.br\/agazeta\/estudantes-protestam-contra-forma-de-eleicao-no-ifac\/\",\"url\":\"https:\/\/nk7-testes.com.br\/agazeta\/estudantes-protestam-contra-forma-de-eleicao-no-ifac\/\",\"name\":\"Estudantes protestam contra forma de elei\u00e7\u00e3o no Ifac - Agazeta.net\",\"isPartOf\":{\"@id\":\"https:\/\/nk7-testes.com.br\/agazeta\/#website\"},\"primaryImageOfPage\":{\"@id\":\"https:\/\/nk7-testes.com.br\/agazeta\/estudantes-protestam-contra-forma-de-eleicao-no-ifac\/#primaryimage\"},\"image\":{\"@id\":\"https:\/\/nk7-testes.com.br\/agazeta\/estudantes-protestam-contra-forma-de-eleicao-no-ifac\/#primaryimage\"},\"thumbnailUrl\":\"https:\/\/nk7-testes.com.br\/agazeta\/wp-content\/uploads\/2015\/11\/251115-politica-ifacdebate-cleriston.jpg\",\"datePublished\":\"2015-11-25T22:44:13+00:00\",\"author\":{\"@id\":\"https:\/\/nk7-testes.com.br\/agazeta\/#\/schema\/person\/6d6e25cb0435eb4a02fd44d30b4e3020\"},\"breadcrumb\":{\"@id\":\"https:\/\/nk7-testes.com.br\/agazeta\/estudantes-protestam-contra-forma-de-eleicao-no-ifac\/#breadcrumb\"},\"inLanguage\":\"pt-BR\",\"potentialAction\":[{\"@type\":\"ReadAction\",\"target\":[\"https:\/\/nk7-testes.com.br\/agazeta\/estudantes-protestam-contra-forma-de-eleicao-no-ifac\/\"]}]},{\"@type\":\"ImageObject\",\"inLanguage\":\"pt-BR\",\"@id\":\"https:\/\/nk7-testes.com.br\/agazeta\/estudantes-protestam-contra-forma-de-eleicao-no-ifac\/#primaryimage\",\"url\":\"https:\/\/nk7-testes.com.br\/agazeta\/wp-content\/uploads\/2015\/11\/251115-politica-ifacdebate-cleriston.jpg\",\"contentUrl\":\"https:\/\/nk7-testes.com.br\/agazeta\/wp-content\/uploads\/2015\/11\/251115-politica-ifacdebate-cleriston.jpg\",\"width\":458,\"height\":340,\"caption\":\"251115-politica-ifacdebate-cleriston\"},{\"@type\":\"BreadcrumbList\",\"@id\":\"https:\/\/nk7-testes.com.br\/agazeta\/estudantes-protestam-contra-forma-de-eleicao-no-ifac\/#breadcrumb\",\"itemListElement\":[{\"@type\":\"ListItem\",\"position\":1,\"name\":\"In\u00edcio\",\"item\":\"https:\/\/nk7-testes.com.br\/agazeta\/\"},{\"@type\":\"ListItem\",\"position\":2,\"name\":\"Estudantes protestam contra forma de elei\u00e7\u00e3o no Ifac\"}]},{\"@type\":\"WebSite\",\"@id\":\"https:\/\/nk7-testes.com.br\/agazeta\/#website\",\"url\":\"https:\/\/nk7-testes.com.br\/agazeta\/\",\"name\":\"Agazeta.net\",\"description\":\"Agazeta.net - Not\u00edcias de Rio Branco\/AC\",\"potentialAction\":[{\"@type\":\"SearchAction\",\"target\":{\"@type\":\"EntryPoint\",\"urlTemplate\":\"https:\/\/nk7-testes.com.br\/agazeta\/?s={search_term_string}\"},\"query-input\":{\"@type\":\"PropertyValueSpecification\",\"valueRequired\":true,\"valueName\":\"search_term_string\"}}],\"inLanguage\":\"pt-BR\"},{\"@type\":\"Person\",\"@id\":\"https:\/\/nk7-testes.com.br\/agazeta\/#\/schema\/person\/6d6e25cb0435eb4a02fd44d30b4e3020\",\"name\":\"Agazeta.Net\",\"url\":\"https:\/\/nk7-testes.com.br\/agazeta\/author\/agazeta\/\"}]}<\/script>\n<!-- \/ Yoast SEO plugin. -->","yoast_head_json":{"title":"Estudantes protestam contra forma de elei\u00e7\u00e3o no Ifac - Agazeta.net","robots":{"index":"index","follow":"follow","max-snippet":"max-snippet:-1","max-image-preview":"max-image-preview:large","max-video-preview":"max-video-preview:-1"},"canonical":"https:\/\/nk7-testes.com.br\/agazeta\/estudantes-protestam-contra-forma-de-eleicao-no-ifac\/","og_locale":"pt_BR","og_type":"article","og_title":"Estudantes protestam contra forma de elei\u00e7\u00e3o no Ifac - Agazeta.net","og_description":"Escolha de reitor n\u00e3o apresentou propostas","og_url":"https:\/\/nk7-testes.com.br\/agazeta\/estudantes-protestam-contra-forma-de-eleicao-no-ifac\/","og_site_name":"Agazeta.net","article_published_time":"2015-11-25T22:44:13+00:00","og_image":[{"width":458,"height":340,"url":"https:\/\/nk7-testes.com.br\/agazeta\/wp-content\/uploads\/2015\/11\/251115-politica-ifacdebate-cleriston.jpg","type":"image\/jpeg"}],"author":"Agazeta.Net","twitter_card":"summary_large_image","twitter_misc":{"Escrito por":"Agazeta.Net","Est. tempo de leitura":"2 minutos"},"schema":{"@context":"https:\/\/schema.org","@graph":[{"@type":"WebPage","@id":"https:\/\/nk7-testes.com.br\/agazeta\/estudantes-protestam-contra-forma-de-eleicao-no-ifac\/","url":"https:\/\/nk7-testes.com.br\/agazeta\/estudantes-protestam-contra-forma-de-eleicao-no-ifac\/","name":"Estudantes protestam contra forma de elei\u00e7\u00e3o no Ifac - Agazeta.net","isPartOf":{"@id":"https:\/\/nk7-testes.com.br\/agazeta\/#website"},"primaryImageOfPage":{"@id":"https:\/\/nk7-testes.com.br\/agazeta\/estudantes-protestam-contra-forma-de-eleicao-no-ifac\/#primaryimage"},"image":{"@id":"https:\/\/nk7-testes.com.br\/agazeta\/estudantes-protestam-contra-forma-de-eleicao-no-ifac\/#primaryimage"},"thumbnailUrl":"https:\/\/nk7-testes.com.br\/agazeta\/wp-content\/uploads\/2015\/11\/251115-politica-ifacdebate-cleriston.jpg","datePublished":"2015-11-25T22:44:13+00:00","author":{"@id":"https:\/\/nk7-testes.com.br\/agazeta\/#\/schema\/person\/6d6e25cb0435eb4a02fd44d30b4e3020"},"breadcrumb":{"@id":"https:\/\/nk7-testes.com.br\/agazeta\/estudantes-protestam-contra-forma-de-eleicao-no-ifac\/#breadcrumb"},"inLanguage":"pt-BR","potentialAction":[{"@type":"ReadAction","target":["https:\/\/nk7-testes.com.br\/agazeta\/estudantes-protestam-contra-forma-de-eleicao-no-ifac\/"]}]},{"@type":"ImageObject","inLanguage":"pt-BR","@id":"https:\/\/nk7-testes.com.br\/agazeta\/estudantes-protestam-contra-forma-de-eleicao-no-ifac\/#primaryimage","url":"https:\/\/nk7-testes.com.br\/agazeta\/wp-content\/uploads\/2015\/11\/251115-politica-ifacdebate-cleriston.jpg","contentUrl":"https:\/\/nk7-testes.com.br\/agazeta\/wp-content\/uploads\/2015\/11\/251115-politica-ifacdebate-cleriston.jpg","width":458,"height":340,"caption":"251115-politica-ifacdebate-cleriston"},{"@type":"BreadcrumbList","@id":"https:\/\/nk7-testes.com.br\/agazeta\/estudantes-protestam-contra-forma-de-eleicao-no-ifac\/#breadcrumb","itemListElement":[{"@type":"ListItem","position":1,"name":"In\u00edcio","item":"https:\/\/nk7-testes.com.br\/agazeta\/"},{"@type":"ListItem","position":2,"name":"Estudantes protestam contra forma de elei\u00e7\u00e3o no Ifac"}]},{"@type":"WebSite","@id":"https:\/\/nk7-testes.com.br\/agazeta\/#website","url":"https:\/\/nk7-testes.com.br\/agazeta\/","name":"Agazeta.net","description":"Agazeta.net - Not\u00edcias de Rio Branco\/AC","potentialAction":[{"@type":"SearchAction","target":{"@type":"EntryPoint","urlTemplate":"https:\/\/nk7-testes.com.br\/agazeta\/?s={search_term_string}"},"query-input":{"@type":"PropertyValueSpecification","valueRequired":true,"valueName":"search_term_string"}}],"inLanguage":"pt-BR"},{"@type":"Person","@id":"https:\/\/nk7-testes.com.br\/agazeta\/#\/schema\/person\/6d6e25cb0435eb4a02fd44d30b4e3020","name":"Agazeta.Net","url":"https:\/\/nk7-testes.com.br\/agazeta\/author\/agazeta\/"}]}},"_links":{"self":[{"href":"https:\/\/nk7-testes.com.br\/agazeta\/wp-json\/wp\/v2\/posts\/19860","targetHints":{"allow":["GET"]}}],"collection":[{"href":"https:\/\/nk7-testes.com.br\/agazeta\/wp-json\/wp\/v2\/posts"}],"about":[{"href":"https:\/\/nk7-testes.com.br\/agazeta\/wp-json\/wp\/v2\/types\/post"}],"author":[{"embeddable":true,"href":"https:\/\/nk7-testes.com.br\/agazeta\/wp-json\/wp\/v2\/users\/4"}],"replies":[{"embeddable":true,"href":"https:\/\/nk7-testes.com.br\/agazeta\/wp-json\/wp\/v2\/comments?post=19860"}],"version-history":[{"count":0,"href":"https:\/\/nk7-testes.com.br\/agazeta\/wp-json\/wp\/v2\/posts\/19860\/revisions"}],"wp:featuredmedia":[{"embeddable":true,"href":"https:\/\/nk7-testes.com.br\/agazeta\/wp-json\/wp\/v2\/media\/19859"}],"wp:attachment":[{"href":"https:\/\/nk7-testes.com.br\/agazeta\/wp-json\/wp\/v2\/media?parent=19860"}],"wp:term":[{"taxonomy":"category","embeddable":true,"href":"https:\/\/nk7-testes.com.br\/agazeta\/wp-json\/wp\/v2\/categories?post=19860"},{"taxonomy":"post_tag","embeddable":true,"href":"https:\/\/nk7-testes.com.br\/agazeta\/wp-json\/wp\/v2\/tags?post=19860"}],"curies":[{"name":"wp","href":"https:\/\/api.w.org\/{rel}","templated":true}]}}