{"id":19846,"date":"2015-11-25T15:31:22","date_gmt":"2015-11-25T15:31:22","guid":{"rendered":"https:\/\/abarevegan.com.br\/index.php\/2015\/11\/25\/aneel-autoriza-novo-reajuste-de-energia-eletrica\/"},"modified":"2015-11-25T15:31:22","modified_gmt":"2015-11-25T15:31:22","slug":"aneel-autoriza-novo-reajuste-de-energia-eletrica","status":"publish","type":"post","link":"https:\/\/nk7-testes.com.br\/agazeta\/aneel-autoriza-novo-reajuste-de-energia-eletrica\/","title":{"rendered":"Aneel autoriza novo reajuste de energia el\u00e9trica"},"content":{"rendered":"<p style=\"text-align: justify;\">Em 2015, aumento na conta dos acrianos \u00e9 de 30,49%<\/p>\n<p style=\"text-align: justify;\">A cabeleireira Maria In\u00eas n\u00e3o consegue entender por que a conta de energia el\u00e9trica de um m\u00eas pra outro aumentou R$ 40. O consumo continua o mesmo, e neste m\u00eas, a despesa com luz que era de R$ 240 em m\u00e9dia, vai passar pra R$ 280.<\/p>\n<p style=\"text-align: justify;\">E a preocupa\u00e7\u00e3o da consumidora n\u00e3o para por a\u00ed, porque a Ag\u00eancia Nacional de energia el\u00e9trica (Aneel) aprovou reajuste para a Eletrobras Distribui\u00e7\u00e3o Acre. O impacto nas contas de energia ser\u00e1 de 9,17% para os consumidores residenciais e 10,77% para os industriais. O novo aumento come\u00e7a a valer a partir da pr\u00f3xima segunda-feira, dia 30.<\/p>\n<p style=\"text-align: justify;\">Assim como a cabeleireira, muitos consumidores querem entender o porqu\u00ea de um novo reajuste. \u201c\u00c9 uma surpresa pra gente. N\u00f3s ficamos de m\u00e3os atadas. A gente sabe que n\u00e3o tem direito de reclamar, s\u00f3 tem direito de pagar. Al\u00e9m disso, pagamos \u00e1gua, telefone, ent\u00e3o se torna muito pesado para o trabalhador brasileiro\u201d, disse Maria In\u00eas.<\/p>\n<p style=\"text-align: justify;\">No m\u00eas de mar\u00e7o, a conta de luz dos acrianos sofreu um reajuste m\u00e9dio de 21%. Com mais esse reajuste de novembro, s\u00f3 em 2015, os consumidores atendidos pela Eletrobras v\u00e3o arcar com reajuste total de 30,49%.<\/p>\n<p style=\"text-align: justify;\">\u201cDos 9,49%, 6,10% refletem o custo da energia. Foi o que causou a revis\u00e3o extraordin\u00e1ria no in\u00edcio do ano e a maior parte desse reajuste no final do ano\u201d, explica o assistente da dire\u00e7\u00e3o da Eletrobras Acre, Danilo Klein.<\/p>\n<p style=\"text-align: justify;\">Al\u00e9m dos encargos que recaem sobre as mercadorias, o comerciante Jos\u00e9 Reis considera a conta de energia el\u00e9trica, outro entrave para o crescimento da pequena mercearia. Ele paga quase R$ 3 mil para manter as l\u00e2mpadas, os freezers, ventiladores, ar condicionado e computadores ligados, para trabalhar.<\/p>\n<p style=\"text-align: justify;\">Com mais um reajuste, que pode se aproximar de R$ 300, ele se v\u00ea obrigado a mexer tamb\u00e9m nos pre\u00e7os dos produtos que comercializa.<\/p>\n<p style=\"text-align: justify;\">\u201cSe eu n\u00e3o aumentar, a gente n\u00e3o tem margem de lucro. Ultimamente o que t\u00e1 acontecendo \u00e9 exageros e por qu\u00ea? Nossa administra\u00e7\u00e3o, n\u00e9\u201d, disse o comerciante.<\/p>\n","protected":false},"excerpt":{"rendered":"<p style=\"text-align: justify;\">Em 2015, aumento na conta dos acrianos \u00e9 de 30,49%<\/p>\n","protected":false},"author":4,"featured_media":13661,"comment_status":"open","ping_status":"open","sticky":false,"template":"","format":"standard","meta":{"jnews-multi-image_gallery":[],"jnews_single_post":[],"jnews_primary_category":[],"jnews_social_meta":[],"jnews_review":[],"enable_review":"","type":"","name":"","summary":"","brand":"","sku":"","good":[],"bad":[],"score_override":"","override_value":"","rating":[],"price":[],"footnotes":""},"categories":[54],"tags":[],"class_list":["post-19846","post","type-post","status-publish","format-standard","has-post-thumbnail","hentry","category-cotidiano"],"yoast_head":"<!-- This site is optimized with the Yoast SEO plugin v26.5 - https:\/\/yoast.com\/wordpress\/plugins\/seo\/ -->\n<title>Aneel autoriza novo reajuste de energia el\u00e9trica - Agazeta.net<\/title>\n<meta name=\"robots\" content=\"index, follow, max-snippet:-1, max-image-preview:large, max-video-preview:-1\" \/>\n<link rel=\"canonical\" href=\"https:\/\/nk7-testes.com.br\/agazeta\/aneel-autoriza-novo-reajuste-de-energia-eletrica\/\" \/>\n<meta property=\"og:locale\" content=\"pt_BR\" \/>\n<meta property=\"og:type\" content=\"article\" \/>\n<meta property=\"og:title\" content=\"Aneel autoriza novo reajuste de energia el\u00e9trica - Agazeta.net\" \/>\n<meta property=\"og:description\" content=\"Em 2015, aumento na conta dos acrianos \u00e9 de 30,49%\" \/>\n<meta property=\"og:url\" content=\"https:\/\/nk7-testes.com.br\/agazeta\/aneel-autoriza-novo-reajuste-de-energia-eletrica\/\" \/>\n<meta property=\"og:site_name\" content=\"Agazeta.net\" \/>\n<meta property=\"article:published_time\" content=\"2015-11-25T15:31:22+00:00\" \/>\n<meta property=\"og:image\" content=\"https:\/\/nk7-testes.com.br\/agazeta\/wp-content\/uploads\/2015\/03\/280215-cotidiano-eletrobras-agazetadoacre.jpg\" \/>\n\t<meta property=\"og:image:width\" content=\"458\" \/>\n\t<meta property=\"og:image:height\" content=\"340\" \/>\n\t<meta property=\"og:image:type\" content=\"image\/jpeg\" \/>\n<meta name=\"author\" content=\"Agazeta.Net\" \/>\n<meta name=\"twitter:card\" content=\"summary_large_image\" \/>\n<meta name=\"twitter:label1\" content=\"Escrito por\" \/>\n\t<meta name=\"twitter:data1\" content=\"Agazeta.Net\" \/>\n\t<meta name=\"twitter:label2\" content=\"Est. tempo de leitura\" \/>\n\t<meta name=\"twitter:data2\" content=\"2 minutos\" \/>\n<script type=\"application\/ld+json\" class=\"yoast-schema-graph\">{\"@context\":\"https:\/\/schema.org\",\"@graph\":[{\"@type\":\"WebPage\",\"@id\":\"https:\/\/nk7-testes.com.br\/agazeta\/aneel-autoriza-novo-reajuste-de-energia-eletrica\/\",\"url\":\"https:\/\/nk7-testes.com.br\/agazeta\/aneel-autoriza-novo-reajuste-de-energia-eletrica\/\",\"name\":\"Aneel autoriza novo reajuste de energia el\u00e9trica - Agazeta.net\",\"isPartOf\":{\"@id\":\"https:\/\/nk7-testes.com.br\/agazeta\/#website\"},\"primaryImageOfPage\":{\"@id\":\"https:\/\/nk7-testes.com.br\/agazeta\/aneel-autoriza-novo-reajuste-de-energia-eletrica\/#primaryimage\"},\"image\":{\"@id\":\"https:\/\/nk7-testes.com.br\/agazeta\/aneel-autoriza-novo-reajuste-de-energia-eletrica\/#primaryimage\"},\"thumbnailUrl\":\"https:\/\/nk7-testes.com.br\/agazeta\/wp-content\/uploads\/2015\/03\/280215-cotidiano-eletrobras-agazetadoacre.jpg\",\"datePublished\":\"2015-11-25T15:31:22+00:00\",\"author\":{\"@id\":\"https:\/\/nk7-testes.com.br\/agazeta\/#\/schema\/person\/6d6e25cb0435eb4a02fd44d30b4e3020\"},\"breadcrumb\":{\"@id\":\"https:\/\/nk7-testes.com.br\/agazeta\/aneel-autoriza-novo-reajuste-de-energia-eletrica\/#breadcrumb\"},\"inLanguage\":\"pt-BR\",\"potentialAction\":[{\"@type\":\"ReadAction\",\"target\":[\"https:\/\/nk7-testes.com.br\/agazeta\/aneel-autoriza-novo-reajuste-de-energia-eletrica\/\"]}]},{\"@type\":\"ImageObject\",\"inLanguage\":\"pt-BR\",\"@id\":\"https:\/\/nk7-testes.com.br\/agazeta\/aneel-autoriza-novo-reajuste-de-energia-eletrica\/#primaryimage\",\"url\":\"https:\/\/nk7-testes.com.br\/agazeta\/wp-content\/uploads\/2015\/03\/280215-cotidiano-eletrobras-agazetadoacre.jpg\",\"contentUrl\":\"https:\/\/nk7-testes.com.br\/agazeta\/wp-content\/uploads\/2015\/03\/280215-cotidiano-eletrobras-agazetadoacre.jpg\",\"width\":458,\"height\":340,\"caption\":\"280215-cotidiano-eletrobras-agazetadoacre\"},{\"@type\":\"BreadcrumbList\",\"@id\":\"https:\/\/nk7-testes.com.br\/agazeta\/aneel-autoriza-novo-reajuste-de-energia-eletrica\/#breadcrumb\",\"itemListElement\":[{\"@type\":\"ListItem\",\"position\":1,\"name\":\"In\u00edcio\",\"item\":\"https:\/\/nk7-testes.com.br\/agazeta\/\"},{\"@type\":\"ListItem\",\"position\":2,\"name\":\"Aneel autoriza novo reajuste de energia el\u00e9trica\"}]},{\"@type\":\"WebSite\",\"@id\":\"https:\/\/nk7-testes.com.br\/agazeta\/#website\",\"url\":\"https:\/\/nk7-testes.com.br\/agazeta\/\",\"name\":\"Agazeta.net\",\"description\":\"Agazeta.net - Not\u00edcias de Rio Branco\/AC\",\"potentialAction\":[{\"@type\":\"SearchAction\",\"target\":{\"@type\":\"EntryPoint\",\"urlTemplate\":\"https:\/\/nk7-testes.com.br\/agazeta\/?s={search_term_string}\"},\"query-input\":{\"@type\":\"PropertyValueSpecification\",\"valueRequired\":true,\"valueName\":\"search_term_string\"}}],\"inLanguage\":\"pt-BR\"},{\"@type\":\"Person\",\"@id\":\"https:\/\/nk7-testes.com.br\/agazeta\/#\/schema\/person\/6d6e25cb0435eb4a02fd44d30b4e3020\",\"name\":\"Agazeta.Net\",\"url\":\"https:\/\/nk7-testes.com.br\/agazeta\/author\/agazeta\/\"}]}<\/script>\n<!-- \/ Yoast SEO plugin. -->","yoast_head_json":{"title":"Aneel autoriza novo reajuste de energia el\u00e9trica - Agazeta.net","robots":{"index":"index","follow":"follow","max-snippet":"max-snippet:-1","max-image-preview":"max-image-preview:large","max-video-preview":"max-video-preview:-1"},"canonical":"https:\/\/nk7-testes.com.br\/agazeta\/aneel-autoriza-novo-reajuste-de-energia-eletrica\/","og_locale":"pt_BR","og_type":"article","og_title":"Aneel autoriza novo reajuste de energia el\u00e9trica - Agazeta.net","og_description":"Em 2015, aumento na conta dos acrianos \u00e9 de 30,49%","og_url":"https:\/\/nk7-testes.com.br\/agazeta\/aneel-autoriza-novo-reajuste-de-energia-eletrica\/","og_site_name":"Agazeta.net","article_published_time":"2015-11-25T15:31:22+00:00","og_image":[{"width":458,"height":340,"url":"https:\/\/nk7-testes.com.br\/agazeta\/wp-content\/uploads\/2015\/03\/280215-cotidiano-eletrobras-agazetadoacre.jpg","type":"image\/jpeg"}],"author":"Agazeta.Net","twitter_card":"summary_large_image","twitter_misc":{"Escrito por":"Agazeta.Net","Est. tempo de leitura":"2 minutos"},"schema":{"@context":"https:\/\/schema.org","@graph":[{"@type":"WebPage","@id":"https:\/\/nk7-testes.com.br\/agazeta\/aneel-autoriza-novo-reajuste-de-energia-eletrica\/","url":"https:\/\/nk7-testes.com.br\/agazeta\/aneel-autoriza-novo-reajuste-de-energia-eletrica\/","name":"Aneel autoriza novo reajuste de energia el\u00e9trica - Agazeta.net","isPartOf":{"@id":"https:\/\/nk7-testes.com.br\/agazeta\/#website"},"primaryImageOfPage":{"@id":"https:\/\/nk7-testes.com.br\/agazeta\/aneel-autoriza-novo-reajuste-de-energia-eletrica\/#primaryimage"},"image":{"@id":"https:\/\/nk7-testes.com.br\/agazeta\/aneel-autoriza-novo-reajuste-de-energia-eletrica\/#primaryimage"},"thumbnailUrl":"https:\/\/nk7-testes.com.br\/agazeta\/wp-content\/uploads\/2015\/03\/280215-cotidiano-eletrobras-agazetadoacre.jpg","datePublished":"2015-11-25T15:31:22+00:00","author":{"@id":"https:\/\/nk7-testes.com.br\/agazeta\/#\/schema\/person\/6d6e25cb0435eb4a02fd44d30b4e3020"},"breadcrumb":{"@id":"https:\/\/nk7-testes.com.br\/agazeta\/aneel-autoriza-novo-reajuste-de-energia-eletrica\/#breadcrumb"},"inLanguage":"pt-BR","potentialAction":[{"@type":"ReadAction","target":["https:\/\/nk7-testes.com.br\/agazeta\/aneel-autoriza-novo-reajuste-de-energia-eletrica\/"]}]},{"@type":"ImageObject","inLanguage":"pt-BR","@id":"https:\/\/nk7-testes.com.br\/agazeta\/aneel-autoriza-novo-reajuste-de-energia-eletrica\/#primaryimage","url":"https:\/\/nk7-testes.com.br\/agazeta\/wp-content\/uploads\/2015\/03\/280215-cotidiano-eletrobras-agazetadoacre.jpg","contentUrl":"https:\/\/nk7-testes.com.br\/agazeta\/wp-content\/uploads\/2015\/03\/280215-cotidiano-eletrobras-agazetadoacre.jpg","width":458,"height":340,"caption":"280215-cotidiano-eletrobras-agazetadoacre"},{"@type":"BreadcrumbList","@id":"https:\/\/nk7-testes.com.br\/agazeta\/aneel-autoriza-novo-reajuste-de-energia-eletrica\/#breadcrumb","itemListElement":[{"@type":"ListItem","position":1,"name":"In\u00edcio","item":"https:\/\/nk7-testes.com.br\/agazeta\/"},{"@type":"ListItem","position":2,"name":"Aneel autoriza novo reajuste de energia el\u00e9trica"}]},{"@type":"WebSite","@id":"https:\/\/nk7-testes.com.br\/agazeta\/#website","url":"https:\/\/nk7-testes.com.br\/agazeta\/","name":"Agazeta.net","description":"Agazeta.net - Not\u00edcias de Rio Branco\/AC","potentialAction":[{"@type":"SearchAction","target":{"@type":"EntryPoint","urlTemplate":"https:\/\/nk7-testes.com.br\/agazeta\/?s={search_term_string}"},"query-input":{"@type":"PropertyValueSpecification","valueRequired":true,"valueName":"search_term_string"}}],"inLanguage":"pt-BR"},{"@type":"Person","@id":"https:\/\/nk7-testes.com.br\/agazeta\/#\/schema\/person\/6d6e25cb0435eb4a02fd44d30b4e3020","name":"Agazeta.Net","url":"https:\/\/nk7-testes.com.br\/agazeta\/author\/agazeta\/"}]}},"_links":{"self":[{"href":"https:\/\/nk7-testes.com.br\/agazeta\/wp-json\/wp\/v2\/posts\/19846","targetHints":{"allow":["GET"]}}],"collection":[{"href":"https:\/\/nk7-testes.com.br\/agazeta\/wp-json\/wp\/v2\/posts"}],"about":[{"href":"https:\/\/nk7-testes.com.br\/agazeta\/wp-json\/wp\/v2\/types\/post"}],"author":[{"embeddable":true,"href":"https:\/\/nk7-testes.com.br\/agazeta\/wp-json\/wp\/v2\/users\/4"}],"replies":[{"embeddable":true,"href":"https:\/\/nk7-testes.com.br\/agazeta\/wp-json\/wp\/v2\/comments?post=19846"}],"version-history":[{"count":0,"href":"https:\/\/nk7-testes.com.br\/agazeta\/wp-json\/wp\/v2\/posts\/19846\/revisions"}],"wp:featuredmedia":[{"embeddable":true,"href":"https:\/\/nk7-testes.com.br\/agazeta\/wp-json\/wp\/v2\/media\/13661"}],"wp:attachment":[{"href":"https:\/\/nk7-testes.com.br\/agazeta\/wp-json\/wp\/v2\/media?parent=19846"}],"wp:term":[{"taxonomy":"category","embeddable":true,"href":"https:\/\/nk7-testes.com.br\/agazeta\/wp-json\/wp\/v2\/categories?post=19846"},{"taxonomy":"post_tag","embeddable":true,"href":"https:\/\/nk7-testes.com.br\/agazeta\/wp-json\/wp\/v2\/tags?post=19846"}],"curies":[{"name":"wp","href":"https:\/\/api.w.org\/{rel}","templated":true}]}}