{"id":19841,"date":"2015-11-24T23:14:23","date_gmt":"2015-11-24T23:14:23","guid":{"rendered":"https:\/\/abarevegan.com.br\/index.php\/2015\/11\/24\/terremoto-no-acre-7-3-graus\/"},"modified":"2015-11-24T23:14:23","modified_gmt":"2015-11-24T23:14:23","slug":"terremoto-no-acre-7-3-graus","status":"publish","type":"post","link":"https:\/\/nk7-testes.com.br\/agazeta\/terremoto-no-acre-7-3-graus\/","title":{"rendered":"Quatro tremores de terra no Acre: 7,4 graus o mais grave"},"content":{"rendered":"<p style=\"text-align: justify;\">Em Rio Branco, v\u00e1rias pessoas foram para as ruas<\/p>\n<p style=\"text-align: justify;\">Em Santa Rosa do Purus, foram registrados quatro abalos c\u00edsmicos. O primeiro foi \u00e0s 17h45min e teve magnitude de 7,1 graus; o segundo foi registrado \u00e0s 17h50min com magnitude de 7,4 graus. Quase uma hora depois, \u00e0s 18h44min, o terceiro abalo, com magnitude de 4,9 graus. O quarto abalo foi \u00e0s 18h 55mim, com 4,3 graus de magnitude.<\/p>\n<p style=\"text-align: justify;\">O epicentro aconteceu a 607 quil\u00f4metros da superf\u00edcie. O registro foi feito pelo Centro de Cismologia da Universidade de S\u00e3o Paulo.<\/p>\n<p>Em v\u00e1rios pontos da cidade de Rio Branco, o tremor foi sentido. Em universidades, alunos sa\u00edram rapidamente das salas de aula. Nas redes sociais, v\u00e1rios v\u00eddeos mostram produtos em prateleiras ou \u00e1gua nas piscinas se mexendo. S\u00e3o cenas que n\u00e3o fazem parte da rotina acriana, da\u00ed o susto.<\/p>\n<p>\u201cO movimento da placa tect\u00f4nica de Nazca gerou uma situa\u00e7\u00e3o incomum aqui para a regi\u00e3o\u201d, afirmou o professor de Ci\u00eancias Ambientais da Universidade Federal do Acre, Foster Brown. \u201cO fato de o epicentro ter acontecido a mais de 600 quil\u00f4metros foi importante para n\u00e3o ter acontecido algo muito mais grave\u201d.<\/p>\n<p>{youtube}tWShO1wc1yc&amp;feature=youtu.be{\/youtube}<\/p>\n","protected":false},"excerpt":{"rendered":"<p style=\"text-align: justify;\">Em Rio Branco, v\u00e1rias pessoas foram para as ruas<\/p>\n","protected":false},"author":4,"featured_media":19840,"comment_status":"open","ping_status":"open","sticky":false,"template":"","format":"standard","meta":{"jnews-multi-image_gallery":[],"jnews_single_post":[],"jnews_primary_category":[],"jnews_social_meta":[],"jnews_review":[],"enable_review":"","type":"","name":"","summary":"","brand":"","sku":"","good":[],"bad":[],"score_override":"","override_value":"","rating":[],"price":[],"footnotes":""},"categories":[54],"tags":[],"class_list":["post-19841","post","type-post","status-publish","format-standard","has-post-thumbnail","hentry","category-cotidiano"],"yoast_head":"<!-- This site is optimized with the Yoast SEO plugin v26.5 - https:\/\/yoast.com\/wordpress\/plugins\/seo\/ -->\n<title>Quatro tremores de terra no Acre: 7,4 graus o mais grave - Agazeta.net<\/title>\n<meta name=\"robots\" content=\"index, follow, max-snippet:-1, max-image-preview:large, max-video-preview:-1\" \/>\n<link rel=\"canonical\" href=\"https:\/\/nk7-testes.com.br\/agazeta\/terremoto-no-acre-7-3-graus\/\" \/>\n<meta property=\"og:locale\" content=\"pt_BR\" \/>\n<meta property=\"og:type\" content=\"article\" \/>\n<meta property=\"og:title\" content=\"Quatro tremores de terra no Acre: 7,4 graus o mais grave - Agazeta.net\" \/>\n<meta property=\"og:description\" content=\"Em Rio Branco, v\u00e1rias pessoas foram para as ruas\" \/>\n<meta property=\"og:url\" content=\"https:\/\/nk7-testes.com.br\/agazeta\/terremoto-no-acre-7-3-graus\/\" \/>\n<meta property=\"og:site_name\" content=\"Agazeta.net\" \/>\n<meta property=\"article:published_time\" content=\"2015-11-24T23:14:23+00:00\" \/>\n<meta property=\"og:image\" content=\"https:\/\/nk7-testes.com.br\/agazeta\/wp-content\/uploads\/2015\/11\/241115-cotidiano-tremordeterra-cedida.jpg\" \/>\n\t<meta property=\"og:image:width\" content=\"458\" \/>\n\t<meta property=\"og:image:height\" content=\"340\" \/>\n\t<meta property=\"og:image:type\" content=\"image\/jpeg\" \/>\n<meta name=\"author\" content=\"Agazeta.Net\" \/>\n<meta name=\"twitter:card\" content=\"summary_large_image\" \/>\n<meta name=\"twitter:label1\" content=\"Escrito por\" \/>\n\t<meta name=\"twitter:data1\" content=\"Agazeta.Net\" \/>\n\t<meta name=\"twitter:label2\" content=\"Est. tempo de leitura\" \/>\n\t<meta name=\"twitter:data2\" content=\"1 minuto\" \/>\n<script type=\"application\/ld+json\" class=\"yoast-schema-graph\">{\"@context\":\"https:\/\/schema.org\",\"@graph\":[{\"@type\":\"WebPage\",\"@id\":\"https:\/\/nk7-testes.com.br\/agazeta\/terremoto-no-acre-7-3-graus\/\",\"url\":\"https:\/\/nk7-testes.com.br\/agazeta\/terremoto-no-acre-7-3-graus\/\",\"name\":\"Quatro tremores de terra no Acre: 7,4 graus o mais grave - Agazeta.net\",\"isPartOf\":{\"@id\":\"https:\/\/nk7-testes.com.br\/agazeta\/#website\"},\"primaryImageOfPage\":{\"@id\":\"https:\/\/nk7-testes.com.br\/agazeta\/terremoto-no-acre-7-3-graus\/#primaryimage\"},\"image\":{\"@id\":\"https:\/\/nk7-testes.com.br\/agazeta\/terremoto-no-acre-7-3-graus\/#primaryimage\"},\"thumbnailUrl\":\"https:\/\/nk7-testes.com.br\/agazeta\/wp-content\/uploads\/2015\/11\/241115-cotidiano-tremordeterra-cedida.jpg\",\"datePublished\":\"2015-11-24T23:14:23+00:00\",\"author\":{\"@id\":\"https:\/\/nk7-testes.com.br\/agazeta\/#\/schema\/person\/6d6e25cb0435eb4a02fd44d30b4e3020\"},\"breadcrumb\":{\"@id\":\"https:\/\/nk7-testes.com.br\/agazeta\/terremoto-no-acre-7-3-graus\/#breadcrumb\"},\"inLanguage\":\"pt-BR\",\"potentialAction\":[{\"@type\":\"ReadAction\",\"target\":[\"https:\/\/nk7-testes.com.br\/agazeta\/terremoto-no-acre-7-3-graus\/\"]}]},{\"@type\":\"ImageObject\",\"inLanguage\":\"pt-BR\",\"@id\":\"https:\/\/nk7-testes.com.br\/agazeta\/terremoto-no-acre-7-3-graus\/#primaryimage\",\"url\":\"https:\/\/nk7-testes.com.br\/agazeta\/wp-content\/uploads\/2015\/11\/241115-cotidiano-tremordeterra-cedida.jpg\",\"contentUrl\":\"https:\/\/nk7-testes.com.br\/agazeta\/wp-content\/uploads\/2015\/11\/241115-cotidiano-tremordeterra-cedida.jpg\",\"width\":458,\"height\":340,\"caption\":\"241115-cotidiano-tremordeterra-cedida\"},{\"@type\":\"BreadcrumbList\",\"@id\":\"https:\/\/nk7-testes.com.br\/agazeta\/terremoto-no-acre-7-3-graus\/#breadcrumb\",\"itemListElement\":[{\"@type\":\"ListItem\",\"position\":1,\"name\":\"In\u00edcio\",\"item\":\"https:\/\/nk7-testes.com.br\/agazeta\/\"},{\"@type\":\"ListItem\",\"position\":2,\"name\":\"Quatro tremores de terra no Acre: 7,4 graus o mais grave\"}]},{\"@type\":\"WebSite\",\"@id\":\"https:\/\/nk7-testes.com.br\/agazeta\/#website\",\"url\":\"https:\/\/nk7-testes.com.br\/agazeta\/\",\"name\":\"Agazeta.net\",\"description\":\"Agazeta.net - Not\u00edcias de Rio Branco\/AC\",\"potentialAction\":[{\"@type\":\"SearchAction\",\"target\":{\"@type\":\"EntryPoint\",\"urlTemplate\":\"https:\/\/nk7-testes.com.br\/agazeta\/?s={search_term_string}\"},\"query-input\":{\"@type\":\"PropertyValueSpecification\",\"valueRequired\":true,\"valueName\":\"search_term_string\"}}],\"inLanguage\":\"pt-BR\"},{\"@type\":\"Person\",\"@id\":\"https:\/\/nk7-testes.com.br\/agazeta\/#\/schema\/person\/6d6e25cb0435eb4a02fd44d30b4e3020\",\"name\":\"Agazeta.Net\",\"url\":\"https:\/\/nk7-testes.com.br\/agazeta\/author\/agazeta\/\"}]}<\/script>\n<!-- \/ Yoast SEO plugin. -->","yoast_head_json":{"title":"Quatro tremores de terra no Acre: 7,4 graus o mais grave - Agazeta.net","robots":{"index":"index","follow":"follow","max-snippet":"max-snippet:-1","max-image-preview":"max-image-preview:large","max-video-preview":"max-video-preview:-1"},"canonical":"https:\/\/nk7-testes.com.br\/agazeta\/terremoto-no-acre-7-3-graus\/","og_locale":"pt_BR","og_type":"article","og_title":"Quatro tremores de terra no Acre: 7,4 graus o mais grave - Agazeta.net","og_description":"Em Rio Branco, v\u00e1rias pessoas foram para as ruas","og_url":"https:\/\/nk7-testes.com.br\/agazeta\/terremoto-no-acre-7-3-graus\/","og_site_name":"Agazeta.net","article_published_time":"2015-11-24T23:14:23+00:00","og_image":[{"width":458,"height":340,"url":"https:\/\/nk7-testes.com.br\/agazeta\/wp-content\/uploads\/2015\/11\/241115-cotidiano-tremordeterra-cedida.jpg","type":"image\/jpeg"}],"author":"Agazeta.Net","twitter_card":"summary_large_image","twitter_misc":{"Escrito por":"Agazeta.Net","Est. tempo de leitura":"1 minuto"},"schema":{"@context":"https:\/\/schema.org","@graph":[{"@type":"WebPage","@id":"https:\/\/nk7-testes.com.br\/agazeta\/terremoto-no-acre-7-3-graus\/","url":"https:\/\/nk7-testes.com.br\/agazeta\/terremoto-no-acre-7-3-graus\/","name":"Quatro tremores de terra no Acre: 7,4 graus o mais grave - Agazeta.net","isPartOf":{"@id":"https:\/\/nk7-testes.com.br\/agazeta\/#website"},"primaryImageOfPage":{"@id":"https:\/\/nk7-testes.com.br\/agazeta\/terremoto-no-acre-7-3-graus\/#primaryimage"},"image":{"@id":"https:\/\/nk7-testes.com.br\/agazeta\/terremoto-no-acre-7-3-graus\/#primaryimage"},"thumbnailUrl":"https:\/\/nk7-testes.com.br\/agazeta\/wp-content\/uploads\/2015\/11\/241115-cotidiano-tremordeterra-cedida.jpg","datePublished":"2015-11-24T23:14:23+00:00","author":{"@id":"https:\/\/nk7-testes.com.br\/agazeta\/#\/schema\/person\/6d6e25cb0435eb4a02fd44d30b4e3020"},"breadcrumb":{"@id":"https:\/\/nk7-testes.com.br\/agazeta\/terremoto-no-acre-7-3-graus\/#breadcrumb"},"inLanguage":"pt-BR","potentialAction":[{"@type":"ReadAction","target":["https:\/\/nk7-testes.com.br\/agazeta\/terremoto-no-acre-7-3-graus\/"]}]},{"@type":"ImageObject","inLanguage":"pt-BR","@id":"https:\/\/nk7-testes.com.br\/agazeta\/terremoto-no-acre-7-3-graus\/#primaryimage","url":"https:\/\/nk7-testes.com.br\/agazeta\/wp-content\/uploads\/2015\/11\/241115-cotidiano-tremordeterra-cedida.jpg","contentUrl":"https:\/\/nk7-testes.com.br\/agazeta\/wp-content\/uploads\/2015\/11\/241115-cotidiano-tremordeterra-cedida.jpg","width":458,"height":340,"caption":"241115-cotidiano-tremordeterra-cedida"},{"@type":"BreadcrumbList","@id":"https:\/\/nk7-testes.com.br\/agazeta\/terremoto-no-acre-7-3-graus\/#breadcrumb","itemListElement":[{"@type":"ListItem","position":1,"name":"In\u00edcio","item":"https:\/\/nk7-testes.com.br\/agazeta\/"},{"@type":"ListItem","position":2,"name":"Quatro tremores de terra no Acre: 7,4 graus o mais grave"}]},{"@type":"WebSite","@id":"https:\/\/nk7-testes.com.br\/agazeta\/#website","url":"https:\/\/nk7-testes.com.br\/agazeta\/","name":"Agazeta.net","description":"Agazeta.net - Not\u00edcias de Rio Branco\/AC","potentialAction":[{"@type":"SearchAction","target":{"@type":"EntryPoint","urlTemplate":"https:\/\/nk7-testes.com.br\/agazeta\/?s={search_term_string}"},"query-input":{"@type":"PropertyValueSpecification","valueRequired":true,"valueName":"search_term_string"}}],"inLanguage":"pt-BR"},{"@type":"Person","@id":"https:\/\/nk7-testes.com.br\/agazeta\/#\/schema\/person\/6d6e25cb0435eb4a02fd44d30b4e3020","name":"Agazeta.Net","url":"https:\/\/nk7-testes.com.br\/agazeta\/author\/agazeta\/"}]}},"_links":{"self":[{"href":"https:\/\/nk7-testes.com.br\/agazeta\/wp-json\/wp\/v2\/posts\/19841","targetHints":{"allow":["GET"]}}],"collection":[{"href":"https:\/\/nk7-testes.com.br\/agazeta\/wp-json\/wp\/v2\/posts"}],"about":[{"href":"https:\/\/nk7-testes.com.br\/agazeta\/wp-json\/wp\/v2\/types\/post"}],"author":[{"embeddable":true,"href":"https:\/\/nk7-testes.com.br\/agazeta\/wp-json\/wp\/v2\/users\/4"}],"replies":[{"embeddable":true,"href":"https:\/\/nk7-testes.com.br\/agazeta\/wp-json\/wp\/v2\/comments?post=19841"}],"version-history":[{"count":0,"href":"https:\/\/nk7-testes.com.br\/agazeta\/wp-json\/wp\/v2\/posts\/19841\/revisions"}],"wp:featuredmedia":[{"embeddable":true,"href":"https:\/\/nk7-testes.com.br\/agazeta\/wp-json\/wp\/v2\/media\/19840"}],"wp:attachment":[{"href":"https:\/\/nk7-testes.com.br\/agazeta\/wp-json\/wp\/v2\/media?parent=19841"}],"wp:term":[{"taxonomy":"category","embeddable":true,"href":"https:\/\/nk7-testes.com.br\/agazeta\/wp-json\/wp\/v2\/categories?post=19841"},{"taxonomy":"post_tag","embeddable":true,"href":"https:\/\/nk7-testes.com.br\/agazeta\/wp-json\/wp\/v2\/tags?post=19841"}],"curies":[{"name":"wp","href":"https:\/\/api.w.org\/{rel}","templated":true}]}}