{"id":19834,"date":"2015-11-24T20:39:08","date_gmt":"2015-11-24T20:39:08","guid":{"rendered":"https:\/\/abarevegan.com.br\/index.php\/2015\/11\/24\/capital-e-unica-do-pais-em-situacao-de-risco-para-dengue\/"},"modified":"2015-11-24T20:39:08","modified_gmt":"2015-11-24T20:39:08","slug":"capital-e-unica-do-pais-em-situacao-de-risco-para-dengue","status":"publish","type":"post","link":"https:\/\/nk7-testes.com.br\/agazeta\/capital-e-unica-do-pais-em-situacao-de-risco-para-dengue\/","title":{"rendered":"Capital \u00e9 \u00fanica do pa\u00eds em situa\u00e7\u00e3o de risco para dengue"},"content":{"rendered":"<p style=\"text-align: justify;\">Cruzeiro melhorou: est\u00e1 em situa\u00e7\u00e3o de alerta<\/p>\n<p style=\"text-align: justify;\">O Minist\u00e9rio da Sa\u00fade publicou nesta ter\u00e7a-feira (24) o resultado do Levantamento R\u00e1pido de \u00cdndices para Aedes aegypti (LIRAa). O estudo indica que 199 munic\u00edpios brasileiros est\u00e3o em situa\u00e7\u00e3o de risco de surto de dengue, chikungunya e zika v\u00edrus. Rio Branco \u00e9 a \u00fanica capital do pa\u00eds que apresentou um n\u00famero em situa\u00e7\u00e3o de risco, com 4,1%.<\/p>\n<p style=\"text-align: justify;\">No Acre, outros tr\u00eas munic\u00edpios tamb\u00e9m apresentaram \u00edndices preocupantes: Brasileia com 16,2%, Epitaciol\u00e2ndia 5,9 e Xapuri 5,4%, ambos classificados em \u00e1rea de risco. Cruzeiro, que no in\u00edcio do ano apresentou n\u00fameros altos, saiu da \u00e1rea de risco, mas permanece em situa\u00e7\u00e3o de alerta com 3%.<\/p>\n<p style=\"text-align: justify;\">Outras quatro cidades do Acre tamb\u00e9m est\u00e3o em alerta. S\u00e3o elas: Capixaba, com 2,6%; Porto Acre 2,2%; Senador Guiomard 2,1% e M\u00e2ncio Lima 1,5%.<br \/>Durante a apresenta\u00e7\u00e3o dos resultados, o ministro destacou que a principal preocupa\u00e7\u00e3o, neste momento, \u00e9 informar a popula\u00e7\u00e3o, com esclarecimentos sobre como prevenir novos casos.<\/p>\n<p style=\"text-align: justify;\">&#8220;N\u00f3s temos uma situa\u00e7\u00e3o potencializada, com um problema de grande dimens\u00e3o. Para enfrentar esta situa\u00e7\u00e3o, precisamos de uma a\u00e7\u00e3o conjunta do Governo Federal, estadual e municipal, al\u00e9m de especialistas. A sociedade tamb\u00e9m deve estar envolvida neste processo, ficando atenta \u00e0s medidas para combater o <em>Aedes aegypti<\/em>, que agora, passa a ser \u00e9 uma amea\u00e7a ainda maior&#8221;, destacou o ministro.<\/p>\n<p style=\"text-align: justify;\">Realizado em outubro e novembro, o LIRAa teve ades\u00e3o recorde para este per\u00edodo do ano, com 1.792 cidades participantes, aumento de 22,4% se comparado ao n\u00famero de munic\u00edpios em 2014.<\/p>\n<p style=\"text-align: justify;\">A pesquisa \u00e9 um instrumento para o controle do <em>Aedes aegypti<\/em>. Com base nas informa\u00e7\u00f5es coletadas, o gestor pode identificar os bairros onde est\u00e3o concentrados os focos de reprodu\u00e7\u00e3o do mosquito, bem como o tipo de dep\u00f3sito onde as larvas foram encontradas.<\/p>\n<p style=\"text-align: justify;\">Al\u00e9m das cidades em situa\u00e7\u00e3o de risco, o LIRAa identificou 665 munic\u00edpios em alerta, com 1% a 3,9% dos im\u00f3veis com focos do mosquito, e 928 com \u00edndices satisfat\u00f3rios, com menos de 1% das resid\u00eancias com larvas do mosquito em recipientes com \u00e1gua parada. O levantamento identificou a presen\u00e7a do mosquito <em>Aedes albopictus<\/em>, que pode tamb\u00e9m transmitir a chikungunya, em 262 munic\u00edpios.<\/p>\n","protected":false},"excerpt":{"rendered":"<p style=\"text-align: justify;\">Cruzeiro melhorou: est\u00e1 em situa\u00e7\u00e3o de alerta<\/p>\n","protected":false},"author":4,"featured_media":9808,"comment_status":"open","ping_status":"open","sticky":false,"template":"","format":"standard","meta":{"jnews-multi-image_gallery":[],"jnews_single_post":[],"jnews_primary_category":[],"jnews_social_meta":[],"jnews_review":[],"enable_review":"","type":"","name":"","summary":"","brand":"","sku":"","good":[],"bad":[],"score_override":"","override_value":"","rating":[],"price":[],"footnotes":""},"categories":[54],"tags":[],"class_list":["post-19834","post","type-post","status-publish","format-standard","has-post-thumbnail","hentry","category-cotidiano"],"yoast_head":"<!-- This site is optimized with the Yoast SEO plugin v26.5 - https:\/\/yoast.com\/wordpress\/plugins\/seo\/ -->\n<title>Capital \u00e9 \u00fanica do pa\u00eds em situa\u00e7\u00e3o de risco para dengue - Agazeta.net<\/title>\n<meta name=\"robots\" content=\"index, follow, max-snippet:-1, max-image-preview:large, max-video-preview:-1\" \/>\n<link rel=\"canonical\" href=\"https:\/\/nk7-testes.com.br\/agazeta\/capital-e-unica-do-pais-em-situacao-de-risco-para-dengue\/\" \/>\n<meta property=\"og:locale\" content=\"pt_BR\" \/>\n<meta property=\"og:type\" content=\"article\" \/>\n<meta property=\"og:title\" content=\"Capital \u00e9 \u00fanica do pa\u00eds em situa\u00e7\u00e3o de risco para dengue - Agazeta.net\" \/>\n<meta property=\"og:description\" content=\"Cruzeiro melhorou: est\u00e1 em situa\u00e7\u00e3o de alerta\" \/>\n<meta property=\"og:url\" content=\"https:\/\/nk7-testes.com.br\/agazeta\/capital-e-unica-do-pais-em-situacao-de-risco-para-dengue\/\" \/>\n<meta property=\"og:site_name\" content=\"Agazeta.net\" \/>\n<meta property=\"article:published_time\" content=\"2015-11-24T20:39:08+00:00\" \/>\n<meta property=\"og:image\" content=\"https:\/\/nk7-testes.com.br\/agazeta\/wp-content\/uploads\/2014\/09\/0809-cotidiano-dengue.jpg\" \/>\n\t<meta property=\"og:image:width\" content=\"458\" \/>\n\t<meta property=\"og:image:height\" content=\"340\" \/>\n\t<meta property=\"og:image:type\" content=\"image\/jpeg\" \/>\n<meta name=\"author\" content=\"Agazeta.Net\" \/>\n<meta name=\"twitter:card\" content=\"summary_large_image\" \/>\n<meta name=\"twitter:label1\" content=\"Escrito por\" \/>\n\t<meta name=\"twitter:data1\" content=\"Agazeta.Net\" \/>\n\t<meta name=\"twitter:label2\" content=\"Est. tempo de leitura\" \/>\n\t<meta name=\"twitter:data2\" content=\"2 minutos\" \/>\n<script type=\"application\/ld+json\" class=\"yoast-schema-graph\">{\"@context\":\"https:\/\/schema.org\",\"@graph\":[{\"@type\":\"WebPage\",\"@id\":\"https:\/\/nk7-testes.com.br\/agazeta\/capital-e-unica-do-pais-em-situacao-de-risco-para-dengue\/\",\"url\":\"https:\/\/nk7-testes.com.br\/agazeta\/capital-e-unica-do-pais-em-situacao-de-risco-para-dengue\/\",\"name\":\"Capital \u00e9 \u00fanica do pa\u00eds em situa\u00e7\u00e3o de risco para dengue - Agazeta.net\",\"isPartOf\":{\"@id\":\"https:\/\/nk7-testes.com.br\/agazeta\/#website\"},\"primaryImageOfPage\":{\"@id\":\"https:\/\/nk7-testes.com.br\/agazeta\/capital-e-unica-do-pais-em-situacao-de-risco-para-dengue\/#primaryimage\"},\"image\":{\"@id\":\"https:\/\/nk7-testes.com.br\/agazeta\/capital-e-unica-do-pais-em-situacao-de-risco-para-dengue\/#primaryimage\"},\"thumbnailUrl\":\"https:\/\/nk7-testes.com.br\/agazeta\/wp-content\/uploads\/2014\/09\/0809-cotidiano-dengue.jpg\",\"datePublished\":\"2015-11-24T20:39:08+00:00\",\"author\":{\"@id\":\"https:\/\/nk7-testes.com.br\/agazeta\/#\/schema\/person\/6d6e25cb0435eb4a02fd44d30b4e3020\"},\"breadcrumb\":{\"@id\":\"https:\/\/nk7-testes.com.br\/agazeta\/capital-e-unica-do-pais-em-situacao-de-risco-para-dengue\/#breadcrumb\"},\"inLanguage\":\"pt-BR\",\"potentialAction\":[{\"@type\":\"ReadAction\",\"target\":[\"https:\/\/nk7-testes.com.br\/agazeta\/capital-e-unica-do-pais-em-situacao-de-risco-para-dengue\/\"]}]},{\"@type\":\"ImageObject\",\"inLanguage\":\"pt-BR\",\"@id\":\"https:\/\/nk7-testes.com.br\/agazeta\/capital-e-unica-do-pais-em-situacao-de-risco-para-dengue\/#primaryimage\",\"url\":\"https:\/\/nk7-testes.com.br\/agazeta\/wp-content\/uploads\/2014\/09\/0809-cotidiano-dengue.jpg\",\"contentUrl\":\"https:\/\/nk7-testes.com.br\/agazeta\/wp-content\/uploads\/2014\/09\/0809-cotidiano-dengue.jpg\",\"width\":458,\"height\":340,\"caption\":\"0809-cotidiano-dengue\"},{\"@type\":\"BreadcrumbList\",\"@id\":\"https:\/\/nk7-testes.com.br\/agazeta\/capital-e-unica-do-pais-em-situacao-de-risco-para-dengue\/#breadcrumb\",\"itemListElement\":[{\"@type\":\"ListItem\",\"position\":1,\"name\":\"In\u00edcio\",\"item\":\"https:\/\/nk7-testes.com.br\/agazeta\/\"},{\"@type\":\"ListItem\",\"position\":2,\"name\":\"Capital \u00e9 \u00fanica do pa\u00eds em situa\u00e7\u00e3o de risco para dengue\"}]},{\"@type\":\"WebSite\",\"@id\":\"https:\/\/nk7-testes.com.br\/agazeta\/#website\",\"url\":\"https:\/\/nk7-testes.com.br\/agazeta\/\",\"name\":\"Agazeta.net\",\"description\":\"Agazeta.net - Not\u00edcias de Rio Branco\/AC\",\"potentialAction\":[{\"@type\":\"SearchAction\",\"target\":{\"@type\":\"EntryPoint\",\"urlTemplate\":\"https:\/\/nk7-testes.com.br\/agazeta\/?s={search_term_string}\"},\"query-input\":{\"@type\":\"PropertyValueSpecification\",\"valueRequired\":true,\"valueName\":\"search_term_string\"}}],\"inLanguage\":\"pt-BR\"},{\"@type\":\"Person\",\"@id\":\"https:\/\/nk7-testes.com.br\/agazeta\/#\/schema\/person\/6d6e25cb0435eb4a02fd44d30b4e3020\",\"name\":\"Agazeta.Net\",\"url\":\"https:\/\/nk7-testes.com.br\/agazeta\/author\/agazeta\/\"}]}<\/script>\n<!-- \/ Yoast SEO plugin. -->","yoast_head_json":{"title":"Capital \u00e9 \u00fanica do pa\u00eds em situa\u00e7\u00e3o de risco para dengue - Agazeta.net","robots":{"index":"index","follow":"follow","max-snippet":"max-snippet:-1","max-image-preview":"max-image-preview:large","max-video-preview":"max-video-preview:-1"},"canonical":"https:\/\/nk7-testes.com.br\/agazeta\/capital-e-unica-do-pais-em-situacao-de-risco-para-dengue\/","og_locale":"pt_BR","og_type":"article","og_title":"Capital \u00e9 \u00fanica do pa\u00eds em situa\u00e7\u00e3o de risco para dengue - Agazeta.net","og_description":"Cruzeiro melhorou: est\u00e1 em situa\u00e7\u00e3o de alerta","og_url":"https:\/\/nk7-testes.com.br\/agazeta\/capital-e-unica-do-pais-em-situacao-de-risco-para-dengue\/","og_site_name":"Agazeta.net","article_published_time":"2015-11-24T20:39:08+00:00","og_image":[{"width":458,"height":340,"url":"https:\/\/nk7-testes.com.br\/agazeta\/wp-content\/uploads\/2014\/09\/0809-cotidiano-dengue.jpg","type":"image\/jpeg"}],"author":"Agazeta.Net","twitter_card":"summary_large_image","twitter_misc":{"Escrito por":"Agazeta.Net","Est. tempo de leitura":"2 minutos"},"schema":{"@context":"https:\/\/schema.org","@graph":[{"@type":"WebPage","@id":"https:\/\/nk7-testes.com.br\/agazeta\/capital-e-unica-do-pais-em-situacao-de-risco-para-dengue\/","url":"https:\/\/nk7-testes.com.br\/agazeta\/capital-e-unica-do-pais-em-situacao-de-risco-para-dengue\/","name":"Capital \u00e9 \u00fanica do pa\u00eds em situa\u00e7\u00e3o de risco para dengue - Agazeta.net","isPartOf":{"@id":"https:\/\/nk7-testes.com.br\/agazeta\/#website"},"primaryImageOfPage":{"@id":"https:\/\/nk7-testes.com.br\/agazeta\/capital-e-unica-do-pais-em-situacao-de-risco-para-dengue\/#primaryimage"},"image":{"@id":"https:\/\/nk7-testes.com.br\/agazeta\/capital-e-unica-do-pais-em-situacao-de-risco-para-dengue\/#primaryimage"},"thumbnailUrl":"https:\/\/nk7-testes.com.br\/agazeta\/wp-content\/uploads\/2014\/09\/0809-cotidiano-dengue.jpg","datePublished":"2015-11-24T20:39:08+00:00","author":{"@id":"https:\/\/nk7-testes.com.br\/agazeta\/#\/schema\/person\/6d6e25cb0435eb4a02fd44d30b4e3020"},"breadcrumb":{"@id":"https:\/\/nk7-testes.com.br\/agazeta\/capital-e-unica-do-pais-em-situacao-de-risco-para-dengue\/#breadcrumb"},"inLanguage":"pt-BR","potentialAction":[{"@type":"ReadAction","target":["https:\/\/nk7-testes.com.br\/agazeta\/capital-e-unica-do-pais-em-situacao-de-risco-para-dengue\/"]}]},{"@type":"ImageObject","inLanguage":"pt-BR","@id":"https:\/\/nk7-testes.com.br\/agazeta\/capital-e-unica-do-pais-em-situacao-de-risco-para-dengue\/#primaryimage","url":"https:\/\/nk7-testes.com.br\/agazeta\/wp-content\/uploads\/2014\/09\/0809-cotidiano-dengue.jpg","contentUrl":"https:\/\/nk7-testes.com.br\/agazeta\/wp-content\/uploads\/2014\/09\/0809-cotidiano-dengue.jpg","width":458,"height":340,"caption":"0809-cotidiano-dengue"},{"@type":"BreadcrumbList","@id":"https:\/\/nk7-testes.com.br\/agazeta\/capital-e-unica-do-pais-em-situacao-de-risco-para-dengue\/#breadcrumb","itemListElement":[{"@type":"ListItem","position":1,"name":"In\u00edcio","item":"https:\/\/nk7-testes.com.br\/agazeta\/"},{"@type":"ListItem","position":2,"name":"Capital \u00e9 \u00fanica do pa\u00eds em situa\u00e7\u00e3o de risco para dengue"}]},{"@type":"WebSite","@id":"https:\/\/nk7-testes.com.br\/agazeta\/#website","url":"https:\/\/nk7-testes.com.br\/agazeta\/","name":"Agazeta.net","description":"Agazeta.net - Not\u00edcias de Rio Branco\/AC","potentialAction":[{"@type":"SearchAction","target":{"@type":"EntryPoint","urlTemplate":"https:\/\/nk7-testes.com.br\/agazeta\/?s={search_term_string}"},"query-input":{"@type":"PropertyValueSpecification","valueRequired":true,"valueName":"search_term_string"}}],"inLanguage":"pt-BR"},{"@type":"Person","@id":"https:\/\/nk7-testes.com.br\/agazeta\/#\/schema\/person\/6d6e25cb0435eb4a02fd44d30b4e3020","name":"Agazeta.Net","url":"https:\/\/nk7-testes.com.br\/agazeta\/author\/agazeta\/"}]}},"_links":{"self":[{"href":"https:\/\/nk7-testes.com.br\/agazeta\/wp-json\/wp\/v2\/posts\/19834","targetHints":{"allow":["GET"]}}],"collection":[{"href":"https:\/\/nk7-testes.com.br\/agazeta\/wp-json\/wp\/v2\/posts"}],"about":[{"href":"https:\/\/nk7-testes.com.br\/agazeta\/wp-json\/wp\/v2\/types\/post"}],"author":[{"embeddable":true,"href":"https:\/\/nk7-testes.com.br\/agazeta\/wp-json\/wp\/v2\/users\/4"}],"replies":[{"embeddable":true,"href":"https:\/\/nk7-testes.com.br\/agazeta\/wp-json\/wp\/v2\/comments?post=19834"}],"version-history":[{"count":0,"href":"https:\/\/nk7-testes.com.br\/agazeta\/wp-json\/wp\/v2\/posts\/19834\/revisions"}],"wp:featuredmedia":[{"embeddable":true,"href":"https:\/\/nk7-testes.com.br\/agazeta\/wp-json\/wp\/v2\/media\/9808"}],"wp:attachment":[{"href":"https:\/\/nk7-testes.com.br\/agazeta\/wp-json\/wp\/v2\/media?parent=19834"}],"wp:term":[{"taxonomy":"category","embeddable":true,"href":"https:\/\/nk7-testes.com.br\/agazeta\/wp-json\/wp\/v2\/categories?post=19834"},{"taxonomy":"post_tag","embeddable":true,"href":"https:\/\/nk7-testes.com.br\/agazeta\/wp-json\/wp\/v2\/tags?post=19834"}],"curies":[{"name":"wp","href":"https:\/\/api.w.org\/{rel}","templated":true}]}}