{"id":19807,"date":"2015-11-23T17:42:31","date_gmt":"2015-11-23T17:42:31","guid":{"rendered":"https:\/\/abarevegan.com.br\/index.php\/2015\/11\/23\/destaques-do-ano-premia-mais-de-duas-mil-personalidades-do-acre\/"},"modified":"2015-11-23T17:42:31","modified_gmt":"2015-11-23T17:42:31","slug":"destaques-do-ano-premia-mais-de-duas-mil-personalidades-do-acre","status":"publish","type":"post","link":"https:\/\/nk7-testes.com.br\/agazeta\/destaques-do-ano-premia-mais-de-duas-mil-personalidades-do-acre\/","title":{"rendered":"\u201cDestaques do Ano\u201d premia mais de duas mil personalidades"},"content":{"rendered":"<p style=\"text-align: justify;\">TV Gazeta recebe tr\u00eas premia\u00e7\u00f5es<\/p>\n<p style=\"text-align: justify;\">Refer\u00eancia em homenagem de empresas, institui\u00e7\u00f5es e personalidades que se destacaram em diversas \u00e1reas da Economia, Pol\u00edtica e Cultura ao longo do ano, o pr\u00eamio Destaques do Ano ocorreu nesta sexta-feira (20), no Maison Borges, em Rio Branco.<\/p>\n<p style=\"text-align: justify;\">O pr\u00eamio completa 30 anos, foi criado em 1985. Na primeira edi\u00e7\u00e3o foi um \u201cpequeno encontro\u201d. Hoje, o pr\u00eamio recebe centenas de convidados, tendo homenageado cerca de duas mil pessoas, segundo a anfitri\u00e3 Rubedna Braga.<\/p>\n<p style=\"text-align: justify;\">Representando a TV Gazeta, os jornalistas e apresentadores Edvaldo Souza pelo Gazeta Alerta; Rog\u00e9rio Wenceslau, pelo Gazeta Entrevista e o \u2018ca\u00e7ulinha\u2019 da emissora, Weslley Morais, pelo Balan\u00e7o Geral Acre, receberam o pr\u00eamio de Melhor Programa em cada g\u00eanero.<\/p>\n","protected":false},"excerpt":{"rendered":"<p style=\"text-align: justify;\">TV Gazeta recebe tr\u00eas premia\u00e7\u00f5es<\/p>\n","protected":false},"author":4,"featured_media":19806,"comment_status":"open","ping_status":"open","sticky":false,"template":"","format":"standard","meta":{"jnews-multi-image_gallery":[],"jnews_single_post":[],"jnews_primary_category":[],"jnews_social_meta":[],"jnews_review":[],"enable_review":"","type":"","name":"","summary":"","brand":"","sku":"","good":[],"bad":[],"score_override":"","override_value":"","rating":[],"price":[],"footnotes":""},"categories":[54],"tags":[],"class_list":["post-19807","post","type-post","status-publish","format-standard","has-post-thumbnail","hentry","category-cotidiano"],"yoast_head":"<!-- This site is optimized with the Yoast SEO plugin v26.5 - https:\/\/yoast.com\/wordpress\/plugins\/seo\/ -->\n<title>\u201cDestaques do Ano\u201d premia mais de duas mil personalidades - Agazeta.net<\/title>\n<meta name=\"robots\" content=\"index, follow, max-snippet:-1, max-image-preview:large, max-video-preview:-1\" \/>\n<link rel=\"canonical\" href=\"https:\/\/nk7-testes.com.br\/agazeta\/destaques-do-ano-premia-mais-de-duas-mil-personalidades-do-acre\/\" \/>\n<meta property=\"og:locale\" content=\"pt_BR\" \/>\n<meta property=\"og:type\" content=\"article\" \/>\n<meta property=\"og:title\" content=\"\u201cDestaques do Ano\u201d premia mais de duas mil personalidades - Agazeta.net\" \/>\n<meta property=\"og:description\" content=\"TV Gazeta recebe tr\u00eas premia\u00e7\u00f5es\" \/>\n<meta property=\"og:url\" content=\"https:\/\/nk7-testes.com.br\/agazeta\/destaques-do-ano-premia-mais-de-duas-mil-personalidades-do-acre\/\" \/>\n<meta property=\"og:site_name\" content=\"Agazeta.net\" \/>\n<meta property=\"article:published_time\" content=\"2015-11-23T17:42:31+00:00\" \/>\n<meta property=\"og:image\" content=\"https:\/\/nk7-testes.com.br\/agazeta\/wp-content\/uploads\/2015\/11\/231115-cotidiano-premio.jpg\" \/>\n\t<meta property=\"og:image:width\" content=\"458\" \/>\n\t<meta property=\"og:image:height\" content=\"340\" \/>\n\t<meta property=\"og:image:type\" content=\"image\/jpeg\" \/>\n<meta name=\"author\" content=\"Agazeta.Net\" \/>\n<meta name=\"twitter:card\" content=\"summary_large_image\" \/>\n<meta name=\"twitter:label1\" content=\"Escrito por\" \/>\n\t<meta name=\"twitter:data1\" content=\"Agazeta.Net\" \/>\n\t<meta name=\"twitter:label2\" content=\"Est. tempo de leitura\" \/>\n\t<meta name=\"twitter:data2\" content=\"1 minuto\" \/>\n<script type=\"application\/ld+json\" class=\"yoast-schema-graph\">{\"@context\":\"https:\/\/schema.org\",\"@graph\":[{\"@type\":\"WebPage\",\"@id\":\"https:\/\/nk7-testes.com.br\/agazeta\/destaques-do-ano-premia-mais-de-duas-mil-personalidades-do-acre\/\",\"url\":\"https:\/\/nk7-testes.com.br\/agazeta\/destaques-do-ano-premia-mais-de-duas-mil-personalidades-do-acre\/\",\"name\":\"\u201cDestaques do Ano\u201d premia mais de duas mil personalidades - Agazeta.net\",\"isPartOf\":{\"@id\":\"https:\/\/nk7-testes.com.br\/agazeta\/#website\"},\"primaryImageOfPage\":{\"@id\":\"https:\/\/nk7-testes.com.br\/agazeta\/destaques-do-ano-premia-mais-de-duas-mil-personalidades-do-acre\/#primaryimage\"},\"image\":{\"@id\":\"https:\/\/nk7-testes.com.br\/agazeta\/destaques-do-ano-premia-mais-de-duas-mil-personalidades-do-acre\/#primaryimage\"},\"thumbnailUrl\":\"https:\/\/nk7-testes.com.br\/agazeta\/wp-content\/uploads\/2015\/11\/231115-cotidiano-premio.jpg\",\"datePublished\":\"2015-11-23T17:42:31+00:00\",\"author\":{\"@id\":\"https:\/\/nk7-testes.com.br\/agazeta\/#\/schema\/person\/6d6e25cb0435eb4a02fd44d30b4e3020\"},\"breadcrumb\":{\"@id\":\"https:\/\/nk7-testes.com.br\/agazeta\/destaques-do-ano-premia-mais-de-duas-mil-personalidades-do-acre\/#breadcrumb\"},\"inLanguage\":\"pt-BR\",\"potentialAction\":[{\"@type\":\"ReadAction\",\"target\":[\"https:\/\/nk7-testes.com.br\/agazeta\/destaques-do-ano-premia-mais-de-duas-mil-personalidades-do-acre\/\"]}]},{\"@type\":\"ImageObject\",\"inLanguage\":\"pt-BR\",\"@id\":\"https:\/\/nk7-testes.com.br\/agazeta\/destaques-do-ano-premia-mais-de-duas-mil-personalidades-do-acre\/#primaryimage\",\"url\":\"https:\/\/nk7-testes.com.br\/agazeta\/wp-content\/uploads\/2015\/11\/231115-cotidiano-premio.jpg\",\"contentUrl\":\"https:\/\/nk7-testes.com.br\/agazeta\/wp-content\/uploads\/2015\/11\/231115-cotidiano-premio.jpg\",\"width\":458,\"height\":340,\"caption\":\"231115-cotidiano-premio\"},{\"@type\":\"BreadcrumbList\",\"@id\":\"https:\/\/nk7-testes.com.br\/agazeta\/destaques-do-ano-premia-mais-de-duas-mil-personalidades-do-acre\/#breadcrumb\",\"itemListElement\":[{\"@type\":\"ListItem\",\"position\":1,\"name\":\"In\u00edcio\",\"item\":\"https:\/\/nk7-testes.com.br\/agazeta\/\"},{\"@type\":\"ListItem\",\"position\":2,\"name\":\"\u201cDestaques do Ano\u201d premia mais de duas mil personalidades\"}]},{\"@type\":\"WebSite\",\"@id\":\"https:\/\/nk7-testes.com.br\/agazeta\/#website\",\"url\":\"https:\/\/nk7-testes.com.br\/agazeta\/\",\"name\":\"Agazeta.net\",\"description\":\"Agazeta.net - Not\u00edcias de Rio Branco\/AC\",\"potentialAction\":[{\"@type\":\"SearchAction\",\"target\":{\"@type\":\"EntryPoint\",\"urlTemplate\":\"https:\/\/nk7-testes.com.br\/agazeta\/?s={search_term_string}\"},\"query-input\":{\"@type\":\"PropertyValueSpecification\",\"valueRequired\":true,\"valueName\":\"search_term_string\"}}],\"inLanguage\":\"pt-BR\"},{\"@type\":\"Person\",\"@id\":\"https:\/\/nk7-testes.com.br\/agazeta\/#\/schema\/person\/6d6e25cb0435eb4a02fd44d30b4e3020\",\"name\":\"Agazeta.Net\",\"url\":\"https:\/\/nk7-testes.com.br\/agazeta\/author\/agazeta\/\"}]}<\/script>\n<!-- \/ Yoast SEO plugin. -->","yoast_head_json":{"title":"\u201cDestaques do Ano\u201d premia mais de duas mil personalidades - Agazeta.net","robots":{"index":"index","follow":"follow","max-snippet":"max-snippet:-1","max-image-preview":"max-image-preview:large","max-video-preview":"max-video-preview:-1"},"canonical":"https:\/\/nk7-testes.com.br\/agazeta\/destaques-do-ano-premia-mais-de-duas-mil-personalidades-do-acre\/","og_locale":"pt_BR","og_type":"article","og_title":"\u201cDestaques do Ano\u201d premia mais de duas mil personalidades - Agazeta.net","og_description":"TV Gazeta recebe tr\u00eas premia\u00e7\u00f5es","og_url":"https:\/\/nk7-testes.com.br\/agazeta\/destaques-do-ano-premia-mais-de-duas-mil-personalidades-do-acre\/","og_site_name":"Agazeta.net","article_published_time":"2015-11-23T17:42:31+00:00","og_image":[{"width":458,"height":340,"url":"https:\/\/nk7-testes.com.br\/agazeta\/wp-content\/uploads\/2015\/11\/231115-cotidiano-premio.jpg","type":"image\/jpeg"}],"author":"Agazeta.Net","twitter_card":"summary_large_image","twitter_misc":{"Escrito por":"Agazeta.Net","Est. tempo de leitura":"1 minuto"},"schema":{"@context":"https:\/\/schema.org","@graph":[{"@type":"WebPage","@id":"https:\/\/nk7-testes.com.br\/agazeta\/destaques-do-ano-premia-mais-de-duas-mil-personalidades-do-acre\/","url":"https:\/\/nk7-testes.com.br\/agazeta\/destaques-do-ano-premia-mais-de-duas-mil-personalidades-do-acre\/","name":"\u201cDestaques do Ano\u201d premia mais de duas mil personalidades - Agazeta.net","isPartOf":{"@id":"https:\/\/nk7-testes.com.br\/agazeta\/#website"},"primaryImageOfPage":{"@id":"https:\/\/nk7-testes.com.br\/agazeta\/destaques-do-ano-premia-mais-de-duas-mil-personalidades-do-acre\/#primaryimage"},"image":{"@id":"https:\/\/nk7-testes.com.br\/agazeta\/destaques-do-ano-premia-mais-de-duas-mil-personalidades-do-acre\/#primaryimage"},"thumbnailUrl":"https:\/\/nk7-testes.com.br\/agazeta\/wp-content\/uploads\/2015\/11\/231115-cotidiano-premio.jpg","datePublished":"2015-11-23T17:42:31+00:00","author":{"@id":"https:\/\/nk7-testes.com.br\/agazeta\/#\/schema\/person\/6d6e25cb0435eb4a02fd44d30b4e3020"},"breadcrumb":{"@id":"https:\/\/nk7-testes.com.br\/agazeta\/destaques-do-ano-premia-mais-de-duas-mil-personalidades-do-acre\/#breadcrumb"},"inLanguage":"pt-BR","potentialAction":[{"@type":"ReadAction","target":["https:\/\/nk7-testes.com.br\/agazeta\/destaques-do-ano-premia-mais-de-duas-mil-personalidades-do-acre\/"]}]},{"@type":"ImageObject","inLanguage":"pt-BR","@id":"https:\/\/nk7-testes.com.br\/agazeta\/destaques-do-ano-premia-mais-de-duas-mil-personalidades-do-acre\/#primaryimage","url":"https:\/\/nk7-testes.com.br\/agazeta\/wp-content\/uploads\/2015\/11\/231115-cotidiano-premio.jpg","contentUrl":"https:\/\/nk7-testes.com.br\/agazeta\/wp-content\/uploads\/2015\/11\/231115-cotidiano-premio.jpg","width":458,"height":340,"caption":"231115-cotidiano-premio"},{"@type":"BreadcrumbList","@id":"https:\/\/nk7-testes.com.br\/agazeta\/destaques-do-ano-premia-mais-de-duas-mil-personalidades-do-acre\/#breadcrumb","itemListElement":[{"@type":"ListItem","position":1,"name":"In\u00edcio","item":"https:\/\/nk7-testes.com.br\/agazeta\/"},{"@type":"ListItem","position":2,"name":"\u201cDestaques do Ano\u201d premia mais de duas mil personalidades"}]},{"@type":"WebSite","@id":"https:\/\/nk7-testes.com.br\/agazeta\/#website","url":"https:\/\/nk7-testes.com.br\/agazeta\/","name":"Agazeta.net","description":"Agazeta.net - Not\u00edcias de Rio Branco\/AC","potentialAction":[{"@type":"SearchAction","target":{"@type":"EntryPoint","urlTemplate":"https:\/\/nk7-testes.com.br\/agazeta\/?s={search_term_string}"},"query-input":{"@type":"PropertyValueSpecification","valueRequired":true,"valueName":"search_term_string"}}],"inLanguage":"pt-BR"},{"@type":"Person","@id":"https:\/\/nk7-testes.com.br\/agazeta\/#\/schema\/person\/6d6e25cb0435eb4a02fd44d30b4e3020","name":"Agazeta.Net","url":"https:\/\/nk7-testes.com.br\/agazeta\/author\/agazeta\/"}]}},"_links":{"self":[{"href":"https:\/\/nk7-testes.com.br\/agazeta\/wp-json\/wp\/v2\/posts\/19807","targetHints":{"allow":["GET"]}}],"collection":[{"href":"https:\/\/nk7-testes.com.br\/agazeta\/wp-json\/wp\/v2\/posts"}],"about":[{"href":"https:\/\/nk7-testes.com.br\/agazeta\/wp-json\/wp\/v2\/types\/post"}],"author":[{"embeddable":true,"href":"https:\/\/nk7-testes.com.br\/agazeta\/wp-json\/wp\/v2\/users\/4"}],"replies":[{"embeddable":true,"href":"https:\/\/nk7-testes.com.br\/agazeta\/wp-json\/wp\/v2\/comments?post=19807"}],"version-history":[{"count":0,"href":"https:\/\/nk7-testes.com.br\/agazeta\/wp-json\/wp\/v2\/posts\/19807\/revisions"}],"wp:featuredmedia":[{"embeddable":true,"href":"https:\/\/nk7-testes.com.br\/agazeta\/wp-json\/wp\/v2\/media\/19806"}],"wp:attachment":[{"href":"https:\/\/nk7-testes.com.br\/agazeta\/wp-json\/wp\/v2\/media?parent=19807"}],"wp:term":[{"taxonomy":"category","embeddable":true,"href":"https:\/\/nk7-testes.com.br\/agazeta\/wp-json\/wp\/v2\/categories?post=19807"},{"taxonomy":"post_tag","embeddable":true,"href":"https:\/\/nk7-testes.com.br\/agazeta\/wp-json\/wp\/v2\/tags?post=19807"}],"curies":[{"name":"wp","href":"https:\/\/api.w.org\/{rel}","templated":true}]}}