{"id":19755,"date":"2015-11-21T23:45:03","date_gmt":"2015-11-21T23:45:03","guid":{"rendered":"https:\/\/abarevegan.com.br\/index.php\/2015\/11\/21\/1-corrida-pela-vida-e-promovida-pelo-tj-ac\/"},"modified":"2015-11-21T23:45:03","modified_gmt":"2015-11-21T23:45:03","slug":"1-corrida-pela-vida-e-promovida-pelo-tj-ac","status":"publish","type":"post","link":"https:\/\/nk7-testes.com.br\/agazeta\/1-corrida-pela-vida-e-promovida-pelo-tj-ac\/","title":{"rendered":"1\u00aa Corrida pela Vida \u00e9 promovida pelo TJ\/AC"},"content":{"rendered":"<p style=\"text-align: justify;\">10 quil\u00f4metros de promo\u00e7\u00e3o da sa\u00fade<\/p>\n<p style=\"text-align: justify;\">O ato de conscientizar sobre a import\u00e2ncia da preven\u00e7\u00e3o e do diagn\u00f3stico precoce do c\u00e2ncer de pr\u00f3stata e a alteridade (olhar o outro na sua integralidade) foram os grandes campe\u00f5es da 1\u00aa Corrida pela Vida, promovida pelo Tribunal de Justi\u00e7a do Acre (TJAC), em alus\u00e3o \u00e0 campanha Novembro Azul, no \u00e2mbito do Poder Judici\u00e1rio Acreano, que aconteceu na manh\u00e3 deste s\u00e1bado (21), a partir da sede Administrativa do Tribunal.<\/p>\n<p style=\"text-align: justify;\">A competi\u00e7\u00e3o, cuja organiza\u00e7\u00e3o teve o reconhecimento de todos os atletas participantes e do bom p\u00fablico presente, teve o patroc\u00ednio da Associa\u00e7\u00e3o dos Magistrados do Acre (Asmac), Sindicato dos Servidores do Poder Judici\u00e1rio (Sinspjac) e Rede de Supermercados Ara\u00fajo, e total apoio da Federa\u00e7\u00e3o Acreana de Atletismo (FACAt).<\/p>\n<p style=\"text-align: justify;\">A presidente do TJAC, desembargador Cezarinete Angelim, mostrou-se bastante feliz pelo sucesso do evento e destacou o alto grau de engajamento de magistrados e servidores na 1\u00aa Corrida Pela Vida, bem como pela responsabilidade social da Justi\u00e7a Acreana. &#8220;N\u00f3s sabemos que grande parte dos homens n\u00e3o cuida direito da sa\u00fade e esse tipo de c\u00e2ncer tem crescido assustadoramente. O TJAC, em sua responsabilidade social, nesse momento de descontra\u00e7\u00e3o, de alegria e de lazer, busca justamente conscientizar os homens para que cuidem melhor de sua sa\u00fade. \u00c9 exatamente por isso que n\u00f3s estamos aqui nessa campanha intensa pela vida&#8221;, asseverou a desembargadora-presidente do Poder Judici\u00e1rio Acreano.<\/p>\n<p style=\"text-align: justify;\">Por sua vez, o desembargador Samoel Evangelista, que tamb\u00e9m prestigiou o evento esportivo, enalteceu a iniciativa da Administra\u00e7\u00e3o do TJAC em buscar envolver magistrados e servidores do Poder Judici\u00e1rio Estadual na Campanha Novembro Azul, &#8220;chamando a aten\u00e7\u00e3o de todos para um problema t\u00e3o s\u00e9rio como \u00e9 o c\u00e2ncer de pr\u00f3stata&#8221;.<\/p>\n<p style=\"text-align: justify;\">&#8220;Essa \u00e9 uma doen\u00e7a que realmente afeta de uma forma os homens e \u00e9 preciso que n\u00f3s foquemos na preven\u00e7\u00e3o. N\u00f3s temos muitas vezes grandes profissionais e os perdemos em fun\u00e7\u00e3o de uma doen\u00e7a que pode ser evitada&#8221;, alertou Samoel Evangelista.<\/p>\n<p style=\"text-align: justify;\">Secret\u00e1rio geral da Asmac , o juiz de Direito Lu\u00eds Camolez, ao louvar a iniciativa da desembargadora-presidente do TJAC em promover a competi\u00e7\u00e3o, apontou dois pontos que justificaram o sucesso da atividade. &#8220;Primeiro o congra\u00e7amento proporcionado e , segundo, o est\u00edmulo \u00e0 pr\u00e1tica esportiva, que \u00e9, sem d\u00favidas, o melhor rem\u00e9dio para o bem-estar&#8221;.<\/p>\n<p style=\"text-align: justify;\">Vencedores tamb\u00e9m na pista<\/p>\n<p style=\"text-align: justify;\">Na pista, os vencedores do percurso de 10 quil\u00f4metros foram Evandro Saraiva (1\u00ba lugar), Jeferson Pereira (2\u00ba lugar) e Vin\u00edcius Pontes (3\u00ba lugar). Nos cinco quil\u00f4metros, Herl\u00e2ndio Marques chegou em 1\u00ba, Luciano Trindade em 2\u00ba e Victor Rodrigues em 3\u00ba. Entre as mulheres, nos 10 quil\u00f4metros, a classifica\u00e7\u00e3o foi a seguinte: Marie Ros\u00e2ngela em 1\u00ba, Roselane Alves em 2\u00ba e Iracema Elizabet em 3\u00ba. J\u00e1 no percurso de cinco quil\u00f4metros, Ma\u00edsa Justiniano, Nuana Kerla e Cl\u00e1udia Aguirre completaram a prova em 1\u00ba, 2\u00ba e terceiro, respectivamente.<\/p>\n<p style=\"text-align: justify;\">Dentre os magistrados que participaram da competi\u00e7\u00e3o, os ju\u00edzes de Direito Cloves Ferreira e Maria Rosinete foram os melhores colocados nos 10 quil\u00f4metros, nas suas respectivas categorias. J\u00e1 os ju\u00edzes de Direito Marcelo Badar\u00f3 e Mirla Regina foram chegaram \u00e0 frente na dist\u00e2ncia de cinco quil\u00f4metros.<\/p>\n<p style=\"text-align: justify;\">Em rela\u00e7\u00e3o aos servidores, nos 10 quil\u00f4metros, Marcos Frank e Rafaela Rodrigues foram os melhores classificados em suas respectivas categorias. Nos cinco quil\u00f4metros, Lucas Rodrigues e Geisa Ara\u00fajo foram os destaques.<\/p>\n","protected":false},"excerpt":{"rendered":"<p style=\"text-align: justify;\">10 quil\u00f4metros de promo\u00e7\u00e3o da sa\u00fade<\/p>\n","protected":false},"author":4,"featured_media":19754,"comment_status":"open","ping_status":"open","sticky":false,"template":"","format":"standard","meta":{"jnews-multi-image_gallery":[],"jnews_single_post":[],"jnews_primary_category":[],"jnews_social_meta":[],"jnews_review":[],"enable_review":"","type":"","name":"","summary":"","brand":"","sku":"","good":[],"bad":[],"score_override":"","override_value":"","rating":[],"price":[],"footnotes":""},"categories":[54],"tags":[],"class_list":["post-19755","post","type-post","status-publish","format-standard","has-post-thumbnail","hentry","category-cotidiano"],"yoast_head":"<!-- This site is optimized with the Yoast SEO plugin v26.5 - https:\/\/yoast.com\/wordpress\/plugins\/seo\/ -->\n<title>1\u00aa Corrida pela Vida \u00e9 promovida pelo TJ\/AC - Agazeta.net<\/title>\n<meta name=\"robots\" content=\"index, follow, max-snippet:-1, max-image-preview:large, max-video-preview:-1\" \/>\n<link rel=\"canonical\" href=\"https:\/\/nk7-testes.com.br\/agazeta\/1-corrida-pela-vida-e-promovida-pelo-tj-ac\/\" \/>\n<meta property=\"og:locale\" content=\"pt_BR\" \/>\n<meta property=\"og:type\" content=\"article\" \/>\n<meta property=\"og:title\" content=\"1\u00aa Corrida pela Vida \u00e9 promovida pelo TJ\/AC - Agazeta.net\" \/>\n<meta property=\"og:description\" content=\"10 quil\u00f4metros de promo\u00e7\u00e3o da sa\u00fade\" \/>\n<meta property=\"og:url\" content=\"https:\/\/nk7-testes.com.br\/agazeta\/1-corrida-pela-vida-e-promovida-pelo-tj-ac\/\" \/>\n<meta property=\"og:site_name\" content=\"Agazeta.net\" \/>\n<meta property=\"article:published_time\" content=\"2015-11-21T23:45:03+00:00\" \/>\n<meta property=\"og:image\" content=\"https:\/\/nk7-testes.com.br\/agazeta\/wp-content\/uploads\/2015\/11\/211115-cotidiano-corridapelavida-agenciatj2.jpg\" \/>\n\t<meta property=\"og:image:width\" content=\"458\" \/>\n\t<meta property=\"og:image:height\" content=\"340\" \/>\n\t<meta property=\"og:image:type\" content=\"image\/jpeg\" \/>\n<meta name=\"author\" content=\"Agazeta.Net\" \/>\n<meta name=\"twitter:card\" content=\"summary_large_image\" \/>\n<meta name=\"twitter:label1\" content=\"Escrito por\" \/>\n\t<meta name=\"twitter:data1\" content=\"Agazeta.Net\" \/>\n\t<meta name=\"twitter:label2\" content=\"Est. tempo de leitura\" \/>\n\t<meta name=\"twitter:data2\" content=\"3 minutos\" \/>\n<script type=\"application\/ld+json\" class=\"yoast-schema-graph\">{\"@context\":\"https:\/\/schema.org\",\"@graph\":[{\"@type\":\"WebPage\",\"@id\":\"https:\/\/nk7-testes.com.br\/agazeta\/1-corrida-pela-vida-e-promovida-pelo-tj-ac\/\",\"url\":\"https:\/\/nk7-testes.com.br\/agazeta\/1-corrida-pela-vida-e-promovida-pelo-tj-ac\/\",\"name\":\"1\u00aa Corrida pela Vida \u00e9 promovida pelo TJ\/AC - Agazeta.net\",\"isPartOf\":{\"@id\":\"https:\/\/nk7-testes.com.br\/agazeta\/#website\"},\"primaryImageOfPage\":{\"@id\":\"https:\/\/nk7-testes.com.br\/agazeta\/1-corrida-pela-vida-e-promovida-pelo-tj-ac\/#primaryimage\"},\"image\":{\"@id\":\"https:\/\/nk7-testes.com.br\/agazeta\/1-corrida-pela-vida-e-promovida-pelo-tj-ac\/#primaryimage\"},\"thumbnailUrl\":\"https:\/\/nk7-testes.com.br\/agazeta\/wp-content\/uploads\/2015\/11\/211115-cotidiano-corridapelavida-agenciatj2.jpg\",\"datePublished\":\"2015-11-21T23:45:03+00:00\",\"author\":{\"@id\":\"https:\/\/nk7-testes.com.br\/agazeta\/#\/schema\/person\/6d6e25cb0435eb4a02fd44d30b4e3020\"},\"breadcrumb\":{\"@id\":\"https:\/\/nk7-testes.com.br\/agazeta\/1-corrida-pela-vida-e-promovida-pelo-tj-ac\/#breadcrumb\"},\"inLanguage\":\"pt-BR\",\"potentialAction\":[{\"@type\":\"ReadAction\",\"target\":[\"https:\/\/nk7-testes.com.br\/agazeta\/1-corrida-pela-vida-e-promovida-pelo-tj-ac\/\"]}]},{\"@type\":\"ImageObject\",\"inLanguage\":\"pt-BR\",\"@id\":\"https:\/\/nk7-testes.com.br\/agazeta\/1-corrida-pela-vida-e-promovida-pelo-tj-ac\/#primaryimage\",\"url\":\"https:\/\/nk7-testes.com.br\/agazeta\/wp-content\/uploads\/2015\/11\/211115-cotidiano-corridapelavida-agenciatj2.jpg\",\"contentUrl\":\"https:\/\/nk7-testes.com.br\/agazeta\/wp-content\/uploads\/2015\/11\/211115-cotidiano-corridapelavida-agenciatj2.jpg\",\"width\":458,\"height\":340,\"caption\":\"211115-cotidiano-corridapelavida-agenciatj2\"},{\"@type\":\"BreadcrumbList\",\"@id\":\"https:\/\/nk7-testes.com.br\/agazeta\/1-corrida-pela-vida-e-promovida-pelo-tj-ac\/#breadcrumb\",\"itemListElement\":[{\"@type\":\"ListItem\",\"position\":1,\"name\":\"In\u00edcio\",\"item\":\"https:\/\/nk7-testes.com.br\/agazeta\/\"},{\"@type\":\"ListItem\",\"position\":2,\"name\":\"1\u00aa Corrida pela Vida \u00e9 promovida pelo TJ\/AC\"}]},{\"@type\":\"WebSite\",\"@id\":\"https:\/\/nk7-testes.com.br\/agazeta\/#website\",\"url\":\"https:\/\/nk7-testes.com.br\/agazeta\/\",\"name\":\"Agazeta.net\",\"description\":\"Agazeta.net - Not\u00edcias de Rio Branco\/AC\",\"potentialAction\":[{\"@type\":\"SearchAction\",\"target\":{\"@type\":\"EntryPoint\",\"urlTemplate\":\"https:\/\/nk7-testes.com.br\/agazeta\/?s={search_term_string}\"},\"query-input\":{\"@type\":\"PropertyValueSpecification\",\"valueRequired\":true,\"valueName\":\"search_term_string\"}}],\"inLanguage\":\"pt-BR\"},{\"@type\":\"Person\",\"@id\":\"https:\/\/nk7-testes.com.br\/agazeta\/#\/schema\/person\/6d6e25cb0435eb4a02fd44d30b4e3020\",\"name\":\"Agazeta.Net\",\"url\":\"https:\/\/nk7-testes.com.br\/agazeta\/author\/agazeta\/\"}]}<\/script>\n<!-- \/ Yoast SEO plugin. -->","yoast_head_json":{"title":"1\u00aa Corrida pela Vida \u00e9 promovida pelo TJ\/AC - Agazeta.net","robots":{"index":"index","follow":"follow","max-snippet":"max-snippet:-1","max-image-preview":"max-image-preview:large","max-video-preview":"max-video-preview:-1"},"canonical":"https:\/\/nk7-testes.com.br\/agazeta\/1-corrida-pela-vida-e-promovida-pelo-tj-ac\/","og_locale":"pt_BR","og_type":"article","og_title":"1\u00aa Corrida pela Vida \u00e9 promovida pelo TJ\/AC - Agazeta.net","og_description":"10 quil\u00f4metros de promo\u00e7\u00e3o da sa\u00fade","og_url":"https:\/\/nk7-testes.com.br\/agazeta\/1-corrida-pela-vida-e-promovida-pelo-tj-ac\/","og_site_name":"Agazeta.net","article_published_time":"2015-11-21T23:45:03+00:00","og_image":[{"width":458,"height":340,"url":"https:\/\/nk7-testes.com.br\/agazeta\/wp-content\/uploads\/2015\/11\/211115-cotidiano-corridapelavida-agenciatj2.jpg","type":"image\/jpeg"}],"author":"Agazeta.Net","twitter_card":"summary_large_image","twitter_misc":{"Escrito por":"Agazeta.Net","Est. tempo de leitura":"3 minutos"},"schema":{"@context":"https:\/\/schema.org","@graph":[{"@type":"WebPage","@id":"https:\/\/nk7-testes.com.br\/agazeta\/1-corrida-pela-vida-e-promovida-pelo-tj-ac\/","url":"https:\/\/nk7-testes.com.br\/agazeta\/1-corrida-pela-vida-e-promovida-pelo-tj-ac\/","name":"1\u00aa Corrida pela Vida \u00e9 promovida pelo TJ\/AC - Agazeta.net","isPartOf":{"@id":"https:\/\/nk7-testes.com.br\/agazeta\/#website"},"primaryImageOfPage":{"@id":"https:\/\/nk7-testes.com.br\/agazeta\/1-corrida-pela-vida-e-promovida-pelo-tj-ac\/#primaryimage"},"image":{"@id":"https:\/\/nk7-testes.com.br\/agazeta\/1-corrida-pela-vida-e-promovida-pelo-tj-ac\/#primaryimage"},"thumbnailUrl":"https:\/\/nk7-testes.com.br\/agazeta\/wp-content\/uploads\/2015\/11\/211115-cotidiano-corridapelavida-agenciatj2.jpg","datePublished":"2015-11-21T23:45:03+00:00","author":{"@id":"https:\/\/nk7-testes.com.br\/agazeta\/#\/schema\/person\/6d6e25cb0435eb4a02fd44d30b4e3020"},"breadcrumb":{"@id":"https:\/\/nk7-testes.com.br\/agazeta\/1-corrida-pela-vida-e-promovida-pelo-tj-ac\/#breadcrumb"},"inLanguage":"pt-BR","potentialAction":[{"@type":"ReadAction","target":["https:\/\/nk7-testes.com.br\/agazeta\/1-corrida-pela-vida-e-promovida-pelo-tj-ac\/"]}]},{"@type":"ImageObject","inLanguage":"pt-BR","@id":"https:\/\/nk7-testes.com.br\/agazeta\/1-corrida-pela-vida-e-promovida-pelo-tj-ac\/#primaryimage","url":"https:\/\/nk7-testes.com.br\/agazeta\/wp-content\/uploads\/2015\/11\/211115-cotidiano-corridapelavida-agenciatj2.jpg","contentUrl":"https:\/\/nk7-testes.com.br\/agazeta\/wp-content\/uploads\/2015\/11\/211115-cotidiano-corridapelavida-agenciatj2.jpg","width":458,"height":340,"caption":"211115-cotidiano-corridapelavida-agenciatj2"},{"@type":"BreadcrumbList","@id":"https:\/\/nk7-testes.com.br\/agazeta\/1-corrida-pela-vida-e-promovida-pelo-tj-ac\/#breadcrumb","itemListElement":[{"@type":"ListItem","position":1,"name":"In\u00edcio","item":"https:\/\/nk7-testes.com.br\/agazeta\/"},{"@type":"ListItem","position":2,"name":"1\u00aa Corrida pela Vida \u00e9 promovida pelo TJ\/AC"}]},{"@type":"WebSite","@id":"https:\/\/nk7-testes.com.br\/agazeta\/#website","url":"https:\/\/nk7-testes.com.br\/agazeta\/","name":"Agazeta.net","description":"Agazeta.net - Not\u00edcias de Rio Branco\/AC","potentialAction":[{"@type":"SearchAction","target":{"@type":"EntryPoint","urlTemplate":"https:\/\/nk7-testes.com.br\/agazeta\/?s={search_term_string}"},"query-input":{"@type":"PropertyValueSpecification","valueRequired":true,"valueName":"search_term_string"}}],"inLanguage":"pt-BR"},{"@type":"Person","@id":"https:\/\/nk7-testes.com.br\/agazeta\/#\/schema\/person\/6d6e25cb0435eb4a02fd44d30b4e3020","name":"Agazeta.Net","url":"https:\/\/nk7-testes.com.br\/agazeta\/author\/agazeta\/"}]}},"_links":{"self":[{"href":"https:\/\/nk7-testes.com.br\/agazeta\/wp-json\/wp\/v2\/posts\/19755","targetHints":{"allow":["GET"]}}],"collection":[{"href":"https:\/\/nk7-testes.com.br\/agazeta\/wp-json\/wp\/v2\/posts"}],"about":[{"href":"https:\/\/nk7-testes.com.br\/agazeta\/wp-json\/wp\/v2\/types\/post"}],"author":[{"embeddable":true,"href":"https:\/\/nk7-testes.com.br\/agazeta\/wp-json\/wp\/v2\/users\/4"}],"replies":[{"embeddable":true,"href":"https:\/\/nk7-testes.com.br\/agazeta\/wp-json\/wp\/v2\/comments?post=19755"}],"version-history":[{"count":0,"href":"https:\/\/nk7-testes.com.br\/agazeta\/wp-json\/wp\/v2\/posts\/19755\/revisions"}],"wp:featuredmedia":[{"embeddable":true,"href":"https:\/\/nk7-testes.com.br\/agazeta\/wp-json\/wp\/v2\/media\/19754"}],"wp:attachment":[{"href":"https:\/\/nk7-testes.com.br\/agazeta\/wp-json\/wp\/v2\/media?parent=19755"}],"wp:term":[{"taxonomy":"category","embeddable":true,"href":"https:\/\/nk7-testes.com.br\/agazeta\/wp-json\/wp\/v2\/categories?post=19755"},{"taxonomy":"post_tag","embeddable":true,"href":"https:\/\/nk7-testes.com.br\/agazeta\/wp-json\/wp\/v2\/tags?post=19755"}],"curies":[{"name":"wp","href":"https:\/\/api.w.org\/{rel}","templated":true}]}}