{"id":19739,"date":"2015-11-20T22:01:47","date_gmt":"2015-11-20T22:01:47","guid":{"rendered":"https:\/\/abarevegan.com.br\/index.php\/2015\/11\/20\/dia-da-consciencia-negra-mobiliza-juventude\/"},"modified":"2015-11-20T22:01:47","modified_gmt":"2015-11-20T22:01:47","slug":"dia-da-consciencia-negra-mobiliza-juventude","status":"publish","type":"post","link":"https:\/\/nk7-testes.com.br\/agazeta\/dia-da-consciencia-negra-mobiliza-juventude\/","title":{"rendered":"Dia da Consci\u00eancia Negra mobiliza juventude"},"content":{"rendered":"<p style=\"text-align: justify;\">Cultura <span style=\"font-size: 13.1999998092651px; line-height: 21.1199989318848px; text-align: justify;\">&nbsp;\u00e9 apresentada&nbsp;<\/span>nas mais diversas express\u00f5es<\/p>\n<p style=\"text-align: justify;\">Uma escola particular de Rio Branco marcou as comemora\u00e7\u00f5es do dia da consci\u00eancia negra com uma feira de conhecimento. Os estudantes mergulharam em pesquisas sobre as ra\u00edzes do Brasil, com enfoque na cultura afrodescendente.<\/p>\n<p style=\"text-align: justify;\">Os corredores, espa\u00e7os de recrea\u00e7\u00e3o e salas de aula se transformaram em stands de conhecimento. Foi assim, a feira promovida nesta escola particular de Rio Branco. A professora de artes, Edjane Alves, explica que em comemora\u00e7\u00e3o ao dia da consci\u00eancia negra, lembrado nesta sexta-feira, a cultura africana ganhou destaque nos trabalhos.<\/p>\n<p style=\"text-align: justify;\">\u201cA arte, a cultura, ter consci\u00eancia do que \u00e9 o Brasil, de suas ra\u00edzes, \u00e9 muito importante. Eles ganham conhecimento, est\u00e3o inseridos no processo cultural e isso faz uma diferen\u00e7a enorme na forma\u00e7\u00e3o\u201d, explicou.<\/p>\n<p style=\"text-align: justify;\">Durante seis meses, os estudantes do 6\u00ba ano do ensino fundamental ao 2\u00ba ano do ensino m\u00e9dio aprofundaram pesquisas sobre os mais variados temas.<\/p>\n<p style=\"text-align: justify;\">Os principais convidados, os pais, acompanharam tudo de perto. Ouvindo atentamente, e registrando com orgulho, as apresenta\u00e7\u00f5es dos filhos. Tudo estava na ponta da l\u00edngua.<\/p>\n<p style=\"text-align: justify;\">A m\u00e3e da Cec\u00edlia, l\u00edder de um dos grupos que trabalhou o tema literatura de cordel, esteve perto e de longe ao mesmo tempo, ajudando a equipe durante a elabora\u00e7\u00e3o da tarefa.<\/p>\n<p style=\"text-align: justify;\">\u201cAs m\u00e3es ajudaram na parte da comida, montagem das barracas, mas toda parte do conte\u00fado veio s\u00f3 deles. A gente fez quest\u00e3o de deix\u00e1-los bem sozinhos mesmo, para que tudo que a gente tivesse vendo agora fosse de autoria deles\u201d, comentou.<\/p>\n<p style=\"text-align: justify;\">A influ\u00eancia da cultura africana no Brasil, no artesanato, literatura, esportes, m\u00fasica e culin\u00e1ria foi explorada por esta outra turma. Os estudantes revelam que durante o tempo de prepara\u00e7\u00e3o da feira, aprenderam muito mais do que imaginavam.<\/p>\n<p style=\"text-align: justify;\">\u201cAs nossas ra\u00edzes s\u00e3o africanas e \u00e9 bom saber da nossa hist\u00f3ria\u201d, comentou a estudante Helena Moura, de 14 anos. \u201cEles tiveram destaque nas influ\u00eancias do Brasil, na poesia, m\u00fasica, cultura em geral\u201d, disse Gabriel Batiche, de 13 anos.<\/p>\n<p style=\"text-align: justify;\">Al\u00e9m do tema voltado a consci\u00eancia negra, a feira de conhecimento tamb\u00e9m apresentou outras artes e personagens culturais importantes para a hist\u00f3ria do Brasil. Um programa diferente para os pais, que tamb\u00e9m tiveram oportunidade de reaprender muitas li\u00e7\u00f5es do passado.<\/p>\n","protected":false},"excerpt":{"rendered":"<p style=\"text-align: justify;\">Cultura <span style=\"font-size: 13.1999998092651px; line-height: 21.1199989318848px; text-align: justify;\">&nbsp;\u00e9 apresentada&nbsp;<\/span>nas mais diversas express\u00f5es<\/p>\n","protected":false},"author":4,"featured_media":19738,"comment_status":"open","ping_status":"open","sticky":false,"template":"","format":"standard","meta":{"jnews-multi-image_gallery":[],"jnews_single_post":[],"jnews_primary_category":[],"jnews_social_meta":[],"jnews_review":[],"enable_review":"","type":"","name":"","summary":"","brand":"","sku":"","good":[],"bad":[],"score_override":"","override_value":"","rating":[],"price":[],"footnotes":""},"categories":[54],"tags":[],"class_list":["post-19739","post","type-post","status-publish","format-standard","has-post-thumbnail","hentry","category-cotidiano"],"yoast_head":"<!-- This site is optimized with the Yoast SEO plugin v26.5 - https:\/\/yoast.com\/wordpress\/plugins\/seo\/ -->\n<title>Dia da Consci\u00eancia Negra mobiliza juventude - Agazeta.net<\/title>\n<meta name=\"robots\" content=\"index, follow, max-snippet:-1, max-image-preview:large, max-video-preview:-1\" \/>\n<link rel=\"canonical\" href=\"https:\/\/nk7-testes.com.br\/agazeta\/dia-da-consciencia-negra-mobiliza-juventude\/\" \/>\n<meta property=\"og:locale\" content=\"pt_BR\" \/>\n<meta property=\"og:type\" content=\"article\" \/>\n<meta property=\"og:title\" content=\"Dia da Consci\u00eancia Negra mobiliza juventude - Agazeta.net\" \/>\n<meta property=\"og:description\" content=\"Cultura &nbsp;\u00e9 apresentada&nbsp;nas mais diversas express\u00f5es\" \/>\n<meta property=\"og:url\" content=\"https:\/\/nk7-testes.com.br\/agazeta\/dia-da-consciencia-negra-mobiliza-juventude\/\" \/>\n<meta property=\"og:site_name\" content=\"Agazeta.net\" \/>\n<meta property=\"article:published_time\" content=\"2015-11-20T22:01:47+00:00\" \/>\n<meta property=\"og:image\" content=\"https:\/\/nk7-testes.com.br\/agazeta\/wp-content\/uploads\/2015\/11\/201115-cotidiano-diadaconsciencianegra-tvgazeta.jpg\" \/>\n\t<meta property=\"og:image:width\" content=\"458\" \/>\n\t<meta property=\"og:image:height\" content=\"340\" \/>\n\t<meta property=\"og:image:type\" content=\"image\/jpeg\" \/>\n<meta name=\"author\" content=\"Agazeta.Net\" \/>\n<meta name=\"twitter:card\" content=\"summary_large_image\" \/>\n<meta name=\"twitter:label1\" content=\"Escrito por\" \/>\n\t<meta name=\"twitter:data1\" content=\"Agazeta.Net\" \/>\n\t<meta name=\"twitter:label2\" content=\"Est. tempo de leitura\" \/>\n\t<meta name=\"twitter:data2\" content=\"2 minutos\" \/>\n<script type=\"application\/ld+json\" class=\"yoast-schema-graph\">{\"@context\":\"https:\/\/schema.org\",\"@graph\":[{\"@type\":\"WebPage\",\"@id\":\"https:\/\/nk7-testes.com.br\/agazeta\/dia-da-consciencia-negra-mobiliza-juventude\/\",\"url\":\"https:\/\/nk7-testes.com.br\/agazeta\/dia-da-consciencia-negra-mobiliza-juventude\/\",\"name\":\"Dia da Consci\u00eancia Negra mobiliza juventude - Agazeta.net\",\"isPartOf\":{\"@id\":\"https:\/\/nk7-testes.com.br\/agazeta\/#website\"},\"primaryImageOfPage\":{\"@id\":\"https:\/\/nk7-testes.com.br\/agazeta\/dia-da-consciencia-negra-mobiliza-juventude\/#primaryimage\"},\"image\":{\"@id\":\"https:\/\/nk7-testes.com.br\/agazeta\/dia-da-consciencia-negra-mobiliza-juventude\/#primaryimage\"},\"thumbnailUrl\":\"https:\/\/nk7-testes.com.br\/agazeta\/wp-content\/uploads\/2015\/11\/201115-cotidiano-diadaconsciencianegra-tvgazeta.jpg\",\"datePublished\":\"2015-11-20T22:01:47+00:00\",\"author\":{\"@id\":\"https:\/\/nk7-testes.com.br\/agazeta\/#\/schema\/person\/6d6e25cb0435eb4a02fd44d30b4e3020\"},\"breadcrumb\":{\"@id\":\"https:\/\/nk7-testes.com.br\/agazeta\/dia-da-consciencia-negra-mobiliza-juventude\/#breadcrumb\"},\"inLanguage\":\"pt-BR\",\"potentialAction\":[{\"@type\":\"ReadAction\",\"target\":[\"https:\/\/nk7-testes.com.br\/agazeta\/dia-da-consciencia-negra-mobiliza-juventude\/\"]}]},{\"@type\":\"ImageObject\",\"inLanguage\":\"pt-BR\",\"@id\":\"https:\/\/nk7-testes.com.br\/agazeta\/dia-da-consciencia-negra-mobiliza-juventude\/#primaryimage\",\"url\":\"https:\/\/nk7-testes.com.br\/agazeta\/wp-content\/uploads\/2015\/11\/201115-cotidiano-diadaconsciencianegra-tvgazeta.jpg\",\"contentUrl\":\"https:\/\/nk7-testes.com.br\/agazeta\/wp-content\/uploads\/2015\/11\/201115-cotidiano-diadaconsciencianegra-tvgazeta.jpg\",\"width\":458,\"height\":340,\"caption\":\"201115-cotidiano-diadaconsciencianegra-tvgazeta\"},{\"@type\":\"BreadcrumbList\",\"@id\":\"https:\/\/nk7-testes.com.br\/agazeta\/dia-da-consciencia-negra-mobiliza-juventude\/#breadcrumb\",\"itemListElement\":[{\"@type\":\"ListItem\",\"position\":1,\"name\":\"In\u00edcio\",\"item\":\"https:\/\/nk7-testes.com.br\/agazeta\/\"},{\"@type\":\"ListItem\",\"position\":2,\"name\":\"Dia da Consci\u00eancia Negra mobiliza juventude\"}]},{\"@type\":\"WebSite\",\"@id\":\"https:\/\/nk7-testes.com.br\/agazeta\/#website\",\"url\":\"https:\/\/nk7-testes.com.br\/agazeta\/\",\"name\":\"Agazeta.net\",\"description\":\"Agazeta.net - Not\u00edcias de Rio Branco\/AC\",\"potentialAction\":[{\"@type\":\"SearchAction\",\"target\":{\"@type\":\"EntryPoint\",\"urlTemplate\":\"https:\/\/nk7-testes.com.br\/agazeta\/?s={search_term_string}\"},\"query-input\":{\"@type\":\"PropertyValueSpecification\",\"valueRequired\":true,\"valueName\":\"search_term_string\"}}],\"inLanguage\":\"pt-BR\"},{\"@type\":\"Person\",\"@id\":\"https:\/\/nk7-testes.com.br\/agazeta\/#\/schema\/person\/6d6e25cb0435eb4a02fd44d30b4e3020\",\"name\":\"Agazeta.Net\",\"url\":\"https:\/\/nk7-testes.com.br\/agazeta\/author\/agazeta\/\"}]}<\/script>\n<!-- \/ Yoast SEO plugin. -->","yoast_head_json":{"title":"Dia da Consci\u00eancia Negra mobiliza juventude - Agazeta.net","robots":{"index":"index","follow":"follow","max-snippet":"max-snippet:-1","max-image-preview":"max-image-preview:large","max-video-preview":"max-video-preview:-1"},"canonical":"https:\/\/nk7-testes.com.br\/agazeta\/dia-da-consciencia-negra-mobiliza-juventude\/","og_locale":"pt_BR","og_type":"article","og_title":"Dia da Consci\u00eancia Negra mobiliza juventude - Agazeta.net","og_description":"Cultura &nbsp;\u00e9 apresentada&nbsp;nas mais diversas express\u00f5es","og_url":"https:\/\/nk7-testes.com.br\/agazeta\/dia-da-consciencia-negra-mobiliza-juventude\/","og_site_name":"Agazeta.net","article_published_time":"2015-11-20T22:01:47+00:00","og_image":[{"width":458,"height":340,"url":"https:\/\/nk7-testes.com.br\/agazeta\/wp-content\/uploads\/2015\/11\/201115-cotidiano-diadaconsciencianegra-tvgazeta.jpg","type":"image\/jpeg"}],"author":"Agazeta.Net","twitter_card":"summary_large_image","twitter_misc":{"Escrito por":"Agazeta.Net","Est. tempo de leitura":"2 minutos"},"schema":{"@context":"https:\/\/schema.org","@graph":[{"@type":"WebPage","@id":"https:\/\/nk7-testes.com.br\/agazeta\/dia-da-consciencia-negra-mobiliza-juventude\/","url":"https:\/\/nk7-testes.com.br\/agazeta\/dia-da-consciencia-negra-mobiliza-juventude\/","name":"Dia da Consci\u00eancia Negra mobiliza juventude - Agazeta.net","isPartOf":{"@id":"https:\/\/nk7-testes.com.br\/agazeta\/#website"},"primaryImageOfPage":{"@id":"https:\/\/nk7-testes.com.br\/agazeta\/dia-da-consciencia-negra-mobiliza-juventude\/#primaryimage"},"image":{"@id":"https:\/\/nk7-testes.com.br\/agazeta\/dia-da-consciencia-negra-mobiliza-juventude\/#primaryimage"},"thumbnailUrl":"https:\/\/nk7-testes.com.br\/agazeta\/wp-content\/uploads\/2015\/11\/201115-cotidiano-diadaconsciencianegra-tvgazeta.jpg","datePublished":"2015-11-20T22:01:47+00:00","author":{"@id":"https:\/\/nk7-testes.com.br\/agazeta\/#\/schema\/person\/6d6e25cb0435eb4a02fd44d30b4e3020"},"breadcrumb":{"@id":"https:\/\/nk7-testes.com.br\/agazeta\/dia-da-consciencia-negra-mobiliza-juventude\/#breadcrumb"},"inLanguage":"pt-BR","potentialAction":[{"@type":"ReadAction","target":["https:\/\/nk7-testes.com.br\/agazeta\/dia-da-consciencia-negra-mobiliza-juventude\/"]}]},{"@type":"ImageObject","inLanguage":"pt-BR","@id":"https:\/\/nk7-testes.com.br\/agazeta\/dia-da-consciencia-negra-mobiliza-juventude\/#primaryimage","url":"https:\/\/nk7-testes.com.br\/agazeta\/wp-content\/uploads\/2015\/11\/201115-cotidiano-diadaconsciencianegra-tvgazeta.jpg","contentUrl":"https:\/\/nk7-testes.com.br\/agazeta\/wp-content\/uploads\/2015\/11\/201115-cotidiano-diadaconsciencianegra-tvgazeta.jpg","width":458,"height":340,"caption":"201115-cotidiano-diadaconsciencianegra-tvgazeta"},{"@type":"BreadcrumbList","@id":"https:\/\/nk7-testes.com.br\/agazeta\/dia-da-consciencia-negra-mobiliza-juventude\/#breadcrumb","itemListElement":[{"@type":"ListItem","position":1,"name":"In\u00edcio","item":"https:\/\/nk7-testes.com.br\/agazeta\/"},{"@type":"ListItem","position":2,"name":"Dia da Consci\u00eancia Negra mobiliza juventude"}]},{"@type":"WebSite","@id":"https:\/\/nk7-testes.com.br\/agazeta\/#website","url":"https:\/\/nk7-testes.com.br\/agazeta\/","name":"Agazeta.net","description":"Agazeta.net - Not\u00edcias de Rio Branco\/AC","potentialAction":[{"@type":"SearchAction","target":{"@type":"EntryPoint","urlTemplate":"https:\/\/nk7-testes.com.br\/agazeta\/?s={search_term_string}"},"query-input":{"@type":"PropertyValueSpecification","valueRequired":true,"valueName":"search_term_string"}}],"inLanguage":"pt-BR"},{"@type":"Person","@id":"https:\/\/nk7-testes.com.br\/agazeta\/#\/schema\/person\/6d6e25cb0435eb4a02fd44d30b4e3020","name":"Agazeta.Net","url":"https:\/\/nk7-testes.com.br\/agazeta\/author\/agazeta\/"}]}},"_links":{"self":[{"href":"https:\/\/nk7-testes.com.br\/agazeta\/wp-json\/wp\/v2\/posts\/19739","targetHints":{"allow":["GET"]}}],"collection":[{"href":"https:\/\/nk7-testes.com.br\/agazeta\/wp-json\/wp\/v2\/posts"}],"about":[{"href":"https:\/\/nk7-testes.com.br\/agazeta\/wp-json\/wp\/v2\/types\/post"}],"author":[{"embeddable":true,"href":"https:\/\/nk7-testes.com.br\/agazeta\/wp-json\/wp\/v2\/users\/4"}],"replies":[{"embeddable":true,"href":"https:\/\/nk7-testes.com.br\/agazeta\/wp-json\/wp\/v2\/comments?post=19739"}],"version-history":[{"count":0,"href":"https:\/\/nk7-testes.com.br\/agazeta\/wp-json\/wp\/v2\/posts\/19739\/revisions"}],"wp:featuredmedia":[{"embeddable":true,"href":"https:\/\/nk7-testes.com.br\/agazeta\/wp-json\/wp\/v2\/media\/19738"}],"wp:attachment":[{"href":"https:\/\/nk7-testes.com.br\/agazeta\/wp-json\/wp\/v2\/media?parent=19739"}],"wp:term":[{"taxonomy":"category","embeddable":true,"href":"https:\/\/nk7-testes.com.br\/agazeta\/wp-json\/wp\/v2\/categories?post=19739"},{"taxonomy":"post_tag","embeddable":true,"href":"https:\/\/nk7-testes.com.br\/agazeta\/wp-json\/wp\/v2\/tags?post=19739"}],"curies":[{"name":"wp","href":"https:\/\/api.w.org\/{rel}","templated":true}]}}