{"id":19733,"date":"2015-11-20T15:37:12","date_gmt":"2015-11-20T15:37:12","guid":{"rendered":"https:\/\/abarevegan.com.br\/index.php\/2015\/11\/20\/exportacao-de-milho-para-o-peru-pode-se-intensificar\/"},"modified":"2015-11-20T15:37:12","modified_gmt":"2015-11-20T15:37:12","slug":"exportacao-de-milho-para-o-peru-pode-se-intensificar","status":"publish","type":"post","link":"https:\/\/nk7-testes.com.br\/agazeta\/exportacao-de-milho-para-o-peru-pode-se-intensificar\/","title":{"rendered":"Exporta\u00e7\u00e3o de milho para o Peru pode se intensificar"},"content":{"rendered":"<p style=\"text-align: justify;\">2016 pode aumentar venda para granjas peruanas<\/p>\n<p style=\"text-align: justify;\">Produtores do Acre iniciaram comercializa\u00e7\u00e3o com granjas peruanas. O movimento come\u00e7ou fundamentado em dois fatores: pre\u00e7o e condi\u00e7\u00f5es de pagamento. As cooperativas do outro lado da fronteira pagam melhor e adiantado.<\/p>\n<p style=\"text-align: justify;\">Mas, por que os peruanos come\u00e7aram a se interessar pelo milho acriano? Resposta direta: pre\u00e7o. O milho norte-americano sa\u00eddo dos Estados Unidos e posto no porto peruano de Callao custa US$ 240 a tonelada.<\/p>\n<p style=\"text-align: justify;\">Traduzindo em reais: aproximadamente R$ 900 por tonelada. Isso resulta em um saco de 50Kg com algo em torno de R$ 45. O milho produzido aqui no Acre ou comercializado do Mato Grosso tem custo aproximado de R$ 30, muito mais atrativo para a importa\u00e7\u00e3o peruana, comparado ao norte-americano. Outro detalhe que beneficia o com\u00e9rcio agr\u00edcola regional: o governo do Peru, autorizado pela Organiza\u00e7\u00e3o Mundial do Com\u00e9rcio praticamente derrubou a barreira tarif\u00e1ria.<\/p>\n<p style=\"text-align: justify;\">\u201cEu estou preparando minha empresa para exportar\u201d, adiantou o maior produtor de milho atualmente, o pecuarista e presidente da Federa\u00e7\u00e3o da Agricultura e Pecu\u00e1ria, Assuero Veronez.<\/p>\n<p style=\"text-align: justify;\">\u201cEu vou colher mais de tr\u00eas mil toneladas. Se compensar, exporto tudo\u201d, entusiasmou-se Veronez. \u201cMas, posso negociar qualquer quantidade. Compro daqui e do MT para exportar, se for vi\u00e1vel\u201d.<\/p>\n<p style=\"text-align: justify;\">Atualmente, a \u00e1rea plantada da fazenda de Veronez \u00e9 de 620 hectares. No Acre, \u00e9 uma \u00e1rea de destaque j\u00e1 que os produtores medianos (para os padr\u00f5es locais) alcan\u00e7am \u00e1rea em torno de 400 hectares plantados.<\/p>\n<p style=\"text-align: justify;\">\u201cVendi um pouco este ano. Mas n\u00e3o estava preparado\u201d, reconhece Assuero. As conversas com os peruanos foram realizadas durante o per\u00edodo da Expoacre. Agora, o foco \u00e9 se estruturar (inclusive do ponto de vista administrativo) para exportar, aproveitando o per\u00edodo da entressafra.<\/p>\n<p style=\"text-align: justify;\">A venda foi feita para pequenas granjas do Peru. Em 2016, a expectativa \u00e9 que aumente o fluxo do com\u00e9rcio e o milho triturado do Brasil se consolide na composi\u00e7\u00e3o das ra\u00e7\u00f5es para frango e porco do Peru.<\/p>\n<p style=\"text-align: justify;\">O Peru importa 80% do milho consumido no pa\u00eds com uma demanda m\u00e9dia de 3 milh\u00f5es de toneladas anuais.<\/p>\n","protected":false},"excerpt":{"rendered":"<p style=\"text-align: justify;\">2016 pode aumentar venda para granjas peruanas<\/p>\n","protected":false},"author":4,"featured_media":16348,"comment_status":"open","ping_status":"open","sticky":false,"template":"","format":"standard","meta":{"jnews-multi-image_gallery":[],"jnews_single_post":[],"jnews_primary_category":[],"jnews_social_meta":[],"jnews_review":[],"enable_review":"","type":"","name":"","summary":"","brand":"","sku":"","good":[],"bad":[],"score_override":"","override_value":"","rating":[],"price":[],"footnotes":""},"categories":[54],"tags":[],"class_list":["post-19733","post","type-post","status-publish","format-standard","has-post-thumbnail","hentry","category-cotidiano"],"yoast_head":"<!-- This site is optimized with the Yoast SEO plugin v26.5 - https:\/\/yoast.com\/wordpress\/plugins\/seo\/ -->\n<title>Exporta\u00e7\u00e3o de milho para o Peru pode se intensificar - Agazeta.net<\/title>\n<meta name=\"robots\" content=\"index, follow, max-snippet:-1, max-image-preview:large, max-video-preview:-1\" \/>\n<link rel=\"canonical\" href=\"https:\/\/nk7-testes.com.br\/agazeta\/exportacao-de-milho-para-o-peru-pode-se-intensificar\/\" \/>\n<meta property=\"og:locale\" content=\"pt_BR\" \/>\n<meta property=\"og:type\" content=\"article\" \/>\n<meta property=\"og:title\" content=\"Exporta\u00e7\u00e3o de milho para o Peru pode se intensificar - Agazeta.net\" \/>\n<meta property=\"og:description\" content=\"2016 pode aumentar venda para granjas peruanas\" \/>\n<meta property=\"og:url\" content=\"https:\/\/nk7-testes.com.br\/agazeta\/exportacao-de-milho-para-o-peru-pode-se-intensificar\/\" \/>\n<meta property=\"og:site_name\" content=\"Agazeta.net\" \/>\n<meta property=\"article:published_time\" content=\"2015-11-20T15:37:12+00:00\" \/>\n<meta property=\"og:image\" content=\"https:\/\/nk7-testes.com.br\/agazeta\/wp-content\/uploads\/2015\/06\/230615-cotidiano-assueroveronez-agenciadenoticiasdoacre.jpg\" \/>\n\t<meta property=\"og:image:width\" content=\"458\" \/>\n\t<meta property=\"og:image:height\" content=\"340\" \/>\n\t<meta property=\"og:image:type\" content=\"image\/jpeg\" \/>\n<meta name=\"author\" content=\"Agazeta.Net\" \/>\n<meta name=\"twitter:card\" content=\"summary_large_image\" \/>\n<meta name=\"twitter:label1\" content=\"Escrito por\" \/>\n\t<meta name=\"twitter:data1\" content=\"Agazeta.Net\" \/>\n\t<meta name=\"twitter:label2\" content=\"Est. tempo de leitura\" \/>\n\t<meta name=\"twitter:data2\" content=\"2 minutos\" \/>\n<script type=\"application\/ld+json\" class=\"yoast-schema-graph\">{\"@context\":\"https:\/\/schema.org\",\"@graph\":[{\"@type\":\"WebPage\",\"@id\":\"https:\/\/nk7-testes.com.br\/agazeta\/exportacao-de-milho-para-o-peru-pode-se-intensificar\/\",\"url\":\"https:\/\/nk7-testes.com.br\/agazeta\/exportacao-de-milho-para-o-peru-pode-se-intensificar\/\",\"name\":\"Exporta\u00e7\u00e3o de milho para o Peru pode se intensificar - Agazeta.net\",\"isPartOf\":{\"@id\":\"https:\/\/nk7-testes.com.br\/agazeta\/#website\"},\"primaryImageOfPage\":{\"@id\":\"https:\/\/nk7-testes.com.br\/agazeta\/exportacao-de-milho-para-o-peru-pode-se-intensificar\/#primaryimage\"},\"image\":{\"@id\":\"https:\/\/nk7-testes.com.br\/agazeta\/exportacao-de-milho-para-o-peru-pode-se-intensificar\/#primaryimage\"},\"thumbnailUrl\":\"https:\/\/nk7-testes.com.br\/agazeta\/wp-content\/uploads\/2015\/06\/230615-cotidiano-assueroveronez-agenciadenoticiasdoacre.jpg\",\"datePublished\":\"2015-11-20T15:37:12+00:00\",\"author\":{\"@id\":\"https:\/\/nk7-testes.com.br\/agazeta\/#\/schema\/person\/6d6e25cb0435eb4a02fd44d30b4e3020\"},\"breadcrumb\":{\"@id\":\"https:\/\/nk7-testes.com.br\/agazeta\/exportacao-de-milho-para-o-peru-pode-se-intensificar\/#breadcrumb\"},\"inLanguage\":\"pt-BR\",\"potentialAction\":[{\"@type\":\"ReadAction\",\"target\":[\"https:\/\/nk7-testes.com.br\/agazeta\/exportacao-de-milho-para-o-peru-pode-se-intensificar\/\"]}]},{\"@type\":\"ImageObject\",\"inLanguage\":\"pt-BR\",\"@id\":\"https:\/\/nk7-testes.com.br\/agazeta\/exportacao-de-milho-para-o-peru-pode-se-intensificar\/#primaryimage\",\"url\":\"https:\/\/nk7-testes.com.br\/agazeta\/wp-content\/uploads\/2015\/06\/230615-cotidiano-assueroveronez-agenciadenoticiasdoacre.jpg\",\"contentUrl\":\"https:\/\/nk7-testes.com.br\/agazeta\/wp-content\/uploads\/2015\/06\/230615-cotidiano-assueroveronez-agenciadenoticiasdoacre.jpg\",\"width\":458,\"height\":340,\"caption\":\"230615-cotidiano-assueroveronez-agenciadenoticiasdoacre\"},{\"@type\":\"BreadcrumbList\",\"@id\":\"https:\/\/nk7-testes.com.br\/agazeta\/exportacao-de-milho-para-o-peru-pode-se-intensificar\/#breadcrumb\",\"itemListElement\":[{\"@type\":\"ListItem\",\"position\":1,\"name\":\"In\u00edcio\",\"item\":\"https:\/\/nk7-testes.com.br\/agazeta\/\"},{\"@type\":\"ListItem\",\"position\":2,\"name\":\"Exporta\u00e7\u00e3o de milho para o Peru pode se intensificar\"}]},{\"@type\":\"WebSite\",\"@id\":\"https:\/\/nk7-testes.com.br\/agazeta\/#website\",\"url\":\"https:\/\/nk7-testes.com.br\/agazeta\/\",\"name\":\"Agazeta.net\",\"description\":\"Agazeta.net - Not\u00edcias de Rio Branco\/AC\",\"potentialAction\":[{\"@type\":\"SearchAction\",\"target\":{\"@type\":\"EntryPoint\",\"urlTemplate\":\"https:\/\/nk7-testes.com.br\/agazeta\/?s={search_term_string}\"},\"query-input\":{\"@type\":\"PropertyValueSpecification\",\"valueRequired\":true,\"valueName\":\"search_term_string\"}}],\"inLanguage\":\"pt-BR\"},{\"@type\":\"Person\",\"@id\":\"https:\/\/nk7-testes.com.br\/agazeta\/#\/schema\/person\/6d6e25cb0435eb4a02fd44d30b4e3020\",\"name\":\"Agazeta.Net\",\"url\":\"https:\/\/nk7-testes.com.br\/agazeta\/author\/agazeta\/\"}]}<\/script>\n<!-- \/ Yoast SEO plugin. -->","yoast_head_json":{"title":"Exporta\u00e7\u00e3o de milho para o Peru pode se intensificar - Agazeta.net","robots":{"index":"index","follow":"follow","max-snippet":"max-snippet:-1","max-image-preview":"max-image-preview:large","max-video-preview":"max-video-preview:-1"},"canonical":"https:\/\/nk7-testes.com.br\/agazeta\/exportacao-de-milho-para-o-peru-pode-se-intensificar\/","og_locale":"pt_BR","og_type":"article","og_title":"Exporta\u00e7\u00e3o de milho para o Peru pode se intensificar - Agazeta.net","og_description":"2016 pode aumentar venda para granjas peruanas","og_url":"https:\/\/nk7-testes.com.br\/agazeta\/exportacao-de-milho-para-o-peru-pode-se-intensificar\/","og_site_name":"Agazeta.net","article_published_time":"2015-11-20T15:37:12+00:00","og_image":[{"width":458,"height":340,"url":"https:\/\/nk7-testes.com.br\/agazeta\/wp-content\/uploads\/2015\/06\/230615-cotidiano-assueroveronez-agenciadenoticiasdoacre.jpg","type":"image\/jpeg"}],"author":"Agazeta.Net","twitter_card":"summary_large_image","twitter_misc":{"Escrito por":"Agazeta.Net","Est. tempo de leitura":"2 minutos"},"schema":{"@context":"https:\/\/schema.org","@graph":[{"@type":"WebPage","@id":"https:\/\/nk7-testes.com.br\/agazeta\/exportacao-de-milho-para-o-peru-pode-se-intensificar\/","url":"https:\/\/nk7-testes.com.br\/agazeta\/exportacao-de-milho-para-o-peru-pode-se-intensificar\/","name":"Exporta\u00e7\u00e3o de milho para o Peru pode se intensificar - Agazeta.net","isPartOf":{"@id":"https:\/\/nk7-testes.com.br\/agazeta\/#website"},"primaryImageOfPage":{"@id":"https:\/\/nk7-testes.com.br\/agazeta\/exportacao-de-milho-para-o-peru-pode-se-intensificar\/#primaryimage"},"image":{"@id":"https:\/\/nk7-testes.com.br\/agazeta\/exportacao-de-milho-para-o-peru-pode-se-intensificar\/#primaryimage"},"thumbnailUrl":"https:\/\/nk7-testes.com.br\/agazeta\/wp-content\/uploads\/2015\/06\/230615-cotidiano-assueroveronez-agenciadenoticiasdoacre.jpg","datePublished":"2015-11-20T15:37:12+00:00","author":{"@id":"https:\/\/nk7-testes.com.br\/agazeta\/#\/schema\/person\/6d6e25cb0435eb4a02fd44d30b4e3020"},"breadcrumb":{"@id":"https:\/\/nk7-testes.com.br\/agazeta\/exportacao-de-milho-para-o-peru-pode-se-intensificar\/#breadcrumb"},"inLanguage":"pt-BR","potentialAction":[{"@type":"ReadAction","target":["https:\/\/nk7-testes.com.br\/agazeta\/exportacao-de-milho-para-o-peru-pode-se-intensificar\/"]}]},{"@type":"ImageObject","inLanguage":"pt-BR","@id":"https:\/\/nk7-testes.com.br\/agazeta\/exportacao-de-milho-para-o-peru-pode-se-intensificar\/#primaryimage","url":"https:\/\/nk7-testes.com.br\/agazeta\/wp-content\/uploads\/2015\/06\/230615-cotidiano-assueroveronez-agenciadenoticiasdoacre.jpg","contentUrl":"https:\/\/nk7-testes.com.br\/agazeta\/wp-content\/uploads\/2015\/06\/230615-cotidiano-assueroveronez-agenciadenoticiasdoacre.jpg","width":458,"height":340,"caption":"230615-cotidiano-assueroveronez-agenciadenoticiasdoacre"},{"@type":"BreadcrumbList","@id":"https:\/\/nk7-testes.com.br\/agazeta\/exportacao-de-milho-para-o-peru-pode-se-intensificar\/#breadcrumb","itemListElement":[{"@type":"ListItem","position":1,"name":"In\u00edcio","item":"https:\/\/nk7-testes.com.br\/agazeta\/"},{"@type":"ListItem","position":2,"name":"Exporta\u00e7\u00e3o de milho para o Peru pode se intensificar"}]},{"@type":"WebSite","@id":"https:\/\/nk7-testes.com.br\/agazeta\/#website","url":"https:\/\/nk7-testes.com.br\/agazeta\/","name":"Agazeta.net","description":"Agazeta.net - Not\u00edcias de Rio Branco\/AC","potentialAction":[{"@type":"SearchAction","target":{"@type":"EntryPoint","urlTemplate":"https:\/\/nk7-testes.com.br\/agazeta\/?s={search_term_string}"},"query-input":{"@type":"PropertyValueSpecification","valueRequired":true,"valueName":"search_term_string"}}],"inLanguage":"pt-BR"},{"@type":"Person","@id":"https:\/\/nk7-testes.com.br\/agazeta\/#\/schema\/person\/6d6e25cb0435eb4a02fd44d30b4e3020","name":"Agazeta.Net","url":"https:\/\/nk7-testes.com.br\/agazeta\/author\/agazeta\/"}]}},"_links":{"self":[{"href":"https:\/\/nk7-testes.com.br\/agazeta\/wp-json\/wp\/v2\/posts\/19733","targetHints":{"allow":["GET"]}}],"collection":[{"href":"https:\/\/nk7-testes.com.br\/agazeta\/wp-json\/wp\/v2\/posts"}],"about":[{"href":"https:\/\/nk7-testes.com.br\/agazeta\/wp-json\/wp\/v2\/types\/post"}],"author":[{"embeddable":true,"href":"https:\/\/nk7-testes.com.br\/agazeta\/wp-json\/wp\/v2\/users\/4"}],"replies":[{"embeddable":true,"href":"https:\/\/nk7-testes.com.br\/agazeta\/wp-json\/wp\/v2\/comments?post=19733"}],"version-history":[{"count":0,"href":"https:\/\/nk7-testes.com.br\/agazeta\/wp-json\/wp\/v2\/posts\/19733\/revisions"}],"wp:featuredmedia":[{"embeddable":true,"href":"https:\/\/nk7-testes.com.br\/agazeta\/wp-json\/wp\/v2\/media\/16348"}],"wp:attachment":[{"href":"https:\/\/nk7-testes.com.br\/agazeta\/wp-json\/wp\/v2\/media?parent=19733"}],"wp:term":[{"taxonomy":"category","embeddable":true,"href":"https:\/\/nk7-testes.com.br\/agazeta\/wp-json\/wp\/v2\/categories?post=19733"},{"taxonomy":"post_tag","embeddable":true,"href":"https:\/\/nk7-testes.com.br\/agazeta\/wp-json\/wp\/v2\/tags?post=19733"}],"curies":[{"name":"wp","href":"https:\/\/api.w.org\/{rel}","templated":true}]}}