{"id":19693,"date":"2015-11-19T14:42:42","date_gmt":"2015-11-19T14:42:42","guid":{"rendered":"https:\/\/abarevegan.com.br\/index.php\/2015\/11\/19\/justica-garante-reintegracao-de-posse-no-quinari\/"},"modified":"2015-11-19T14:42:42","modified_gmt":"2015-11-19T14:42:42","slug":"justica-garante-reintegracao-de-posse-no-quinari","status":"publish","type":"post","link":"https:\/\/nk7-testes.com.br\/agazeta\/justica-garante-reintegracao-de-posse-no-quinari\/","title":{"rendered":"Justi\u00e7a garante reintegra\u00e7\u00e3o de posse no Quinari"},"content":{"rendered":"<p style=\"text-align: justify;\"><span style=\"font-size: 12pt; line-height: 115%; font-family: 'Times New Roman', serif;\"><\/span><\/p>\n<p style=\"text-align: justify;\">At\u00e9 fim do ano, 150 fam\u00edlias ser\u00e3o despejadas<\/p>\n<p style=\"text-align: justify;\"><span style=\"font-size: 12pt; line-height: 115%; font-family: 'Times New Roman', serif;\"><\/span><\/p>\n<p style=\"text-align: justify;\">Propriet\u00e1rios de uma \u00e1rea de terra invadida no munic\u00edpio de Senador Guiomard ganham a primeira a\u00e7\u00e3o de reintegra\u00e7\u00e3o de posse. At\u00e9 o final do ano, 150 fam\u00edlias da comunidade Chico Paulo II podem ser retiradas por for\u00e7a judicial, devido \u00e0 falta de pagamento dos lotes invadidos no ano de 2010.<\/p>\n<p style=\"text-align: justify;\"><span style=\"font-size: 12pt; line-height: 115%; font-family: 'Times New Roman', serif;\"><\/span><\/p>\n<p style=\"text-align: justify;\">Dona Raimunda acompanhou com tristeza o cumprimento do mandado de reintegra\u00e7\u00e3o de posse. Aos poucos, ela viu o pequeno barraco cair, devido \u00e0 for\u00e7a de uma decis\u00e3o judicial.<\/p>\n<p style=\"text-align: justify;\"><span style=\"font-size: 12pt; line-height: 115%; font-family: 'Times New Roman', serif;\"><\/span><\/p>\n<p style=\"text-align: justify;\">Sem ter condi\u00e7\u00f5es de pagar pelo lote residencial, com presta\u00e7\u00e3o mensal de R$ 100, a mulher de 50 anos de idade, desempregada, n\u00e3o tem agora onde morar. \u201cN\u00e3o sei. A gente vai atr\u00e1s de uma casa pra alugar. Mas n\u00e3o tenho condi\u00e7\u00f5es de pagar, s\u00f3 ganho R$ 100 do Bolsa Fam\u00edlia\u201d, disse Raimunda.<\/p>\n<p style=\"text-align: justify;\"><span style=\"font-size: 12pt; line-height: 115%; font-family: 'Times New Roman', serif;\"><\/span><\/p>\n<p style=\"text-align: justify;\">Raimunda morava com mais cinco pessoas na casa de madeira. O \u00fanico complemento \u00e0 renda da fam\u00edlia era a pequena cria\u00e7\u00e3o de galinhas. O terreno de 12 metros por 30, na comunidade Chico Paulo II, munic\u00edpio de Senador Guiomard, a mulher comprou de um invasor, por R$ 1,5 mil, mas ap\u00f3s dois anos, os propriet\u00e1rios da \u00e1rea entraram na Justi\u00e7a.<\/p>\n<p style=\"text-align: justify;\"><span style=\"font-size: 12pt; line-height: 115%; font-family: 'Times New Roman', serif;\"><\/span><\/p>\n<p style=\"text-align: justify;\">A \u00e1rea com extens\u00e3o total de 11 hectares foi cortada em 363 lotes e para evitar briga judicial, os donos resolveram negociar com os invasores, parcelando cada terreno.<\/p>\n<p style=\"text-align: justify;\"><span style=\"font-size: 12pt; line-height: 115%; font-family: 'Times New Roman', serif;\"><\/span><\/p>\n<p style=\"text-align: justify;\">Cerca de 300 pessoas est\u00e3o com parcelas em atraso. De acordo com o contrato, ap\u00f3s tr\u00eas meses sem pagamento, os lotes retornam aos propriet\u00e1rios. Contudo, at\u00e9 agora, apenas Raimunda foi prejudicada, por que perdeu prazo de defesa. Os demais ocupantes entraram com recurso.<\/p>\n<p style=\"text-align: justify;\"><span style=\"font-size: 12pt; line-height: 115%; font-family: 'Times New Roman', serif;\"><\/span><\/p>\n<p style=\"text-align: justify;\">Al\u00e9m de n\u00e3o contar com apoio judicial, ela lamenta n\u00e3o ter conseguido o dinheiro suficiente para quitar a d\u00edvida. \u201cFui at\u00e9 Porto Velho pra conseguir o dinheiro com parentes. Vai entrar na minha conta na pr\u00f3xima segunda. Eram R$ 8 mil. Ele deixou por R$ 6 mil, mas agora n\u00e3o quer esperar mais\u201d, explica.<\/p>\n<p style=\"text-align: justify;\"><span style=\"font-size: 12pt; line-height: 115%; font-family: 'Times New Roman', serif;\"><\/span><\/p>\n<p style=\"text-align: justify;\">Um dos propriet\u00e1rios da \u00e1rea, Telson Camilo Vieira, acompanhou a reintegra\u00e7\u00e3o de posse. De acordo com ele, a a\u00e7\u00e3o veio ap\u00f3s v\u00e1rias tentativas de negocia\u00e7\u00e3o. \u201cTudo que foi acordado na justi\u00e7a eu cumpri at\u00e9 hoje. Sempre deixei na m\u00e3o da Justi\u00e7a. Tem gente aqui com 36 parcelas em atraso e s\u00f3 agora eu estou cumprindo mandado\u201d, disse.<\/p>\n<p style=\"text-align: justify;\"><span style=\"font-size: 12pt; line-height: 115%; font-family: 'Times New Roman', serif;\"><\/span><\/p>\n<p style=\"text-align: justify;\">At\u00e9 o final do ano, os propriet\u00e1rios da terra pretendem requerer a posse de 150 lotes que tamb\u00e9m est\u00e3o com pend\u00eancia de pagamento.<\/p>\n<p style=\"text-align: justify;\"><span style=\"font-size: 12pt; line-height: 115%; font-family: 'Times New Roman', serif;\">&nbsp;<\/span><\/p>\n","protected":false},"excerpt":{"rendered":"<p style=\"text-align: justify;\"><span style=\"font-size: 12pt; line-height: 115%; font-family: 'Times New Roman', serif;\"><\/span><\/p>\n<p style=\"text-align: justify;\">At\u00e9 fim do ano, 150 fam\u00edlias ser\u00e3o despejadas<\/p>\n","protected":false},"author":4,"featured_media":19692,"comment_status":"open","ping_status":"open","sticky":false,"template":"","format":"standard","meta":{"jnews-multi-image_gallery":[],"jnews_single_post":[],"jnews_primary_category":[],"jnews_social_meta":[],"jnews_review":[],"enable_review":"","type":"","name":"","summary":"","brand":"","sku":"","good":[],"bad":[],"score_override":"","override_value":"","rating":[],"price":[],"footnotes":""},"categories":[44],"tags":[],"class_list":["post-19693","post","type-post","status-publish","format-standard","has-post-thumbnail","hentry","category-policia"],"yoast_head":"<!-- This site is optimized with the Yoast SEO plugin v26.5 - https:\/\/yoast.com\/wordpress\/plugins\/seo\/ -->\n<title>Justi\u00e7a garante reintegra\u00e7\u00e3o de posse no Quinari - Agazeta.net<\/title>\n<meta name=\"robots\" content=\"index, follow, max-snippet:-1, max-image-preview:large, max-video-preview:-1\" \/>\n<link rel=\"canonical\" href=\"https:\/\/nk7-testes.com.br\/agazeta\/justica-garante-reintegracao-de-posse-no-quinari\/\" \/>\n<meta property=\"og:locale\" content=\"pt_BR\" \/>\n<meta property=\"og:type\" content=\"article\" \/>\n<meta property=\"og:title\" content=\"Justi\u00e7a garante reintegra\u00e7\u00e3o de posse no Quinari - Agazeta.net\" \/>\n<meta property=\"og:description\" content=\"At\u00e9 fim do ano, 150 fam\u00edlias ser\u00e3o despejadas\" \/>\n<meta property=\"og:url\" content=\"https:\/\/nk7-testes.com.br\/agazeta\/justica-garante-reintegracao-de-posse-no-quinari\/\" \/>\n<meta property=\"og:site_name\" content=\"Agazeta.net\" \/>\n<meta property=\"article:published_time\" content=\"2015-11-19T14:42:42+00:00\" \/>\n<meta property=\"og:image\" content=\"https:\/\/nk7-testes.com.br\/agazeta\/wp-content\/uploads\/2015\/11\/191115-policia-reintegracaodeposse-tvgazeta.jpg\" \/>\n\t<meta property=\"og:image:width\" content=\"458\" \/>\n\t<meta property=\"og:image:height\" content=\"340\" \/>\n\t<meta property=\"og:image:type\" content=\"image\/jpeg\" \/>\n<meta name=\"author\" content=\"Agazeta.Net\" \/>\n<meta name=\"twitter:card\" content=\"summary_large_image\" \/>\n<meta name=\"twitter:label1\" content=\"Escrito por\" \/>\n\t<meta name=\"twitter:data1\" content=\"Agazeta.Net\" \/>\n\t<meta name=\"twitter:label2\" content=\"Est. tempo de leitura\" \/>\n\t<meta name=\"twitter:data2\" content=\"2 minutos\" \/>\n<script type=\"application\/ld+json\" class=\"yoast-schema-graph\">{\"@context\":\"https:\/\/schema.org\",\"@graph\":[{\"@type\":\"WebPage\",\"@id\":\"https:\/\/nk7-testes.com.br\/agazeta\/justica-garante-reintegracao-de-posse-no-quinari\/\",\"url\":\"https:\/\/nk7-testes.com.br\/agazeta\/justica-garante-reintegracao-de-posse-no-quinari\/\",\"name\":\"Justi\u00e7a garante reintegra\u00e7\u00e3o de posse no Quinari - Agazeta.net\",\"isPartOf\":{\"@id\":\"https:\/\/nk7-testes.com.br\/agazeta\/#website\"},\"primaryImageOfPage\":{\"@id\":\"https:\/\/nk7-testes.com.br\/agazeta\/justica-garante-reintegracao-de-posse-no-quinari\/#primaryimage\"},\"image\":{\"@id\":\"https:\/\/nk7-testes.com.br\/agazeta\/justica-garante-reintegracao-de-posse-no-quinari\/#primaryimage\"},\"thumbnailUrl\":\"https:\/\/nk7-testes.com.br\/agazeta\/wp-content\/uploads\/2015\/11\/191115-policia-reintegracaodeposse-tvgazeta.jpg\",\"datePublished\":\"2015-11-19T14:42:42+00:00\",\"author\":{\"@id\":\"https:\/\/nk7-testes.com.br\/agazeta\/#\/schema\/person\/6d6e25cb0435eb4a02fd44d30b4e3020\"},\"breadcrumb\":{\"@id\":\"https:\/\/nk7-testes.com.br\/agazeta\/justica-garante-reintegracao-de-posse-no-quinari\/#breadcrumb\"},\"inLanguage\":\"pt-BR\",\"potentialAction\":[{\"@type\":\"ReadAction\",\"target\":[\"https:\/\/nk7-testes.com.br\/agazeta\/justica-garante-reintegracao-de-posse-no-quinari\/\"]}]},{\"@type\":\"ImageObject\",\"inLanguage\":\"pt-BR\",\"@id\":\"https:\/\/nk7-testes.com.br\/agazeta\/justica-garante-reintegracao-de-posse-no-quinari\/#primaryimage\",\"url\":\"https:\/\/nk7-testes.com.br\/agazeta\/wp-content\/uploads\/2015\/11\/191115-policia-reintegracaodeposse-tvgazeta.jpg\",\"contentUrl\":\"https:\/\/nk7-testes.com.br\/agazeta\/wp-content\/uploads\/2015\/11\/191115-policia-reintegracaodeposse-tvgazeta.jpg\",\"width\":458,\"height\":340,\"caption\":\"191115-policia-reintegracaodeposse-tvgazeta\"},{\"@type\":\"BreadcrumbList\",\"@id\":\"https:\/\/nk7-testes.com.br\/agazeta\/justica-garante-reintegracao-de-posse-no-quinari\/#breadcrumb\",\"itemListElement\":[{\"@type\":\"ListItem\",\"position\":1,\"name\":\"In\u00edcio\",\"item\":\"https:\/\/nk7-testes.com.br\/agazeta\/\"},{\"@type\":\"ListItem\",\"position\":2,\"name\":\"Justi\u00e7a garante reintegra\u00e7\u00e3o de posse no Quinari\"}]},{\"@type\":\"WebSite\",\"@id\":\"https:\/\/nk7-testes.com.br\/agazeta\/#website\",\"url\":\"https:\/\/nk7-testes.com.br\/agazeta\/\",\"name\":\"Agazeta.net\",\"description\":\"Agazeta.net - Not\u00edcias de Rio Branco\/AC\",\"potentialAction\":[{\"@type\":\"SearchAction\",\"target\":{\"@type\":\"EntryPoint\",\"urlTemplate\":\"https:\/\/nk7-testes.com.br\/agazeta\/?s={search_term_string}\"},\"query-input\":{\"@type\":\"PropertyValueSpecification\",\"valueRequired\":true,\"valueName\":\"search_term_string\"}}],\"inLanguage\":\"pt-BR\"},{\"@type\":\"Person\",\"@id\":\"https:\/\/nk7-testes.com.br\/agazeta\/#\/schema\/person\/6d6e25cb0435eb4a02fd44d30b4e3020\",\"name\":\"Agazeta.Net\",\"url\":\"https:\/\/nk7-testes.com.br\/agazeta\/author\/agazeta\/\"}]}<\/script>\n<!-- \/ Yoast SEO plugin. -->","yoast_head_json":{"title":"Justi\u00e7a garante reintegra\u00e7\u00e3o de posse no Quinari - Agazeta.net","robots":{"index":"index","follow":"follow","max-snippet":"max-snippet:-1","max-image-preview":"max-image-preview:large","max-video-preview":"max-video-preview:-1"},"canonical":"https:\/\/nk7-testes.com.br\/agazeta\/justica-garante-reintegracao-de-posse-no-quinari\/","og_locale":"pt_BR","og_type":"article","og_title":"Justi\u00e7a garante reintegra\u00e7\u00e3o de posse no Quinari - Agazeta.net","og_description":"At\u00e9 fim do ano, 150 fam\u00edlias ser\u00e3o despejadas","og_url":"https:\/\/nk7-testes.com.br\/agazeta\/justica-garante-reintegracao-de-posse-no-quinari\/","og_site_name":"Agazeta.net","article_published_time":"2015-11-19T14:42:42+00:00","og_image":[{"width":458,"height":340,"url":"https:\/\/nk7-testes.com.br\/agazeta\/wp-content\/uploads\/2015\/11\/191115-policia-reintegracaodeposse-tvgazeta.jpg","type":"image\/jpeg"}],"author":"Agazeta.Net","twitter_card":"summary_large_image","twitter_misc":{"Escrito por":"Agazeta.Net","Est. tempo de leitura":"2 minutos"},"schema":{"@context":"https:\/\/schema.org","@graph":[{"@type":"WebPage","@id":"https:\/\/nk7-testes.com.br\/agazeta\/justica-garante-reintegracao-de-posse-no-quinari\/","url":"https:\/\/nk7-testes.com.br\/agazeta\/justica-garante-reintegracao-de-posse-no-quinari\/","name":"Justi\u00e7a garante reintegra\u00e7\u00e3o de posse no Quinari - Agazeta.net","isPartOf":{"@id":"https:\/\/nk7-testes.com.br\/agazeta\/#website"},"primaryImageOfPage":{"@id":"https:\/\/nk7-testes.com.br\/agazeta\/justica-garante-reintegracao-de-posse-no-quinari\/#primaryimage"},"image":{"@id":"https:\/\/nk7-testes.com.br\/agazeta\/justica-garante-reintegracao-de-posse-no-quinari\/#primaryimage"},"thumbnailUrl":"https:\/\/nk7-testes.com.br\/agazeta\/wp-content\/uploads\/2015\/11\/191115-policia-reintegracaodeposse-tvgazeta.jpg","datePublished":"2015-11-19T14:42:42+00:00","author":{"@id":"https:\/\/nk7-testes.com.br\/agazeta\/#\/schema\/person\/6d6e25cb0435eb4a02fd44d30b4e3020"},"breadcrumb":{"@id":"https:\/\/nk7-testes.com.br\/agazeta\/justica-garante-reintegracao-de-posse-no-quinari\/#breadcrumb"},"inLanguage":"pt-BR","potentialAction":[{"@type":"ReadAction","target":["https:\/\/nk7-testes.com.br\/agazeta\/justica-garante-reintegracao-de-posse-no-quinari\/"]}]},{"@type":"ImageObject","inLanguage":"pt-BR","@id":"https:\/\/nk7-testes.com.br\/agazeta\/justica-garante-reintegracao-de-posse-no-quinari\/#primaryimage","url":"https:\/\/nk7-testes.com.br\/agazeta\/wp-content\/uploads\/2015\/11\/191115-policia-reintegracaodeposse-tvgazeta.jpg","contentUrl":"https:\/\/nk7-testes.com.br\/agazeta\/wp-content\/uploads\/2015\/11\/191115-policia-reintegracaodeposse-tvgazeta.jpg","width":458,"height":340,"caption":"191115-policia-reintegracaodeposse-tvgazeta"},{"@type":"BreadcrumbList","@id":"https:\/\/nk7-testes.com.br\/agazeta\/justica-garante-reintegracao-de-posse-no-quinari\/#breadcrumb","itemListElement":[{"@type":"ListItem","position":1,"name":"In\u00edcio","item":"https:\/\/nk7-testes.com.br\/agazeta\/"},{"@type":"ListItem","position":2,"name":"Justi\u00e7a garante reintegra\u00e7\u00e3o de posse no Quinari"}]},{"@type":"WebSite","@id":"https:\/\/nk7-testes.com.br\/agazeta\/#website","url":"https:\/\/nk7-testes.com.br\/agazeta\/","name":"Agazeta.net","description":"Agazeta.net - Not\u00edcias de Rio Branco\/AC","potentialAction":[{"@type":"SearchAction","target":{"@type":"EntryPoint","urlTemplate":"https:\/\/nk7-testes.com.br\/agazeta\/?s={search_term_string}"},"query-input":{"@type":"PropertyValueSpecification","valueRequired":true,"valueName":"search_term_string"}}],"inLanguage":"pt-BR"},{"@type":"Person","@id":"https:\/\/nk7-testes.com.br\/agazeta\/#\/schema\/person\/6d6e25cb0435eb4a02fd44d30b4e3020","name":"Agazeta.Net","url":"https:\/\/nk7-testes.com.br\/agazeta\/author\/agazeta\/"}]}},"_links":{"self":[{"href":"https:\/\/nk7-testes.com.br\/agazeta\/wp-json\/wp\/v2\/posts\/19693","targetHints":{"allow":["GET"]}}],"collection":[{"href":"https:\/\/nk7-testes.com.br\/agazeta\/wp-json\/wp\/v2\/posts"}],"about":[{"href":"https:\/\/nk7-testes.com.br\/agazeta\/wp-json\/wp\/v2\/types\/post"}],"author":[{"embeddable":true,"href":"https:\/\/nk7-testes.com.br\/agazeta\/wp-json\/wp\/v2\/users\/4"}],"replies":[{"embeddable":true,"href":"https:\/\/nk7-testes.com.br\/agazeta\/wp-json\/wp\/v2\/comments?post=19693"}],"version-history":[{"count":0,"href":"https:\/\/nk7-testes.com.br\/agazeta\/wp-json\/wp\/v2\/posts\/19693\/revisions"}],"wp:featuredmedia":[{"embeddable":true,"href":"https:\/\/nk7-testes.com.br\/agazeta\/wp-json\/wp\/v2\/media\/19692"}],"wp:attachment":[{"href":"https:\/\/nk7-testes.com.br\/agazeta\/wp-json\/wp\/v2\/media?parent=19693"}],"wp:term":[{"taxonomy":"category","embeddable":true,"href":"https:\/\/nk7-testes.com.br\/agazeta\/wp-json\/wp\/v2\/categories?post=19693"},{"taxonomy":"post_tag","embeddable":true,"href":"https:\/\/nk7-testes.com.br\/agazeta\/wp-json\/wp\/v2\/tags?post=19693"}],"curies":[{"name":"wp","href":"https:\/\/api.w.org\/{rel}","templated":true}]}}