{"id":19673,"date":"2015-11-18T13:28:29","date_gmt":"2015-11-18T13:28:29","guid":{"rendered":"https:\/\/abarevegan.com.br\/index.php\/2015\/11\/18\/assassino-do-antimary-e-morto-em-delegacia\/"},"modified":"2015-11-18T13:28:29","modified_gmt":"2015-11-18T13:28:29","slug":"assassino-do-antimary-e-morto-em-delegacia","status":"publish","type":"post","link":"https:\/\/nk7-testes.com.br\/agazeta\/assassino-do-antimary-e-morto-em-delegacia\/","title":{"rendered":"Assassino do Antimary \u00e9 morto em delegacia"},"content":{"rendered":"<p style=\"text-align: justify;\">Cerca de 50 pessoas invadiram delegacia para linchar<\/p>\n<p style=\"text-align: justify;\">Lucimar da Silva Bezerra, 33, foi morto nas depend\u00eancias da Delegacia do Bujari. Cerca de 50 pessoas invadiram as depend\u00eancias da delegacia para matar o assassino de Jardineis Oliveira da Silva, 23, e a filha dela Amanda Oliveira da Silva.<\/p>\n<p style=\"text-align: justify;\">Fontes ligadas \u00e0 pol\u00edcia asseguram que, do ponto de vista t\u00e9cnico, Lucimar Bezerra deveria ter sido levado para a penitenci\u00e1ria, \u201cdada a como\u00e7\u00e3o que o crime causou na comunidade\u201d. Todos os rep\u00f3rteres que fizeram cobertura da pris\u00e3o e do trabalho da pol\u00edcia perceberam a revolta de familiares e de pessoas da comunidade do Bujari. Ainda n\u00e3o se sabe o n\u00famero de facadas que foram aplicadas no corpo de Lucimar.<\/p>\n<p style=\"text-align: justify;\">O grupo de aproximadamente 50 pessoas invadiu a delegacia pela porta da frente, pela porta de tr\u00e1s e pela janela. Armados com facas, um p\u00e9 de cabra e uma barra de ferro, n\u00e3o tiveram dificuldades para neutralizar a defesa de quatro policiais civis, tr\u00eas policiais miliatres e o delegado. Quebraram o cadeado e come\u00e7aram a sess\u00e3o de esfaqueamento. Era por volta das 7 horas \u00e0s 7h30min.<\/p>\n<p style=\"text-align: justify;\">\u201cQuer\u00edamos que o doutor soltasse ele para n\u00f3s matarmos\u201d, disse um dos familiares a um rep\u00f3rter que cobria o assunto nas imedia\u00e7\u00f5es da delegacia.<\/p>\n<p style=\"text-align: justify;\">Autoridades ligadas \u00e0 Seguran\u00e7a P\u00fablica ainda n\u00e3o se pronunciaram sobre o assassinato nas depend\u00eancias da delegacia. Duas pessoas foram detidas. No momento do linchamento, havia sete policiais fazendo a seguran\u00e7a. O delegado tamb\u00e9m estava no momento. Agora, a delegacia est\u00e1 totalmente isolada.<\/p>\n<p style=\"text-align: justify;\"><strong>Corpo da crian\u00e7a foi encontrado pr\u00f3ximo \u00e0 casa do assassino<\/strong><\/p>\n<p style=\"text-align: justify;\">O corpo de Amanda<span style=\"font-size: 13.1999998092651px; line-height: 21.1199989318848px; text-align: justify;\">&nbsp;Oliveira da Silva, de apenas seis, foi encontrado no in\u00edcio da noite de ontem. Estava enterrada em uma cova rasa pr\u00f3ximo \u00e0 casa do assassino Lucimar da Silva Bezerra. Foram mais de tr\u00eas horas de buscas.&nbsp;<\/span><\/p>\n<p style=\"text-align: justify;\">&nbsp;<\/p>\n","protected":false},"excerpt":{"rendered":"<p style=\"text-align: justify;\">Cerca de 50 pessoas invadiram delegacia para linchar<\/p>\n","protected":false},"author":4,"featured_media":19665,"comment_status":"open","ping_status":"open","sticky":false,"template":"","format":"standard","meta":{"jnews-multi-image_gallery":[],"jnews_single_post":[],"jnews_primary_category":[],"jnews_social_meta":[],"jnews_review":[],"enable_review":"","type":"","name":"","summary":"","brand":"","sku":"","good":[],"bad":[],"score_override":"","override_value":"","rating":[],"price":[],"footnotes":""},"categories":[44],"tags":[],"class_list":["post-19673","post","type-post","status-publish","format-standard","has-post-thumbnail","hentry","category-policia"],"yoast_head":"<!-- This site is optimized with the Yoast SEO plugin v26.5 - https:\/\/yoast.com\/wordpress\/plugins\/seo\/ -->\n<title>Assassino do Antimary \u00e9 morto em delegacia - Agazeta.net<\/title>\n<meta name=\"robots\" content=\"index, follow, max-snippet:-1, max-image-preview:large, max-video-preview:-1\" \/>\n<link rel=\"canonical\" href=\"https:\/\/nk7-testes.com.br\/agazeta\/assassino-do-antimary-e-morto-em-delegacia\/\" \/>\n<meta property=\"og:locale\" content=\"pt_BR\" \/>\n<meta property=\"og:type\" content=\"article\" \/>\n<meta property=\"og:title\" content=\"Assassino do Antimary \u00e9 morto em delegacia - Agazeta.net\" \/>\n<meta property=\"og:description\" content=\"Cerca de 50 pessoas invadiram delegacia para linchar\" \/>\n<meta property=\"og:url\" content=\"https:\/\/nk7-testes.com.br\/agazeta\/assassino-do-antimary-e-morto-em-delegacia\/\" \/>\n<meta property=\"og:site_name\" content=\"Agazeta.net\" \/>\n<meta property=\"article:published_time\" content=\"2015-11-18T13:28:29+00:00\" \/>\n<meta property=\"og:image\" content=\"https:\/\/nk7-testes.com.br\/agazeta\/wp-content\/uploads\/2015\/11\/171115-policia-assassinodoantimary-cedida2.jpg\" \/>\n\t<meta property=\"og:image:width\" content=\"458\" \/>\n\t<meta property=\"og:image:height\" content=\"340\" \/>\n\t<meta property=\"og:image:type\" content=\"image\/jpeg\" \/>\n<meta name=\"author\" content=\"Agazeta.Net\" \/>\n<meta name=\"twitter:card\" content=\"summary_large_image\" \/>\n<meta name=\"twitter:label1\" content=\"Escrito por\" \/>\n\t<meta name=\"twitter:data1\" content=\"Agazeta.Net\" \/>\n\t<meta name=\"twitter:label2\" content=\"Est. tempo de leitura\" \/>\n\t<meta name=\"twitter:data2\" content=\"2 minutos\" \/>\n<script type=\"application\/ld+json\" class=\"yoast-schema-graph\">{\"@context\":\"https:\/\/schema.org\",\"@graph\":[{\"@type\":\"WebPage\",\"@id\":\"https:\/\/nk7-testes.com.br\/agazeta\/assassino-do-antimary-e-morto-em-delegacia\/\",\"url\":\"https:\/\/nk7-testes.com.br\/agazeta\/assassino-do-antimary-e-morto-em-delegacia\/\",\"name\":\"Assassino do Antimary \u00e9 morto em delegacia - Agazeta.net\",\"isPartOf\":{\"@id\":\"https:\/\/nk7-testes.com.br\/agazeta\/#website\"},\"primaryImageOfPage\":{\"@id\":\"https:\/\/nk7-testes.com.br\/agazeta\/assassino-do-antimary-e-morto-em-delegacia\/#primaryimage\"},\"image\":{\"@id\":\"https:\/\/nk7-testes.com.br\/agazeta\/assassino-do-antimary-e-morto-em-delegacia\/#primaryimage\"},\"thumbnailUrl\":\"https:\/\/nk7-testes.com.br\/agazeta\/wp-content\/uploads\/2015\/11\/171115-policia-assassinodoantimary-cedida2.jpg\",\"datePublished\":\"2015-11-18T13:28:29+00:00\",\"author\":{\"@id\":\"https:\/\/nk7-testes.com.br\/agazeta\/#\/schema\/person\/6d6e25cb0435eb4a02fd44d30b4e3020\"},\"breadcrumb\":{\"@id\":\"https:\/\/nk7-testes.com.br\/agazeta\/assassino-do-antimary-e-morto-em-delegacia\/#breadcrumb\"},\"inLanguage\":\"pt-BR\",\"potentialAction\":[{\"@type\":\"ReadAction\",\"target\":[\"https:\/\/nk7-testes.com.br\/agazeta\/assassino-do-antimary-e-morto-em-delegacia\/\"]}]},{\"@type\":\"ImageObject\",\"inLanguage\":\"pt-BR\",\"@id\":\"https:\/\/nk7-testes.com.br\/agazeta\/assassino-do-antimary-e-morto-em-delegacia\/#primaryimage\",\"url\":\"https:\/\/nk7-testes.com.br\/agazeta\/wp-content\/uploads\/2015\/11\/171115-policia-assassinodoantimary-cedida2.jpg\",\"contentUrl\":\"https:\/\/nk7-testes.com.br\/agazeta\/wp-content\/uploads\/2015\/11\/171115-policia-assassinodoantimary-cedida2.jpg\",\"width\":458,\"height\":340,\"caption\":\"171115-policia-assassinodoantimary-cedida2\"},{\"@type\":\"BreadcrumbList\",\"@id\":\"https:\/\/nk7-testes.com.br\/agazeta\/assassino-do-antimary-e-morto-em-delegacia\/#breadcrumb\",\"itemListElement\":[{\"@type\":\"ListItem\",\"position\":1,\"name\":\"In\u00edcio\",\"item\":\"https:\/\/nk7-testes.com.br\/agazeta\/\"},{\"@type\":\"ListItem\",\"position\":2,\"name\":\"Assassino do Antimary \u00e9 morto em delegacia\"}]},{\"@type\":\"WebSite\",\"@id\":\"https:\/\/nk7-testes.com.br\/agazeta\/#website\",\"url\":\"https:\/\/nk7-testes.com.br\/agazeta\/\",\"name\":\"Agazeta.net\",\"description\":\"Agazeta.net - Not\u00edcias de Rio Branco\/AC\",\"potentialAction\":[{\"@type\":\"SearchAction\",\"target\":{\"@type\":\"EntryPoint\",\"urlTemplate\":\"https:\/\/nk7-testes.com.br\/agazeta\/?s={search_term_string}\"},\"query-input\":{\"@type\":\"PropertyValueSpecification\",\"valueRequired\":true,\"valueName\":\"search_term_string\"}}],\"inLanguage\":\"pt-BR\"},{\"@type\":\"Person\",\"@id\":\"https:\/\/nk7-testes.com.br\/agazeta\/#\/schema\/person\/6d6e25cb0435eb4a02fd44d30b4e3020\",\"name\":\"Agazeta.Net\",\"url\":\"https:\/\/nk7-testes.com.br\/agazeta\/author\/agazeta\/\"}]}<\/script>\n<!-- \/ Yoast SEO plugin. -->","yoast_head_json":{"title":"Assassino do Antimary \u00e9 morto em delegacia - Agazeta.net","robots":{"index":"index","follow":"follow","max-snippet":"max-snippet:-1","max-image-preview":"max-image-preview:large","max-video-preview":"max-video-preview:-1"},"canonical":"https:\/\/nk7-testes.com.br\/agazeta\/assassino-do-antimary-e-morto-em-delegacia\/","og_locale":"pt_BR","og_type":"article","og_title":"Assassino do Antimary \u00e9 morto em delegacia - Agazeta.net","og_description":"Cerca de 50 pessoas invadiram delegacia para linchar","og_url":"https:\/\/nk7-testes.com.br\/agazeta\/assassino-do-antimary-e-morto-em-delegacia\/","og_site_name":"Agazeta.net","article_published_time":"2015-11-18T13:28:29+00:00","og_image":[{"width":458,"height":340,"url":"https:\/\/nk7-testes.com.br\/agazeta\/wp-content\/uploads\/2015\/11\/171115-policia-assassinodoantimary-cedida2.jpg","type":"image\/jpeg"}],"author":"Agazeta.Net","twitter_card":"summary_large_image","twitter_misc":{"Escrito por":"Agazeta.Net","Est. tempo de leitura":"2 minutos"},"schema":{"@context":"https:\/\/schema.org","@graph":[{"@type":"WebPage","@id":"https:\/\/nk7-testes.com.br\/agazeta\/assassino-do-antimary-e-morto-em-delegacia\/","url":"https:\/\/nk7-testes.com.br\/agazeta\/assassino-do-antimary-e-morto-em-delegacia\/","name":"Assassino do Antimary \u00e9 morto em delegacia - Agazeta.net","isPartOf":{"@id":"https:\/\/nk7-testes.com.br\/agazeta\/#website"},"primaryImageOfPage":{"@id":"https:\/\/nk7-testes.com.br\/agazeta\/assassino-do-antimary-e-morto-em-delegacia\/#primaryimage"},"image":{"@id":"https:\/\/nk7-testes.com.br\/agazeta\/assassino-do-antimary-e-morto-em-delegacia\/#primaryimage"},"thumbnailUrl":"https:\/\/nk7-testes.com.br\/agazeta\/wp-content\/uploads\/2015\/11\/171115-policia-assassinodoantimary-cedida2.jpg","datePublished":"2015-11-18T13:28:29+00:00","author":{"@id":"https:\/\/nk7-testes.com.br\/agazeta\/#\/schema\/person\/6d6e25cb0435eb4a02fd44d30b4e3020"},"breadcrumb":{"@id":"https:\/\/nk7-testes.com.br\/agazeta\/assassino-do-antimary-e-morto-em-delegacia\/#breadcrumb"},"inLanguage":"pt-BR","potentialAction":[{"@type":"ReadAction","target":["https:\/\/nk7-testes.com.br\/agazeta\/assassino-do-antimary-e-morto-em-delegacia\/"]}]},{"@type":"ImageObject","inLanguage":"pt-BR","@id":"https:\/\/nk7-testes.com.br\/agazeta\/assassino-do-antimary-e-morto-em-delegacia\/#primaryimage","url":"https:\/\/nk7-testes.com.br\/agazeta\/wp-content\/uploads\/2015\/11\/171115-policia-assassinodoantimary-cedida2.jpg","contentUrl":"https:\/\/nk7-testes.com.br\/agazeta\/wp-content\/uploads\/2015\/11\/171115-policia-assassinodoantimary-cedida2.jpg","width":458,"height":340,"caption":"171115-policia-assassinodoantimary-cedida2"},{"@type":"BreadcrumbList","@id":"https:\/\/nk7-testes.com.br\/agazeta\/assassino-do-antimary-e-morto-em-delegacia\/#breadcrumb","itemListElement":[{"@type":"ListItem","position":1,"name":"In\u00edcio","item":"https:\/\/nk7-testes.com.br\/agazeta\/"},{"@type":"ListItem","position":2,"name":"Assassino do Antimary \u00e9 morto em delegacia"}]},{"@type":"WebSite","@id":"https:\/\/nk7-testes.com.br\/agazeta\/#website","url":"https:\/\/nk7-testes.com.br\/agazeta\/","name":"Agazeta.net","description":"Agazeta.net - Not\u00edcias de Rio Branco\/AC","potentialAction":[{"@type":"SearchAction","target":{"@type":"EntryPoint","urlTemplate":"https:\/\/nk7-testes.com.br\/agazeta\/?s={search_term_string}"},"query-input":{"@type":"PropertyValueSpecification","valueRequired":true,"valueName":"search_term_string"}}],"inLanguage":"pt-BR"},{"@type":"Person","@id":"https:\/\/nk7-testes.com.br\/agazeta\/#\/schema\/person\/6d6e25cb0435eb4a02fd44d30b4e3020","name":"Agazeta.Net","url":"https:\/\/nk7-testes.com.br\/agazeta\/author\/agazeta\/"}]}},"_links":{"self":[{"href":"https:\/\/nk7-testes.com.br\/agazeta\/wp-json\/wp\/v2\/posts\/19673","targetHints":{"allow":["GET"]}}],"collection":[{"href":"https:\/\/nk7-testes.com.br\/agazeta\/wp-json\/wp\/v2\/posts"}],"about":[{"href":"https:\/\/nk7-testes.com.br\/agazeta\/wp-json\/wp\/v2\/types\/post"}],"author":[{"embeddable":true,"href":"https:\/\/nk7-testes.com.br\/agazeta\/wp-json\/wp\/v2\/users\/4"}],"replies":[{"embeddable":true,"href":"https:\/\/nk7-testes.com.br\/agazeta\/wp-json\/wp\/v2\/comments?post=19673"}],"version-history":[{"count":0,"href":"https:\/\/nk7-testes.com.br\/agazeta\/wp-json\/wp\/v2\/posts\/19673\/revisions"}],"wp:featuredmedia":[{"embeddable":true,"href":"https:\/\/nk7-testes.com.br\/agazeta\/wp-json\/wp\/v2\/media\/19665"}],"wp:attachment":[{"href":"https:\/\/nk7-testes.com.br\/agazeta\/wp-json\/wp\/v2\/media?parent=19673"}],"wp:term":[{"taxonomy":"category","embeddable":true,"href":"https:\/\/nk7-testes.com.br\/agazeta\/wp-json\/wp\/v2\/categories?post=19673"},{"taxonomy":"post_tag","embeddable":true,"href":"https:\/\/nk7-testes.com.br\/agazeta\/wp-json\/wp\/v2\/tags?post=19673"}],"curies":[{"name":"wp","href":"https:\/\/api.w.org\/{rel}","templated":true}]}}