{"id":19660,"date":"2015-11-17T15:34:25","date_gmt":"2015-11-17T15:34:25","guid":{"rendered":"https:\/\/abarevegan.com.br\/index.php\/2015\/11\/17\/homem-mata-mulher-e-filha-com-requinte-de-crueldade\/"},"modified":"2015-11-17T15:34:25","modified_gmt":"2015-11-17T15:34:25","slug":"homem-mata-mulher-e-filha-com-requinte-de-crueldade","status":"publish","type":"post","link":"https:\/\/nk7-testes.com.br\/agazeta\/homem-mata-mulher-e-filha-com-requinte-de-crueldade\/","title":{"rendered":"Homem mata m\u00e3e e filha no Ramal do Antimary"},"content":{"rendered":"<p style=\"text-align: justify;\">Assassino do Antimary \u00e9 preso em flagrante<\/p>\n<p style=\"text-align: justify;\">Lucimar da Silva Bezerra, 33, foi preso ontem \u00e0 tarde (16) no Km 28 do Ramal do Antimary. Ele matou Jardineis Oliveira da Silva e a filha de 6 meses, Amanda Oliveira da Silva. Informa\u00e7\u00f5es preliminares fornecidas pela pol\u00edcia apontam que ambas foram estranguladas.<\/p>\n<p style=\"text-align: justify;\">Ap\u00f3s estrangular as duas, Lucimar abriu o ventre de Jardineis, colocou a crian\u00e7a rec\u00e9m-nascida dentro e costurou. O crime aconteceu por volta de 12 horas do domingo. M\u00e3e e filha estavam sozinhas. O marido havia sa\u00eddo.<\/p>\n<p style=\"text-align: justify;\">A comunidade, ao perceber o crime, saiu em busca de Lucimar, encontrando-o em casa de parentes, j\u00e1 pr\u00f3ximo da zona rural de Bujari. O local do crime \u00e9 uma regi\u00e3o muito isolada (no Km 100 da Transacreana e mais 28 quil\u00f4metros de ramal): o que explica a demora na busca dos corpos e na pris\u00e3o do assassino, que ficou preso dentro da casa dos parentes at\u00e9 a chegada dos policiais ontem \u00e0 tarde (16).<\/p>\n<p style=\"text-align: justify;\">A comunidade explica que Lucimar tinha uma paix\u00e3o avassaladora por Jardineis. Era uma rela\u00e7\u00e3o doentia e nunca correspondida. Mesmo ap\u00f3s o casamento da mo\u00e7a, Lucimar n\u00e3o desistiu da antiga paix\u00e3o. Lucimar se autodenomina \u201cCara do Diabo\u201d.<\/p>\n<p style=\"text-align: justify;\">Lucimar da Silva Bezerra est\u00e1 preso na Delegacia da Mulher e deve ser conduzido para a delegacia do Bujari onde deve ser ouvido pelo delegado Jo\u00e3o Augusto Fernandes. Os laudos do IML com os detalhes das mortes da m\u00e3e e filha ainda ser\u00e3o elaborados.<\/p>\n<p style=\"text-align: justify;\">Essas s\u00e3o informa\u00e7\u00f5es preliminares repassadas pela pr\u00f3pria pol\u00edcia fundamentadas em declara\u00e7\u00f5es do pr\u00f3prio assassino. Mais informa\u00e7\u00f5es, em instantes.<\/p>\n<p style=\"text-align: justify;\"><strong>Corpo da crian\u00e7a n\u00e3o foi encontrado<\/strong><\/p>\n<p style=\"text-align: justify;\">As informa\u00e7\u00f5es repassadas pelo assassino Lucimar Bezerra n\u00e3o foram confirmadas: o corpo da menina Amanda Oliveira da Silva, de seis meses ainda n\u00e3o foi encontrado. Em declara\u00e7\u00e3o na Delagacia da Mulher, o assassino disse que tentou colocar a crian\u00e7a na barriga da m\u00e3e &#8220;de volta&#8221;. Mas, segundo o assassino, &#8220;n\u00e3o coube&#8221;. Ent\u00e3o, ele colocou areia na barriga da mulher e jogou a crian\u00e7a em um igarap\u00e9 que existe nas proximidades. A comunidade e a pol\u00edcia est\u00e3o em buscas na regi\u00e3o.&nbsp;<\/p>\n","protected":false},"excerpt":{"rendered":"<p style=\"text-align: justify;\">Assassino do Antimary \u00e9 preso em flagrante<\/p>\n","protected":false},"author":4,"featured_media":19659,"comment_status":"open","ping_status":"open","sticky":false,"template":"","format":"standard","meta":{"jnews-multi-image_gallery":[],"jnews_single_post":[],"jnews_primary_category":[],"jnews_social_meta":[],"jnews_review":[],"enable_review":"","type":"","name":"","summary":"","brand":"","sku":"","good":[],"bad":[],"score_override":"","override_value":"","rating":[],"price":[],"footnotes":""},"categories":[44],"tags":[],"class_list":["post-19660","post","type-post","status-publish","format-standard","has-post-thumbnail","hentry","category-policia"],"yoast_head":"<!-- This site is optimized with the Yoast SEO plugin v26.5 - https:\/\/yoast.com\/wordpress\/plugins\/seo\/ -->\n<title>Homem mata m\u00e3e e filha no Ramal do Antimary - Agazeta.net<\/title>\n<meta name=\"robots\" content=\"index, follow, max-snippet:-1, max-image-preview:large, max-video-preview:-1\" \/>\n<link rel=\"canonical\" href=\"https:\/\/nk7-testes.com.br\/agazeta\/homem-mata-mulher-e-filha-com-requinte-de-crueldade\/\" \/>\n<meta property=\"og:locale\" content=\"pt_BR\" \/>\n<meta property=\"og:type\" content=\"article\" \/>\n<meta property=\"og:title\" content=\"Homem mata m\u00e3e e filha no Ramal do Antimary - Agazeta.net\" \/>\n<meta property=\"og:description\" content=\"Assassino do Antimary \u00e9 preso em flagrante\" \/>\n<meta property=\"og:url\" content=\"https:\/\/nk7-testes.com.br\/agazeta\/homem-mata-mulher-e-filha-com-requinte-de-crueldade\/\" \/>\n<meta property=\"og:site_name\" content=\"Agazeta.net\" \/>\n<meta property=\"article:published_time\" content=\"2015-11-17T15:34:25+00:00\" \/>\n<meta property=\"og:image\" content=\"https:\/\/nk7-testes.com.br\/agazeta\/wp-content\/uploads\/2015\/11\/171115-policia-assassinodoantimary-cedida.jpg\" \/>\n\t<meta property=\"og:image:width\" content=\"458\" \/>\n\t<meta property=\"og:image:height\" content=\"340\" \/>\n\t<meta property=\"og:image:type\" content=\"image\/jpeg\" \/>\n<meta name=\"author\" content=\"Agazeta.Net\" \/>\n<meta name=\"twitter:card\" content=\"summary_large_image\" \/>\n<meta name=\"twitter:label1\" content=\"Escrito por\" \/>\n\t<meta name=\"twitter:data1\" content=\"Agazeta.Net\" \/>\n\t<meta name=\"twitter:label2\" content=\"Est. tempo de leitura\" \/>\n\t<meta name=\"twitter:data2\" content=\"2 minutos\" \/>\n<script type=\"application\/ld+json\" class=\"yoast-schema-graph\">{\"@context\":\"https:\/\/schema.org\",\"@graph\":[{\"@type\":\"WebPage\",\"@id\":\"https:\/\/nk7-testes.com.br\/agazeta\/homem-mata-mulher-e-filha-com-requinte-de-crueldade\/\",\"url\":\"https:\/\/nk7-testes.com.br\/agazeta\/homem-mata-mulher-e-filha-com-requinte-de-crueldade\/\",\"name\":\"Homem mata m\u00e3e e filha no Ramal do Antimary - Agazeta.net\",\"isPartOf\":{\"@id\":\"https:\/\/nk7-testes.com.br\/agazeta\/#website\"},\"primaryImageOfPage\":{\"@id\":\"https:\/\/nk7-testes.com.br\/agazeta\/homem-mata-mulher-e-filha-com-requinte-de-crueldade\/#primaryimage\"},\"image\":{\"@id\":\"https:\/\/nk7-testes.com.br\/agazeta\/homem-mata-mulher-e-filha-com-requinte-de-crueldade\/#primaryimage\"},\"thumbnailUrl\":\"https:\/\/nk7-testes.com.br\/agazeta\/wp-content\/uploads\/2015\/11\/171115-policia-assassinodoantimary-cedida.jpg\",\"datePublished\":\"2015-11-17T15:34:25+00:00\",\"author\":{\"@id\":\"https:\/\/nk7-testes.com.br\/agazeta\/#\/schema\/person\/6d6e25cb0435eb4a02fd44d30b4e3020\"},\"breadcrumb\":{\"@id\":\"https:\/\/nk7-testes.com.br\/agazeta\/homem-mata-mulher-e-filha-com-requinte-de-crueldade\/#breadcrumb\"},\"inLanguage\":\"pt-BR\",\"potentialAction\":[{\"@type\":\"ReadAction\",\"target\":[\"https:\/\/nk7-testes.com.br\/agazeta\/homem-mata-mulher-e-filha-com-requinte-de-crueldade\/\"]}]},{\"@type\":\"ImageObject\",\"inLanguage\":\"pt-BR\",\"@id\":\"https:\/\/nk7-testes.com.br\/agazeta\/homem-mata-mulher-e-filha-com-requinte-de-crueldade\/#primaryimage\",\"url\":\"https:\/\/nk7-testes.com.br\/agazeta\/wp-content\/uploads\/2015\/11\/171115-policia-assassinodoantimary-cedida.jpg\",\"contentUrl\":\"https:\/\/nk7-testes.com.br\/agazeta\/wp-content\/uploads\/2015\/11\/171115-policia-assassinodoantimary-cedida.jpg\",\"width\":458,\"height\":340,\"caption\":\"171115-policia-assassinodoantimary-cedida\"},{\"@type\":\"BreadcrumbList\",\"@id\":\"https:\/\/nk7-testes.com.br\/agazeta\/homem-mata-mulher-e-filha-com-requinte-de-crueldade\/#breadcrumb\",\"itemListElement\":[{\"@type\":\"ListItem\",\"position\":1,\"name\":\"In\u00edcio\",\"item\":\"https:\/\/nk7-testes.com.br\/agazeta\/\"},{\"@type\":\"ListItem\",\"position\":2,\"name\":\"Homem mata m\u00e3e e filha no Ramal do Antimary\"}]},{\"@type\":\"WebSite\",\"@id\":\"https:\/\/nk7-testes.com.br\/agazeta\/#website\",\"url\":\"https:\/\/nk7-testes.com.br\/agazeta\/\",\"name\":\"Agazeta.net\",\"description\":\"Agazeta.net - Not\u00edcias de Rio Branco\/AC\",\"potentialAction\":[{\"@type\":\"SearchAction\",\"target\":{\"@type\":\"EntryPoint\",\"urlTemplate\":\"https:\/\/nk7-testes.com.br\/agazeta\/?s={search_term_string}\"},\"query-input\":{\"@type\":\"PropertyValueSpecification\",\"valueRequired\":true,\"valueName\":\"search_term_string\"}}],\"inLanguage\":\"pt-BR\"},{\"@type\":\"Person\",\"@id\":\"https:\/\/nk7-testes.com.br\/agazeta\/#\/schema\/person\/6d6e25cb0435eb4a02fd44d30b4e3020\",\"name\":\"Agazeta.Net\",\"url\":\"https:\/\/nk7-testes.com.br\/agazeta\/author\/agazeta\/\"}]}<\/script>\n<!-- \/ Yoast SEO plugin. -->","yoast_head_json":{"title":"Homem mata m\u00e3e e filha no Ramal do Antimary - Agazeta.net","robots":{"index":"index","follow":"follow","max-snippet":"max-snippet:-1","max-image-preview":"max-image-preview:large","max-video-preview":"max-video-preview:-1"},"canonical":"https:\/\/nk7-testes.com.br\/agazeta\/homem-mata-mulher-e-filha-com-requinte-de-crueldade\/","og_locale":"pt_BR","og_type":"article","og_title":"Homem mata m\u00e3e e filha no Ramal do Antimary - Agazeta.net","og_description":"Assassino do Antimary \u00e9 preso em flagrante","og_url":"https:\/\/nk7-testes.com.br\/agazeta\/homem-mata-mulher-e-filha-com-requinte-de-crueldade\/","og_site_name":"Agazeta.net","article_published_time":"2015-11-17T15:34:25+00:00","og_image":[{"width":458,"height":340,"url":"https:\/\/nk7-testes.com.br\/agazeta\/wp-content\/uploads\/2015\/11\/171115-policia-assassinodoantimary-cedida.jpg","type":"image\/jpeg"}],"author":"Agazeta.Net","twitter_card":"summary_large_image","twitter_misc":{"Escrito por":"Agazeta.Net","Est. tempo de leitura":"2 minutos"},"schema":{"@context":"https:\/\/schema.org","@graph":[{"@type":"WebPage","@id":"https:\/\/nk7-testes.com.br\/agazeta\/homem-mata-mulher-e-filha-com-requinte-de-crueldade\/","url":"https:\/\/nk7-testes.com.br\/agazeta\/homem-mata-mulher-e-filha-com-requinte-de-crueldade\/","name":"Homem mata m\u00e3e e filha no Ramal do Antimary - Agazeta.net","isPartOf":{"@id":"https:\/\/nk7-testes.com.br\/agazeta\/#website"},"primaryImageOfPage":{"@id":"https:\/\/nk7-testes.com.br\/agazeta\/homem-mata-mulher-e-filha-com-requinte-de-crueldade\/#primaryimage"},"image":{"@id":"https:\/\/nk7-testes.com.br\/agazeta\/homem-mata-mulher-e-filha-com-requinte-de-crueldade\/#primaryimage"},"thumbnailUrl":"https:\/\/nk7-testes.com.br\/agazeta\/wp-content\/uploads\/2015\/11\/171115-policia-assassinodoantimary-cedida.jpg","datePublished":"2015-11-17T15:34:25+00:00","author":{"@id":"https:\/\/nk7-testes.com.br\/agazeta\/#\/schema\/person\/6d6e25cb0435eb4a02fd44d30b4e3020"},"breadcrumb":{"@id":"https:\/\/nk7-testes.com.br\/agazeta\/homem-mata-mulher-e-filha-com-requinte-de-crueldade\/#breadcrumb"},"inLanguage":"pt-BR","potentialAction":[{"@type":"ReadAction","target":["https:\/\/nk7-testes.com.br\/agazeta\/homem-mata-mulher-e-filha-com-requinte-de-crueldade\/"]}]},{"@type":"ImageObject","inLanguage":"pt-BR","@id":"https:\/\/nk7-testes.com.br\/agazeta\/homem-mata-mulher-e-filha-com-requinte-de-crueldade\/#primaryimage","url":"https:\/\/nk7-testes.com.br\/agazeta\/wp-content\/uploads\/2015\/11\/171115-policia-assassinodoantimary-cedida.jpg","contentUrl":"https:\/\/nk7-testes.com.br\/agazeta\/wp-content\/uploads\/2015\/11\/171115-policia-assassinodoantimary-cedida.jpg","width":458,"height":340,"caption":"171115-policia-assassinodoantimary-cedida"},{"@type":"BreadcrumbList","@id":"https:\/\/nk7-testes.com.br\/agazeta\/homem-mata-mulher-e-filha-com-requinte-de-crueldade\/#breadcrumb","itemListElement":[{"@type":"ListItem","position":1,"name":"In\u00edcio","item":"https:\/\/nk7-testes.com.br\/agazeta\/"},{"@type":"ListItem","position":2,"name":"Homem mata m\u00e3e e filha no Ramal do Antimary"}]},{"@type":"WebSite","@id":"https:\/\/nk7-testes.com.br\/agazeta\/#website","url":"https:\/\/nk7-testes.com.br\/agazeta\/","name":"Agazeta.net","description":"Agazeta.net - Not\u00edcias de Rio Branco\/AC","potentialAction":[{"@type":"SearchAction","target":{"@type":"EntryPoint","urlTemplate":"https:\/\/nk7-testes.com.br\/agazeta\/?s={search_term_string}"},"query-input":{"@type":"PropertyValueSpecification","valueRequired":true,"valueName":"search_term_string"}}],"inLanguage":"pt-BR"},{"@type":"Person","@id":"https:\/\/nk7-testes.com.br\/agazeta\/#\/schema\/person\/6d6e25cb0435eb4a02fd44d30b4e3020","name":"Agazeta.Net","url":"https:\/\/nk7-testes.com.br\/agazeta\/author\/agazeta\/"}]}},"_links":{"self":[{"href":"https:\/\/nk7-testes.com.br\/agazeta\/wp-json\/wp\/v2\/posts\/19660","targetHints":{"allow":["GET"]}}],"collection":[{"href":"https:\/\/nk7-testes.com.br\/agazeta\/wp-json\/wp\/v2\/posts"}],"about":[{"href":"https:\/\/nk7-testes.com.br\/agazeta\/wp-json\/wp\/v2\/types\/post"}],"author":[{"embeddable":true,"href":"https:\/\/nk7-testes.com.br\/agazeta\/wp-json\/wp\/v2\/users\/4"}],"replies":[{"embeddable":true,"href":"https:\/\/nk7-testes.com.br\/agazeta\/wp-json\/wp\/v2\/comments?post=19660"}],"version-history":[{"count":0,"href":"https:\/\/nk7-testes.com.br\/agazeta\/wp-json\/wp\/v2\/posts\/19660\/revisions"}],"wp:featuredmedia":[{"embeddable":true,"href":"https:\/\/nk7-testes.com.br\/agazeta\/wp-json\/wp\/v2\/media\/19659"}],"wp:attachment":[{"href":"https:\/\/nk7-testes.com.br\/agazeta\/wp-json\/wp\/v2\/media?parent=19660"}],"wp:term":[{"taxonomy":"category","embeddable":true,"href":"https:\/\/nk7-testes.com.br\/agazeta\/wp-json\/wp\/v2\/categories?post=19660"},{"taxonomy":"post_tag","embeddable":true,"href":"https:\/\/nk7-testes.com.br\/agazeta\/wp-json\/wp\/v2\/tags?post=19660"}],"curies":[{"name":"wp","href":"https:\/\/api.w.org\/{rel}","templated":true}]}}