{"id":19651,"date":"2015-11-16T19:53:19","date_gmt":"2015-11-16T19:53:19","guid":{"rendered":"https:\/\/abarevegan.com.br\/index.php\/2015\/11\/16\/senac-na-comunidade-chega-ao-santa-ines\/"},"modified":"2015-11-16T19:53:19","modified_gmt":"2015-11-16T19:53:19","slug":"senac-na-comunidade-chega-ao-santa-ines","status":"publish","type":"post","link":"https:\/\/nk7-testes.com.br\/agazeta\/senac-na-comunidade-chega-ao-santa-ines\/","title":{"rendered":"Senac na Comunidade chega ao Santa In\u00eas"},"content":{"rendered":"<p style=\"text-align: justify;\">Servi\u00e7os geralmente est\u00e3o longe dos bairros<\/p>\n<p style=\"text-align: justify;\">O Senac realizou no \u00faltimo s\u00e1bado (14) o programa \u201cSenac na Comunidade\u201d. O evento foi realizado na escola Ant\u00f4nia Fernandes de Freitas, localizada no bairro Santa In\u00eas, segundo distrito de Rio Branco.<\/p>\n<p style=\"text-align: justify;\">A diretora da institui\u00e7\u00e3o, Hirlete Meirelles, conta que o projeto visa levar as escolas servi\u00e7os sociais al\u00e9m de tentar despertar nos jovens o esp\u00edrito empreendedor. \u201cNossa inten\u00e7\u00e3o \u00e9 levar as escolas servi\u00e7os sociais, al\u00e9m do espirito de empreendedorismo, por isso estamos ofertando oficinas dos mais variados ramos de atividade para mostrar a esses jovens como se inserirem no mercado de trabalho\u201d, disse Hirlete.<\/p>\n<p style=\"text-align: justify;\">A diretora da escola estadual Ant\u00f4nia Fernandes de Freitas, Raimunda Silva de Almeida, falou da import\u00e2ncia de se levar o projetos para perto das comunidades mais carentes. \u201cLevar aos bairros que realmente necessitam \u00e9 algo muito bom\u201d.<\/p>\n<p style=\"text-align: justify;\">Oficinas, palestras e servi\u00e7os como vacina\u00e7\u00e3o, corte de cabelo e consulta m\u00e9dica, estiveram durante todo o dia a disposi\u00e7\u00e3o da popula\u00e7\u00e3o do bairro. E foi por causa da facilidade em se ter v\u00e1rios servi\u00e7os em um s\u00f3 lugar que o motorista de \u00f4nibus Jo\u00e3o Cavalcante foi at\u00e9 a escola prestigiar o evento.<\/p>\n<p style=\"text-align: justify;\">\u201cMuito bom isso aqui, a gente pode ter v\u00e1rios servi\u00e7os num lugar s\u00f3 e pertinho de casa\u201d. Marlene Felipe da Silva, dona de casa, est\u00e1 doente h\u00e1 certo tempo e foi at\u00e9 a escola em busca de consulta m\u00e9dica.<\/p>\n<p style=\"text-align: justify;\">\u201cEu estou doente h\u00e1 um tempo, da\u00ed eu ouvi o anuncio de que teriam v\u00e1rios servi\u00e7os aqui na escola, avisei os vizinhos e disse que viria me consultar\u201d.<\/p>\n","protected":false},"excerpt":{"rendered":"<p style=\"text-align: justify;\">Servi\u00e7os geralmente est\u00e3o longe dos bairros<\/p>\n","protected":false},"author":4,"featured_media":19650,"comment_status":"open","ping_status":"open","sticky":false,"template":"","format":"standard","meta":{"jnews-multi-image_gallery":[],"jnews_single_post":[],"jnews_primary_category":[],"jnews_social_meta":[],"jnews_review":[],"enable_review":"","type":"","name":"","summary":"","brand":"","sku":"","good":[],"bad":[],"score_override":"","override_value":"","rating":[],"price":[],"footnotes":""},"categories":[54],"tags":[],"class_list":["post-19651","post","type-post","status-publish","format-standard","has-post-thumbnail","hentry","category-cotidiano"],"yoast_head":"<!-- This site is optimized with the Yoast SEO plugin v26.5 - https:\/\/yoast.com\/wordpress\/plugins\/seo\/ -->\n<title>Senac na Comunidade chega ao Santa In\u00eas - Agazeta.net<\/title>\n<meta name=\"robots\" content=\"index, follow, max-snippet:-1, max-image-preview:large, max-video-preview:-1\" \/>\n<link rel=\"canonical\" href=\"https:\/\/nk7-testes.com.br\/agazeta\/senac-na-comunidade-chega-ao-santa-ines\/\" \/>\n<meta property=\"og:locale\" content=\"pt_BR\" \/>\n<meta property=\"og:type\" content=\"article\" \/>\n<meta property=\"og:title\" content=\"Senac na Comunidade chega ao Santa In\u00eas - Agazeta.net\" \/>\n<meta property=\"og:description\" content=\"Servi\u00e7os geralmente est\u00e3o longe dos bairros\" \/>\n<meta property=\"og:url\" content=\"https:\/\/nk7-testes.com.br\/agazeta\/senac-na-comunidade-chega-ao-santa-ines\/\" \/>\n<meta property=\"og:site_name\" content=\"Agazeta.net\" \/>\n<meta property=\"article:published_time\" content=\"2015-11-16T19:53:19+00:00\" \/>\n<meta property=\"og:image\" content=\"https:\/\/nk7-testes.com.br\/agazeta\/wp-content\/uploads\/2015\/11\/161115-cotidiano-senacnacomuniddae-tvgazeta.jpg\" \/>\n\t<meta property=\"og:image:width\" content=\"458\" \/>\n\t<meta property=\"og:image:height\" content=\"340\" \/>\n\t<meta property=\"og:image:type\" content=\"image\/jpeg\" \/>\n<meta name=\"author\" content=\"Agazeta.Net\" \/>\n<meta name=\"twitter:card\" content=\"summary_large_image\" \/>\n<meta name=\"twitter:label1\" content=\"Escrito por\" \/>\n\t<meta name=\"twitter:data1\" content=\"Agazeta.Net\" \/>\n\t<meta name=\"twitter:label2\" content=\"Est. tempo de leitura\" \/>\n\t<meta name=\"twitter:data2\" content=\"1 minuto\" \/>\n<script type=\"application\/ld+json\" class=\"yoast-schema-graph\">{\"@context\":\"https:\/\/schema.org\",\"@graph\":[{\"@type\":\"WebPage\",\"@id\":\"https:\/\/nk7-testes.com.br\/agazeta\/senac-na-comunidade-chega-ao-santa-ines\/\",\"url\":\"https:\/\/nk7-testes.com.br\/agazeta\/senac-na-comunidade-chega-ao-santa-ines\/\",\"name\":\"Senac na Comunidade chega ao Santa In\u00eas - Agazeta.net\",\"isPartOf\":{\"@id\":\"https:\/\/nk7-testes.com.br\/agazeta\/#website\"},\"primaryImageOfPage\":{\"@id\":\"https:\/\/nk7-testes.com.br\/agazeta\/senac-na-comunidade-chega-ao-santa-ines\/#primaryimage\"},\"image\":{\"@id\":\"https:\/\/nk7-testes.com.br\/agazeta\/senac-na-comunidade-chega-ao-santa-ines\/#primaryimage\"},\"thumbnailUrl\":\"https:\/\/nk7-testes.com.br\/agazeta\/wp-content\/uploads\/2015\/11\/161115-cotidiano-senacnacomuniddae-tvgazeta.jpg\",\"datePublished\":\"2015-11-16T19:53:19+00:00\",\"author\":{\"@id\":\"https:\/\/nk7-testes.com.br\/agazeta\/#\/schema\/person\/6d6e25cb0435eb4a02fd44d30b4e3020\"},\"breadcrumb\":{\"@id\":\"https:\/\/nk7-testes.com.br\/agazeta\/senac-na-comunidade-chega-ao-santa-ines\/#breadcrumb\"},\"inLanguage\":\"pt-BR\",\"potentialAction\":[{\"@type\":\"ReadAction\",\"target\":[\"https:\/\/nk7-testes.com.br\/agazeta\/senac-na-comunidade-chega-ao-santa-ines\/\"]}]},{\"@type\":\"ImageObject\",\"inLanguage\":\"pt-BR\",\"@id\":\"https:\/\/nk7-testes.com.br\/agazeta\/senac-na-comunidade-chega-ao-santa-ines\/#primaryimage\",\"url\":\"https:\/\/nk7-testes.com.br\/agazeta\/wp-content\/uploads\/2015\/11\/161115-cotidiano-senacnacomuniddae-tvgazeta.jpg\",\"contentUrl\":\"https:\/\/nk7-testes.com.br\/agazeta\/wp-content\/uploads\/2015\/11\/161115-cotidiano-senacnacomuniddae-tvgazeta.jpg\",\"width\":458,\"height\":340,\"caption\":\"161115-cotidiano-senacnacomuniddae-tvgazeta\"},{\"@type\":\"BreadcrumbList\",\"@id\":\"https:\/\/nk7-testes.com.br\/agazeta\/senac-na-comunidade-chega-ao-santa-ines\/#breadcrumb\",\"itemListElement\":[{\"@type\":\"ListItem\",\"position\":1,\"name\":\"In\u00edcio\",\"item\":\"https:\/\/nk7-testes.com.br\/agazeta\/\"},{\"@type\":\"ListItem\",\"position\":2,\"name\":\"Senac na Comunidade chega ao Santa In\u00eas\"}]},{\"@type\":\"WebSite\",\"@id\":\"https:\/\/nk7-testes.com.br\/agazeta\/#website\",\"url\":\"https:\/\/nk7-testes.com.br\/agazeta\/\",\"name\":\"Agazeta.net\",\"description\":\"Agazeta.net - Not\u00edcias de Rio Branco\/AC\",\"potentialAction\":[{\"@type\":\"SearchAction\",\"target\":{\"@type\":\"EntryPoint\",\"urlTemplate\":\"https:\/\/nk7-testes.com.br\/agazeta\/?s={search_term_string}\"},\"query-input\":{\"@type\":\"PropertyValueSpecification\",\"valueRequired\":true,\"valueName\":\"search_term_string\"}}],\"inLanguage\":\"pt-BR\"},{\"@type\":\"Person\",\"@id\":\"https:\/\/nk7-testes.com.br\/agazeta\/#\/schema\/person\/6d6e25cb0435eb4a02fd44d30b4e3020\",\"name\":\"Agazeta.Net\",\"url\":\"https:\/\/nk7-testes.com.br\/agazeta\/author\/agazeta\/\"}]}<\/script>\n<!-- \/ Yoast SEO plugin. -->","yoast_head_json":{"title":"Senac na Comunidade chega ao Santa In\u00eas - Agazeta.net","robots":{"index":"index","follow":"follow","max-snippet":"max-snippet:-1","max-image-preview":"max-image-preview:large","max-video-preview":"max-video-preview:-1"},"canonical":"https:\/\/nk7-testes.com.br\/agazeta\/senac-na-comunidade-chega-ao-santa-ines\/","og_locale":"pt_BR","og_type":"article","og_title":"Senac na Comunidade chega ao Santa In\u00eas - Agazeta.net","og_description":"Servi\u00e7os geralmente est\u00e3o longe dos bairros","og_url":"https:\/\/nk7-testes.com.br\/agazeta\/senac-na-comunidade-chega-ao-santa-ines\/","og_site_name":"Agazeta.net","article_published_time":"2015-11-16T19:53:19+00:00","og_image":[{"width":458,"height":340,"url":"https:\/\/nk7-testes.com.br\/agazeta\/wp-content\/uploads\/2015\/11\/161115-cotidiano-senacnacomuniddae-tvgazeta.jpg","type":"image\/jpeg"}],"author":"Agazeta.Net","twitter_card":"summary_large_image","twitter_misc":{"Escrito por":"Agazeta.Net","Est. tempo de leitura":"1 minuto"},"schema":{"@context":"https:\/\/schema.org","@graph":[{"@type":"WebPage","@id":"https:\/\/nk7-testes.com.br\/agazeta\/senac-na-comunidade-chega-ao-santa-ines\/","url":"https:\/\/nk7-testes.com.br\/agazeta\/senac-na-comunidade-chega-ao-santa-ines\/","name":"Senac na Comunidade chega ao Santa In\u00eas - Agazeta.net","isPartOf":{"@id":"https:\/\/nk7-testes.com.br\/agazeta\/#website"},"primaryImageOfPage":{"@id":"https:\/\/nk7-testes.com.br\/agazeta\/senac-na-comunidade-chega-ao-santa-ines\/#primaryimage"},"image":{"@id":"https:\/\/nk7-testes.com.br\/agazeta\/senac-na-comunidade-chega-ao-santa-ines\/#primaryimage"},"thumbnailUrl":"https:\/\/nk7-testes.com.br\/agazeta\/wp-content\/uploads\/2015\/11\/161115-cotidiano-senacnacomuniddae-tvgazeta.jpg","datePublished":"2015-11-16T19:53:19+00:00","author":{"@id":"https:\/\/nk7-testes.com.br\/agazeta\/#\/schema\/person\/6d6e25cb0435eb4a02fd44d30b4e3020"},"breadcrumb":{"@id":"https:\/\/nk7-testes.com.br\/agazeta\/senac-na-comunidade-chega-ao-santa-ines\/#breadcrumb"},"inLanguage":"pt-BR","potentialAction":[{"@type":"ReadAction","target":["https:\/\/nk7-testes.com.br\/agazeta\/senac-na-comunidade-chega-ao-santa-ines\/"]}]},{"@type":"ImageObject","inLanguage":"pt-BR","@id":"https:\/\/nk7-testes.com.br\/agazeta\/senac-na-comunidade-chega-ao-santa-ines\/#primaryimage","url":"https:\/\/nk7-testes.com.br\/agazeta\/wp-content\/uploads\/2015\/11\/161115-cotidiano-senacnacomuniddae-tvgazeta.jpg","contentUrl":"https:\/\/nk7-testes.com.br\/agazeta\/wp-content\/uploads\/2015\/11\/161115-cotidiano-senacnacomuniddae-tvgazeta.jpg","width":458,"height":340,"caption":"161115-cotidiano-senacnacomuniddae-tvgazeta"},{"@type":"BreadcrumbList","@id":"https:\/\/nk7-testes.com.br\/agazeta\/senac-na-comunidade-chega-ao-santa-ines\/#breadcrumb","itemListElement":[{"@type":"ListItem","position":1,"name":"In\u00edcio","item":"https:\/\/nk7-testes.com.br\/agazeta\/"},{"@type":"ListItem","position":2,"name":"Senac na Comunidade chega ao Santa In\u00eas"}]},{"@type":"WebSite","@id":"https:\/\/nk7-testes.com.br\/agazeta\/#website","url":"https:\/\/nk7-testes.com.br\/agazeta\/","name":"Agazeta.net","description":"Agazeta.net - Not\u00edcias de Rio Branco\/AC","potentialAction":[{"@type":"SearchAction","target":{"@type":"EntryPoint","urlTemplate":"https:\/\/nk7-testes.com.br\/agazeta\/?s={search_term_string}"},"query-input":{"@type":"PropertyValueSpecification","valueRequired":true,"valueName":"search_term_string"}}],"inLanguage":"pt-BR"},{"@type":"Person","@id":"https:\/\/nk7-testes.com.br\/agazeta\/#\/schema\/person\/6d6e25cb0435eb4a02fd44d30b4e3020","name":"Agazeta.Net","url":"https:\/\/nk7-testes.com.br\/agazeta\/author\/agazeta\/"}]}},"_links":{"self":[{"href":"https:\/\/nk7-testes.com.br\/agazeta\/wp-json\/wp\/v2\/posts\/19651","targetHints":{"allow":["GET"]}}],"collection":[{"href":"https:\/\/nk7-testes.com.br\/agazeta\/wp-json\/wp\/v2\/posts"}],"about":[{"href":"https:\/\/nk7-testes.com.br\/agazeta\/wp-json\/wp\/v2\/types\/post"}],"author":[{"embeddable":true,"href":"https:\/\/nk7-testes.com.br\/agazeta\/wp-json\/wp\/v2\/users\/4"}],"replies":[{"embeddable":true,"href":"https:\/\/nk7-testes.com.br\/agazeta\/wp-json\/wp\/v2\/comments?post=19651"}],"version-history":[{"count":0,"href":"https:\/\/nk7-testes.com.br\/agazeta\/wp-json\/wp\/v2\/posts\/19651\/revisions"}],"wp:featuredmedia":[{"embeddable":true,"href":"https:\/\/nk7-testes.com.br\/agazeta\/wp-json\/wp\/v2\/media\/19650"}],"wp:attachment":[{"href":"https:\/\/nk7-testes.com.br\/agazeta\/wp-json\/wp\/v2\/media?parent=19651"}],"wp:term":[{"taxonomy":"category","embeddable":true,"href":"https:\/\/nk7-testes.com.br\/agazeta\/wp-json\/wp\/v2\/categories?post=19651"},{"taxonomy":"post_tag","embeddable":true,"href":"https:\/\/nk7-testes.com.br\/agazeta\/wp-json\/wp\/v2\/tags?post=19651"}],"curies":[{"name":"wp","href":"https:\/\/api.w.org\/{rel}","templated":true}]}}