{"id":19642,"date":"2015-11-16T16:36:45","date_gmt":"2015-11-16T16:36:45","guid":{"rendered":"https:\/\/abarevegan.com.br\/index.php\/2015\/11\/16\/gincana-mobiliza-juventude-na-armando-nogueira\/"},"modified":"2015-11-16T16:36:45","modified_gmt":"2015-11-16T16:36:45","slug":"gincana-mobiliza-juventude-na-armando-nogueira","status":"publish","type":"post","link":"https:\/\/nk7-testes.com.br\/agazeta\/gincana-mobiliza-juventude-na-armando-nogueira\/","title":{"rendered":"Gincana mobiliza juventude na Armando Nogueira"},"content":{"rendered":"<p style=\"text-align: justify;\">Educa\u00e7\u00e3o pelo v\u00eddeo: conhecimento com senso cr\u00edtico<\/p>\n<p style=\"text-align: justify;\">Doa\u00e7\u00e3o de sangue; \u201cbulling\u201d; quest\u00e3o das drogas; gravidez na adolesc\u00eancia. S\u00e3o alguns dos temas abordados por alunos da Escola Armando Nogueira na segunda edi\u00e7\u00e3o de uma gincana que mistura produ\u00e7\u00e3o de conhecimento com cidadania.<\/p>\n<p style=\"text-align: justify;\">Um dos elementos da gincana \u00e9 a produ\u00e7\u00e3o de um v\u00eddeo em que temas do cotidiano dos alunos s\u00e3o abordados com o olhar pr\u00f3prio da adolesc\u00eancia.<\/p>\n<p style=\"text-align: justify;\">\u201cA ideia \u00e9 fazer com que os alunos, de uma forma l\u00fadica, apliquem os conhecimentos adquiridos em sala de aula de forma cr\u00edtica\u201d, explicou o professor de Biologia William Ribeiro, um dos quatro coordenadores do movimento que tem mobilizado turmas dos per\u00edodos da manh\u00e3 e tarde da Escola Armando Nogueira.<\/p>\n<p style=\"text-align: justify;\">Quatro professores: dois de L\u00edngua Inglesa, um de Matem\u00e1tica e um de Biologia coordenam 12 turmas (8 do per\u00edodo da tarde e 4 do per\u00edodo da manh\u00e3).<\/p>\n<p style=\"text-align: justify;\">\u201cUma das provas da gincana tem rela\u00e7\u00e3o com a doa\u00e7\u00e3o de sangue. N\u00f3s aproveitamos e unimos essa exig\u00eancia \u00e0 quest\u00e3o da import\u00e2ncia da doa\u00e7\u00e3o\u201d, disse a aluna Sinara Ribeiro Chaves, uma das integrantes da equipe Xeque Mate.<\/p>\n<p style=\"text-align: justify;\">A gincana tamb\u00e9m \u00e9 uma tentativa da dire\u00e7\u00e3o em mudar a imagem da escola. A Armando Nogueira, em v\u00e1rios ocasi\u00f5es, tem sido not\u00edcia na se\u00e7\u00e3o Policial no notici\u00e1rio local: brigas entre alunos, amea\u00e7a de agress\u00e3o com arma dentro de sala de aula s\u00e3o exemplos.<\/p>\n<p style=\"text-align: justify;\">\u201cNo meio de muita not\u00edcia negativa, a Gincana mostra que podemos conciliar coisas boas: como o conhecimento e o despertar do senso cr\u00edtico do aluno\u201d, diz o professor Ribeiro. \u201cMuitos deles que nem estavam mais interessados no estudo, passaram a se interessar mais pelas aulas\u201d.<\/p>\n<p style=\"text-align: justify;\"><a href=\"https:\/\/www.facebook.com\/colorwarriors\/videos\/1488124968160217\/\">https:\/\/www.facebook.com\/colorwarriors\/videos\/1488124968160217\/<\/a><\/p>\n<p style=\"text-align: justify;\"><a href=\"https:\/\/www.facebook.com\/colorwarriors\/videos\/1488109554828425\/\">https:\/\/www.facebook.com\/colorwarriors\/videos\/1488109554828425\/<\/a><\/p>\n<p style=\"text-align: justify;\"><a href=\"https:\/\/www.facebook.com\/colorwarriors\/videos\/1487818121524235\/\">https:\/\/www.facebook.com\/colorwarriors\/videos\/1487818121524235\/<\/a><\/p>\n<p style=\"text-align: justify;\"><a href=\"https:\/\/www.facebook.com\/colorwarriors\/videos\/1487793224860058\/\">https:\/\/www.facebook.com\/colorwarriors\/videos\/1487793224860058\/<\/a><\/p>\n","protected":false},"excerpt":{"rendered":"<p style=\"text-align: justify;\">Educa\u00e7\u00e3o pelo v\u00eddeo: conhecimento com senso cr\u00edtico<\/p>\n","protected":false},"author":4,"featured_media":19641,"comment_status":"open","ping_status":"open","sticky":false,"template":"","format":"standard","meta":{"jnews-multi-image_gallery":[],"jnews_single_post":[],"jnews_primary_category":[],"jnews_social_meta":[],"jnews_review":[],"enable_review":"","type":"","name":"","summary":"","brand":"","sku":"","good":[],"bad":[],"score_override":"","override_value":"","rating":[],"price":[],"footnotes":""},"categories":[54],"tags":[],"class_list":["post-19642","post","type-post","status-publish","format-standard","has-post-thumbnail","hentry","category-cotidiano"],"yoast_head":"<!-- This site is optimized with the Yoast SEO plugin v26.5 - https:\/\/yoast.com\/wordpress\/plugins\/seo\/ -->\n<title>Gincana mobiliza juventude na Armando Nogueira - Agazeta.net<\/title>\n<meta name=\"robots\" content=\"index, follow, max-snippet:-1, max-image-preview:large, max-video-preview:-1\" \/>\n<link rel=\"canonical\" href=\"https:\/\/nk7-testes.com.br\/agazeta\/gincana-mobiliza-juventude-na-armando-nogueira\/\" \/>\n<meta property=\"og:locale\" content=\"pt_BR\" \/>\n<meta property=\"og:type\" content=\"article\" \/>\n<meta property=\"og:title\" content=\"Gincana mobiliza juventude na Armando Nogueira - Agazeta.net\" \/>\n<meta property=\"og:description\" content=\"Educa\u00e7\u00e3o pelo v\u00eddeo: conhecimento com senso cr\u00edtico\" \/>\n<meta property=\"og:url\" content=\"https:\/\/nk7-testes.com.br\/agazeta\/gincana-mobiliza-juventude-na-armando-nogueira\/\" \/>\n<meta property=\"og:site_name\" content=\"Agazeta.net\" \/>\n<meta property=\"article:published_time\" content=\"2015-11-16T16:36:45+00:00\" \/>\n<meta property=\"og:image\" content=\"https:\/\/nk7-testes.com.br\/agazeta\/wp-content\/uploads\/2015\/11\/161115-cotidiano-gincana-cedida.jpg\" \/>\n\t<meta property=\"og:image:width\" content=\"458\" \/>\n\t<meta property=\"og:image:height\" content=\"340\" \/>\n\t<meta property=\"og:image:type\" content=\"image\/jpeg\" \/>\n<meta name=\"author\" content=\"Agazeta.Net\" \/>\n<meta name=\"twitter:card\" content=\"summary_large_image\" \/>\n<meta name=\"twitter:label1\" content=\"Escrito por\" \/>\n\t<meta name=\"twitter:data1\" content=\"Agazeta.Net\" \/>\n\t<meta name=\"twitter:label2\" content=\"Est. tempo de leitura\" \/>\n\t<meta name=\"twitter:data2\" content=\"2 minutos\" \/>\n<script type=\"application\/ld+json\" class=\"yoast-schema-graph\">{\"@context\":\"https:\/\/schema.org\",\"@graph\":[{\"@type\":\"WebPage\",\"@id\":\"https:\/\/nk7-testes.com.br\/agazeta\/gincana-mobiliza-juventude-na-armando-nogueira\/\",\"url\":\"https:\/\/nk7-testes.com.br\/agazeta\/gincana-mobiliza-juventude-na-armando-nogueira\/\",\"name\":\"Gincana mobiliza juventude na Armando Nogueira - Agazeta.net\",\"isPartOf\":{\"@id\":\"https:\/\/nk7-testes.com.br\/agazeta\/#website\"},\"primaryImageOfPage\":{\"@id\":\"https:\/\/nk7-testes.com.br\/agazeta\/gincana-mobiliza-juventude-na-armando-nogueira\/#primaryimage\"},\"image\":{\"@id\":\"https:\/\/nk7-testes.com.br\/agazeta\/gincana-mobiliza-juventude-na-armando-nogueira\/#primaryimage\"},\"thumbnailUrl\":\"https:\/\/nk7-testes.com.br\/agazeta\/wp-content\/uploads\/2015\/11\/161115-cotidiano-gincana-cedida.jpg\",\"datePublished\":\"2015-11-16T16:36:45+00:00\",\"author\":{\"@id\":\"https:\/\/nk7-testes.com.br\/agazeta\/#\/schema\/person\/6d6e25cb0435eb4a02fd44d30b4e3020\"},\"breadcrumb\":{\"@id\":\"https:\/\/nk7-testes.com.br\/agazeta\/gincana-mobiliza-juventude-na-armando-nogueira\/#breadcrumb\"},\"inLanguage\":\"pt-BR\",\"potentialAction\":[{\"@type\":\"ReadAction\",\"target\":[\"https:\/\/nk7-testes.com.br\/agazeta\/gincana-mobiliza-juventude-na-armando-nogueira\/\"]}]},{\"@type\":\"ImageObject\",\"inLanguage\":\"pt-BR\",\"@id\":\"https:\/\/nk7-testes.com.br\/agazeta\/gincana-mobiliza-juventude-na-armando-nogueira\/#primaryimage\",\"url\":\"https:\/\/nk7-testes.com.br\/agazeta\/wp-content\/uploads\/2015\/11\/161115-cotidiano-gincana-cedida.jpg\",\"contentUrl\":\"https:\/\/nk7-testes.com.br\/agazeta\/wp-content\/uploads\/2015\/11\/161115-cotidiano-gincana-cedida.jpg\",\"width\":458,\"height\":340,\"caption\":\"161115-cotidiano-gincana-cedida\"},{\"@type\":\"BreadcrumbList\",\"@id\":\"https:\/\/nk7-testes.com.br\/agazeta\/gincana-mobiliza-juventude-na-armando-nogueira\/#breadcrumb\",\"itemListElement\":[{\"@type\":\"ListItem\",\"position\":1,\"name\":\"In\u00edcio\",\"item\":\"https:\/\/nk7-testes.com.br\/agazeta\/\"},{\"@type\":\"ListItem\",\"position\":2,\"name\":\"Gincana mobiliza juventude na Armando Nogueira\"}]},{\"@type\":\"WebSite\",\"@id\":\"https:\/\/nk7-testes.com.br\/agazeta\/#website\",\"url\":\"https:\/\/nk7-testes.com.br\/agazeta\/\",\"name\":\"Agazeta.net\",\"description\":\"Agazeta.net - Not\u00edcias de Rio Branco\/AC\",\"potentialAction\":[{\"@type\":\"SearchAction\",\"target\":{\"@type\":\"EntryPoint\",\"urlTemplate\":\"https:\/\/nk7-testes.com.br\/agazeta\/?s={search_term_string}\"},\"query-input\":{\"@type\":\"PropertyValueSpecification\",\"valueRequired\":true,\"valueName\":\"search_term_string\"}}],\"inLanguage\":\"pt-BR\"},{\"@type\":\"Person\",\"@id\":\"https:\/\/nk7-testes.com.br\/agazeta\/#\/schema\/person\/6d6e25cb0435eb4a02fd44d30b4e3020\",\"name\":\"Agazeta.Net\",\"url\":\"https:\/\/nk7-testes.com.br\/agazeta\/author\/agazeta\/\"}]}<\/script>\n<!-- \/ Yoast SEO plugin. -->","yoast_head_json":{"title":"Gincana mobiliza juventude na Armando Nogueira - Agazeta.net","robots":{"index":"index","follow":"follow","max-snippet":"max-snippet:-1","max-image-preview":"max-image-preview:large","max-video-preview":"max-video-preview:-1"},"canonical":"https:\/\/nk7-testes.com.br\/agazeta\/gincana-mobiliza-juventude-na-armando-nogueira\/","og_locale":"pt_BR","og_type":"article","og_title":"Gincana mobiliza juventude na Armando Nogueira - Agazeta.net","og_description":"Educa\u00e7\u00e3o pelo v\u00eddeo: conhecimento com senso cr\u00edtico","og_url":"https:\/\/nk7-testes.com.br\/agazeta\/gincana-mobiliza-juventude-na-armando-nogueira\/","og_site_name":"Agazeta.net","article_published_time":"2015-11-16T16:36:45+00:00","og_image":[{"width":458,"height":340,"url":"https:\/\/nk7-testes.com.br\/agazeta\/wp-content\/uploads\/2015\/11\/161115-cotidiano-gincana-cedida.jpg","type":"image\/jpeg"}],"author":"Agazeta.Net","twitter_card":"summary_large_image","twitter_misc":{"Escrito por":"Agazeta.Net","Est. tempo de leitura":"2 minutos"},"schema":{"@context":"https:\/\/schema.org","@graph":[{"@type":"WebPage","@id":"https:\/\/nk7-testes.com.br\/agazeta\/gincana-mobiliza-juventude-na-armando-nogueira\/","url":"https:\/\/nk7-testes.com.br\/agazeta\/gincana-mobiliza-juventude-na-armando-nogueira\/","name":"Gincana mobiliza juventude na Armando Nogueira - Agazeta.net","isPartOf":{"@id":"https:\/\/nk7-testes.com.br\/agazeta\/#website"},"primaryImageOfPage":{"@id":"https:\/\/nk7-testes.com.br\/agazeta\/gincana-mobiliza-juventude-na-armando-nogueira\/#primaryimage"},"image":{"@id":"https:\/\/nk7-testes.com.br\/agazeta\/gincana-mobiliza-juventude-na-armando-nogueira\/#primaryimage"},"thumbnailUrl":"https:\/\/nk7-testes.com.br\/agazeta\/wp-content\/uploads\/2015\/11\/161115-cotidiano-gincana-cedida.jpg","datePublished":"2015-11-16T16:36:45+00:00","author":{"@id":"https:\/\/nk7-testes.com.br\/agazeta\/#\/schema\/person\/6d6e25cb0435eb4a02fd44d30b4e3020"},"breadcrumb":{"@id":"https:\/\/nk7-testes.com.br\/agazeta\/gincana-mobiliza-juventude-na-armando-nogueira\/#breadcrumb"},"inLanguage":"pt-BR","potentialAction":[{"@type":"ReadAction","target":["https:\/\/nk7-testes.com.br\/agazeta\/gincana-mobiliza-juventude-na-armando-nogueira\/"]}]},{"@type":"ImageObject","inLanguage":"pt-BR","@id":"https:\/\/nk7-testes.com.br\/agazeta\/gincana-mobiliza-juventude-na-armando-nogueira\/#primaryimage","url":"https:\/\/nk7-testes.com.br\/agazeta\/wp-content\/uploads\/2015\/11\/161115-cotidiano-gincana-cedida.jpg","contentUrl":"https:\/\/nk7-testes.com.br\/agazeta\/wp-content\/uploads\/2015\/11\/161115-cotidiano-gincana-cedida.jpg","width":458,"height":340,"caption":"161115-cotidiano-gincana-cedida"},{"@type":"BreadcrumbList","@id":"https:\/\/nk7-testes.com.br\/agazeta\/gincana-mobiliza-juventude-na-armando-nogueira\/#breadcrumb","itemListElement":[{"@type":"ListItem","position":1,"name":"In\u00edcio","item":"https:\/\/nk7-testes.com.br\/agazeta\/"},{"@type":"ListItem","position":2,"name":"Gincana mobiliza juventude na Armando Nogueira"}]},{"@type":"WebSite","@id":"https:\/\/nk7-testes.com.br\/agazeta\/#website","url":"https:\/\/nk7-testes.com.br\/agazeta\/","name":"Agazeta.net","description":"Agazeta.net - Not\u00edcias de Rio Branco\/AC","potentialAction":[{"@type":"SearchAction","target":{"@type":"EntryPoint","urlTemplate":"https:\/\/nk7-testes.com.br\/agazeta\/?s={search_term_string}"},"query-input":{"@type":"PropertyValueSpecification","valueRequired":true,"valueName":"search_term_string"}}],"inLanguage":"pt-BR"},{"@type":"Person","@id":"https:\/\/nk7-testes.com.br\/agazeta\/#\/schema\/person\/6d6e25cb0435eb4a02fd44d30b4e3020","name":"Agazeta.Net","url":"https:\/\/nk7-testes.com.br\/agazeta\/author\/agazeta\/"}]}},"_links":{"self":[{"href":"https:\/\/nk7-testes.com.br\/agazeta\/wp-json\/wp\/v2\/posts\/19642","targetHints":{"allow":["GET"]}}],"collection":[{"href":"https:\/\/nk7-testes.com.br\/agazeta\/wp-json\/wp\/v2\/posts"}],"about":[{"href":"https:\/\/nk7-testes.com.br\/agazeta\/wp-json\/wp\/v2\/types\/post"}],"author":[{"embeddable":true,"href":"https:\/\/nk7-testes.com.br\/agazeta\/wp-json\/wp\/v2\/users\/4"}],"replies":[{"embeddable":true,"href":"https:\/\/nk7-testes.com.br\/agazeta\/wp-json\/wp\/v2\/comments?post=19642"}],"version-history":[{"count":0,"href":"https:\/\/nk7-testes.com.br\/agazeta\/wp-json\/wp\/v2\/posts\/19642\/revisions"}],"wp:featuredmedia":[{"embeddable":true,"href":"https:\/\/nk7-testes.com.br\/agazeta\/wp-json\/wp\/v2\/media\/19641"}],"wp:attachment":[{"href":"https:\/\/nk7-testes.com.br\/agazeta\/wp-json\/wp\/v2\/media?parent=19642"}],"wp:term":[{"taxonomy":"category","embeddable":true,"href":"https:\/\/nk7-testes.com.br\/agazeta\/wp-json\/wp\/v2\/categories?post=19642"},{"taxonomy":"post_tag","embeddable":true,"href":"https:\/\/nk7-testes.com.br\/agazeta\/wp-json\/wp\/v2\/tags?post=19642"}],"curies":[{"name":"wp","href":"https:\/\/api.w.org\/{rel}","templated":true}]}}