{"id":19635,"date":"2015-11-16T13:24:42","date_gmt":"2015-11-16T13:24:42","guid":{"rendered":"https:\/\/abarevegan.com.br\/index.php\/2015\/11\/16\/jovens-sao-presos-acusados-de-venda-de-droga\/"},"modified":"2015-11-16T13:24:42","modified_gmt":"2015-11-16T13:24:42","slug":"jovens-sao-presos-acusados-de-venda-de-droga","status":"publish","type":"post","link":"https:\/\/nk7-testes.com.br\/agazeta\/jovens-sao-presos-acusados-de-venda-de-droga\/","title":{"rendered":"Jovens s\u00e3o presos acusados de venda de droga"},"content":{"rendered":"<p style=\"text-align: justify;\">Local de venda era uma casa no Apol\u00f4nio Sales<\/p>\n<p style=\"text-align: justify;\">Mateus da Silva, 18, Atenael Higo da Silva, 23, foram presos na noite desse s\u00e1bado. Uma den\u00fancia an\u00f4nima, via Ciosp, informou que quatro jovens estariam vendendo droga em uma casa no Residencial Abun\u00e3 que fica na estrada Apolonio Sales.<\/p>\n<p style=\"text-align: justify;\">Uma equipe do 5\u00ba Batalh\u00e3o da Pol\u00edcia Militar foi at\u00e9 o local e encontram os quatro jovens na frente da casa. Em uma revista na resid\u00eancia e no quintal da casa, a pol\u00edcia encontrou 30 tabletes de maconha.<\/p>\n<p style=\"text-align: justify;\">Os quatros foram presos e levados para Defla na delegacia foi descoberto ainda que Leandro estava foragido do pres\u00eddio.<\/p>\n","protected":false},"excerpt":{"rendered":"<p style=\"text-align: justify;\">Local de venda era uma casa no Apol\u00f4nio Sales<\/p>\n","protected":false},"author":4,"featured_media":19634,"comment_status":"open","ping_status":"open","sticky":false,"template":"","format":"standard","meta":{"jnews-multi-image_gallery":[],"jnews_single_post":[],"jnews_primary_category":[],"jnews_social_meta":[],"jnews_review":[],"enable_review":"","type":"","name":"","summary":"","brand":"","sku":"","good":[],"bad":[],"score_override":"","override_value":"","rating":[],"price":[],"footnotes":""},"categories":[44],"tags":[],"class_list":["post-19635","post","type-post","status-publish","format-standard","has-post-thumbnail","hentry","category-policia"],"yoast_head":"<!-- This site is optimized with the Yoast SEO plugin v26.5 - https:\/\/yoast.com\/wordpress\/plugins\/seo\/ -->\n<title>Jovens s\u00e3o presos acusados de venda de droga - Agazeta.net<\/title>\n<meta name=\"robots\" content=\"index, follow, max-snippet:-1, max-image-preview:large, max-video-preview:-1\" \/>\n<link rel=\"canonical\" href=\"https:\/\/nk7-testes.com.br\/agazeta\/jovens-sao-presos-acusados-de-venda-de-droga\/\" \/>\n<meta property=\"og:locale\" content=\"pt_BR\" \/>\n<meta property=\"og:type\" content=\"article\" \/>\n<meta property=\"og:title\" content=\"Jovens s\u00e3o presos acusados de venda de droga - Agazeta.net\" \/>\n<meta property=\"og:description\" content=\"Local de venda era uma casa no Apol\u00f4nio Sales\" \/>\n<meta property=\"og:url\" content=\"https:\/\/nk7-testes.com.br\/agazeta\/jovens-sao-presos-acusados-de-venda-de-droga\/\" \/>\n<meta property=\"og:site_name\" content=\"Agazeta.net\" \/>\n<meta property=\"article:published_time\" content=\"2015-11-16T13:24:42+00:00\" \/>\n<meta property=\"og:image\" content=\"https:\/\/nk7-testes.com.br\/agazeta\/wp-content\/uploads\/2015\/11\/151115-policia-jovenspresos-cleriston.jpg\" \/>\n\t<meta property=\"og:image:width\" content=\"458\" \/>\n\t<meta property=\"og:image:height\" content=\"340\" \/>\n\t<meta property=\"og:image:type\" content=\"image\/jpeg\" \/>\n<meta name=\"author\" content=\"Agazeta.Net\" \/>\n<meta name=\"twitter:card\" content=\"summary_large_image\" \/>\n<meta name=\"twitter:label1\" content=\"Escrito por\" \/>\n\t<meta name=\"twitter:data1\" content=\"Agazeta.Net\" \/>\n\t<meta name=\"twitter:label2\" content=\"Est. tempo de leitura\" \/>\n\t<meta name=\"twitter:data2\" content=\"1 minuto\" \/>\n<script type=\"application\/ld+json\" class=\"yoast-schema-graph\">{\"@context\":\"https:\/\/schema.org\",\"@graph\":[{\"@type\":\"WebPage\",\"@id\":\"https:\/\/nk7-testes.com.br\/agazeta\/jovens-sao-presos-acusados-de-venda-de-droga\/\",\"url\":\"https:\/\/nk7-testes.com.br\/agazeta\/jovens-sao-presos-acusados-de-venda-de-droga\/\",\"name\":\"Jovens s\u00e3o presos acusados de venda de droga - Agazeta.net\",\"isPartOf\":{\"@id\":\"https:\/\/nk7-testes.com.br\/agazeta\/#website\"},\"primaryImageOfPage\":{\"@id\":\"https:\/\/nk7-testes.com.br\/agazeta\/jovens-sao-presos-acusados-de-venda-de-droga\/#primaryimage\"},\"image\":{\"@id\":\"https:\/\/nk7-testes.com.br\/agazeta\/jovens-sao-presos-acusados-de-venda-de-droga\/#primaryimage\"},\"thumbnailUrl\":\"https:\/\/nk7-testes.com.br\/agazeta\/wp-content\/uploads\/2015\/11\/151115-policia-jovenspresos-cleriston.jpg\",\"datePublished\":\"2015-11-16T13:24:42+00:00\",\"author\":{\"@id\":\"https:\/\/nk7-testes.com.br\/agazeta\/#\/schema\/person\/6d6e25cb0435eb4a02fd44d30b4e3020\"},\"breadcrumb\":{\"@id\":\"https:\/\/nk7-testes.com.br\/agazeta\/jovens-sao-presos-acusados-de-venda-de-droga\/#breadcrumb\"},\"inLanguage\":\"pt-BR\",\"potentialAction\":[{\"@type\":\"ReadAction\",\"target\":[\"https:\/\/nk7-testes.com.br\/agazeta\/jovens-sao-presos-acusados-de-venda-de-droga\/\"]}]},{\"@type\":\"ImageObject\",\"inLanguage\":\"pt-BR\",\"@id\":\"https:\/\/nk7-testes.com.br\/agazeta\/jovens-sao-presos-acusados-de-venda-de-droga\/#primaryimage\",\"url\":\"https:\/\/nk7-testes.com.br\/agazeta\/wp-content\/uploads\/2015\/11\/151115-policia-jovenspresos-cleriston.jpg\",\"contentUrl\":\"https:\/\/nk7-testes.com.br\/agazeta\/wp-content\/uploads\/2015\/11\/151115-policia-jovenspresos-cleriston.jpg\",\"width\":458,\"height\":340,\"caption\":\"151115-policia-jovenspresos-cleriston\"},{\"@type\":\"BreadcrumbList\",\"@id\":\"https:\/\/nk7-testes.com.br\/agazeta\/jovens-sao-presos-acusados-de-venda-de-droga\/#breadcrumb\",\"itemListElement\":[{\"@type\":\"ListItem\",\"position\":1,\"name\":\"In\u00edcio\",\"item\":\"https:\/\/nk7-testes.com.br\/agazeta\/\"},{\"@type\":\"ListItem\",\"position\":2,\"name\":\"Jovens s\u00e3o presos acusados de venda de droga\"}]},{\"@type\":\"WebSite\",\"@id\":\"https:\/\/nk7-testes.com.br\/agazeta\/#website\",\"url\":\"https:\/\/nk7-testes.com.br\/agazeta\/\",\"name\":\"Agazeta.net\",\"description\":\"Agazeta.net - Not\u00edcias de Rio Branco\/AC\",\"potentialAction\":[{\"@type\":\"SearchAction\",\"target\":{\"@type\":\"EntryPoint\",\"urlTemplate\":\"https:\/\/nk7-testes.com.br\/agazeta\/?s={search_term_string}\"},\"query-input\":{\"@type\":\"PropertyValueSpecification\",\"valueRequired\":true,\"valueName\":\"search_term_string\"}}],\"inLanguage\":\"pt-BR\"},{\"@type\":\"Person\",\"@id\":\"https:\/\/nk7-testes.com.br\/agazeta\/#\/schema\/person\/6d6e25cb0435eb4a02fd44d30b4e3020\",\"name\":\"Agazeta.Net\",\"url\":\"https:\/\/nk7-testes.com.br\/agazeta\/author\/agazeta\/\"}]}<\/script>\n<!-- \/ Yoast SEO plugin. -->","yoast_head_json":{"title":"Jovens s\u00e3o presos acusados de venda de droga - Agazeta.net","robots":{"index":"index","follow":"follow","max-snippet":"max-snippet:-1","max-image-preview":"max-image-preview:large","max-video-preview":"max-video-preview:-1"},"canonical":"https:\/\/nk7-testes.com.br\/agazeta\/jovens-sao-presos-acusados-de-venda-de-droga\/","og_locale":"pt_BR","og_type":"article","og_title":"Jovens s\u00e3o presos acusados de venda de droga - Agazeta.net","og_description":"Local de venda era uma casa no Apol\u00f4nio Sales","og_url":"https:\/\/nk7-testes.com.br\/agazeta\/jovens-sao-presos-acusados-de-venda-de-droga\/","og_site_name":"Agazeta.net","article_published_time":"2015-11-16T13:24:42+00:00","og_image":[{"width":458,"height":340,"url":"https:\/\/nk7-testes.com.br\/agazeta\/wp-content\/uploads\/2015\/11\/151115-policia-jovenspresos-cleriston.jpg","type":"image\/jpeg"}],"author":"Agazeta.Net","twitter_card":"summary_large_image","twitter_misc":{"Escrito por":"Agazeta.Net","Est. tempo de leitura":"1 minuto"},"schema":{"@context":"https:\/\/schema.org","@graph":[{"@type":"WebPage","@id":"https:\/\/nk7-testes.com.br\/agazeta\/jovens-sao-presos-acusados-de-venda-de-droga\/","url":"https:\/\/nk7-testes.com.br\/agazeta\/jovens-sao-presos-acusados-de-venda-de-droga\/","name":"Jovens s\u00e3o presos acusados de venda de droga - Agazeta.net","isPartOf":{"@id":"https:\/\/nk7-testes.com.br\/agazeta\/#website"},"primaryImageOfPage":{"@id":"https:\/\/nk7-testes.com.br\/agazeta\/jovens-sao-presos-acusados-de-venda-de-droga\/#primaryimage"},"image":{"@id":"https:\/\/nk7-testes.com.br\/agazeta\/jovens-sao-presos-acusados-de-venda-de-droga\/#primaryimage"},"thumbnailUrl":"https:\/\/nk7-testes.com.br\/agazeta\/wp-content\/uploads\/2015\/11\/151115-policia-jovenspresos-cleriston.jpg","datePublished":"2015-11-16T13:24:42+00:00","author":{"@id":"https:\/\/nk7-testes.com.br\/agazeta\/#\/schema\/person\/6d6e25cb0435eb4a02fd44d30b4e3020"},"breadcrumb":{"@id":"https:\/\/nk7-testes.com.br\/agazeta\/jovens-sao-presos-acusados-de-venda-de-droga\/#breadcrumb"},"inLanguage":"pt-BR","potentialAction":[{"@type":"ReadAction","target":["https:\/\/nk7-testes.com.br\/agazeta\/jovens-sao-presos-acusados-de-venda-de-droga\/"]}]},{"@type":"ImageObject","inLanguage":"pt-BR","@id":"https:\/\/nk7-testes.com.br\/agazeta\/jovens-sao-presos-acusados-de-venda-de-droga\/#primaryimage","url":"https:\/\/nk7-testes.com.br\/agazeta\/wp-content\/uploads\/2015\/11\/151115-policia-jovenspresos-cleriston.jpg","contentUrl":"https:\/\/nk7-testes.com.br\/agazeta\/wp-content\/uploads\/2015\/11\/151115-policia-jovenspresos-cleriston.jpg","width":458,"height":340,"caption":"151115-policia-jovenspresos-cleriston"},{"@type":"BreadcrumbList","@id":"https:\/\/nk7-testes.com.br\/agazeta\/jovens-sao-presos-acusados-de-venda-de-droga\/#breadcrumb","itemListElement":[{"@type":"ListItem","position":1,"name":"In\u00edcio","item":"https:\/\/nk7-testes.com.br\/agazeta\/"},{"@type":"ListItem","position":2,"name":"Jovens s\u00e3o presos acusados de venda de droga"}]},{"@type":"WebSite","@id":"https:\/\/nk7-testes.com.br\/agazeta\/#website","url":"https:\/\/nk7-testes.com.br\/agazeta\/","name":"Agazeta.net","description":"Agazeta.net - Not\u00edcias de Rio Branco\/AC","potentialAction":[{"@type":"SearchAction","target":{"@type":"EntryPoint","urlTemplate":"https:\/\/nk7-testes.com.br\/agazeta\/?s={search_term_string}"},"query-input":{"@type":"PropertyValueSpecification","valueRequired":true,"valueName":"search_term_string"}}],"inLanguage":"pt-BR"},{"@type":"Person","@id":"https:\/\/nk7-testes.com.br\/agazeta\/#\/schema\/person\/6d6e25cb0435eb4a02fd44d30b4e3020","name":"Agazeta.Net","url":"https:\/\/nk7-testes.com.br\/agazeta\/author\/agazeta\/"}]}},"_links":{"self":[{"href":"https:\/\/nk7-testes.com.br\/agazeta\/wp-json\/wp\/v2\/posts\/19635","targetHints":{"allow":["GET"]}}],"collection":[{"href":"https:\/\/nk7-testes.com.br\/agazeta\/wp-json\/wp\/v2\/posts"}],"about":[{"href":"https:\/\/nk7-testes.com.br\/agazeta\/wp-json\/wp\/v2\/types\/post"}],"author":[{"embeddable":true,"href":"https:\/\/nk7-testes.com.br\/agazeta\/wp-json\/wp\/v2\/users\/4"}],"replies":[{"embeddable":true,"href":"https:\/\/nk7-testes.com.br\/agazeta\/wp-json\/wp\/v2\/comments?post=19635"}],"version-history":[{"count":0,"href":"https:\/\/nk7-testes.com.br\/agazeta\/wp-json\/wp\/v2\/posts\/19635\/revisions"}],"wp:featuredmedia":[{"embeddable":true,"href":"https:\/\/nk7-testes.com.br\/agazeta\/wp-json\/wp\/v2\/media\/19634"}],"wp:attachment":[{"href":"https:\/\/nk7-testes.com.br\/agazeta\/wp-json\/wp\/v2\/media?parent=19635"}],"wp:term":[{"taxonomy":"category","embeddable":true,"href":"https:\/\/nk7-testes.com.br\/agazeta\/wp-json\/wp\/v2\/categories?post=19635"},{"taxonomy":"post_tag","embeddable":true,"href":"https:\/\/nk7-testes.com.br\/agazeta\/wp-json\/wp\/v2\/tags?post=19635"}],"curies":[{"name":"wp","href":"https:\/\/api.w.org\/{rel}","templated":true}]}}