{"id":19612,"date":"2015-11-13T13:41:16","date_gmt":"2015-11-13T13:41:16","guid":{"rendered":"https:\/\/abarevegan.com.br\/index.php\/2015\/11\/13\/25-do-rebanho-foi-vacinado-ate-agora\/"},"modified":"2015-11-13T13:41:16","modified_gmt":"2015-11-13T13:41:16","slug":"25-do-rebanho-foi-vacinado-ate-agora","status":"publish","type":"post","link":"https:\/\/nk7-testes.com.br\/agazeta\/25-do-rebanho-foi-vacinado-ate-agora\/","title":{"rendered":"25% do rebanho foi vacinado at\u00e9 agora"},"content":{"rendered":"<p style=\"text-align: justify;\">Resultado parcial \u00e9 apresentado pelo Idaf<\/p>\n<p style=\"text-align: justify;\">O Instituto de Defesa Agropecu\u00e1ria e Florestal do Acre (IDAF) registrou at\u00e9 agora a vacina\u00e7\u00e3o de 25% do rebanho acriano. O resultado parcial segundo o gerente de defesa sanit\u00e1ria do \u00f3rg\u00e3o, Jos\u00e9 Barbosa, \u00e9 preocupante, j\u00e1 que alguns fatores, como o clima com a intensifica\u00e7\u00e3o das chuvas, pode prejudicar o cronograma dos pecuaristas.<\/p>\n<p style=\"text-align: justify;\">\u201cO brasileiro sempre deixa pra \u00faltima hora para fazer suas obriga\u00e7\u00f5es mas esperamos que possa aumentar por que temos em torno de 750 mil cabe\u00e7as vacinadas at\u00e9 agora e tem muitos munic\u00edpios com baixa cobertura\u201d, disse.<\/p>\n<p style=\"text-align: justify;\">A vacina \u00e9 importante para que o Acre continue com o selo de zona livrre da aftosa. De acordo com o Idaf, o estoque de vacinas \u00e9 suficiente para a etapa. A previs\u00e3o \u00e9 que 2 milh\u00f5es e 800 mil cabe\u00e7as de animais devem ser vacinados. Na etapa anterior, que foi em maio, o estado conseguiu 98% de cobertura vacinal de bovinos e bubalinos.<\/p>\n<p style=\"text-align: justify;\">A campanha contra a febre aftosa termina no dia 30 de novembro e as declara\u00e7\u00f5es do gado que foi vacinado devem ser entregues ao Idaf at\u00e9 15 de novembro. \u00c9 importante o pecuarista n\u00e3o deixar pra \u00faltima hora, por que caso n\u00e3o consiga declarar a tempo a vacina, est\u00e1 sujeito a multa de R$ 5 por cabe\u00e7a de gado e interdi\u00e7\u00e3o da propriedade para comercializa\u00e7\u00e3o e movimenta\u00e7\u00e3o de animais.<\/p>\n<p style=\"text-align: justify;\">Feira da economia solid\u00e1ria instalada na pra\u00e7a da bandeira \u00e9 uma op\u00e7\u00e3o a mais para as noites de final de semana em Rio Branco. Os expositores aguardam mais visita\u00e7\u00e3o para o espa\u00e7o com artesanato, Gastronomia e Plantas ornamentais e medicinais.<\/p>\n","protected":false},"excerpt":{"rendered":"<p style=\"text-align: justify;\">Resultado parcial \u00e9 apresentado pelo Idaf<\/p>\n","protected":false},"author":4,"featured_media":19611,"comment_status":"open","ping_status":"open","sticky":false,"template":"","format":"standard","meta":{"jnews-multi-image_gallery":[],"jnews_single_post":[],"jnews_primary_category":[],"jnews_social_meta":[],"jnews_review":[],"enable_review":"","type":"","name":"","summary":"","brand":"","sku":"","good":[],"bad":[],"score_override":"","override_value":"","rating":[],"price":[],"footnotes":""},"categories":[54],"tags":[],"class_list":["post-19612","post","type-post","status-publish","format-standard","has-post-thumbnail","hentry","category-cotidiano"],"yoast_head":"<!-- This site is optimized with the Yoast SEO plugin v26.5 - https:\/\/yoast.com\/wordpress\/plugins\/seo\/ -->\n<title>25% do rebanho foi vacinado at\u00e9 agora - Agazeta.net<\/title>\n<meta name=\"robots\" content=\"index, follow, max-snippet:-1, max-image-preview:large, max-video-preview:-1\" \/>\n<link rel=\"canonical\" href=\"https:\/\/nk7-testes.com.br\/agazeta\/25-do-rebanho-foi-vacinado-ate-agora\/\" \/>\n<meta property=\"og:locale\" content=\"pt_BR\" \/>\n<meta property=\"og:type\" content=\"article\" \/>\n<meta property=\"og:title\" content=\"25% do rebanho foi vacinado at\u00e9 agora - Agazeta.net\" \/>\n<meta property=\"og:description\" content=\"Resultado parcial \u00e9 apresentado pelo Idaf\" \/>\n<meta property=\"og:url\" content=\"https:\/\/nk7-testes.com.br\/agazeta\/25-do-rebanho-foi-vacinado-ate-agora\/\" \/>\n<meta property=\"og:site_name\" content=\"Agazeta.net\" \/>\n<meta property=\"article:published_time\" content=\"2015-11-13T13:41:16+00:00\" \/>\n<meta property=\"og:image\" content=\"https:\/\/nk7-testes.com.br\/agazeta\/wp-content\/uploads\/2015\/11\/131115-cotidiano-aftosa-agenciadenoticiasdoacre.jpg\" \/>\n\t<meta property=\"og:image:width\" content=\"458\" \/>\n\t<meta property=\"og:image:height\" content=\"340\" \/>\n\t<meta property=\"og:image:type\" content=\"image\/jpeg\" \/>\n<meta name=\"author\" content=\"Agazeta.Net\" \/>\n<meta name=\"twitter:card\" content=\"summary_large_image\" \/>\n<meta name=\"twitter:label1\" content=\"Escrito por\" \/>\n\t<meta name=\"twitter:data1\" content=\"Agazeta.Net\" \/>\n\t<meta name=\"twitter:label2\" content=\"Est. tempo de leitura\" \/>\n\t<meta name=\"twitter:data2\" content=\"1 minuto\" \/>\n<script type=\"application\/ld+json\" class=\"yoast-schema-graph\">{\"@context\":\"https:\/\/schema.org\",\"@graph\":[{\"@type\":\"WebPage\",\"@id\":\"https:\/\/nk7-testes.com.br\/agazeta\/25-do-rebanho-foi-vacinado-ate-agora\/\",\"url\":\"https:\/\/nk7-testes.com.br\/agazeta\/25-do-rebanho-foi-vacinado-ate-agora\/\",\"name\":\"25% do rebanho foi vacinado at\u00e9 agora - Agazeta.net\",\"isPartOf\":{\"@id\":\"https:\/\/nk7-testes.com.br\/agazeta\/#website\"},\"primaryImageOfPage\":{\"@id\":\"https:\/\/nk7-testes.com.br\/agazeta\/25-do-rebanho-foi-vacinado-ate-agora\/#primaryimage\"},\"image\":{\"@id\":\"https:\/\/nk7-testes.com.br\/agazeta\/25-do-rebanho-foi-vacinado-ate-agora\/#primaryimage\"},\"thumbnailUrl\":\"https:\/\/nk7-testes.com.br\/agazeta\/wp-content\/uploads\/2015\/11\/131115-cotidiano-aftosa-agenciadenoticiasdoacre.jpg\",\"datePublished\":\"2015-11-13T13:41:16+00:00\",\"author\":{\"@id\":\"https:\/\/nk7-testes.com.br\/agazeta\/#\/schema\/person\/6d6e25cb0435eb4a02fd44d30b4e3020\"},\"breadcrumb\":{\"@id\":\"https:\/\/nk7-testes.com.br\/agazeta\/25-do-rebanho-foi-vacinado-ate-agora\/#breadcrumb\"},\"inLanguage\":\"pt-BR\",\"potentialAction\":[{\"@type\":\"ReadAction\",\"target\":[\"https:\/\/nk7-testes.com.br\/agazeta\/25-do-rebanho-foi-vacinado-ate-agora\/\"]}]},{\"@type\":\"ImageObject\",\"inLanguage\":\"pt-BR\",\"@id\":\"https:\/\/nk7-testes.com.br\/agazeta\/25-do-rebanho-foi-vacinado-ate-agora\/#primaryimage\",\"url\":\"https:\/\/nk7-testes.com.br\/agazeta\/wp-content\/uploads\/2015\/11\/131115-cotidiano-aftosa-agenciadenoticiasdoacre.jpg\",\"contentUrl\":\"https:\/\/nk7-testes.com.br\/agazeta\/wp-content\/uploads\/2015\/11\/131115-cotidiano-aftosa-agenciadenoticiasdoacre.jpg\",\"width\":458,\"height\":340,\"caption\":\"131115-cotidiano-aftosa-agenciadenoticiasdoacre\"},{\"@type\":\"BreadcrumbList\",\"@id\":\"https:\/\/nk7-testes.com.br\/agazeta\/25-do-rebanho-foi-vacinado-ate-agora\/#breadcrumb\",\"itemListElement\":[{\"@type\":\"ListItem\",\"position\":1,\"name\":\"In\u00edcio\",\"item\":\"https:\/\/nk7-testes.com.br\/agazeta\/\"},{\"@type\":\"ListItem\",\"position\":2,\"name\":\"25% do rebanho foi vacinado at\u00e9 agora\"}]},{\"@type\":\"WebSite\",\"@id\":\"https:\/\/nk7-testes.com.br\/agazeta\/#website\",\"url\":\"https:\/\/nk7-testes.com.br\/agazeta\/\",\"name\":\"Agazeta.net\",\"description\":\"Agazeta.net - Not\u00edcias de Rio Branco\/AC\",\"potentialAction\":[{\"@type\":\"SearchAction\",\"target\":{\"@type\":\"EntryPoint\",\"urlTemplate\":\"https:\/\/nk7-testes.com.br\/agazeta\/?s={search_term_string}\"},\"query-input\":{\"@type\":\"PropertyValueSpecification\",\"valueRequired\":true,\"valueName\":\"search_term_string\"}}],\"inLanguage\":\"pt-BR\"},{\"@type\":\"Person\",\"@id\":\"https:\/\/nk7-testes.com.br\/agazeta\/#\/schema\/person\/6d6e25cb0435eb4a02fd44d30b4e3020\",\"name\":\"Agazeta.Net\",\"url\":\"https:\/\/nk7-testes.com.br\/agazeta\/author\/agazeta\/\"}]}<\/script>\n<!-- \/ Yoast SEO plugin. -->","yoast_head_json":{"title":"25% do rebanho foi vacinado at\u00e9 agora - Agazeta.net","robots":{"index":"index","follow":"follow","max-snippet":"max-snippet:-1","max-image-preview":"max-image-preview:large","max-video-preview":"max-video-preview:-1"},"canonical":"https:\/\/nk7-testes.com.br\/agazeta\/25-do-rebanho-foi-vacinado-ate-agora\/","og_locale":"pt_BR","og_type":"article","og_title":"25% do rebanho foi vacinado at\u00e9 agora - Agazeta.net","og_description":"Resultado parcial \u00e9 apresentado pelo Idaf","og_url":"https:\/\/nk7-testes.com.br\/agazeta\/25-do-rebanho-foi-vacinado-ate-agora\/","og_site_name":"Agazeta.net","article_published_time":"2015-11-13T13:41:16+00:00","og_image":[{"width":458,"height":340,"url":"https:\/\/nk7-testes.com.br\/agazeta\/wp-content\/uploads\/2015\/11\/131115-cotidiano-aftosa-agenciadenoticiasdoacre.jpg","type":"image\/jpeg"}],"author":"Agazeta.Net","twitter_card":"summary_large_image","twitter_misc":{"Escrito por":"Agazeta.Net","Est. tempo de leitura":"1 minuto"},"schema":{"@context":"https:\/\/schema.org","@graph":[{"@type":"WebPage","@id":"https:\/\/nk7-testes.com.br\/agazeta\/25-do-rebanho-foi-vacinado-ate-agora\/","url":"https:\/\/nk7-testes.com.br\/agazeta\/25-do-rebanho-foi-vacinado-ate-agora\/","name":"25% do rebanho foi vacinado at\u00e9 agora - Agazeta.net","isPartOf":{"@id":"https:\/\/nk7-testes.com.br\/agazeta\/#website"},"primaryImageOfPage":{"@id":"https:\/\/nk7-testes.com.br\/agazeta\/25-do-rebanho-foi-vacinado-ate-agora\/#primaryimage"},"image":{"@id":"https:\/\/nk7-testes.com.br\/agazeta\/25-do-rebanho-foi-vacinado-ate-agora\/#primaryimage"},"thumbnailUrl":"https:\/\/nk7-testes.com.br\/agazeta\/wp-content\/uploads\/2015\/11\/131115-cotidiano-aftosa-agenciadenoticiasdoacre.jpg","datePublished":"2015-11-13T13:41:16+00:00","author":{"@id":"https:\/\/nk7-testes.com.br\/agazeta\/#\/schema\/person\/6d6e25cb0435eb4a02fd44d30b4e3020"},"breadcrumb":{"@id":"https:\/\/nk7-testes.com.br\/agazeta\/25-do-rebanho-foi-vacinado-ate-agora\/#breadcrumb"},"inLanguage":"pt-BR","potentialAction":[{"@type":"ReadAction","target":["https:\/\/nk7-testes.com.br\/agazeta\/25-do-rebanho-foi-vacinado-ate-agora\/"]}]},{"@type":"ImageObject","inLanguage":"pt-BR","@id":"https:\/\/nk7-testes.com.br\/agazeta\/25-do-rebanho-foi-vacinado-ate-agora\/#primaryimage","url":"https:\/\/nk7-testes.com.br\/agazeta\/wp-content\/uploads\/2015\/11\/131115-cotidiano-aftosa-agenciadenoticiasdoacre.jpg","contentUrl":"https:\/\/nk7-testes.com.br\/agazeta\/wp-content\/uploads\/2015\/11\/131115-cotidiano-aftosa-agenciadenoticiasdoacre.jpg","width":458,"height":340,"caption":"131115-cotidiano-aftosa-agenciadenoticiasdoacre"},{"@type":"BreadcrumbList","@id":"https:\/\/nk7-testes.com.br\/agazeta\/25-do-rebanho-foi-vacinado-ate-agora\/#breadcrumb","itemListElement":[{"@type":"ListItem","position":1,"name":"In\u00edcio","item":"https:\/\/nk7-testes.com.br\/agazeta\/"},{"@type":"ListItem","position":2,"name":"25% do rebanho foi vacinado at\u00e9 agora"}]},{"@type":"WebSite","@id":"https:\/\/nk7-testes.com.br\/agazeta\/#website","url":"https:\/\/nk7-testes.com.br\/agazeta\/","name":"Agazeta.net","description":"Agazeta.net - Not\u00edcias de Rio Branco\/AC","potentialAction":[{"@type":"SearchAction","target":{"@type":"EntryPoint","urlTemplate":"https:\/\/nk7-testes.com.br\/agazeta\/?s={search_term_string}"},"query-input":{"@type":"PropertyValueSpecification","valueRequired":true,"valueName":"search_term_string"}}],"inLanguage":"pt-BR"},{"@type":"Person","@id":"https:\/\/nk7-testes.com.br\/agazeta\/#\/schema\/person\/6d6e25cb0435eb4a02fd44d30b4e3020","name":"Agazeta.Net","url":"https:\/\/nk7-testes.com.br\/agazeta\/author\/agazeta\/"}]}},"_links":{"self":[{"href":"https:\/\/nk7-testes.com.br\/agazeta\/wp-json\/wp\/v2\/posts\/19612","targetHints":{"allow":["GET"]}}],"collection":[{"href":"https:\/\/nk7-testes.com.br\/agazeta\/wp-json\/wp\/v2\/posts"}],"about":[{"href":"https:\/\/nk7-testes.com.br\/agazeta\/wp-json\/wp\/v2\/types\/post"}],"author":[{"embeddable":true,"href":"https:\/\/nk7-testes.com.br\/agazeta\/wp-json\/wp\/v2\/users\/4"}],"replies":[{"embeddable":true,"href":"https:\/\/nk7-testes.com.br\/agazeta\/wp-json\/wp\/v2\/comments?post=19612"}],"version-history":[{"count":0,"href":"https:\/\/nk7-testes.com.br\/agazeta\/wp-json\/wp\/v2\/posts\/19612\/revisions"}],"wp:featuredmedia":[{"embeddable":true,"href":"https:\/\/nk7-testes.com.br\/agazeta\/wp-json\/wp\/v2\/media\/19611"}],"wp:attachment":[{"href":"https:\/\/nk7-testes.com.br\/agazeta\/wp-json\/wp\/v2\/media?parent=19612"}],"wp:term":[{"taxonomy":"category","embeddable":true,"href":"https:\/\/nk7-testes.com.br\/agazeta\/wp-json\/wp\/v2\/categories?post=19612"},{"taxonomy":"post_tag","embeddable":true,"href":"https:\/\/nk7-testes.com.br\/agazeta\/wp-json\/wp\/v2\/tags?post=19612"}],"curies":[{"name":"wp","href":"https:\/\/api.w.org\/{rel}","templated":true}]}}