{"id":19610,"date":"2015-11-13T13:18:22","date_gmt":"2015-11-13T13:18:22","guid":{"rendered":"https:\/\/abarevegan.com.br\/index.php\/2015\/11\/13\/moradores-reclamam-da-falta-de-agua\/"},"modified":"2015-11-13T13:18:22","modified_gmt":"2015-11-13T13:18:22","slug":"moradores-reclamam-da-falta-de-agua","status":"publish","type":"post","link":"https:\/\/nk7-testes.com.br\/agazeta\/moradores-reclamam-da-falta-de-agua\/","title":{"rendered":"Moradores reclamam da falta de \u00e1gua"},"content":{"rendered":"<p style=\"text-align: justify;\">Comunidade do Recanto dos Buritis se mobiliza<\/p>\n<p style=\"text-align: justify;\">Os moradores da Travessa Ivanilde Mendes, que fica no bairro Recanto dos Buritis, reclamam que n\u00e3o t\u00eam \u00e1gua encanada em suas casas. Segundo ele, as obras da rede de \u00e1gua foram feitas, mas at\u00e9 hoje \u201cnenhum gota d\u2019\u00e1gua chegou nas torneiras\u201d.<\/p>\n<p style=\"text-align: justify;\">Quem n\u00e3o tem condi\u00e7\u00f5es de comprar \u00e1gua, a solu\u00e7\u00e3o \u00e9 pegar \u00e1gua no Igarap\u00e9 do Almo\u00e7o que passa na frente de suas casas para poder tomar banho e usar na cozinha. As mais de vinte fam\u00edlias que moram na travessa \u201cvivem em pleno deserto\u201d segundo eles.<\/p>\n<p style=\"text-align: justify;\">No local, alguns moradores tamb\u00e9m t\u00eam porcos artesianos mais segundo eles foi feito uma analise na agua e foi constatado que teria ferrugem e assim a agua dos porcos n\u00e3o seve para o consumo.<\/p>\n","protected":false},"excerpt":{"rendered":"<p style=\"text-align: justify;\">Comunidade do Recanto dos Buritis se mobiliza<\/p>\n","protected":false},"author":4,"featured_media":19609,"comment_status":"open","ping_status":"open","sticky":false,"template":"","format":"standard","meta":{"jnews-multi-image_gallery":[],"jnews_single_post":[],"jnews_primary_category":[],"jnews_social_meta":[],"jnews_review":[],"enable_review":"","type":"","name":"","summary":"","brand":"","sku":"","good":[],"bad":[],"score_override":"","override_value":"","rating":[],"price":[],"footnotes":""},"categories":[54],"tags":[],"class_list":["post-19610","post","type-post","status-publish","format-standard","has-post-thumbnail","hentry","category-cotidiano"],"yoast_head":"<!-- This site is optimized with the Yoast SEO plugin v26.5 - https:\/\/yoast.com\/wordpress\/plugins\/seo\/ -->\n<title>Moradores reclamam da falta de \u00e1gua - Agazeta.net<\/title>\n<meta name=\"robots\" content=\"index, follow, max-snippet:-1, max-image-preview:large, max-video-preview:-1\" \/>\n<link rel=\"canonical\" href=\"https:\/\/nk7-testes.com.br\/agazeta\/moradores-reclamam-da-falta-de-agua\/\" \/>\n<meta property=\"og:locale\" content=\"pt_BR\" \/>\n<meta property=\"og:type\" content=\"article\" \/>\n<meta property=\"og:title\" content=\"Moradores reclamam da falta de \u00e1gua - Agazeta.net\" \/>\n<meta property=\"og:description\" content=\"Comunidade do Recanto dos Buritis se mobiliza\" \/>\n<meta property=\"og:url\" content=\"https:\/\/nk7-testes.com.br\/agazeta\/moradores-reclamam-da-falta-de-agua\/\" \/>\n<meta property=\"og:site_name\" content=\"Agazeta.net\" \/>\n<meta property=\"article:published_time\" content=\"2015-11-13T13:18:22+00:00\" \/>\n<meta property=\"og:image\" content=\"https:\/\/nk7-testes.com.br\/agazeta\/wp-content\/uploads\/2015\/11\/131115-cotidiano-faltadagua-cleriston.jpg\" \/>\n\t<meta property=\"og:image:width\" content=\"458\" \/>\n\t<meta property=\"og:image:height\" content=\"340\" \/>\n\t<meta property=\"og:image:type\" content=\"image\/jpeg\" \/>\n<meta name=\"author\" content=\"Agazeta.Net\" \/>\n<meta name=\"twitter:card\" content=\"summary_large_image\" \/>\n<meta name=\"twitter:label1\" content=\"Escrito por\" \/>\n\t<meta name=\"twitter:data1\" content=\"Agazeta.Net\" \/>\n\t<meta name=\"twitter:label2\" content=\"Est. tempo de leitura\" \/>\n\t<meta name=\"twitter:data2\" content=\"1 minuto\" \/>\n<script type=\"application\/ld+json\" class=\"yoast-schema-graph\">{\"@context\":\"https:\/\/schema.org\",\"@graph\":[{\"@type\":\"WebPage\",\"@id\":\"https:\/\/nk7-testes.com.br\/agazeta\/moradores-reclamam-da-falta-de-agua\/\",\"url\":\"https:\/\/nk7-testes.com.br\/agazeta\/moradores-reclamam-da-falta-de-agua\/\",\"name\":\"Moradores reclamam da falta de \u00e1gua - Agazeta.net\",\"isPartOf\":{\"@id\":\"https:\/\/nk7-testes.com.br\/agazeta\/#website\"},\"primaryImageOfPage\":{\"@id\":\"https:\/\/nk7-testes.com.br\/agazeta\/moradores-reclamam-da-falta-de-agua\/#primaryimage\"},\"image\":{\"@id\":\"https:\/\/nk7-testes.com.br\/agazeta\/moradores-reclamam-da-falta-de-agua\/#primaryimage\"},\"thumbnailUrl\":\"https:\/\/nk7-testes.com.br\/agazeta\/wp-content\/uploads\/2015\/11\/131115-cotidiano-faltadagua-cleriston.jpg\",\"datePublished\":\"2015-11-13T13:18:22+00:00\",\"author\":{\"@id\":\"https:\/\/nk7-testes.com.br\/agazeta\/#\/schema\/person\/6d6e25cb0435eb4a02fd44d30b4e3020\"},\"breadcrumb\":{\"@id\":\"https:\/\/nk7-testes.com.br\/agazeta\/moradores-reclamam-da-falta-de-agua\/#breadcrumb\"},\"inLanguage\":\"pt-BR\",\"potentialAction\":[{\"@type\":\"ReadAction\",\"target\":[\"https:\/\/nk7-testes.com.br\/agazeta\/moradores-reclamam-da-falta-de-agua\/\"]}]},{\"@type\":\"ImageObject\",\"inLanguage\":\"pt-BR\",\"@id\":\"https:\/\/nk7-testes.com.br\/agazeta\/moradores-reclamam-da-falta-de-agua\/#primaryimage\",\"url\":\"https:\/\/nk7-testes.com.br\/agazeta\/wp-content\/uploads\/2015\/11\/131115-cotidiano-faltadagua-cleriston.jpg\",\"contentUrl\":\"https:\/\/nk7-testes.com.br\/agazeta\/wp-content\/uploads\/2015\/11\/131115-cotidiano-faltadagua-cleriston.jpg\",\"width\":458,\"height\":340,\"caption\":\"131115-cotidiano-faltadagua-cleriston\"},{\"@type\":\"BreadcrumbList\",\"@id\":\"https:\/\/nk7-testes.com.br\/agazeta\/moradores-reclamam-da-falta-de-agua\/#breadcrumb\",\"itemListElement\":[{\"@type\":\"ListItem\",\"position\":1,\"name\":\"In\u00edcio\",\"item\":\"https:\/\/nk7-testes.com.br\/agazeta\/\"},{\"@type\":\"ListItem\",\"position\":2,\"name\":\"Moradores reclamam da falta de \u00e1gua\"}]},{\"@type\":\"WebSite\",\"@id\":\"https:\/\/nk7-testes.com.br\/agazeta\/#website\",\"url\":\"https:\/\/nk7-testes.com.br\/agazeta\/\",\"name\":\"Agazeta.net\",\"description\":\"Agazeta.net - Not\u00edcias de Rio Branco\/AC\",\"potentialAction\":[{\"@type\":\"SearchAction\",\"target\":{\"@type\":\"EntryPoint\",\"urlTemplate\":\"https:\/\/nk7-testes.com.br\/agazeta\/?s={search_term_string}\"},\"query-input\":{\"@type\":\"PropertyValueSpecification\",\"valueRequired\":true,\"valueName\":\"search_term_string\"}}],\"inLanguage\":\"pt-BR\"},{\"@type\":\"Person\",\"@id\":\"https:\/\/nk7-testes.com.br\/agazeta\/#\/schema\/person\/6d6e25cb0435eb4a02fd44d30b4e3020\",\"name\":\"Agazeta.Net\",\"url\":\"https:\/\/nk7-testes.com.br\/agazeta\/author\/agazeta\/\"}]}<\/script>\n<!-- \/ Yoast SEO plugin. -->","yoast_head_json":{"title":"Moradores reclamam da falta de \u00e1gua - Agazeta.net","robots":{"index":"index","follow":"follow","max-snippet":"max-snippet:-1","max-image-preview":"max-image-preview:large","max-video-preview":"max-video-preview:-1"},"canonical":"https:\/\/nk7-testes.com.br\/agazeta\/moradores-reclamam-da-falta-de-agua\/","og_locale":"pt_BR","og_type":"article","og_title":"Moradores reclamam da falta de \u00e1gua - Agazeta.net","og_description":"Comunidade do Recanto dos Buritis se mobiliza","og_url":"https:\/\/nk7-testes.com.br\/agazeta\/moradores-reclamam-da-falta-de-agua\/","og_site_name":"Agazeta.net","article_published_time":"2015-11-13T13:18:22+00:00","og_image":[{"width":458,"height":340,"url":"https:\/\/nk7-testes.com.br\/agazeta\/wp-content\/uploads\/2015\/11\/131115-cotidiano-faltadagua-cleriston.jpg","type":"image\/jpeg"}],"author":"Agazeta.Net","twitter_card":"summary_large_image","twitter_misc":{"Escrito por":"Agazeta.Net","Est. tempo de leitura":"1 minuto"},"schema":{"@context":"https:\/\/schema.org","@graph":[{"@type":"WebPage","@id":"https:\/\/nk7-testes.com.br\/agazeta\/moradores-reclamam-da-falta-de-agua\/","url":"https:\/\/nk7-testes.com.br\/agazeta\/moradores-reclamam-da-falta-de-agua\/","name":"Moradores reclamam da falta de \u00e1gua - Agazeta.net","isPartOf":{"@id":"https:\/\/nk7-testes.com.br\/agazeta\/#website"},"primaryImageOfPage":{"@id":"https:\/\/nk7-testes.com.br\/agazeta\/moradores-reclamam-da-falta-de-agua\/#primaryimage"},"image":{"@id":"https:\/\/nk7-testes.com.br\/agazeta\/moradores-reclamam-da-falta-de-agua\/#primaryimage"},"thumbnailUrl":"https:\/\/nk7-testes.com.br\/agazeta\/wp-content\/uploads\/2015\/11\/131115-cotidiano-faltadagua-cleriston.jpg","datePublished":"2015-11-13T13:18:22+00:00","author":{"@id":"https:\/\/nk7-testes.com.br\/agazeta\/#\/schema\/person\/6d6e25cb0435eb4a02fd44d30b4e3020"},"breadcrumb":{"@id":"https:\/\/nk7-testes.com.br\/agazeta\/moradores-reclamam-da-falta-de-agua\/#breadcrumb"},"inLanguage":"pt-BR","potentialAction":[{"@type":"ReadAction","target":["https:\/\/nk7-testes.com.br\/agazeta\/moradores-reclamam-da-falta-de-agua\/"]}]},{"@type":"ImageObject","inLanguage":"pt-BR","@id":"https:\/\/nk7-testes.com.br\/agazeta\/moradores-reclamam-da-falta-de-agua\/#primaryimage","url":"https:\/\/nk7-testes.com.br\/agazeta\/wp-content\/uploads\/2015\/11\/131115-cotidiano-faltadagua-cleriston.jpg","contentUrl":"https:\/\/nk7-testes.com.br\/agazeta\/wp-content\/uploads\/2015\/11\/131115-cotidiano-faltadagua-cleriston.jpg","width":458,"height":340,"caption":"131115-cotidiano-faltadagua-cleriston"},{"@type":"BreadcrumbList","@id":"https:\/\/nk7-testes.com.br\/agazeta\/moradores-reclamam-da-falta-de-agua\/#breadcrumb","itemListElement":[{"@type":"ListItem","position":1,"name":"In\u00edcio","item":"https:\/\/nk7-testes.com.br\/agazeta\/"},{"@type":"ListItem","position":2,"name":"Moradores reclamam da falta de \u00e1gua"}]},{"@type":"WebSite","@id":"https:\/\/nk7-testes.com.br\/agazeta\/#website","url":"https:\/\/nk7-testes.com.br\/agazeta\/","name":"Agazeta.net","description":"Agazeta.net - Not\u00edcias de Rio Branco\/AC","potentialAction":[{"@type":"SearchAction","target":{"@type":"EntryPoint","urlTemplate":"https:\/\/nk7-testes.com.br\/agazeta\/?s={search_term_string}"},"query-input":{"@type":"PropertyValueSpecification","valueRequired":true,"valueName":"search_term_string"}}],"inLanguage":"pt-BR"},{"@type":"Person","@id":"https:\/\/nk7-testes.com.br\/agazeta\/#\/schema\/person\/6d6e25cb0435eb4a02fd44d30b4e3020","name":"Agazeta.Net","url":"https:\/\/nk7-testes.com.br\/agazeta\/author\/agazeta\/"}]}},"_links":{"self":[{"href":"https:\/\/nk7-testes.com.br\/agazeta\/wp-json\/wp\/v2\/posts\/19610","targetHints":{"allow":["GET"]}}],"collection":[{"href":"https:\/\/nk7-testes.com.br\/agazeta\/wp-json\/wp\/v2\/posts"}],"about":[{"href":"https:\/\/nk7-testes.com.br\/agazeta\/wp-json\/wp\/v2\/types\/post"}],"author":[{"embeddable":true,"href":"https:\/\/nk7-testes.com.br\/agazeta\/wp-json\/wp\/v2\/users\/4"}],"replies":[{"embeddable":true,"href":"https:\/\/nk7-testes.com.br\/agazeta\/wp-json\/wp\/v2\/comments?post=19610"}],"version-history":[{"count":0,"href":"https:\/\/nk7-testes.com.br\/agazeta\/wp-json\/wp\/v2\/posts\/19610\/revisions"}],"wp:featuredmedia":[{"embeddable":true,"href":"https:\/\/nk7-testes.com.br\/agazeta\/wp-json\/wp\/v2\/media\/19609"}],"wp:attachment":[{"href":"https:\/\/nk7-testes.com.br\/agazeta\/wp-json\/wp\/v2\/media?parent=19610"}],"wp:term":[{"taxonomy":"category","embeddable":true,"href":"https:\/\/nk7-testes.com.br\/agazeta\/wp-json\/wp\/v2\/categories?post=19610"},{"taxonomy":"post_tag","embeddable":true,"href":"https:\/\/nk7-testes.com.br\/agazeta\/wp-json\/wp\/v2\/tags?post=19610"}],"curies":[{"name":"wp","href":"https:\/\/api.w.org\/{rel}","templated":true}]}}