{"id":19600,"date":"2015-11-12T20:38:22","date_gmt":"2015-11-12T20:38:22","guid":{"rendered":"https:\/\/abarevegan.com.br\/index.php\/2015\/11\/12\/deracre-nao-fara-obra-no-ramal-cachoeira\/"},"modified":"2015-11-12T20:38:22","modified_gmt":"2015-11-12T20:38:22","slug":"deracre-nao-fara-obra-no-ramal-cachoeira","status":"publish","type":"post","link":"https:\/\/nk7-testes.com.br\/agazeta\/deracre-nao-fara-obra-no-ramal-cachoeira\/","title":{"rendered":"Deracre n\u00e3o far\u00e1 obra no ramal Cachoeira"},"content":{"rendered":"<p style=\"text-align: justify;\">Na semana que vem, come\u00e7a obra na ponte<\/p>\n<p style=\"text-align: justify;\">O Departamento Estadual de Estradas e Rodagens do Acre (Deracre) informou que n\u00e3o far\u00e1 obras no ramal Cachoeira, localizado no Km 55 da Transacreana. \u201cObras de melhoramento n\u00e3o ser\u00e3o mais realizadas este ano devido \u00e0 chegada do inverno\u201d, refor\u00e7ou a assessoria do \u00f3rg\u00e3o.<\/p>\n<p style=\"text-align: justify;\">A \u00fanica obra prevista para a comunidade dos 17 quil\u00f4metros do ramal Cachoeira \u00e9 a manuten\u00e7\u00e3o da ponte existente na estrada. A obra, de acordo com o Deracre, ser\u00e1 feita em parceria com a Prefeitura de Rio Branco.<\/p>\n<p style=\"text-align: justify;\">O clima entre os agricultores \u00e9 o pior poss\u00edvel. Parte da pequena safra de milho, banana e macaxeira n\u00e3o conseguiu ser escoada e os preju\u00edzos j\u00e1 come\u00e7am a ser contabilizados. Fam\u00edlias que, ano passado j\u00e1 contavam algum lucro com o milho, j\u00e1 n\u00e3o somam nada este ano.<\/p>\n<p style=\"text-align: justify;\">\u201cN\u00e3o teve como colher milho por causa do ramal\u201d, indigna-se o agricultor Jos\u00e9 da Cruz Souza da Silva. \u201cO Deracre tem uma m\u00e1quina que est\u00e1 parada l\u00e1 h\u00e1 mais de um m\u00eas. Disseram que n\u00e3o tem \u00f3leo. N\u00f3s dissemos que comparava (sic) o \u00f3leo e eles n\u00e3o fazem nada\u201d.<\/p>\n","protected":false},"excerpt":{"rendered":"<p style=\"text-align: justify;\">Na semana que vem, come\u00e7a obra na ponte<\/p>\n","protected":false},"author":4,"featured_media":19599,"comment_status":"open","ping_status":"open","sticky":false,"template":"","format":"standard","meta":{"jnews-multi-image_gallery":[],"jnews_single_post":[],"jnews_primary_category":[],"jnews_social_meta":[],"jnews_review":[],"enable_review":"","type":"","name":"","summary":"","brand":"","sku":"","good":[],"bad":[],"score_override":"","override_value":"","rating":[],"price":[],"footnotes":""},"categories":[54],"tags":[],"class_list":["post-19600","post","type-post","status-publish","format-standard","has-post-thumbnail","hentry","category-cotidiano"],"yoast_head":"<!-- This site is optimized with the Yoast SEO plugin v26.5 - https:\/\/yoast.com\/wordpress\/plugins\/seo\/ -->\n<title>Deracre n\u00e3o far\u00e1 obra no ramal Cachoeira - Agazeta.net<\/title>\n<meta name=\"robots\" content=\"index, follow, max-snippet:-1, max-image-preview:large, max-video-preview:-1\" \/>\n<link rel=\"canonical\" href=\"https:\/\/nk7-testes.com.br\/agazeta\/deracre-nao-fara-obra-no-ramal-cachoeira\/\" \/>\n<meta property=\"og:locale\" content=\"pt_BR\" \/>\n<meta property=\"og:type\" content=\"article\" \/>\n<meta property=\"og:title\" content=\"Deracre n\u00e3o far\u00e1 obra no ramal Cachoeira - Agazeta.net\" \/>\n<meta property=\"og:description\" content=\"Na semana que vem, come\u00e7a obra na ponte\" \/>\n<meta property=\"og:url\" content=\"https:\/\/nk7-testes.com.br\/agazeta\/deracre-nao-fara-obra-no-ramal-cachoeira\/\" \/>\n<meta property=\"og:site_name\" content=\"Agazeta.net\" \/>\n<meta property=\"article:published_time\" content=\"2015-11-12T20:38:22+00:00\" \/>\n<meta property=\"og:image\" content=\"https:\/\/nk7-testes.com.br\/agazeta\/wp-content\/uploads\/2015\/11\/121115-cotidiano-ramaldocachoeira-cedida3.jpg\" \/>\n\t<meta property=\"og:image:width\" content=\"458\" \/>\n\t<meta property=\"og:image:height\" content=\"340\" \/>\n\t<meta property=\"og:image:type\" content=\"image\/jpeg\" \/>\n<meta name=\"author\" content=\"Agazeta.Net\" \/>\n<meta name=\"twitter:card\" content=\"summary_large_image\" \/>\n<meta name=\"twitter:label1\" content=\"Escrito por\" \/>\n\t<meta name=\"twitter:data1\" content=\"Agazeta.Net\" \/>\n\t<meta name=\"twitter:label2\" content=\"Est. tempo de leitura\" \/>\n\t<meta name=\"twitter:data2\" content=\"1 minuto\" \/>\n<script type=\"application\/ld+json\" class=\"yoast-schema-graph\">{\"@context\":\"https:\/\/schema.org\",\"@graph\":[{\"@type\":\"WebPage\",\"@id\":\"https:\/\/nk7-testes.com.br\/agazeta\/deracre-nao-fara-obra-no-ramal-cachoeira\/\",\"url\":\"https:\/\/nk7-testes.com.br\/agazeta\/deracre-nao-fara-obra-no-ramal-cachoeira\/\",\"name\":\"Deracre n\u00e3o far\u00e1 obra no ramal Cachoeira - Agazeta.net\",\"isPartOf\":{\"@id\":\"https:\/\/nk7-testes.com.br\/agazeta\/#website\"},\"primaryImageOfPage\":{\"@id\":\"https:\/\/nk7-testes.com.br\/agazeta\/deracre-nao-fara-obra-no-ramal-cachoeira\/#primaryimage\"},\"image\":{\"@id\":\"https:\/\/nk7-testes.com.br\/agazeta\/deracre-nao-fara-obra-no-ramal-cachoeira\/#primaryimage\"},\"thumbnailUrl\":\"https:\/\/nk7-testes.com.br\/agazeta\/wp-content\/uploads\/2015\/11\/121115-cotidiano-ramaldocachoeira-cedida3.jpg\",\"datePublished\":\"2015-11-12T20:38:22+00:00\",\"author\":{\"@id\":\"https:\/\/nk7-testes.com.br\/agazeta\/#\/schema\/person\/6d6e25cb0435eb4a02fd44d30b4e3020\"},\"breadcrumb\":{\"@id\":\"https:\/\/nk7-testes.com.br\/agazeta\/deracre-nao-fara-obra-no-ramal-cachoeira\/#breadcrumb\"},\"inLanguage\":\"pt-BR\",\"potentialAction\":[{\"@type\":\"ReadAction\",\"target\":[\"https:\/\/nk7-testes.com.br\/agazeta\/deracre-nao-fara-obra-no-ramal-cachoeira\/\"]}]},{\"@type\":\"ImageObject\",\"inLanguage\":\"pt-BR\",\"@id\":\"https:\/\/nk7-testes.com.br\/agazeta\/deracre-nao-fara-obra-no-ramal-cachoeira\/#primaryimage\",\"url\":\"https:\/\/nk7-testes.com.br\/agazeta\/wp-content\/uploads\/2015\/11\/121115-cotidiano-ramaldocachoeira-cedida3.jpg\",\"contentUrl\":\"https:\/\/nk7-testes.com.br\/agazeta\/wp-content\/uploads\/2015\/11\/121115-cotidiano-ramaldocachoeira-cedida3.jpg\",\"width\":458,\"height\":340,\"caption\":\"121115-cotidiano-ramaldocachoeira-cedida3\"},{\"@type\":\"BreadcrumbList\",\"@id\":\"https:\/\/nk7-testes.com.br\/agazeta\/deracre-nao-fara-obra-no-ramal-cachoeira\/#breadcrumb\",\"itemListElement\":[{\"@type\":\"ListItem\",\"position\":1,\"name\":\"In\u00edcio\",\"item\":\"https:\/\/nk7-testes.com.br\/agazeta\/\"},{\"@type\":\"ListItem\",\"position\":2,\"name\":\"Deracre n\u00e3o far\u00e1 obra no ramal Cachoeira\"}]},{\"@type\":\"WebSite\",\"@id\":\"https:\/\/nk7-testes.com.br\/agazeta\/#website\",\"url\":\"https:\/\/nk7-testes.com.br\/agazeta\/\",\"name\":\"Agazeta.net\",\"description\":\"Agazeta.net - Not\u00edcias de Rio Branco\/AC\",\"potentialAction\":[{\"@type\":\"SearchAction\",\"target\":{\"@type\":\"EntryPoint\",\"urlTemplate\":\"https:\/\/nk7-testes.com.br\/agazeta\/?s={search_term_string}\"},\"query-input\":{\"@type\":\"PropertyValueSpecification\",\"valueRequired\":true,\"valueName\":\"search_term_string\"}}],\"inLanguage\":\"pt-BR\"},{\"@type\":\"Person\",\"@id\":\"https:\/\/nk7-testes.com.br\/agazeta\/#\/schema\/person\/6d6e25cb0435eb4a02fd44d30b4e3020\",\"name\":\"Agazeta.Net\",\"url\":\"https:\/\/nk7-testes.com.br\/agazeta\/author\/agazeta\/\"}]}<\/script>\n<!-- \/ Yoast SEO plugin. -->","yoast_head_json":{"title":"Deracre n\u00e3o far\u00e1 obra no ramal Cachoeira - Agazeta.net","robots":{"index":"index","follow":"follow","max-snippet":"max-snippet:-1","max-image-preview":"max-image-preview:large","max-video-preview":"max-video-preview:-1"},"canonical":"https:\/\/nk7-testes.com.br\/agazeta\/deracre-nao-fara-obra-no-ramal-cachoeira\/","og_locale":"pt_BR","og_type":"article","og_title":"Deracre n\u00e3o far\u00e1 obra no ramal Cachoeira - Agazeta.net","og_description":"Na semana que vem, come\u00e7a obra na ponte","og_url":"https:\/\/nk7-testes.com.br\/agazeta\/deracre-nao-fara-obra-no-ramal-cachoeira\/","og_site_name":"Agazeta.net","article_published_time":"2015-11-12T20:38:22+00:00","og_image":[{"width":458,"height":340,"url":"https:\/\/nk7-testes.com.br\/agazeta\/wp-content\/uploads\/2015\/11\/121115-cotidiano-ramaldocachoeira-cedida3.jpg","type":"image\/jpeg"}],"author":"Agazeta.Net","twitter_card":"summary_large_image","twitter_misc":{"Escrito por":"Agazeta.Net","Est. tempo de leitura":"1 minuto"},"schema":{"@context":"https:\/\/schema.org","@graph":[{"@type":"WebPage","@id":"https:\/\/nk7-testes.com.br\/agazeta\/deracre-nao-fara-obra-no-ramal-cachoeira\/","url":"https:\/\/nk7-testes.com.br\/agazeta\/deracre-nao-fara-obra-no-ramal-cachoeira\/","name":"Deracre n\u00e3o far\u00e1 obra no ramal Cachoeira - Agazeta.net","isPartOf":{"@id":"https:\/\/nk7-testes.com.br\/agazeta\/#website"},"primaryImageOfPage":{"@id":"https:\/\/nk7-testes.com.br\/agazeta\/deracre-nao-fara-obra-no-ramal-cachoeira\/#primaryimage"},"image":{"@id":"https:\/\/nk7-testes.com.br\/agazeta\/deracre-nao-fara-obra-no-ramal-cachoeira\/#primaryimage"},"thumbnailUrl":"https:\/\/nk7-testes.com.br\/agazeta\/wp-content\/uploads\/2015\/11\/121115-cotidiano-ramaldocachoeira-cedida3.jpg","datePublished":"2015-11-12T20:38:22+00:00","author":{"@id":"https:\/\/nk7-testes.com.br\/agazeta\/#\/schema\/person\/6d6e25cb0435eb4a02fd44d30b4e3020"},"breadcrumb":{"@id":"https:\/\/nk7-testes.com.br\/agazeta\/deracre-nao-fara-obra-no-ramal-cachoeira\/#breadcrumb"},"inLanguage":"pt-BR","potentialAction":[{"@type":"ReadAction","target":["https:\/\/nk7-testes.com.br\/agazeta\/deracre-nao-fara-obra-no-ramal-cachoeira\/"]}]},{"@type":"ImageObject","inLanguage":"pt-BR","@id":"https:\/\/nk7-testes.com.br\/agazeta\/deracre-nao-fara-obra-no-ramal-cachoeira\/#primaryimage","url":"https:\/\/nk7-testes.com.br\/agazeta\/wp-content\/uploads\/2015\/11\/121115-cotidiano-ramaldocachoeira-cedida3.jpg","contentUrl":"https:\/\/nk7-testes.com.br\/agazeta\/wp-content\/uploads\/2015\/11\/121115-cotidiano-ramaldocachoeira-cedida3.jpg","width":458,"height":340,"caption":"121115-cotidiano-ramaldocachoeira-cedida3"},{"@type":"BreadcrumbList","@id":"https:\/\/nk7-testes.com.br\/agazeta\/deracre-nao-fara-obra-no-ramal-cachoeira\/#breadcrumb","itemListElement":[{"@type":"ListItem","position":1,"name":"In\u00edcio","item":"https:\/\/nk7-testes.com.br\/agazeta\/"},{"@type":"ListItem","position":2,"name":"Deracre n\u00e3o far\u00e1 obra no ramal Cachoeira"}]},{"@type":"WebSite","@id":"https:\/\/nk7-testes.com.br\/agazeta\/#website","url":"https:\/\/nk7-testes.com.br\/agazeta\/","name":"Agazeta.net","description":"Agazeta.net - Not\u00edcias de Rio Branco\/AC","potentialAction":[{"@type":"SearchAction","target":{"@type":"EntryPoint","urlTemplate":"https:\/\/nk7-testes.com.br\/agazeta\/?s={search_term_string}"},"query-input":{"@type":"PropertyValueSpecification","valueRequired":true,"valueName":"search_term_string"}}],"inLanguage":"pt-BR"},{"@type":"Person","@id":"https:\/\/nk7-testes.com.br\/agazeta\/#\/schema\/person\/6d6e25cb0435eb4a02fd44d30b4e3020","name":"Agazeta.Net","url":"https:\/\/nk7-testes.com.br\/agazeta\/author\/agazeta\/"}]}},"_links":{"self":[{"href":"https:\/\/nk7-testes.com.br\/agazeta\/wp-json\/wp\/v2\/posts\/19600","targetHints":{"allow":["GET"]}}],"collection":[{"href":"https:\/\/nk7-testes.com.br\/agazeta\/wp-json\/wp\/v2\/posts"}],"about":[{"href":"https:\/\/nk7-testes.com.br\/agazeta\/wp-json\/wp\/v2\/types\/post"}],"author":[{"embeddable":true,"href":"https:\/\/nk7-testes.com.br\/agazeta\/wp-json\/wp\/v2\/users\/4"}],"replies":[{"embeddable":true,"href":"https:\/\/nk7-testes.com.br\/agazeta\/wp-json\/wp\/v2\/comments?post=19600"}],"version-history":[{"count":0,"href":"https:\/\/nk7-testes.com.br\/agazeta\/wp-json\/wp\/v2\/posts\/19600\/revisions"}],"wp:featuredmedia":[{"embeddable":true,"href":"https:\/\/nk7-testes.com.br\/agazeta\/wp-json\/wp\/v2\/media\/19599"}],"wp:attachment":[{"href":"https:\/\/nk7-testes.com.br\/agazeta\/wp-json\/wp\/v2\/media?parent=19600"}],"wp:term":[{"taxonomy":"category","embeddable":true,"href":"https:\/\/nk7-testes.com.br\/agazeta\/wp-json\/wp\/v2\/categories?post=19600"},{"taxonomy":"post_tag","embeddable":true,"href":"https:\/\/nk7-testes.com.br\/agazeta\/wp-json\/wp\/v2\/tags?post=19600"}],"curies":[{"name":"wp","href":"https:\/\/api.w.org\/{rel}","templated":true}]}}