{"id":19595,"date":"2015-11-12T15:59:12","date_gmt":"2015-11-12T15:59:12","guid":{"rendered":"https:\/\/abarevegan.com.br\/index.php\/2015\/11\/12\/agricultores-do-cachoeira-se-revoltam-com-infraestrutura\/"},"modified":"2015-11-12T15:59:12","modified_gmt":"2015-11-12T15:59:12","slug":"agricultores-do-cachoeira-se-revoltam-com-infraestrutura","status":"publish","type":"post","link":"https:\/\/nk7-testes.com.br\/agazeta\/agricultores-do-cachoeira-se-revoltam-com-infraestrutura\/","title":{"rendered":"Agricultores do Cachoeira se revoltam com infraestrutura"},"content":{"rendered":"<p style=\"text-align: justify;\">No in\u00edcio do inverno, ramal est\u00e1 praticamente intrafeg\u00e1vel<\/p>\n<p style=\"text-align: justify;\">Os agricultores do Ramal Cachoeira, localizado no Km 55 da Transacreana, j\u00e1 contabilizam os primeiros preju\u00edzos com a chegada do inverno. \u201cAno passado, n\u00f3s j\u00e1 hav\u00edamos colhido o milho\u201d, revolta-se Wenderson Souza da Silva, referindo-se \u00e0 fam\u00edlia do tio, Jos\u00e9 da Cruz Souza da Silva, agricultor na regi\u00e3o.<\/p>\n<p style=\"text-align: justify;\">Revoltados, tio e sobrinho produziram um v\u00eddeo e denunciaram o descaso com que a infraestrutura do ramal vem sendo conduzida pelo Deracre. \u201cExiste uma m\u00e1quina do Deracre aqui em um pasto. Ela est\u00e1 parada h\u00e1 um m\u00eas. Eles disseram que n\u00e3o h\u00e1 \u00f3leo. N\u00f3s quisemos at\u00e9 comprar o \u00f3leo, mas eles n\u00e3o disseram nada de volta\u201d, afirmou o agricultor Jos\u00e9 da Cruz Souza da Silva.<\/p>\n<p style=\"text-align: justify;\">H\u00e1 pessoas da fam\u00edlia de Jos\u00e9 da Cruz que estudam. Saem de casa \u00e0s 4 horas da manh\u00e3 e s\u00f3 retornam \u00e1 noite quando o ramal est\u00e1 nessas condi\u00e7\u00f5es. O Ramal Cachoeira possui aproximadamente 15 quil\u00f4metros e acolhe fam\u00edlias que produzem basicamente macaxeira, milho e banana.<\/p>\n<p style=\"text-align: justify;\">A assessoria do Deracre foi contatada e se prontificou a retornar a liga\u00e7\u00e3o com informa\u00e7\u00f5es sobre provid\u00eancias a serem adotadas na regi\u00e3o.<\/p>\n","protected":false},"excerpt":{"rendered":"<p style=\"text-align: justify;\">No in\u00edcio do inverno, ramal est\u00e1 praticamente intrafeg\u00e1vel<\/p>\n","protected":false},"author":4,"featured_media":19594,"comment_status":"open","ping_status":"open","sticky":false,"template":"","format":"standard","meta":{"jnews-multi-image_gallery":[],"jnews_single_post":[],"jnews_primary_category":[],"jnews_social_meta":[],"jnews_review":[],"enable_review":"","type":"","name":"","summary":"","brand":"","sku":"","good":[],"bad":[],"score_override":"","override_value":"","rating":[],"price":[],"footnotes":""},"categories":[54],"tags":[],"class_list":["post-19595","post","type-post","status-publish","format-standard","has-post-thumbnail","hentry","category-cotidiano"],"yoast_head":"<!-- This site is optimized with the Yoast SEO plugin v26.5 - https:\/\/yoast.com\/wordpress\/plugins\/seo\/ -->\n<title>Agricultores do Cachoeira se revoltam com infraestrutura - Agazeta.net<\/title>\n<meta name=\"robots\" content=\"index, follow, max-snippet:-1, max-image-preview:large, max-video-preview:-1\" \/>\n<link rel=\"canonical\" href=\"https:\/\/nk7-testes.com.br\/agazeta\/agricultores-do-cachoeira-se-revoltam-com-infraestrutura\/\" \/>\n<meta property=\"og:locale\" content=\"pt_BR\" \/>\n<meta property=\"og:type\" content=\"article\" \/>\n<meta property=\"og:title\" content=\"Agricultores do Cachoeira se revoltam com infraestrutura - Agazeta.net\" \/>\n<meta property=\"og:description\" content=\"No in\u00edcio do inverno, ramal est\u00e1 praticamente intrafeg\u00e1vel\" \/>\n<meta property=\"og:url\" content=\"https:\/\/nk7-testes.com.br\/agazeta\/agricultores-do-cachoeira-se-revoltam-com-infraestrutura\/\" \/>\n<meta property=\"og:site_name\" content=\"Agazeta.net\" \/>\n<meta property=\"article:published_time\" content=\"2015-11-12T15:59:12+00:00\" \/>\n<meta property=\"og:image\" content=\"https:\/\/nk7-testes.com.br\/agazeta\/wp-content\/uploads\/2015\/11\/121115-cotidiano-ramaldocachoeira-cedida.jpg\" \/>\n\t<meta property=\"og:image:width\" content=\"458\" \/>\n\t<meta property=\"og:image:height\" content=\"340\" \/>\n\t<meta property=\"og:image:type\" content=\"image\/jpeg\" \/>\n<meta name=\"author\" content=\"Agazeta.Net\" \/>\n<meta name=\"twitter:card\" content=\"summary_large_image\" \/>\n<meta name=\"twitter:label1\" content=\"Escrito por\" \/>\n\t<meta name=\"twitter:data1\" content=\"Agazeta.Net\" \/>\n\t<meta name=\"twitter:label2\" content=\"Est. tempo de leitura\" \/>\n\t<meta name=\"twitter:data2\" content=\"1 minuto\" \/>\n<script type=\"application\/ld+json\" class=\"yoast-schema-graph\">{\"@context\":\"https:\/\/schema.org\",\"@graph\":[{\"@type\":\"WebPage\",\"@id\":\"https:\/\/nk7-testes.com.br\/agazeta\/agricultores-do-cachoeira-se-revoltam-com-infraestrutura\/\",\"url\":\"https:\/\/nk7-testes.com.br\/agazeta\/agricultores-do-cachoeira-se-revoltam-com-infraestrutura\/\",\"name\":\"Agricultores do Cachoeira se revoltam com infraestrutura - Agazeta.net\",\"isPartOf\":{\"@id\":\"https:\/\/nk7-testes.com.br\/agazeta\/#website\"},\"primaryImageOfPage\":{\"@id\":\"https:\/\/nk7-testes.com.br\/agazeta\/agricultores-do-cachoeira-se-revoltam-com-infraestrutura\/#primaryimage\"},\"image\":{\"@id\":\"https:\/\/nk7-testes.com.br\/agazeta\/agricultores-do-cachoeira-se-revoltam-com-infraestrutura\/#primaryimage\"},\"thumbnailUrl\":\"https:\/\/nk7-testes.com.br\/agazeta\/wp-content\/uploads\/2015\/11\/121115-cotidiano-ramaldocachoeira-cedida.jpg\",\"datePublished\":\"2015-11-12T15:59:12+00:00\",\"author\":{\"@id\":\"https:\/\/nk7-testes.com.br\/agazeta\/#\/schema\/person\/6d6e25cb0435eb4a02fd44d30b4e3020\"},\"breadcrumb\":{\"@id\":\"https:\/\/nk7-testes.com.br\/agazeta\/agricultores-do-cachoeira-se-revoltam-com-infraestrutura\/#breadcrumb\"},\"inLanguage\":\"pt-BR\",\"potentialAction\":[{\"@type\":\"ReadAction\",\"target\":[\"https:\/\/nk7-testes.com.br\/agazeta\/agricultores-do-cachoeira-se-revoltam-com-infraestrutura\/\"]}]},{\"@type\":\"ImageObject\",\"inLanguage\":\"pt-BR\",\"@id\":\"https:\/\/nk7-testes.com.br\/agazeta\/agricultores-do-cachoeira-se-revoltam-com-infraestrutura\/#primaryimage\",\"url\":\"https:\/\/nk7-testes.com.br\/agazeta\/wp-content\/uploads\/2015\/11\/121115-cotidiano-ramaldocachoeira-cedida.jpg\",\"contentUrl\":\"https:\/\/nk7-testes.com.br\/agazeta\/wp-content\/uploads\/2015\/11\/121115-cotidiano-ramaldocachoeira-cedida.jpg\",\"width\":458,\"height\":340,\"caption\":\"121115-cotidiano-ramaldocachoeira-cedida\"},{\"@type\":\"BreadcrumbList\",\"@id\":\"https:\/\/nk7-testes.com.br\/agazeta\/agricultores-do-cachoeira-se-revoltam-com-infraestrutura\/#breadcrumb\",\"itemListElement\":[{\"@type\":\"ListItem\",\"position\":1,\"name\":\"In\u00edcio\",\"item\":\"https:\/\/nk7-testes.com.br\/agazeta\/\"},{\"@type\":\"ListItem\",\"position\":2,\"name\":\"Agricultores do Cachoeira se revoltam com infraestrutura\"}]},{\"@type\":\"WebSite\",\"@id\":\"https:\/\/nk7-testes.com.br\/agazeta\/#website\",\"url\":\"https:\/\/nk7-testes.com.br\/agazeta\/\",\"name\":\"Agazeta.net\",\"description\":\"Agazeta.net - Not\u00edcias de Rio Branco\/AC\",\"potentialAction\":[{\"@type\":\"SearchAction\",\"target\":{\"@type\":\"EntryPoint\",\"urlTemplate\":\"https:\/\/nk7-testes.com.br\/agazeta\/?s={search_term_string}\"},\"query-input\":{\"@type\":\"PropertyValueSpecification\",\"valueRequired\":true,\"valueName\":\"search_term_string\"}}],\"inLanguage\":\"pt-BR\"},{\"@type\":\"Person\",\"@id\":\"https:\/\/nk7-testes.com.br\/agazeta\/#\/schema\/person\/6d6e25cb0435eb4a02fd44d30b4e3020\",\"name\":\"Agazeta.Net\",\"url\":\"https:\/\/nk7-testes.com.br\/agazeta\/author\/agazeta\/\"}]}<\/script>\n<!-- \/ Yoast SEO plugin. -->","yoast_head_json":{"title":"Agricultores do Cachoeira se revoltam com infraestrutura - Agazeta.net","robots":{"index":"index","follow":"follow","max-snippet":"max-snippet:-1","max-image-preview":"max-image-preview:large","max-video-preview":"max-video-preview:-1"},"canonical":"https:\/\/nk7-testes.com.br\/agazeta\/agricultores-do-cachoeira-se-revoltam-com-infraestrutura\/","og_locale":"pt_BR","og_type":"article","og_title":"Agricultores do Cachoeira se revoltam com infraestrutura - Agazeta.net","og_description":"No in\u00edcio do inverno, ramal est\u00e1 praticamente intrafeg\u00e1vel","og_url":"https:\/\/nk7-testes.com.br\/agazeta\/agricultores-do-cachoeira-se-revoltam-com-infraestrutura\/","og_site_name":"Agazeta.net","article_published_time":"2015-11-12T15:59:12+00:00","og_image":[{"width":458,"height":340,"url":"https:\/\/nk7-testes.com.br\/agazeta\/wp-content\/uploads\/2015\/11\/121115-cotidiano-ramaldocachoeira-cedida.jpg","type":"image\/jpeg"}],"author":"Agazeta.Net","twitter_card":"summary_large_image","twitter_misc":{"Escrito por":"Agazeta.Net","Est. tempo de leitura":"1 minuto"},"schema":{"@context":"https:\/\/schema.org","@graph":[{"@type":"WebPage","@id":"https:\/\/nk7-testes.com.br\/agazeta\/agricultores-do-cachoeira-se-revoltam-com-infraestrutura\/","url":"https:\/\/nk7-testes.com.br\/agazeta\/agricultores-do-cachoeira-se-revoltam-com-infraestrutura\/","name":"Agricultores do Cachoeira se revoltam com infraestrutura - Agazeta.net","isPartOf":{"@id":"https:\/\/nk7-testes.com.br\/agazeta\/#website"},"primaryImageOfPage":{"@id":"https:\/\/nk7-testes.com.br\/agazeta\/agricultores-do-cachoeira-se-revoltam-com-infraestrutura\/#primaryimage"},"image":{"@id":"https:\/\/nk7-testes.com.br\/agazeta\/agricultores-do-cachoeira-se-revoltam-com-infraestrutura\/#primaryimage"},"thumbnailUrl":"https:\/\/nk7-testes.com.br\/agazeta\/wp-content\/uploads\/2015\/11\/121115-cotidiano-ramaldocachoeira-cedida.jpg","datePublished":"2015-11-12T15:59:12+00:00","author":{"@id":"https:\/\/nk7-testes.com.br\/agazeta\/#\/schema\/person\/6d6e25cb0435eb4a02fd44d30b4e3020"},"breadcrumb":{"@id":"https:\/\/nk7-testes.com.br\/agazeta\/agricultores-do-cachoeira-se-revoltam-com-infraestrutura\/#breadcrumb"},"inLanguage":"pt-BR","potentialAction":[{"@type":"ReadAction","target":["https:\/\/nk7-testes.com.br\/agazeta\/agricultores-do-cachoeira-se-revoltam-com-infraestrutura\/"]}]},{"@type":"ImageObject","inLanguage":"pt-BR","@id":"https:\/\/nk7-testes.com.br\/agazeta\/agricultores-do-cachoeira-se-revoltam-com-infraestrutura\/#primaryimage","url":"https:\/\/nk7-testes.com.br\/agazeta\/wp-content\/uploads\/2015\/11\/121115-cotidiano-ramaldocachoeira-cedida.jpg","contentUrl":"https:\/\/nk7-testes.com.br\/agazeta\/wp-content\/uploads\/2015\/11\/121115-cotidiano-ramaldocachoeira-cedida.jpg","width":458,"height":340,"caption":"121115-cotidiano-ramaldocachoeira-cedida"},{"@type":"BreadcrumbList","@id":"https:\/\/nk7-testes.com.br\/agazeta\/agricultores-do-cachoeira-se-revoltam-com-infraestrutura\/#breadcrumb","itemListElement":[{"@type":"ListItem","position":1,"name":"In\u00edcio","item":"https:\/\/nk7-testes.com.br\/agazeta\/"},{"@type":"ListItem","position":2,"name":"Agricultores do Cachoeira se revoltam com infraestrutura"}]},{"@type":"WebSite","@id":"https:\/\/nk7-testes.com.br\/agazeta\/#website","url":"https:\/\/nk7-testes.com.br\/agazeta\/","name":"Agazeta.net","description":"Agazeta.net - Not\u00edcias de Rio Branco\/AC","potentialAction":[{"@type":"SearchAction","target":{"@type":"EntryPoint","urlTemplate":"https:\/\/nk7-testes.com.br\/agazeta\/?s={search_term_string}"},"query-input":{"@type":"PropertyValueSpecification","valueRequired":true,"valueName":"search_term_string"}}],"inLanguage":"pt-BR"},{"@type":"Person","@id":"https:\/\/nk7-testes.com.br\/agazeta\/#\/schema\/person\/6d6e25cb0435eb4a02fd44d30b4e3020","name":"Agazeta.Net","url":"https:\/\/nk7-testes.com.br\/agazeta\/author\/agazeta\/"}]}},"_links":{"self":[{"href":"https:\/\/nk7-testes.com.br\/agazeta\/wp-json\/wp\/v2\/posts\/19595","targetHints":{"allow":["GET"]}}],"collection":[{"href":"https:\/\/nk7-testes.com.br\/agazeta\/wp-json\/wp\/v2\/posts"}],"about":[{"href":"https:\/\/nk7-testes.com.br\/agazeta\/wp-json\/wp\/v2\/types\/post"}],"author":[{"embeddable":true,"href":"https:\/\/nk7-testes.com.br\/agazeta\/wp-json\/wp\/v2\/users\/4"}],"replies":[{"embeddable":true,"href":"https:\/\/nk7-testes.com.br\/agazeta\/wp-json\/wp\/v2\/comments?post=19595"}],"version-history":[{"count":0,"href":"https:\/\/nk7-testes.com.br\/agazeta\/wp-json\/wp\/v2\/posts\/19595\/revisions"}],"wp:featuredmedia":[{"embeddable":true,"href":"https:\/\/nk7-testes.com.br\/agazeta\/wp-json\/wp\/v2\/media\/19594"}],"wp:attachment":[{"href":"https:\/\/nk7-testes.com.br\/agazeta\/wp-json\/wp\/v2\/media?parent=19595"}],"wp:term":[{"taxonomy":"category","embeddable":true,"href":"https:\/\/nk7-testes.com.br\/agazeta\/wp-json\/wp\/v2\/categories?post=19595"},{"taxonomy":"post_tag","embeddable":true,"href":"https:\/\/nk7-testes.com.br\/agazeta\/wp-json\/wp\/v2\/tags?post=19595"}],"curies":[{"name":"wp","href":"https:\/\/api.w.org\/{rel}","templated":true}]}}