{"id":19591,"date":"2015-11-12T13:42:31","date_gmt":"2015-11-12T13:42:31","guid":{"rendered":"https:\/\/abarevegan.com.br\/index.php\/2015\/11\/12\/policia-federal-deflagra-operacao-audathia\/"},"modified":"2015-11-12T13:42:31","modified_gmt":"2015-11-12T13:42:31","slug":"policia-federal-deflagra-operacao-audathia","status":"publish","type":"post","link":"https:\/\/nk7-testes.com.br\/agazeta\/policia-federal-deflagra-operacao-audathia\/","title":{"rendered":"Pol\u00edcia Federal deflagra Opera\u00e7\u00e3o Audathia"},"content":{"rendered":"<p style=\"text-align: justify;\">Est\u00e3o sendo executados 47 mandados judiciais<\/p>\n<p style=\"text-align: justify;\">A Pol\u00edcia Federal deflagrou na manh\u00e3 desta quinta-feira (12\/11\/2015), a Opera\u00e7\u00e3o AUDATHIA com o objetivo de desarticular uma organiza\u00e7\u00e3o criminosa especializada no tr\u00e1fico de drogas com atua\u00e7\u00e3o no estado do Acre e ramifica\u00e7\u00f5es nos Estados do Par\u00e1 e Mato Grosso do Sul.<\/p>\n<p style=\"text-align: justify;\">Aproximadamente 130 Policiais Federais cumpriram 47 mandados judiciais: 15 mandados de pris\u00e3o, 9 de condu\u00e7\u00f5es coercitivas e 23 de busca e apreens\u00e3o nas cidades de Rio Branco, Epitaciol\u00e2ndia, Brasileia, Assis Brasil, Cruzeiro do Sul e M\u00e2ncio Lima. At\u00e9 o momento, 7 ve\u00edculos foram apreendidos e foi iniciado um flagrante delito por arma de fogo enquanto as buscas estavam sendo realizadas.<\/p>\n<p style=\"text-align: justify;\">A organiza\u00e7\u00e3o criminosa composta por traficantes com antecedentes por tr\u00e1fico de drogas e delitos conexos era bem estruturada, com divis\u00e3o de tarefas definidas e uma intensa movimenta\u00e7\u00e3o financeira.<\/p>\n<p style=\"text-align: justify;\">Integrando o grupo criminoso havia empres\u00e1rios, respons\u00e1veis por financiar a compra e envio da droga para outros estados. Um funcion\u00e1rio de uma empresa que presta servi\u00e7o no Aeroporto de Rio Branco era respons\u00e1vel por passar informa\u00e7\u00f5es aos criminosos sobre atua\u00e7\u00e3o da Pol\u00edcia Federal no Aeroporto. Um ex-ocupante de cargo pol\u00edtico do munic\u00edpio de Acrel\u00e2ndia tamb\u00e9m integrava o grupo criminoso.<\/p>\n<p style=\"text-align: justify;\">Durante o per\u00edodo em que ocorreram as investiga\u00e7\u00f5es, a Pol\u00edcia Federal realizou a apreens\u00e3o de aproximadamente 130 quilos de drogas (COCA\u00cdNA). O que chama a aten\u00e7\u00e3o na investiga\u00e7\u00e3o n\u00e3o \u00e9 o volume de droga apreendido, mas a constata\u00e7\u00e3o da grande movimenta\u00e7\u00e3o financeira dos criminosos. O grupo movimentava aproximadamente R$ 400.000,00 (quatrocentos mil reais) por m\u00eas.<\/p>\n<p style=\"text-align: justify;\">A Justi\u00e7a autorizou o bloqueio dos bens e valores dos criminosos visando a desarticula\u00e7\u00e3o financeira do grupo.<\/p>\n<p style=\"text-align: justify;\">A investiga\u00e7\u00e3o recebeu esta denomina\u00e7\u00e3o em refer\u00eancia \u00e0 aud\u00e1cia dos integrantes do grupo que, mesmo ap\u00f3s as v\u00e1rias apreens\u00f5es de droga realizadas pela Pol\u00edcia, n\u00e3o cessavam a atividade criminosa. Audathia \u00e9 um termo em latim que significa AUD\u00c1CIA.<\/p>\n<p style=\"text-align: justify;\">Os envolvidos responder\u00e3o na medida de suas responsabilidades pelos crimes de: tr\u00e1fico de drogas, associa\u00e7\u00e3o para o tr\u00e1fico, uso de documento falso e lavagem de dinheiro podendo, se condenados, pegar at\u00e9 25 anos de pris\u00e3o.<\/p>\n","protected":false},"excerpt":{"rendered":"<p style=\"text-align: justify;\">Est\u00e3o sendo executados 47 mandados judiciais<\/p>\n","protected":false},"author":4,"featured_media":17938,"comment_status":"open","ping_status":"open","sticky":false,"template":"","format":"standard","meta":{"jnews-multi-image_gallery":[],"jnews_single_post":[],"jnews_primary_category":[],"jnews_social_meta":[],"jnews_review":[],"enable_review":"","type":"","name":"","summary":"","brand":"","sku":"","good":[],"bad":[],"score_override":"","override_value":"","rating":[],"price":[],"footnotes":""},"categories":[44],"tags":[],"class_list":["post-19591","post","type-post","status-publish","format-standard","has-post-thumbnail","hentry","category-policia"],"yoast_head":"<!-- This site is optimized with the Yoast SEO plugin v26.5 - https:\/\/yoast.com\/wordpress\/plugins\/seo\/ -->\n<title>Pol\u00edcia Federal deflagra Opera\u00e7\u00e3o Audathia - Agazeta.net<\/title>\n<meta name=\"robots\" content=\"index, follow, max-snippet:-1, max-image-preview:large, max-video-preview:-1\" \/>\n<link rel=\"canonical\" href=\"https:\/\/nk7-testes.com.br\/agazeta\/policia-federal-deflagra-operacao-audathia\/\" \/>\n<meta property=\"og:locale\" content=\"pt_BR\" \/>\n<meta property=\"og:type\" content=\"article\" \/>\n<meta property=\"og:title\" content=\"Pol\u00edcia Federal deflagra Opera\u00e7\u00e3o Audathia - Agazeta.net\" \/>\n<meta property=\"og:description\" content=\"Est\u00e3o sendo executados 47 mandados judiciais\" \/>\n<meta property=\"og:url\" content=\"https:\/\/nk7-testes.com.br\/agazeta\/policia-federal-deflagra-operacao-audathia\/\" \/>\n<meta property=\"og:site_name\" content=\"Agazeta.net\" \/>\n<meta property=\"article:published_time\" content=\"2015-11-12T13:42:31+00:00\" \/>\n<meta property=\"og:image\" content=\"https:\/\/nk7-testes.com.br\/agazeta\/wp-content\/uploads\/2015\/08\/0710-politica-policiafederal-altinomachado2.JPG\" \/>\n\t<meta property=\"og:image:width\" content=\"458\" \/>\n\t<meta property=\"og:image:height\" content=\"340\" \/>\n\t<meta property=\"og:image:type\" content=\"image\/jpeg\" \/>\n<meta name=\"author\" content=\"Agazeta.Net\" \/>\n<meta name=\"twitter:card\" content=\"summary_large_image\" \/>\n<meta name=\"twitter:label1\" content=\"Escrito por\" \/>\n\t<meta name=\"twitter:data1\" content=\"Agazeta.Net\" \/>\n\t<meta name=\"twitter:label2\" content=\"Est. tempo de leitura\" \/>\n\t<meta name=\"twitter:data2\" content=\"2 minutos\" \/>\n<script type=\"application\/ld+json\" class=\"yoast-schema-graph\">{\"@context\":\"https:\/\/schema.org\",\"@graph\":[{\"@type\":\"WebPage\",\"@id\":\"https:\/\/nk7-testes.com.br\/agazeta\/policia-federal-deflagra-operacao-audathia\/\",\"url\":\"https:\/\/nk7-testes.com.br\/agazeta\/policia-federal-deflagra-operacao-audathia\/\",\"name\":\"Pol\u00edcia Federal deflagra Opera\u00e7\u00e3o Audathia - Agazeta.net\",\"isPartOf\":{\"@id\":\"https:\/\/nk7-testes.com.br\/agazeta\/#website\"},\"primaryImageOfPage\":{\"@id\":\"https:\/\/nk7-testes.com.br\/agazeta\/policia-federal-deflagra-operacao-audathia\/#primaryimage\"},\"image\":{\"@id\":\"https:\/\/nk7-testes.com.br\/agazeta\/policia-federal-deflagra-operacao-audathia\/#primaryimage\"},\"thumbnailUrl\":\"https:\/\/nk7-testes.com.br\/agazeta\/wp-content\/uploads\/2015\/08\/0710-politica-policiafederal-altinomachado2.JPG\",\"datePublished\":\"2015-11-12T13:42:31+00:00\",\"author\":{\"@id\":\"https:\/\/nk7-testes.com.br\/agazeta\/#\/schema\/person\/6d6e25cb0435eb4a02fd44d30b4e3020\"},\"breadcrumb\":{\"@id\":\"https:\/\/nk7-testes.com.br\/agazeta\/policia-federal-deflagra-operacao-audathia\/#breadcrumb\"},\"inLanguage\":\"pt-BR\",\"potentialAction\":[{\"@type\":\"ReadAction\",\"target\":[\"https:\/\/nk7-testes.com.br\/agazeta\/policia-federal-deflagra-operacao-audathia\/\"]}]},{\"@type\":\"ImageObject\",\"inLanguage\":\"pt-BR\",\"@id\":\"https:\/\/nk7-testes.com.br\/agazeta\/policia-federal-deflagra-operacao-audathia\/#primaryimage\",\"url\":\"https:\/\/nk7-testes.com.br\/agazeta\/wp-content\/uploads\/2015\/08\/0710-politica-policiafederal-altinomachado2.JPG\",\"contentUrl\":\"https:\/\/nk7-testes.com.br\/agazeta\/wp-content\/uploads\/2015\/08\/0710-politica-policiafederal-altinomachado2.JPG\",\"width\":458,\"height\":340,\"caption\":\"0710-politica-policiafederal-altinomachado2\"},{\"@type\":\"BreadcrumbList\",\"@id\":\"https:\/\/nk7-testes.com.br\/agazeta\/policia-federal-deflagra-operacao-audathia\/#breadcrumb\",\"itemListElement\":[{\"@type\":\"ListItem\",\"position\":1,\"name\":\"In\u00edcio\",\"item\":\"https:\/\/nk7-testes.com.br\/agazeta\/\"},{\"@type\":\"ListItem\",\"position\":2,\"name\":\"Pol\u00edcia Federal deflagra Opera\u00e7\u00e3o Audathia\"}]},{\"@type\":\"WebSite\",\"@id\":\"https:\/\/nk7-testes.com.br\/agazeta\/#website\",\"url\":\"https:\/\/nk7-testes.com.br\/agazeta\/\",\"name\":\"Agazeta.net\",\"description\":\"Agazeta.net - Not\u00edcias de Rio Branco\/AC\",\"potentialAction\":[{\"@type\":\"SearchAction\",\"target\":{\"@type\":\"EntryPoint\",\"urlTemplate\":\"https:\/\/nk7-testes.com.br\/agazeta\/?s={search_term_string}\"},\"query-input\":{\"@type\":\"PropertyValueSpecification\",\"valueRequired\":true,\"valueName\":\"search_term_string\"}}],\"inLanguage\":\"pt-BR\"},{\"@type\":\"Person\",\"@id\":\"https:\/\/nk7-testes.com.br\/agazeta\/#\/schema\/person\/6d6e25cb0435eb4a02fd44d30b4e3020\",\"name\":\"Agazeta.Net\",\"url\":\"https:\/\/nk7-testes.com.br\/agazeta\/author\/agazeta\/\"}]}<\/script>\n<!-- \/ Yoast SEO plugin. -->","yoast_head_json":{"title":"Pol\u00edcia Federal deflagra Opera\u00e7\u00e3o Audathia - Agazeta.net","robots":{"index":"index","follow":"follow","max-snippet":"max-snippet:-1","max-image-preview":"max-image-preview:large","max-video-preview":"max-video-preview:-1"},"canonical":"https:\/\/nk7-testes.com.br\/agazeta\/policia-federal-deflagra-operacao-audathia\/","og_locale":"pt_BR","og_type":"article","og_title":"Pol\u00edcia Federal deflagra Opera\u00e7\u00e3o Audathia - Agazeta.net","og_description":"Est\u00e3o sendo executados 47 mandados judiciais","og_url":"https:\/\/nk7-testes.com.br\/agazeta\/policia-federal-deflagra-operacao-audathia\/","og_site_name":"Agazeta.net","article_published_time":"2015-11-12T13:42:31+00:00","og_image":[{"width":458,"height":340,"url":"https:\/\/nk7-testes.com.br\/agazeta\/wp-content\/uploads\/2015\/08\/0710-politica-policiafederal-altinomachado2.JPG","type":"image\/jpeg"}],"author":"Agazeta.Net","twitter_card":"summary_large_image","twitter_misc":{"Escrito por":"Agazeta.Net","Est. tempo de leitura":"2 minutos"},"schema":{"@context":"https:\/\/schema.org","@graph":[{"@type":"WebPage","@id":"https:\/\/nk7-testes.com.br\/agazeta\/policia-federal-deflagra-operacao-audathia\/","url":"https:\/\/nk7-testes.com.br\/agazeta\/policia-federal-deflagra-operacao-audathia\/","name":"Pol\u00edcia Federal deflagra Opera\u00e7\u00e3o Audathia - Agazeta.net","isPartOf":{"@id":"https:\/\/nk7-testes.com.br\/agazeta\/#website"},"primaryImageOfPage":{"@id":"https:\/\/nk7-testes.com.br\/agazeta\/policia-federal-deflagra-operacao-audathia\/#primaryimage"},"image":{"@id":"https:\/\/nk7-testes.com.br\/agazeta\/policia-federal-deflagra-operacao-audathia\/#primaryimage"},"thumbnailUrl":"https:\/\/nk7-testes.com.br\/agazeta\/wp-content\/uploads\/2015\/08\/0710-politica-policiafederal-altinomachado2.JPG","datePublished":"2015-11-12T13:42:31+00:00","author":{"@id":"https:\/\/nk7-testes.com.br\/agazeta\/#\/schema\/person\/6d6e25cb0435eb4a02fd44d30b4e3020"},"breadcrumb":{"@id":"https:\/\/nk7-testes.com.br\/agazeta\/policia-federal-deflagra-operacao-audathia\/#breadcrumb"},"inLanguage":"pt-BR","potentialAction":[{"@type":"ReadAction","target":["https:\/\/nk7-testes.com.br\/agazeta\/policia-federal-deflagra-operacao-audathia\/"]}]},{"@type":"ImageObject","inLanguage":"pt-BR","@id":"https:\/\/nk7-testes.com.br\/agazeta\/policia-federal-deflagra-operacao-audathia\/#primaryimage","url":"https:\/\/nk7-testes.com.br\/agazeta\/wp-content\/uploads\/2015\/08\/0710-politica-policiafederal-altinomachado2.JPG","contentUrl":"https:\/\/nk7-testes.com.br\/agazeta\/wp-content\/uploads\/2015\/08\/0710-politica-policiafederal-altinomachado2.JPG","width":458,"height":340,"caption":"0710-politica-policiafederal-altinomachado2"},{"@type":"BreadcrumbList","@id":"https:\/\/nk7-testes.com.br\/agazeta\/policia-federal-deflagra-operacao-audathia\/#breadcrumb","itemListElement":[{"@type":"ListItem","position":1,"name":"In\u00edcio","item":"https:\/\/nk7-testes.com.br\/agazeta\/"},{"@type":"ListItem","position":2,"name":"Pol\u00edcia Federal deflagra Opera\u00e7\u00e3o Audathia"}]},{"@type":"WebSite","@id":"https:\/\/nk7-testes.com.br\/agazeta\/#website","url":"https:\/\/nk7-testes.com.br\/agazeta\/","name":"Agazeta.net","description":"Agazeta.net - Not\u00edcias de Rio Branco\/AC","potentialAction":[{"@type":"SearchAction","target":{"@type":"EntryPoint","urlTemplate":"https:\/\/nk7-testes.com.br\/agazeta\/?s={search_term_string}"},"query-input":{"@type":"PropertyValueSpecification","valueRequired":true,"valueName":"search_term_string"}}],"inLanguage":"pt-BR"},{"@type":"Person","@id":"https:\/\/nk7-testes.com.br\/agazeta\/#\/schema\/person\/6d6e25cb0435eb4a02fd44d30b4e3020","name":"Agazeta.Net","url":"https:\/\/nk7-testes.com.br\/agazeta\/author\/agazeta\/"}]}},"_links":{"self":[{"href":"https:\/\/nk7-testes.com.br\/agazeta\/wp-json\/wp\/v2\/posts\/19591","targetHints":{"allow":["GET"]}}],"collection":[{"href":"https:\/\/nk7-testes.com.br\/agazeta\/wp-json\/wp\/v2\/posts"}],"about":[{"href":"https:\/\/nk7-testes.com.br\/agazeta\/wp-json\/wp\/v2\/types\/post"}],"author":[{"embeddable":true,"href":"https:\/\/nk7-testes.com.br\/agazeta\/wp-json\/wp\/v2\/users\/4"}],"replies":[{"embeddable":true,"href":"https:\/\/nk7-testes.com.br\/agazeta\/wp-json\/wp\/v2\/comments?post=19591"}],"version-history":[{"count":0,"href":"https:\/\/nk7-testes.com.br\/agazeta\/wp-json\/wp\/v2\/posts\/19591\/revisions"}],"wp:featuredmedia":[{"embeddable":true,"href":"https:\/\/nk7-testes.com.br\/agazeta\/wp-json\/wp\/v2\/media\/17938"}],"wp:attachment":[{"href":"https:\/\/nk7-testes.com.br\/agazeta\/wp-json\/wp\/v2\/media?parent=19591"}],"wp:term":[{"taxonomy":"category","embeddable":true,"href":"https:\/\/nk7-testes.com.br\/agazeta\/wp-json\/wp\/v2\/categories?post=19591"},{"taxonomy":"post_tag","embeddable":true,"href":"https:\/\/nk7-testes.com.br\/agazeta\/wp-json\/wp\/v2\/tags?post=19591"}],"curies":[{"name":"wp","href":"https:\/\/api.w.org\/{rel}","templated":true}]}}