{"id":19586,"date":"2015-11-11T22:32:16","date_gmt":"2015-11-11T22:32:16","guid":{"rendered":"https:\/\/abarevegan.com.br\/index.php\/2015\/11\/11\/caminhoneiros-bloqueiam-tranca-na-fronteira\/"},"modified":"2015-11-11T22:32:16","modified_gmt":"2015-11-11T22:32:16","slug":"caminhoneiros-bloqueiam-tranca-na-fronteira","status":"publish","type":"post","link":"https:\/\/nk7-testes.com.br\/agazeta\/caminhoneiros-bloqueiam-tranca-na-fronteira\/","title":{"rendered":"Caminhoneiros bloqueiam tranca na fronteira"},"content":{"rendered":"<p style=\"text-align: justify;\">Falta de infraestrutura na Receita motiva protesto<\/p>\n<p style=\"text-align: justify;\">Caminhoneiros bloquearam a ponte que liga o Brasil \u00e0 Bol\u00edvia, na manh\u00e3 desta quarta-feira (11). O protesto foi contra a falta de vagas de estacionamento para os motoristas que precisam aguardar atendimento na Receita Federal.<\/p>\n<p style=\"text-align: justify;\">A manifesta\u00e7\u00e3o durou duas horas. Tempo suficiente para trazer transtornos ao tr\u00e2nsito e tamb\u00e9m chamar a aten\u00e7\u00e3o das autoridades quanto ao problema que tira a paz dos caminhoneiros quando precisam cruzar a fronteira.<\/p>\n<p style=\"text-align: justify;\">Por falta de vagas de estacionamento, muitos s\u00e3o multados e a situa\u00e7\u00e3o \u00e9 relatada em ambos os lados, tanto no Brasil quanto na Bol\u00edvia. \u201cN\u00e3o tem p\u00e1tio onde estacionar. Na avenida do lado brasileiro \u00e9 proibido: v\u00e3o multar se estacionar. No est\u00e1dio, o espa\u00e7o n\u00e3o d\u00e1. Ent\u00e3o, onde vamos colocar os caminh\u00f5es?\u201d, pergunta o aut\u00f4nomo Beino Bezerra.<\/p>\n<p style=\"text-align: justify;\">Um dos servidores respons\u00e1veis pela Receita Federal, Alexandre Santos, na fronteira acompanhou o protesto e conversou com caminhoneiros. Segundo ele, o problema \u00e9 cr\u00f4nico e se complica ainda mais por falta de fiscaliza\u00e7\u00e3o das autoridades do tr\u00e2nsito.<\/p>\n<p style=\"text-align: justify;\">\u201cO espa\u00e7o \u00e9 muito pequeno. O fluxo na nossa fronteira \u00e9 muito grande, entre 50 e 70 caminh\u00f5es entre entrada e sa\u00edda. Realmente n\u00e3o comporta e como n\u00e3o h\u00e1 apoio da infraestrutura de tr\u00e2nsito tentando organizar, de vez em quando acontece esse tipo de coisa\u201d, relata o inspetor.<\/p>\n<p style=\"text-align: justify;\">Com o acesso bloqueado, ve\u00edculos pequenos conseguiram desviar da manifesta\u00e7\u00e3o e seguir viagem, at\u00e9 por canteiros. Os caminhoneiros reivindicam solu\u00e7\u00e3o ao problema, tanto para a seguran\u00e7a dos trabalhadores, quanto para o tr\u00e2nsito que fica ca\u00f3tico entre os dois pa\u00edses.<\/p>\n<p style=\"text-align: justify;\">\u201cA prefeitura, o governador t\u00eam que dar um jeito nesse neg\u00f3cio. Onde vamos estacionar os caminh\u00f5es?\u201d, refor\u00e7a o caminhoneiro Beino Bezerra.<\/p>\n","protected":false},"excerpt":{"rendered":"<p style=\"text-align: justify;\">Falta de infraestrutura na Receita motiva protesto<\/p>\n","protected":false},"author":4,"featured_media":19585,"comment_status":"open","ping_status":"open","sticky":false,"template":"","format":"standard","meta":{"jnews-multi-image_gallery":[],"jnews_single_post":[],"jnews_primary_category":[],"jnews_social_meta":[],"jnews_review":[],"enable_review":"","type":"","name":"","summary":"","brand":"","sku":"","good":[],"bad":[],"score_override":"","override_value":"","rating":[],"price":[],"footnotes":""},"categories":[54],"tags":[],"class_list":["post-19586","post","type-post","status-publish","format-standard","has-post-thumbnail","hentry","category-cotidiano"],"yoast_head":"<!-- This site is optimized with the Yoast SEO plugin v26.5 - https:\/\/yoast.com\/wordpress\/plugins\/seo\/ -->\n<title>Caminhoneiros bloqueiam tranca na fronteira - Agazeta.net<\/title>\n<meta name=\"robots\" content=\"index, follow, max-snippet:-1, max-image-preview:large, max-video-preview:-1\" \/>\n<link rel=\"canonical\" href=\"https:\/\/nk7-testes.com.br\/agazeta\/caminhoneiros-bloqueiam-tranca-na-fronteira\/\" \/>\n<meta property=\"og:locale\" content=\"pt_BR\" \/>\n<meta property=\"og:type\" content=\"article\" \/>\n<meta property=\"og:title\" content=\"Caminhoneiros bloqueiam tranca na fronteira - Agazeta.net\" \/>\n<meta property=\"og:description\" content=\"Falta de infraestrutura na Receita motiva protesto\" \/>\n<meta property=\"og:url\" content=\"https:\/\/nk7-testes.com.br\/agazeta\/caminhoneiros-bloqueiam-tranca-na-fronteira\/\" \/>\n<meta property=\"og:site_name\" content=\"Agazeta.net\" \/>\n<meta property=\"article:published_time\" content=\"2015-11-11T22:32:16+00:00\" \/>\n<meta property=\"og:image\" content=\"https:\/\/nk7-testes.com.br\/agazeta\/wp-content\/uploads\/2015\/11\/111115-cotidiano-protestocaminhoneiro-tvgazeta2.jpg\" \/>\n\t<meta property=\"og:image:width\" content=\"458\" \/>\n\t<meta property=\"og:image:height\" content=\"340\" \/>\n\t<meta property=\"og:image:type\" content=\"image\/jpeg\" \/>\n<meta name=\"author\" content=\"Agazeta.Net\" \/>\n<meta name=\"twitter:card\" content=\"summary_large_image\" \/>\n<meta name=\"twitter:label1\" content=\"Escrito por\" \/>\n\t<meta name=\"twitter:data1\" content=\"Agazeta.Net\" \/>\n\t<meta name=\"twitter:label2\" content=\"Est. tempo de leitura\" \/>\n\t<meta name=\"twitter:data2\" content=\"2 minutos\" \/>\n<script type=\"application\/ld+json\" class=\"yoast-schema-graph\">{\"@context\":\"https:\/\/schema.org\",\"@graph\":[{\"@type\":\"WebPage\",\"@id\":\"https:\/\/nk7-testes.com.br\/agazeta\/caminhoneiros-bloqueiam-tranca-na-fronteira\/\",\"url\":\"https:\/\/nk7-testes.com.br\/agazeta\/caminhoneiros-bloqueiam-tranca-na-fronteira\/\",\"name\":\"Caminhoneiros bloqueiam tranca na fronteira - Agazeta.net\",\"isPartOf\":{\"@id\":\"https:\/\/nk7-testes.com.br\/agazeta\/#website\"},\"primaryImageOfPage\":{\"@id\":\"https:\/\/nk7-testes.com.br\/agazeta\/caminhoneiros-bloqueiam-tranca-na-fronteira\/#primaryimage\"},\"image\":{\"@id\":\"https:\/\/nk7-testes.com.br\/agazeta\/caminhoneiros-bloqueiam-tranca-na-fronteira\/#primaryimage\"},\"thumbnailUrl\":\"https:\/\/nk7-testes.com.br\/agazeta\/wp-content\/uploads\/2015\/11\/111115-cotidiano-protestocaminhoneiro-tvgazeta2.jpg\",\"datePublished\":\"2015-11-11T22:32:16+00:00\",\"author\":{\"@id\":\"https:\/\/nk7-testes.com.br\/agazeta\/#\/schema\/person\/6d6e25cb0435eb4a02fd44d30b4e3020\"},\"breadcrumb\":{\"@id\":\"https:\/\/nk7-testes.com.br\/agazeta\/caminhoneiros-bloqueiam-tranca-na-fronteira\/#breadcrumb\"},\"inLanguage\":\"pt-BR\",\"potentialAction\":[{\"@type\":\"ReadAction\",\"target\":[\"https:\/\/nk7-testes.com.br\/agazeta\/caminhoneiros-bloqueiam-tranca-na-fronteira\/\"]}]},{\"@type\":\"ImageObject\",\"inLanguage\":\"pt-BR\",\"@id\":\"https:\/\/nk7-testes.com.br\/agazeta\/caminhoneiros-bloqueiam-tranca-na-fronteira\/#primaryimage\",\"url\":\"https:\/\/nk7-testes.com.br\/agazeta\/wp-content\/uploads\/2015\/11\/111115-cotidiano-protestocaminhoneiro-tvgazeta2.jpg\",\"contentUrl\":\"https:\/\/nk7-testes.com.br\/agazeta\/wp-content\/uploads\/2015\/11\/111115-cotidiano-protestocaminhoneiro-tvgazeta2.jpg\",\"width\":458,\"height\":340,\"caption\":\"111115-cotidiano-protestocaminhoneiro-tvgazeta2\"},{\"@type\":\"BreadcrumbList\",\"@id\":\"https:\/\/nk7-testes.com.br\/agazeta\/caminhoneiros-bloqueiam-tranca-na-fronteira\/#breadcrumb\",\"itemListElement\":[{\"@type\":\"ListItem\",\"position\":1,\"name\":\"In\u00edcio\",\"item\":\"https:\/\/nk7-testes.com.br\/agazeta\/\"},{\"@type\":\"ListItem\",\"position\":2,\"name\":\"Caminhoneiros bloqueiam tranca na fronteira\"}]},{\"@type\":\"WebSite\",\"@id\":\"https:\/\/nk7-testes.com.br\/agazeta\/#website\",\"url\":\"https:\/\/nk7-testes.com.br\/agazeta\/\",\"name\":\"Agazeta.net\",\"description\":\"Agazeta.net - Not\u00edcias de Rio Branco\/AC\",\"potentialAction\":[{\"@type\":\"SearchAction\",\"target\":{\"@type\":\"EntryPoint\",\"urlTemplate\":\"https:\/\/nk7-testes.com.br\/agazeta\/?s={search_term_string}\"},\"query-input\":{\"@type\":\"PropertyValueSpecification\",\"valueRequired\":true,\"valueName\":\"search_term_string\"}}],\"inLanguage\":\"pt-BR\"},{\"@type\":\"Person\",\"@id\":\"https:\/\/nk7-testes.com.br\/agazeta\/#\/schema\/person\/6d6e25cb0435eb4a02fd44d30b4e3020\",\"name\":\"Agazeta.Net\",\"url\":\"https:\/\/nk7-testes.com.br\/agazeta\/author\/agazeta\/\"}]}<\/script>\n<!-- \/ Yoast SEO plugin. -->","yoast_head_json":{"title":"Caminhoneiros bloqueiam tranca na fronteira - Agazeta.net","robots":{"index":"index","follow":"follow","max-snippet":"max-snippet:-1","max-image-preview":"max-image-preview:large","max-video-preview":"max-video-preview:-1"},"canonical":"https:\/\/nk7-testes.com.br\/agazeta\/caminhoneiros-bloqueiam-tranca-na-fronteira\/","og_locale":"pt_BR","og_type":"article","og_title":"Caminhoneiros bloqueiam tranca na fronteira - Agazeta.net","og_description":"Falta de infraestrutura na Receita motiva protesto","og_url":"https:\/\/nk7-testes.com.br\/agazeta\/caminhoneiros-bloqueiam-tranca-na-fronteira\/","og_site_name":"Agazeta.net","article_published_time":"2015-11-11T22:32:16+00:00","og_image":[{"width":458,"height":340,"url":"https:\/\/nk7-testes.com.br\/agazeta\/wp-content\/uploads\/2015\/11\/111115-cotidiano-protestocaminhoneiro-tvgazeta2.jpg","type":"image\/jpeg"}],"author":"Agazeta.Net","twitter_card":"summary_large_image","twitter_misc":{"Escrito por":"Agazeta.Net","Est. tempo de leitura":"2 minutos"},"schema":{"@context":"https:\/\/schema.org","@graph":[{"@type":"WebPage","@id":"https:\/\/nk7-testes.com.br\/agazeta\/caminhoneiros-bloqueiam-tranca-na-fronteira\/","url":"https:\/\/nk7-testes.com.br\/agazeta\/caminhoneiros-bloqueiam-tranca-na-fronteira\/","name":"Caminhoneiros bloqueiam tranca na fronteira - Agazeta.net","isPartOf":{"@id":"https:\/\/nk7-testes.com.br\/agazeta\/#website"},"primaryImageOfPage":{"@id":"https:\/\/nk7-testes.com.br\/agazeta\/caminhoneiros-bloqueiam-tranca-na-fronteira\/#primaryimage"},"image":{"@id":"https:\/\/nk7-testes.com.br\/agazeta\/caminhoneiros-bloqueiam-tranca-na-fronteira\/#primaryimage"},"thumbnailUrl":"https:\/\/nk7-testes.com.br\/agazeta\/wp-content\/uploads\/2015\/11\/111115-cotidiano-protestocaminhoneiro-tvgazeta2.jpg","datePublished":"2015-11-11T22:32:16+00:00","author":{"@id":"https:\/\/nk7-testes.com.br\/agazeta\/#\/schema\/person\/6d6e25cb0435eb4a02fd44d30b4e3020"},"breadcrumb":{"@id":"https:\/\/nk7-testes.com.br\/agazeta\/caminhoneiros-bloqueiam-tranca-na-fronteira\/#breadcrumb"},"inLanguage":"pt-BR","potentialAction":[{"@type":"ReadAction","target":["https:\/\/nk7-testes.com.br\/agazeta\/caminhoneiros-bloqueiam-tranca-na-fronteira\/"]}]},{"@type":"ImageObject","inLanguage":"pt-BR","@id":"https:\/\/nk7-testes.com.br\/agazeta\/caminhoneiros-bloqueiam-tranca-na-fronteira\/#primaryimage","url":"https:\/\/nk7-testes.com.br\/agazeta\/wp-content\/uploads\/2015\/11\/111115-cotidiano-protestocaminhoneiro-tvgazeta2.jpg","contentUrl":"https:\/\/nk7-testes.com.br\/agazeta\/wp-content\/uploads\/2015\/11\/111115-cotidiano-protestocaminhoneiro-tvgazeta2.jpg","width":458,"height":340,"caption":"111115-cotidiano-protestocaminhoneiro-tvgazeta2"},{"@type":"BreadcrumbList","@id":"https:\/\/nk7-testes.com.br\/agazeta\/caminhoneiros-bloqueiam-tranca-na-fronteira\/#breadcrumb","itemListElement":[{"@type":"ListItem","position":1,"name":"In\u00edcio","item":"https:\/\/nk7-testes.com.br\/agazeta\/"},{"@type":"ListItem","position":2,"name":"Caminhoneiros bloqueiam tranca na fronteira"}]},{"@type":"WebSite","@id":"https:\/\/nk7-testes.com.br\/agazeta\/#website","url":"https:\/\/nk7-testes.com.br\/agazeta\/","name":"Agazeta.net","description":"Agazeta.net - Not\u00edcias de Rio Branco\/AC","potentialAction":[{"@type":"SearchAction","target":{"@type":"EntryPoint","urlTemplate":"https:\/\/nk7-testes.com.br\/agazeta\/?s={search_term_string}"},"query-input":{"@type":"PropertyValueSpecification","valueRequired":true,"valueName":"search_term_string"}}],"inLanguage":"pt-BR"},{"@type":"Person","@id":"https:\/\/nk7-testes.com.br\/agazeta\/#\/schema\/person\/6d6e25cb0435eb4a02fd44d30b4e3020","name":"Agazeta.Net","url":"https:\/\/nk7-testes.com.br\/agazeta\/author\/agazeta\/"}]}},"_links":{"self":[{"href":"https:\/\/nk7-testes.com.br\/agazeta\/wp-json\/wp\/v2\/posts\/19586","targetHints":{"allow":["GET"]}}],"collection":[{"href":"https:\/\/nk7-testes.com.br\/agazeta\/wp-json\/wp\/v2\/posts"}],"about":[{"href":"https:\/\/nk7-testes.com.br\/agazeta\/wp-json\/wp\/v2\/types\/post"}],"author":[{"embeddable":true,"href":"https:\/\/nk7-testes.com.br\/agazeta\/wp-json\/wp\/v2\/users\/4"}],"replies":[{"embeddable":true,"href":"https:\/\/nk7-testes.com.br\/agazeta\/wp-json\/wp\/v2\/comments?post=19586"}],"version-history":[{"count":0,"href":"https:\/\/nk7-testes.com.br\/agazeta\/wp-json\/wp\/v2\/posts\/19586\/revisions"}],"wp:featuredmedia":[{"embeddable":true,"href":"https:\/\/nk7-testes.com.br\/agazeta\/wp-json\/wp\/v2\/media\/19585"}],"wp:attachment":[{"href":"https:\/\/nk7-testes.com.br\/agazeta\/wp-json\/wp\/v2\/media?parent=19586"}],"wp:term":[{"taxonomy":"category","embeddable":true,"href":"https:\/\/nk7-testes.com.br\/agazeta\/wp-json\/wp\/v2\/categories?post=19586"},{"taxonomy":"post_tag","embeddable":true,"href":"https:\/\/nk7-testes.com.br\/agazeta\/wp-json\/wp\/v2\/tags?post=19586"}],"curies":[{"name":"wp","href":"https:\/\/api.w.org\/{rel}","templated":true}]}}