{"id":19584,"date":"2015-11-11T22:23:13","date_gmt":"2015-11-11T22:23:13","guid":{"rendered":"https:\/\/abarevegan.com.br\/index.php\/2015\/11\/11\/peao-de-rodeio-morre-em-acidente-de-moto\/"},"modified":"2015-11-11T22:23:13","modified_gmt":"2015-11-11T22:23:13","slug":"peao-de-rodeio-morre-em-acidente-de-moto","status":"publish","type":"post","link":"https:\/\/nk7-testes.com.br\/agazeta\/peao-de-rodeio-morre-em-acidente-de-moto\/","title":{"rendered":"Pe\u00e3o de rodeio morre em acidente de moto"},"content":{"rendered":"<p style=\"text-align: justify;\">Renan morreu no Pronto Socorro de Rio Branco<\/p>\n<p style=\"text-align: justify;\">Pe\u00e3o de rodeio morre em acidente de tr\u00e2nsito. A fatalidade aconteceu na manh\u00e3 e ontem na estrada de Porto Acre. O jovem estava dirigindo a motocicleta que ganhou na Expoacre 2015.<\/p>\n<p style=\"text-align: justify;\">Um jovem de muito talento. Com apenas 20 anos de idade, Renan Barbosa disputou na Expoacre deste ano o primeiro rodeio da carreira. Quem assistiu \u00e0s montarias, apostou que o rapaz teria um futuro brilhante nas arenas.<\/p>\n<p style=\"text-align: justify;\">Para a primeira experi\u00eancia da vida de pe\u00e3o de rodeio, Renan treinou na fazenda onde trabalhava com servi\u00e7os gerais. Mesmo sabendo que era um dos favoritos na competi\u00e7\u00e3o, ele se mantinha humilde nas declara\u00e7\u00f5es. \u201cEu tava meio nervoso, n\u00e3o conhecia o boi, mas soltei ele e deu tudo certo\u201d, disse na segunda noite de prova.<\/p>\n<p style=\"text-align: justify;\">E ele quase chegou l\u00e1. Alcan\u00e7ou o segundo lugar no rodeio da Expoacre. Como pr\u00eamio recebeu uma motocicleta. Pouco depois, Renan participou da Expo Juru\u00e1, onde da\u00ed sim, chegou ao primeiro lugar. O rodeio tamb\u00e9m foi emocionante e apontava para uma trajet\u00f3ria de vit\u00f3rias. Mas, na manh\u00e3 desta ter\u00e7a-feira, um tr\u00e1gico acidente levou o pe\u00e3o \u00e0 morte.<\/p>\n<p style=\"text-align: justify;\">O acidente aconteceu no Km 8 da estrada de Porto Acre. Uma rodovia conhecida pelos riscos devido falta de acostamento, buracos e outros problema de infraestrutura. O jovem colidiu na traseira de um carro, n\u00e3o suportou os ferimentos e morreu no Pronto Socorro.<\/p>\n<p style=\"text-align: justify;\">Renan conduzia justamente, a motocicleta que havia ganhado na primeira competi\u00e7\u00e3o de rodeio.<\/p>\n","protected":false},"excerpt":{"rendered":"<p style=\"text-align: justify;\">Renan morreu no Pronto Socorro de Rio Branco<\/p>\n","protected":false},"author":4,"featured_media":19583,"comment_status":"open","ping_status":"open","sticky":false,"template":"","format":"standard","meta":{"jnews-multi-image_gallery":[],"jnews_single_post":[],"jnews_primary_category":[],"jnews_social_meta":[],"jnews_review":[],"enable_review":"","type":"","name":"","summary":"","brand":"","sku":"","good":[],"bad":[],"score_override":"","override_value":"","rating":[],"price":[],"footnotes":""},"categories":[44],"tags":[],"class_list":["post-19584","post","type-post","status-publish","format-standard","has-post-thumbnail","hentry","category-policia"],"yoast_head":"<!-- This site is optimized with the Yoast SEO plugin v26.5 - https:\/\/yoast.com\/wordpress\/plugins\/seo\/ -->\n<title>Pe\u00e3o de rodeio morre em acidente de moto - Agazeta.net<\/title>\n<meta name=\"robots\" content=\"index, follow, max-snippet:-1, max-image-preview:large, max-video-preview:-1\" \/>\n<link rel=\"canonical\" href=\"https:\/\/nk7-testes.com.br\/agazeta\/peao-de-rodeio-morre-em-acidente-de-moto\/\" \/>\n<meta property=\"og:locale\" content=\"pt_BR\" \/>\n<meta property=\"og:type\" content=\"article\" \/>\n<meta property=\"og:title\" content=\"Pe\u00e3o de rodeio morre em acidente de moto - Agazeta.net\" \/>\n<meta property=\"og:description\" content=\"Renan morreu no Pronto Socorro de Rio Branco\" \/>\n<meta property=\"og:url\" content=\"https:\/\/nk7-testes.com.br\/agazeta\/peao-de-rodeio-morre-em-acidente-de-moto\/\" \/>\n<meta property=\"og:site_name\" content=\"Agazeta.net\" \/>\n<meta property=\"article:published_time\" content=\"2015-11-11T22:23:13+00:00\" \/>\n<meta property=\"og:image\" content=\"https:\/\/nk7-testes.com.br\/agazeta\/wp-content\/uploads\/2015\/11\/111115-policia-peaomorto-cedida.jpg\" \/>\n\t<meta property=\"og:image:width\" content=\"458\" \/>\n\t<meta property=\"og:image:height\" content=\"340\" \/>\n\t<meta property=\"og:image:type\" content=\"image\/jpeg\" \/>\n<meta name=\"author\" content=\"Agazeta.Net\" \/>\n<meta name=\"twitter:card\" content=\"summary_large_image\" \/>\n<meta name=\"twitter:label1\" content=\"Escrito por\" \/>\n\t<meta name=\"twitter:data1\" content=\"Agazeta.Net\" \/>\n\t<meta name=\"twitter:label2\" content=\"Est. tempo de leitura\" \/>\n\t<meta name=\"twitter:data2\" content=\"1 minuto\" \/>\n<script type=\"application\/ld+json\" class=\"yoast-schema-graph\">{\"@context\":\"https:\/\/schema.org\",\"@graph\":[{\"@type\":\"WebPage\",\"@id\":\"https:\/\/nk7-testes.com.br\/agazeta\/peao-de-rodeio-morre-em-acidente-de-moto\/\",\"url\":\"https:\/\/nk7-testes.com.br\/agazeta\/peao-de-rodeio-morre-em-acidente-de-moto\/\",\"name\":\"Pe\u00e3o de rodeio morre em acidente de moto - Agazeta.net\",\"isPartOf\":{\"@id\":\"https:\/\/nk7-testes.com.br\/agazeta\/#website\"},\"primaryImageOfPage\":{\"@id\":\"https:\/\/nk7-testes.com.br\/agazeta\/peao-de-rodeio-morre-em-acidente-de-moto\/#primaryimage\"},\"image\":{\"@id\":\"https:\/\/nk7-testes.com.br\/agazeta\/peao-de-rodeio-morre-em-acidente-de-moto\/#primaryimage\"},\"thumbnailUrl\":\"https:\/\/nk7-testes.com.br\/agazeta\/wp-content\/uploads\/2015\/11\/111115-policia-peaomorto-cedida.jpg\",\"datePublished\":\"2015-11-11T22:23:13+00:00\",\"author\":{\"@id\":\"https:\/\/nk7-testes.com.br\/agazeta\/#\/schema\/person\/6d6e25cb0435eb4a02fd44d30b4e3020\"},\"breadcrumb\":{\"@id\":\"https:\/\/nk7-testes.com.br\/agazeta\/peao-de-rodeio-morre-em-acidente-de-moto\/#breadcrumb\"},\"inLanguage\":\"pt-BR\",\"potentialAction\":[{\"@type\":\"ReadAction\",\"target\":[\"https:\/\/nk7-testes.com.br\/agazeta\/peao-de-rodeio-morre-em-acidente-de-moto\/\"]}]},{\"@type\":\"ImageObject\",\"inLanguage\":\"pt-BR\",\"@id\":\"https:\/\/nk7-testes.com.br\/agazeta\/peao-de-rodeio-morre-em-acidente-de-moto\/#primaryimage\",\"url\":\"https:\/\/nk7-testes.com.br\/agazeta\/wp-content\/uploads\/2015\/11\/111115-policia-peaomorto-cedida.jpg\",\"contentUrl\":\"https:\/\/nk7-testes.com.br\/agazeta\/wp-content\/uploads\/2015\/11\/111115-policia-peaomorto-cedida.jpg\",\"width\":458,\"height\":340,\"caption\":\"111115-policia-peaomorto-cedida\"},{\"@type\":\"BreadcrumbList\",\"@id\":\"https:\/\/nk7-testes.com.br\/agazeta\/peao-de-rodeio-morre-em-acidente-de-moto\/#breadcrumb\",\"itemListElement\":[{\"@type\":\"ListItem\",\"position\":1,\"name\":\"In\u00edcio\",\"item\":\"https:\/\/nk7-testes.com.br\/agazeta\/\"},{\"@type\":\"ListItem\",\"position\":2,\"name\":\"Pe\u00e3o de rodeio morre em acidente de moto\"}]},{\"@type\":\"WebSite\",\"@id\":\"https:\/\/nk7-testes.com.br\/agazeta\/#website\",\"url\":\"https:\/\/nk7-testes.com.br\/agazeta\/\",\"name\":\"Agazeta.net\",\"description\":\"Agazeta.net - Not\u00edcias de Rio Branco\/AC\",\"potentialAction\":[{\"@type\":\"SearchAction\",\"target\":{\"@type\":\"EntryPoint\",\"urlTemplate\":\"https:\/\/nk7-testes.com.br\/agazeta\/?s={search_term_string}\"},\"query-input\":{\"@type\":\"PropertyValueSpecification\",\"valueRequired\":true,\"valueName\":\"search_term_string\"}}],\"inLanguage\":\"pt-BR\"},{\"@type\":\"Person\",\"@id\":\"https:\/\/nk7-testes.com.br\/agazeta\/#\/schema\/person\/6d6e25cb0435eb4a02fd44d30b4e3020\",\"name\":\"Agazeta.Net\",\"url\":\"https:\/\/nk7-testes.com.br\/agazeta\/author\/agazeta\/\"}]}<\/script>\n<!-- \/ Yoast SEO plugin. -->","yoast_head_json":{"title":"Pe\u00e3o de rodeio morre em acidente de moto - Agazeta.net","robots":{"index":"index","follow":"follow","max-snippet":"max-snippet:-1","max-image-preview":"max-image-preview:large","max-video-preview":"max-video-preview:-1"},"canonical":"https:\/\/nk7-testes.com.br\/agazeta\/peao-de-rodeio-morre-em-acidente-de-moto\/","og_locale":"pt_BR","og_type":"article","og_title":"Pe\u00e3o de rodeio morre em acidente de moto - Agazeta.net","og_description":"Renan morreu no Pronto Socorro de Rio Branco","og_url":"https:\/\/nk7-testes.com.br\/agazeta\/peao-de-rodeio-morre-em-acidente-de-moto\/","og_site_name":"Agazeta.net","article_published_time":"2015-11-11T22:23:13+00:00","og_image":[{"width":458,"height":340,"url":"https:\/\/nk7-testes.com.br\/agazeta\/wp-content\/uploads\/2015\/11\/111115-policia-peaomorto-cedida.jpg","type":"image\/jpeg"}],"author":"Agazeta.Net","twitter_card":"summary_large_image","twitter_misc":{"Escrito por":"Agazeta.Net","Est. tempo de leitura":"1 minuto"},"schema":{"@context":"https:\/\/schema.org","@graph":[{"@type":"WebPage","@id":"https:\/\/nk7-testes.com.br\/agazeta\/peao-de-rodeio-morre-em-acidente-de-moto\/","url":"https:\/\/nk7-testes.com.br\/agazeta\/peao-de-rodeio-morre-em-acidente-de-moto\/","name":"Pe\u00e3o de rodeio morre em acidente de moto - Agazeta.net","isPartOf":{"@id":"https:\/\/nk7-testes.com.br\/agazeta\/#website"},"primaryImageOfPage":{"@id":"https:\/\/nk7-testes.com.br\/agazeta\/peao-de-rodeio-morre-em-acidente-de-moto\/#primaryimage"},"image":{"@id":"https:\/\/nk7-testes.com.br\/agazeta\/peao-de-rodeio-morre-em-acidente-de-moto\/#primaryimage"},"thumbnailUrl":"https:\/\/nk7-testes.com.br\/agazeta\/wp-content\/uploads\/2015\/11\/111115-policia-peaomorto-cedida.jpg","datePublished":"2015-11-11T22:23:13+00:00","author":{"@id":"https:\/\/nk7-testes.com.br\/agazeta\/#\/schema\/person\/6d6e25cb0435eb4a02fd44d30b4e3020"},"breadcrumb":{"@id":"https:\/\/nk7-testes.com.br\/agazeta\/peao-de-rodeio-morre-em-acidente-de-moto\/#breadcrumb"},"inLanguage":"pt-BR","potentialAction":[{"@type":"ReadAction","target":["https:\/\/nk7-testes.com.br\/agazeta\/peao-de-rodeio-morre-em-acidente-de-moto\/"]}]},{"@type":"ImageObject","inLanguage":"pt-BR","@id":"https:\/\/nk7-testes.com.br\/agazeta\/peao-de-rodeio-morre-em-acidente-de-moto\/#primaryimage","url":"https:\/\/nk7-testes.com.br\/agazeta\/wp-content\/uploads\/2015\/11\/111115-policia-peaomorto-cedida.jpg","contentUrl":"https:\/\/nk7-testes.com.br\/agazeta\/wp-content\/uploads\/2015\/11\/111115-policia-peaomorto-cedida.jpg","width":458,"height":340,"caption":"111115-policia-peaomorto-cedida"},{"@type":"BreadcrumbList","@id":"https:\/\/nk7-testes.com.br\/agazeta\/peao-de-rodeio-morre-em-acidente-de-moto\/#breadcrumb","itemListElement":[{"@type":"ListItem","position":1,"name":"In\u00edcio","item":"https:\/\/nk7-testes.com.br\/agazeta\/"},{"@type":"ListItem","position":2,"name":"Pe\u00e3o de rodeio morre em acidente de moto"}]},{"@type":"WebSite","@id":"https:\/\/nk7-testes.com.br\/agazeta\/#website","url":"https:\/\/nk7-testes.com.br\/agazeta\/","name":"Agazeta.net","description":"Agazeta.net - Not\u00edcias de Rio Branco\/AC","potentialAction":[{"@type":"SearchAction","target":{"@type":"EntryPoint","urlTemplate":"https:\/\/nk7-testes.com.br\/agazeta\/?s={search_term_string}"},"query-input":{"@type":"PropertyValueSpecification","valueRequired":true,"valueName":"search_term_string"}}],"inLanguage":"pt-BR"},{"@type":"Person","@id":"https:\/\/nk7-testes.com.br\/agazeta\/#\/schema\/person\/6d6e25cb0435eb4a02fd44d30b4e3020","name":"Agazeta.Net","url":"https:\/\/nk7-testes.com.br\/agazeta\/author\/agazeta\/"}]}},"_links":{"self":[{"href":"https:\/\/nk7-testes.com.br\/agazeta\/wp-json\/wp\/v2\/posts\/19584","targetHints":{"allow":["GET"]}}],"collection":[{"href":"https:\/\/nk7-testes.com.br\/agazeta\/wp-json\/wp\/v2\/posts"}],"about":[{"href":"https:\/\/nk7-testes.com.br\/agazeta\/wp-json\/wp\/v2\/types\/post"}],"author":[{"embeddable":true,"href":"https:\/\/nk7-testes.com.br\/agazeta\/wp-json\/wp\/v2\/users\/4"}],"replies":[{"embeddable":true,"href":"https:\/\/nk7-testes.com.br\/agazeta\/wp-json\/wp\/v2\/comments?post=19584"}],"version-history":[{"count":0,"href":"https:\/\/nk7-testes.com.br\/agazeta\/wp-json\/wp\/v2\/posts\/19584\/revisions"}],"wp:featuredmedia":[{"embeddable":true,"href":"https:\/\/nk7-testes.com.br\/agazeta\/wp-json\/wp\/v2\/media\/19583"}],"wp:attachment":[{"href":"https:\/\/nk7-testes.com.br\/agazeta\/wp-json\/wp\/v2\/media?parent=19584"}],"wp:term":[{"taxonomy":"category","embeddable":true,"href":"https:\/\/nk7-testes.com.br\/agazeta\/wp-json\/wp\/v2\/categories?post=19584"},{"taxonomy":"post_tag","embeddable":true,"href":"https:\/\/nk7-testes.com.br\/agazeta\/wp-json\/wp\/v2\/tags?post=19584"}],"curies":[{"name":"wp","href":"https:\/\/api.w.org\/{rel}","templated":true}]}}