{"id":19580,"date":"2015-11-11T22:15:43","date_gmt":"2015-11-11T22:15:43","guid":{"rendered":"https:\/\/abarevegan.com.br\/index.php\/2015\/11\/11\/tj-abre-inscricoes-para-a-1-corrida-pela-vida\/"},"modified":"2015-11-11T22:15:43","modified_gmt":"2015-11-11T22:15:43","slug":"tj-abre-inscricoes-para-a-1-corrida-pela-vida","status":"publish","type":"post","link":"https:\/\/nk7-testes.com.br\/agazeta\/tj-abre-inscricoes-para-a-1-corrida-pela-vida\/","title":{"rendered":"TJ abre inscri\u00e7\u00f5es para a 1\u00aa Corrida pela Vida"},"content":{"rendered":"<p style=\"text-align: justify;\">Corrida acontece dia 21 deste m\u00eas<\/p>\n<p style=\"text-align: justify;\">O Tribunal de Justi\u00e7a do Acre (TJAC), por meio do Programa Qualidade de Vida, j\u00e1 est\u00e1 recebendo as inscri\u00e7\u00f5es para a 1\u00aa Corrida pela Vida, uma iniciativa do Poder Judici\u00e1rio Acreano voltada \u00e0 campanha Novembro Azul, que tem o de conscientizar os homens sobre a import\u00e2ncia da preven\u00e7\u00e3o e do diagn\u00f3stico precoce do c\u00e2ncer de pr\u00f3stata e outras doen\u00e7as masculinas.<\/p>\n<p style=\"text-align: justify;\">A competi\u00e7\u00e3o, cuja largada acontecer\u00e1 \u00e0s 8h do dia 21 deste m\u00eas, de frente \u00e0 Sede Administrativa do TJAC, ter\u00e1 percursos de cinco e 10 quil\u00f4metros, com limite m\u00e1ximo de 200 participantes.<\/p>\n<p style=\"text-align: justify;\">Para participar da corrida, o atleta dever\u00e1 fazer sua inscri\u00e7\u00e3o atrav\u00e9s de um link da Eventos Esportivos, organiza\u00e7\u00e3o parceira do Tribunal nesta iniciativa. A taxa de inscri\u00e7\u00e3o \u00e9 no valor de R$ 30, sendo que os 100 primeiros inscritos \u2013 no prazo m\u00e1ximo de 15 de novembro -, ter\u00e3o direito a um kit completo (contendo uma camisa do evento, n\u00famero de peito, medalha e uma garrafa squeeze).<\/p>\n<p style=\"text-align: justify;\">A competi\u00e7\u00e3o \u00e9 aberta ao p\u00fablico interno e externo, com premia\u00e7\u00f5es para os tr\u00eas primeiros colocados. Os outros 100 devem se inscrever at\u00e9 o dia 18 de novembro e, neste caso, ter\u00e3o direito ao n\u00famero de peito, medalha e uma garrafa squeeze.<\/p>\n<p style=\"text-align: justify;\">A concentra\u00e7\u00e3o para o evento esportivo ter\u00e1 in\u00edcio \u00e0s 7h, na Sede Administrativa do Tribunal de Justi\u00e7a, quando a equipe de fisioterapeutas do Programa Qualidade de Vida proceder\u00e1 com exerc\u00edcios de alongamento para os atletas que participar\u00e3o da corrida. J\u00e1 a seguran\u00e7a da prova receber\u00e1 apoio dos \u00f3rg\u00e3os competentes e haver\u00e1 monitores para a orienta\u00e7\u00e3o dos participantes.<\/p>\n<p style=\"text-align: justify;\"><strong>Intensificando atividades<\/strong><\/p>\n<p style=\"text-align: justify;\">A abertura oficial do Novembro Azul no \u00e2mbito do Tribunal de Justi\u00e7a do Acre, apesar das diversas atividades alusivas \u00e0 campanha que j\u00e1 movimentam o Judici\u00e1rio Acreano, acontecer\u00e1 na pr\u00f3xima ter\u00e7a-feira (17), a partir das 8h, na Sede Administrativa do TJAC. Na oportunidade, ser\u00e3o desenvolvidas v\u00e1rias atividades voltadas \u00e0 sa\u00fade e ao bem-estar do homem.<\/p>\n<p style=\"text-align: justify;\">A a\u00e7\u00e3o se estende at\u00e9 o dia 21 de novembro, com atividades no F\u00f3rum Criminal, F\u00f3rum da Avenida Cear\u00e1, Juizados Especiais, Juizado da Inf\u00e2ncia e da Juventude e F\u00f3rum Bar\u00e3o do Rio Branco.<\/p>\n<p style=\"text-align: justify;\"><strong>Preven\u00e7\u00e3o<\/strong><\/p>\n<p style=\"text-align: justify;\">O Novembro Azul \u00e9 uma campanha de conscientiza\u00e7\u00e3o realizada por diversas entidades no m\u00eas de novembro dirigida \u00e0 sociedade e aos homens sobre a import\u00e2ncia da preven\u00e7\u00e3o e do diagn\u00f3stico precoce do c\u00e2ncer de pr\u00f3stata e outras doen\u00e7as masculinas.<\/p>\n<p style=\"text-align: justify;\">O c\u00e2ncer de pr\u00f3stata \u00e9 o c\u00e2ncer mais frequente no sexo masculino, ficando atr\u00e1s apenas do c\u00e2ncer de pele n\u00e3o menaloma. Estat\u00edsticas apontam que a cada seis homens, um \u00e9 portador da doen\u00e7a. A estimativa \u00e9 de que, em 2014, 69 mil novos casos sejam diagnosticados, ou seja, a descoberta de um caso a cada 7,6 minutos.<\/p>\n<p style=\"text-align: justify;\">No intuito de conscientizar a popula\u00e7\u00e3o masculina sobre a doen\u00e7a, visando a diminuir a taxa de mortalidade, que ainda \u00e9 alta, o Instituto Lado a Lado pela Vida e a Sociedade Brasileira de Urologia (SBU) desenvolvem o Novembro Azul, uma iniciativa que j\u00e1 faz parte do calend\u00e1rio nacional das campanhas de preven\u00e7\u00e3o no Brasil. O objetivo \u00e9 combater a doen\u00e7a e, principalmente, motivar a popula\u00e7\u00e3o masculina a fazer exames preventivos.<\/p>\n","protected":false},"excerpt":{"rendered":"<p style=\"text-align: justify;\">Corrida acontece dia 21 deste m\u00eas<\/p>\n","protected":false},"author":4,"featured_media":19579,"comment_status":"open","ping_status":"open","sticky":false,"template":"","format":"standard","meta":{"jnews-multi-image_gallery":[],"jnews_single_post":[],"jnews_primary_category":[],"jnews_social_meta":[],"jnews_review":[],"enable_review":"","type":"","name":"","summary":"","brand":"","sku":"","good":[],"bad":[],"score_override":"","override_value":"","rating":[],"price":[],"footnotes":""},"categories":[54],"tags":[],"class_list":["post-19580","post","type-post","status-publish","format-standard","has-post-thumbnail","hentry","category-cotidiano"],"yoast_head":"<!-- This site is optimized with the Yoast SEO plugin v26.5 - https:\/\/yoast.com\/wordpress\/plugins\/seo\/ -->\n<title>TJ abre inscri\u00e7\u00f5es para a 1\u00aa Corrida pela Vida - Agazeta.net<\/title>\n<meta name=\"robots\" content=\"index, follow, max-snippet:-1, max-image-preview:large, max-video-preview:-1\" \/>\n<link rel=\"canonical\" href=\"https:\/\/nk7-testes.com.br\/agazeta\/tj-abre-inscricoes-para-a-1-corrida-pela-vida\/\" \/>\n<meta property=\"og:locale\" content=\"pt_BR\" \/>\n<meta property=\"og:type\" content=\"article\" \/>\n<meta property=\"og:title\" content=\"TJ abre inscri\u00e7\u00f5es para a 1\u00aa Corrida pela Vida - Agazeta.net\" \/>\n<meta property=\"og:description\" content=\"Corrida acontece dia 21 deste m\u00eas\" \/>\n<meta property=\"og:url\" content=\"https:\/\/nk7-testes.com.br\/agazeta\/tj-abre-inscricoes-para-a-1-corrida-pela-vida\/\" \/>\n<meta property=\"og:site_name\" content=\"Agazeta.net\" \/>\n<meta property=\"article:published_time\" content=\"2015-11-11T22:15:43+00:00\" \/>\n<meta property=\"og:image\" content=\"https:\/\/nk7-testes.com.br\/agazeta\/wp-content\/uploads\/2015\/11\/111115-cotidiano-corrida-agenciadenoticiasdoacre.jpg\" \/>\n\t<meta property=\"og:image:width\" content=\"458\" \/>\n\t<meta property=\"og:image:height\" content=\"340\" \/>\n\t<meta property=\"og:image:type\" content=\"image\/jpeg\" \/>\n<meta name=\"author\" content=\"Agazeta.Net\" \/>\n<meta name=\"twitter:card\" content=\"summary_large_image\" \/>\n<meta name=\"twitter:label1\" content=\"Escrito por\" \/>\n\t<meta name=\"twitter:data1\" content=\"Agazeta.Net\" \/>\n\t<meta name=\"twitter:label2\" content=\"Est. tempo de leitura\" \/>\n\t<meta name=\"twitter:data2\" content=\"3 minutos\" \/>\n<script type=\"application\/ld+json\" class=\"yoast-schema-graph\">{\"@context\":\"https:\/\/schema.org\",\"@graph\":[{\"@type\":\"WebPage\",\"@id\":\"https:\/\/nk7-testes.com.br\/agazeta\/tj-abre-inscricoes-para-a-1-corrida-pela-vida\/\",\"url\":\"https:\/\/nk7-testes.com.br\/agazeta\/tj-abre-inscricoes-para-a-1-corrida-pela-vida\/\",\"name\":\"TJ abre inscri\u00e7\u00f5es para a 1\u00aa Corrida pela Vida - Agazeta.net\",\"isPartOf\":{\"@id\":\"https:\/\/nk7-testes.com.br\/agazeta\/#website\"},\"primaryImageOfPage\":{\"@id\":\"https:\/\/nk7-testes.com.br\/agazeta\/tj-abre-inscricoes-para-a-1-corrida-pela-vida\/#primaryimage\"},\"image\":{\"@id\":\"https:\/\/nk7-testes.com.br\/agazeta\/tj-abre-inscricoes-para-a-1-corrida-pela-vida\/#primaryimage\"},\"thumbnailUrl\":\"https:\/\/nk7-testes.com.br\/agazeta\/wp-content\/uploads\/2015\/11\/111115-cotidiano-corrida-agenciadenoticiasdoacre.jpg\",\"datePublished\":\"2015-11-11T22:15:43+00:00\",\"author\":{\"@id\":\"https:\/\/nk7-testes.com.br\/agazeta\/#\/schema\/person\/6d6e25cb0435eb4a02fd44d30b4e3020\"},\"breadcrumb\":{\"@id\":\"https:\/\/nk7-testes.com.br\/agazeta\/tj-abre-inscricoes-para-a-1-corrida-pela-vida\/#breadcrumb\"},\"inLanguage\":\"pt-BR\",\"potentialAction\":[{\"@type\":\"ReadAction\",\"target\":[\"https:\/\/nk7-testes.com.br\/agazeta\/tj-abre-inscricoes-para-a-1-corrida-pela-vida\/\"]}]},{\"@type\":\"ImageObject\",\"inLanguage\":\"pt-BR\",\"@id\":\"https:\/\/nk7-testes.com.br\/agazeta\/tj-abre-inscricoes-para-a-1-corrida-pela-vida\/#primaryimage\",\"url\":\"https:\/\/nk7-testes.com.br\/agazeta\/wp-content\/uploads\/2015\/11\/111115-cotidiano-corrida-agenciadenoticiasdoacre.jpg\",\"contentUrl\":\"https:\/\/nk7-testes.com.br\/agazeta\/wp-content\/uploads\/2015\/11\/111115-cotidiano-corrida-agenciadenoticiasdoacre.jpg\",\"width\":458,\"height\":340,\"caption\":\"111115-cotidiano-corrida-agenciadenoticiasdoacre\"},{\"@type\":\"BreadcrumbList\",\"@id\":\"https:\/\/nk7-testes.com.br\/agazeta\/tj-abre-inscricoes-para-a-1-corrida-pela-vida\/#breadcrumb\",\"itemListElement\":[{\"@type\":\"ListItem\",\"position\":1,\"name\":\"In\u00edcio\",\"item\":\"https:\/\/nk7-testes.com.br\/agazeta\/\"},{\"@type\":\"ListItem\",\"position\":2,\"name\":\"TJ abre inscri\u00e7\u00f5es para a 1\u00aa Corrida pela Vida\"}]},{\"@type\":\"WebSite\",\"@id\":\"https:\/\/nk7-testes.com.br\/agazeta\/#website\",\"url\":\"https:\/\/nk7-testes.com.br\/agazeta\/\",\"name\":\"Agazeta.net\",\"description\":\"Agazeta.net - Not\u00edcias de Rio Branco\/AC\",\"potentialAction\":[{\"@type\":\"SearchAction\",\"target\":{\"@type\":\"EntryPoint\",\"urlTemplate\":\"https:\/\/nk7-testes.com.br\/agazeta\/?s={search_term_string}\"},\"query-input\":{\"@type\":\"PropertyValueSpecification\",\"valueRequired\":true,\"valueName\":\"search_term_string\"}}],\"inLanguage\":\"pt-BR\"},{\"@type\":\"Person\",\"@id\":\"https:\/\/nk7-testes.com.br\/agazeta\/#\/schema\/person\/6d6e25cb0435eb4a02fd44d30b4e3020\",\"name\":\"Agazeta.Net\",\"url\":\"https:\/\/nk7-testes.com.br\/agazeta\/author\/agazeta\/\"}]}<\/script>\n<!-- \/ Yoast SEO plugin. -->","yoast_head_json":{"title":"TJ abre inscri\u00e7\u00f5es para a 1\u00aa Corrida pela Vida - Agazeta.net","robots":{"index":"index","follow":"follow","max-snippet":"max-snippet:-1","max-image-preview":"max-image-preview:large","max-video-preview":"max-video-preview:-1"},"canonical":"https:\/\/nk7-testes.com.br\/agazeta\/tj-abre-inscricoes-para-a-1-corrida-pela-vida\/","og_locale":"pt_BR","og_type":"article","og_title":"TJ abre inscri\u00e7\u00f5es para a 1\u00aa Corrida pela Vida - Agazeta.net","og_description":"Corrida acontece dia 21 deste m\u00eas","og_url":"https:\/\/nk7-testes.com.br\/agazeta\/tj-abre-inscricoes-para-a-1-corrida-pela-vida\/","og_site_name":"Agazeta.net","article_published_time":"2015-11-11T22:15:43+00:00","og_image":[{"width":458,"height":340,"url":"https:\/\/nk7-testes.com.br\/agazeta\/wp-content\/uploads\/2015\/11\/111115-cotidiano-corrida-agenciadenoticiasdoacre.jpg","type":"image\/jpeg"}],"author":"Agazeta.Net","twitter_card":"summary_large_image","twitter_misc":{"Escrito por":"Agazeta.Net","Est. tempo de leitura":"3 minutos"},"schema":{"@context":"https:\/\/schema.org","@graph":[{"@type":"WebPage","@id":"https:\/\/nk7-testes.com.br\/agazeta\/tj-abre-inscricoes-para-a-1-corrida-pela-vida\/","url":"https:\/\/nk7-testes.com.br\/agazeta\/tj-abre-inscricoes-para-a-1-corrida-pela-vida\/","name":"TJ abre inscri\u00e7\u00f5es para a 1\u00aa Corrida pela Vida - Agazeta.net","isPartOf":{"@id":"https:\/\/nk7-testes.com.br\/agazeta\/#website"},"primaryImageOfPage":{"@id":"https:\/\/nk7-testes.com.br\/agazeta\/tj-abre-inscricoes-para-a-1-corrida-pela-vida\/#primaryimage"},"image":{"@id":"https:\/\/nk7-testes.com.br\/agazeta\/tj-abre-inscricoes-para-a-1-corrida-pela-vida\/#primaryimage"},"thumbnailUrl":"https:\/\/nk7-testes.com.br\/agazeta\/wp-content\/uploads\/2015\/11\/111115-cotidiano-corrida-agenciadenoticiasdoacre.jpg","datePublished":"2015-11-11T22:15:43+00:00","author":{"@id":"https:\/\/nk7-testes.com.br\/agazeta\/#\/schema\/person\/6d6e25cb0435eb4a02fd44d30b4e3020"},"breadcrumb":{"@id":"https:\/\/nk7-testes.com.br\/agazeta\/tj-abre-inscricoes-para-a-1-corrida-pela-vida\/#breadcrumb"},"inLanguage":"pt-BR","potentialAction":[{"@type":"ReadAction","target":["https:\/\/nk7-testes.com.br\/agazeta\/tj-abre-inscricoes-para-a-1-corrida-pela-vida\/"]}]},{"@type":"ImageObject","inLanguage":"pt-BR","@id":"https:\/\/nk7-testes.com.br\/agazeta\/tj-abre-inscricoes-para-a-1-corrida-pela-vida\/#primaryimage","url":"https:\/\/nk7-testes.com.br\/agazeta\/wp-content\/uploads\/2015\/11\/111115-cotidiano-corrida-agenciadenoticiasdoacre.jpg","contentUrl":"https:\/\/nk7-testes.com.br\/agazeta\/wp-content\/uploads\/2015\/11\/111115-cotidiano-corrida-agenciadenoticiasdoacre.jpg","width":458,"height":340,"caption":"111115-cotidiano-corrida-agenciadenoticiasdoacre"},{"@type":"BreadcrumbList","@id":"https:\/\/nk7-testes.com.br\/agazeta\/tj-abre-inscricoes-para-a-1-corrida-pela-vida\/#breadcrumb","itemListElement":[{"@type":"ListItem","position":1,"name":"In\u00edcio","item":"https:\/\/nk7-testes.com.br\/agazeta\/"},{"@type":"ListItem","position":2,"name":"TJ abre inscri\u00e7\u00f5es para a 1\u00aa Corrida pela Vida"}]},{"@type":"WebSite","@id":"https:\/\/nk7-testes.com.br\/agazeta\/#website","url":"https:\/\/nk7-testes.com.br\/agazeta\/","name":"Agazeta.net","description":"Agazeta.net - Not\u00edcias de Rio Branco\/AC","potentialAction":[{"@type":"SearchAction","target":{"@type":"EntryPoint","urlTemplate":"https:\/\/nk7-testes.com.br\/agazeta\/?s={search_term_string}"},"query-input":{"@type":"PropertyValueSpecification","valueRequired":true,"valueName":"search_term_string"}}],"inLanguage":"pt-BR"},{"@type":"Person","@id":"https:\/\/nk7-testes.com.br\/agazeta\/#\/schema\/person\/6d6e25cb0435eb4a02fd44d30b4e3020","name":"Agazeta.Net","url":"https:\/\/nk7-testes.com.br\/agazeta\/author\/agazeta\/"}]}},"_links":{"self":[{"href":"https:\/\/nk7-testes.com.br\/agazeta\/wp-json\/wp\/v2\/posts\/19580","targetHints":{"allow":["GET"]}}],"collection":[{"href":"https:\/\/nk7-testes.com.br\/agazeta\/wp-json\/wp\/v2\/posts"}],"about":[{"href":"https:\/\/nk7-testes.com.br\/agazeta\/wp-json\/wp\/v2\/types\/post"}],"author":[{"embeddable":true,"href":"https:\/\/nk7-testes.com.br\/agazeta\/wp-json\/wp\/v2\/users\/4"}],"replies":[{"embeddable":true,"href":"https:\/\/nk7-testes.com.br\/agazeta\/wp-json\/wp\/v2\/comments?post=19580"}],"version-history":[{"count":0,"href":"https:\/\/nk7-testes.com.br\/agazeta\/wp-json\/wp\/v2\/posts\/19580\/revisions"}],"wp:featuredmedia":[{"embeddable":true,"href":"https:\/\/nk7-testes.com.br\/agazeta\/wp-json\/wp\/v2\/media\/19579"}],"wp:attachment":[{"href":"https:\/\/nk7-testes.com.br\/agazeta\/wp-json\/wp\/v2\/media?parent=19580"}],"wp:term":[{"taxonomy":"category","embeddable":true,"href":"https:\/\/nk7-testes.com.br\/agazeta\/wp-json\/wp\/v2\/categories?post=19580"},{"taxonomy":"post_tag","embeddable":true,"href":"https:\/\/nk7-testes.com.br\/agazeta\/wp-json\/wp\/v2\/tags?post=19580"}],"curies":[{"name":"wp","href":"https:\/\/api.w.org\/{rel}","templated":true}]}}