{"id":19578,"date":"2015-11-11T21:51:46","date_gmt":"2015-11-11T21:51:46","guid":{"rendered":"https:\/\/abarevegan.com.br\/index.php\/2015\/11\/11\/motociclistas-quase-metade-das-mortes-no-transito-em-2015\/"},"modified":"2015-11-11T21:51:46","modified_gmt":"2015-11-11T21:51:46","slug":"motociclistas-quase-metade-das-mortes-no-transito-em-2015","status":"publish","type":"post","link":"https:\/\/nk7-testes.com.br\/agazeta\/motociclistas-quase-metade-das-mortes-no-transito-em-2015\/","title":{"rendered":"Motociclistas: quase metade das mortes no tr\u00e2nsito em 2015"},"content":{"rendered":"<p style=\"text-align: justify;\">47,8% das mortes de 2015 envolveram motociclistas<\/p>\n<p style=\"text-align: justify;\">\u00c0s v\u00e9speras do Dia Mundial em Homenagem \u00e0s V\u00edtimas de Tr\u00e2nsito, o Acre n\u00e3o tem nada a comemorar. Sobretudo quando se trata de acidentes com v\u00edtimas fatais envolvendo motociclistas.<\/p>\n<p style=\"text-align: justify;\">De janeiro a outubro de 2014, morreram no Acre 24 condutores de motocicletas. Foram 24 mortes de motociclistas em um universo de 61 mortes no tr\u00e2nsito. O que resulta em uma frequ\u00eancia relativa de 39,34%.<\/p>\n<p style=\"text-align: justify;\">No mesmo per\u00edodo, o ano de 2015 se apresenta mais violento com o motociclista, apesar de haver menos mortes com esse p\u00fablico. O problema \u00e9 que houve menos mortes no tr\u00e2nsito. O que fez com que os 22 \u00f3bitos de motociclistas eleva-se a frequ\u00eancia relativa para 47,8%.<\/p>\n<p style=\"text-align: justify;\">Traduzindo: em 2015, quase metade das mortes no tr\u00e2nsito em todo o Acre tinha condutores de motos envolvidos. E h\u00e1 um aspecto que as estat\u00edsticas n\u00e3o conseguem abarcar: o grau de viol\u00eancia.<\/p>\n<p style=\"text-align: justify;\">Na segunda-feira, um acidente com motociclista aconteceu na AC-40. A perna da v\u00edtima foi decepada no momento da colis\u00e3o. O condutor morreu instantes ap\u00f3s, n\u00e3o dando chances \u00e0 equipe de socorro.<\/p>\n<p style=\"text-align: justify;\">Hoje (11), um pe\u00e3o de rodeio conduzia a moto em que ganhou em uma competi\u00e7\u00e3o e se chocou na traseira de uma caminhonete na Estrada de Porto Acre. Morreu no Pronto Socorro do Hospital de Urg\u00eancia e Emerg\u00eancia.<\/p>\n<p style=\"text-align: justify;\"><strong>Maior rigor<\/strong><\/p>\n<p style=\"text-align: justify;\">Um dos fatores que pode melhorar os n\u00fameros apresentados pelo Detran \u00e9 aumentar o rigor na sele\u00e7\u00e3o dos candidatos que pleiteiam carteira com a categoria A (para conduzir motos).<\/p>\n<p style=\"text-align: justify;\">Na Capital, de acordo com o Sindicato das Auto e Moto Escolas do Estado do Acre, em m\u00e9dia, os Centros de Forma\u00e7\u00e3o de Condutores t\u00eam entre 15 e 25 turmas anualmente. Em cada turma h\u00e1 varia\u00e7\u00e3o entre 15 e 30 alunos.<\/p>\n<p style=\"text-align: justify;\">Entre esses alunos, apenas uma pequena parte habilita-se exclusivamente na categoria A. N\u00e3o h\u00e1 seguran\u00e7a estat\u00edstica de qual \u00e9 esse p\u00fablico.<\/p>\n<p style=\"text-align: justify;\">\u201cO intrigante \u00e9 que o condutor muda de atitude assim que \u00e9 habilitado\u201d, defende-se o presidente da Comiss\u00e3o Provis\u00f3ria do Sindicato das Auto e Moto Escolas do Estado do Acre, Jos\u00e9 Luiz Souza da Silva. \u201cA orienta\u00e7\u00e3o \u00e9 dada\u201d.<\/p>\n<p style=\"text-align: justify;\">Na pr\u00e1tica, a teoria n\u00e3o foi bem assimilada. O que se v\u00ea nas ruas s\u00e3o pessoas com per\u00edcia m\u00ednima conduzindo uma motocicleta.<\/p>\n<p style=\"text-align: justify;\">H\u00e1 15 anos, o ent\u00e3o governador Jorge Viana orientava que \u201co Detran do Acre precisa ser conhecido como o lugar mais dif\u00edcil de conseguir uma carteira de motorista e do motociclista\u201d. Centenas de mortes e dois governadores depois, a educa\u00e7\u00e3o no tr\u00e2nsito no Acre dispensa apresenta\u00e7\u00e3o.<\/p>\n<p style=\"text-align: justify;\"><strong>Categoria A em n\u00fameros<\/strong><\/p>\n<p style=\"text-align: justify;\">Permiss\u00e3o para dirigir categorias A e B: 5.694<br \/>CNH definitiva com adi\u00e7\u00e3o da categoria A: 14<br \/>Mudan\u00e7a de categoria e adi\u00e7\u00e3o da categoria A: 9<br \/>Registro de carteira com adi\u00e7\u00e3o da categoria A: 3<br \/>Permiss\u00e3o para dirigir categoria A: 2.326<br \/>Adi\u00e7\u00e3o da categoria A: 212<br \/>Adi\u00e7\u00e3o da categoria A com altera\u00e7\u00e3o de dados: 46<\/p>\n<p style=\"text-align: justify;\"><em><strong>Fonte:<\/strong> Sistema de Gest\u00e3o de Habilita\u00e7\u00e3o- Detran\/AC<\/em><\/p>\n","protected":false},"excerpt":{"rendered":"<p style=\"text-align: justify;\">47,8% das mortes de 2015 envolveram motociclistas<\/p>\n","protected":false},"author":4,"featured_media":19577,"comment_status":"open","ping_status":"open","sticky":false,"template":"","format":"standard","meta":{"jnews-multi-image_gallery":[],"jnews_single_post":[],"jnews_primary_category":[],"jnews_social_meta":[],"jnews_review":[],"enable_review":"","type":"","name":"","summary":"","brand":"","sku":"","good":[],"bad":[],"score_override":"","override_value":"","rating":[],"price":[],"footnotes":""},"categories":[54],"tags":[],"class_list":["post-19578","post","type-post","status-publish","format-standard","has-post-thumbnail","hentry","category-cotidiano"],"yoast_head":"<!-- This site is optimized with the Yoast SEO plugin v26.5 - https:\/\/yoast.com\/wordpress\/plugins\/seo\/ -->\n<title>Motociclistas: quase metade das mortes no tr\u00e2nsito em 2015 - Agazeta.net<\/title>\n<meta name=\"robots\" content=\"index, follow, max-snippet:-1, max-image-preview:large, max-video-preview:-1\" \/>\n<link rel=\"canonical\" href=\"https:\/\/nk7-testes.com.br\/agazeta\/motociclistas-quase-metade-das-mortes-no-transito-em-2015\/\" \/>\n<meta property=\"og:locale\" content=\"pt_BR\" \/>\n<meta property=\"og:type\" content=\"article\" \/>\n<meta property=\"og:title\" content=\"Motociclistas: quase metade das mortes no tr\u00e2nsito em 2015 - Agazeta.net\" \/>\n<meta property=\"og:description\" content=\"47,8% das mortes de 2015 envolveram motociclistas\" \/>\n<meta property=\"og:url\" content=\"https:\/\/nk7-testes.com.br\/agazeta\/motociclistas-quase-metade-das-mortes-no-transito-em-2015\/\" \/>\n<meta property=\"og:site_name\" content=\"Agazeta.net\" \/>\n<meta property=\"article:published_time\" content=\"2015-11-11T21:51:46+00:00\" \/>\n<meta property=\"og:image\" content=\"https:\/\/nk7-testes.com.br\/agazeta\/wp-content\/uploads\/2015\/11\/111115-policia-acidentemoto-cleriston.jpg\" \/>\n\t<meta property=\"og:image:width\" content=\"458\" \/>\n\t<meta property=\"og:image:height\" content=\"340\" \/>\n\t<meta property=\"og:image:type\" content=\"image\/jpeg\" \/>\n<meta name=\"author\" content=\"Agazeta.Net\" \/>\n<meta name=\"twitter:card\" content=\"summary_large_image\" \/>\n<meta name=\"twitter:label1\" content=\"Escrito por\" \/>\n\t<meta name=\"twitter:data1\" content=\"Agazeta.Net\" \/>\n\t<meta name=\"twitter:label2\" content=\"Est. tempo de leitura\" \/>\n\t<meta name=\"twitter:data2\" content=\"3 minutos\" \/>\n<script type=\"application\/ld+json\" class=\"yoast-schema-graph\">{\"@context\":\"https:\/\/schema.org\",\"@graph\":[{\"@type\":\"WebPage\",\"@id\":\"https:\/\/nk7-testes.com.br\/agazeta\/motociclistas-quase-metade-das-mortes-no-transito-em-2015\/\",\"url\":\"https:\/\/nk7-testes.com.br\/agazeta\/motociclistas-quase-metade-das-mortes-no-transito-em-2015\/\",\"name\":\"Motociclistas: quase metade das mortes no tr\u00e2nsito em 2015 - Agazeta.net\",\"isPartOf\":{\"@id\":\"https:\/\/nk7-testes.com.br\/agazeta\/#website\"},\"primaryImageOfPage\":{\"@id\":\"https:\/\/nk7-testes.com.br\/agazeta\/motociclistas-quase-metade-das-mortes-no-transito-em-2015\/#primaryimage\"},\"image\":{\"@id\":\"https:\/\/nk7-testes.com.br\/agazeta\/motociclistas-quase-metade-das-mortes-no-transito-em-2015\/#primaryimage\"},\"thumbnailUrl\":\"https:\/\/nk7-testes.com.br\/agazeta\/wp-content\/uploads\/2015\/11\/111115-policia-acidentemoto-cleriston.jpg\",\"datePublished\":\"2015-11-11T21:51:46+00:00\",\"author\":{\"@id\":\"https:\/\/nk7-testes.com.br\/agazeta\/#\/schema\/person\/6d6e25cb0435eb4a02fd44d30b4e3020\"},\"breadcrumb\":{\"@id\":\"https:\/\/nk7-testes.com.br\/agazeta\/motociclistas-quase-metade-das-mortes-no-transito-em-2015\/#breadcrumb\"},\"inLanguage\":\"pt-BR\",\"potentialAction\":[{\"@type\":\"ReadAction\",\"target\":[\"https:\/\/nk7-testes.com.br\/agazeta\/motociclistas-quase-metade-das-mortes-no-transito-em-2015\/\"]}]},{\"@type\":\"ImageObject\",\"inLanguage\":\"pt-BR\",\"@id\":\"https:\/\/nk7-testes.com.br\/agazeta\/motociclistas-quase-metade-das-mortes-no-transito-em-2015\/#primaryimage\",\"url\":\"https:\/\/nk7-testes.com.br\/agazeta\/wp-content\/uploads\/2015\/11\/111115-policia-acidentemoto-cleriston.jpg\",\"contentUrl\":\"https:\/\/nk7-testes.com.br\/agazeta\/wp-content\/uploads\/2015\/11\/111115-policia-acidentemoto-cleriston.jpg\",\"width\":458,\"height\":340,\"caption\":\"111115-policia-acidentemoto-cleriston\"},{\"@type\":\"BreadcrumbList\",\"@id\":\"https:\/\/nk7-testes.com.br\/agazeta\/motociclistas-quase-metade-das-mortes-no-transito-em-2015\/#breadcrumb\",\"itemListElement\":[{\"@type\":\"ListItem\",\"position\":1,\"name\":\"In\u00edcio\",\"item\":\"https:\/\/nk7-testes.com.br\/agazeta\/\"},{\"@type\":\"ListItem\",\"position\":2,\"name\":\"Motociclistas: quase metade das mortes no tr\u00e2nsito em 2015\"}]},{\"@type\":\"WebSite\",\"@id\":\"https:\/\/nk7-testes.com.br\/agazeta\/#website\",\"url\":\"https:\/\/nk7-testes.com.br\/agazeta\/\",\"name\":\"Agazeta.net\",\"description\":\"Agazeta.net - Not\u00edcias de Rio Branco\/AC\",\"potentialAction\":[{\"@type\":\"SearchAction\",\"target\":{\"@type\":\"EntryPoint\",\"urlTemplate\":\"https:\/\/nk7-testes.com.br\/agazeta\/?s={search_term_string}\"},\"query-input\":{\"@type\":\"PropertyValueSpecification\",\"valueRequired\":true,\"valueName\":\"search_term_string\"}}],\"inLanguage\":\"pt-BR\"},{\"@type\":\"Person\",\"@id\":\"https:\/\/nk7-testes.com.br\/agazeta\/#\/schema\/person\/6d6e25cb0435eb4a02fd44d30b4e3020\",\"name\":\"Agazeta.Net\",\"url\":\"https:\/\/nk7-testes.com.br\/agazeta\/author\/agazeta\/\"}]}<\/script>\n<!-- \/ Yoast SEO plugin. -->","yoast_head_json":{"title":"Motociclistas: quase metade das mortes no tr\u00e2nsito em 2015 - Agazeta.net","robots":{"index":"index","follow":"follow","max-snippet":"max-snippet:-1","max-image-preview":"max-image-preview:large","max-video-preview":"max-video-preview:-1"},"canonical":"https:\/\/nk7-testes.com.br\/agazeta\/motociclistas-quase-metade-das-mortes-no-transito-em-2015\/","og_locale":"pt_BR","og_type":"article","og_title":"Motociclistas: quase metade das mortes no tr\u00e2nsito em 2015 - Agazeta.net","og_description":"47,8% das mortes de 2015 envolveram motociclistas","og_url":"https:\/\/nk7-testes.com.br\/agazeta\/motociclistas-quase-metade-das-mortes-no-transito-em-2015\/","og_site_name":"Agazeta.net","article_published_time":"2015-11-11T21:51:46+00:00","og_image":[{"width":458,"height":340,"url":"https:\/\/nk7-testes.com.br\/agazeta\/wp-content\/uploads\/2015\/11\/111115-policia-acidentemoto-cleriston.jpg","type":"image\/jpeg"}],"author":"Agazeta.Net","twitter_card":"summary_large_image","twitter_misc":{"Escrito por":"Agazeta.Net","Est. tempo de leitura":"3 minutos"},"schema":{"@context":"https:\/\/schema.org","@graph":[{"@type":"WebPage","@id":"https:\/\/nk7-testes.com.br\/agazeta\/motociclistas-quase-metade-das-mortes-no-transito-em-2015\/","url":"https:\/\/nk7-testes.com.br\/agazeta\/motociclistas-quase-metade-das-mortes-no-transito-em-2015\/","name":"Motociclistas: quase metade das mortes no tr\u00e2nsito em 2015 - Agazeta.net","isPartOf":{"@id":"https:\/\/nk7-testes.com.br\/agazeta\/#website"},"primaryImageOfPage":{"@id":"https:\/\/nk7-testes.com.br\/agazeta\/motociclistas-quase-metade-das-mortes-no-transito-em-2015\/#primaryimage"},"image":{"@id":"https:\/\/nk7-testes.com.br\/agazeta\/motociclistas-quase-metade-das-mortes-no-transito-em-2015\/#primaryimage"},"thumbnailUrl":"https:\/\/nk7-testes.com.br\/agazeta\/wp-content\/uploads\/2015\/11\/111115-policia-acidentemoto-cleriston.jpg","datePublished":"2015-11-11T21:51:46+00:00","author":{"@id":"https:\/\/nk7-testes.com.br\/agazeta\/#\/schema\/person\/6d6e25cb0435eb4a02fd44d30b4e3020"},"breadcrumb":{"@id":"https:\/\/nk7-testes.com.br\/agazeta\/motociclistas-quase-metade-das-mortes-no-transito-em-2015\/#breadcrumb"},"inLanguage":"pt-BR","potentialAction":[{"@type":"ReadAction","target":["https:\/\/nk7-testes.com.br\/agazeta\/motociclistas-quase-metade-das-mortes-no-transito-em-2015\/"]}]},{"@type":"ImageObject","inLanguage":"pt-BR","@id":"https:\/\/nk7-testes.com.br\/agazeta\/motociclistas-quase-metade-das-mortes-no-transito-em-2015\/#primaryimage","url":"https:\/\/nk7-testes.com.br\/agazeta\/wp-content\/uploads\/2015\/11\/111115-policia-acidentemoto-cleriston.jpg","contentUrl":"https:\/\/nk7-testes.com.br\/agazeta\/wp-content\/uploads\/2015\/11\/111115-policia-acidentemoto-cleriston.jpg","width":458,"height":340,"caption":"111115-policia-acidentemoto-cleriston"},{"@type":"BreadcrumbList","@id":"https:\/\/nk7-testes.com.br\/agazeta\/motociclistas-quase-metade-das-mortes-no-transito-em-2015\/#breadcrumb","itemListElement":[{"@type":"ListItem","position":1,"name":"In\u00edcio","item":"https:\/\/nk7-testes.com.br\/agazeta\/"},{"@type":"ListItem","position":2,"name":"Motociclistas: quase metade das mortes no tr\u00e2nsito em 2015"}]},{"@type":"WebSite","@id":"https:\/\/nk7-testes.com.br\/agazeta\/#website","url":"https:\/\/nk7-testes.com.br\/agazeta\/","name":"Agazeta.net","description":"Agazeta.net - Not\u00edcias de Rio Branco\/AC","potentialAction":[{"@type":"SearchAction","target":{"@type":"EntryPoint","urlTemplate":"https:\/\/nk7-testes.com.br\/agazeta\/?s={search_term_string}"},"query-input":{"@type":"PropertyValueSpecification","valueRequired":true,"valueName":"search_term_string"}}],"inLanguage":"pt-BR"},{"@type":"Person","@id":"https:\/\/nk7-testes.com.br\/agazeta\/#\/schema\/person\/6d6e25cb0435eb4a02fd44d30b4e3020","name":"Agazeta.Net","url":"https:\/\/nk7-testes.com.br\/agazeta\/author\/agazeta\/"}]}},"_links":{"self":[{"href":"https:\/\/nk7-testes.com.br\/agazeta\/wp-json\/wp\/v2\/posts\/19578","targetHints":{"allow":["GET"]}}],"collection":[{"href":"https:\/\/nk7-testes.com.br\/agazeta\/wp-json\/wp\/v2\/posts"}],"about":[{"href":"https:\/\/nk7-testes.com.br\/agazeta\/wp-json\/wp\/v2\/types\/post"}],"author":[{"embeddable":true,"href":"https:\/\/nk7-testes.com.br\/agazeta\/wp-json\/wp\/v2\/users\/4"}],"replies":[{"embeddable":true,"href":"https:\/\/nk7-testes.com.br\/agazeta\/wp-json\/wp\/v2\/comments?post=19578"}],"version-history":[{"count":0,"href":"https:\/\/nk7-testes.com.br\/agazeta\/wp-json\/wp\/v2\/posts\/19578\/revisions"}],"wp:featuredmedia":[{"embeddable":true,"href":"https:\/\/nk7-testes.com.br\/agazeta\/wp-json\/wp\/v2\/media\/19577"}],"wp:attachment":[{"href":"https:\/\/nk7-testes.com.br\/agazeta\/wp-json\/wp\/v2\/media?parent=19578"}],"wp:term":[{"taxonomy":"category","embeddable":true,"href":"https:\/\/nk7-testes.com.br\/agazeta\/wp-json\/wp\/v2\/categories?post=19578"},{"taxonomy":"post_tag","embeddable":true,"href":"https:\/\/nk7-testes.com.br\/agazeta\/wp-json\/wp\/v2\/tags?post=19578"}],"curies":[{"name":"wp","href":"https:\/\/api.w.org\/{rel}","templated":true}]}}