{"id":19565,"date":"2015-11-11T15:32:00","date_gmt":"2015-11-11T15:32:00","guid":{"rendered":"https:\/\/abarevegan.com.br\/index.php\/2015\/11\/11\/jovem-decepa-cabeca-de-homem-em-sena-madureira\/"},"modified":"2015-11-11T15:32:00","modified_gmt":"2015-11-11T15:32:00","slug":"jovem-decepa-cabeca-de-homem-em-sena-madureira","status":"publish","type":"post","link":"https:\/\/nk7-testes.com.br\/agazeta\/jovem-decepa-cabeca-de-homem-em-sena-madureira\/","title":{"rendered":"Jovem decepa cabe\u00e7a de homem em Sena Madureira"},"content":{"rendered":"<p style=\"text-align: justify;\">Adolescente cometeu crime com ter\u00e7ado ap\u00f3s bebedeira<\/p>\n<p style=\"text-align: justify;\">Francisco Belarmino, 62, mais conhecido como \u201cM\u00f4co\u201d, estava bebendo na companhia de um menor de 17 anos na comunidade localizada no Ramal do Nac\u00e9lio, a 30 quil\u00f4metros de Sena Madureira.<\/p>\n<p style=\"text-align: justify;\">O adolescente \u00e9 acusado de ter assassinado \u201cM\u00f4co\u201d, decepando a cabe\u00e7a \u00e0 ter\u00e7adadas. O jovem conversou com o site Sena On Line. Ele garante que, em certo momento da divers\u00e3o, \u201cM\u00f4co\u201d come\u00e7ou a chama-lo de vagabundo. Inclusive,, segundo o adolescente, chegou a amea\u00e7\u00e1-lo de morte.<\/p>\n<p style=\"text-align: justify;\">O jovem decidiu mata-lo e esperou por ele em tocaia. Ficou escondido em um matagal pr\u00f3ximo, com a certeza de que Francisco Belarmino passaria por ali para ir \u00e0 casa onde morava.<\/p>\n<p style=\"text-align: justify;\">\u201cAp\u00f3s cometer o crime, foi para casa e comentou com seu pai, onde esperou a pol\u00edcia para se entregar\u201d, informa o site Sena On Line.<\/p>\n","protected":false},"excerpt":{"rendered":"<p style=\"text-align: justify;\">Adolescente cometeu crime com ter\u00e7ado ap\u00f3s bebedeira<\/p>\n","protected":false},"author":4,"featured_media":19564,"comment_status":"open","ping_status":"open","sticky":false,"template":"","format":"standard","meta":{"jnews-multi-image_gallery":[],"jnews_single_post":[],"jnews_primary_category":[],"jnews_social_meta":[],"jnews_review":[],"enable_review":"","type":"","name":"","summary":"","brand":"","sku":"","good":[],"bad":[],"score_override":"","override_value":"","rating":[],"price":[],"footnotes":""},"categories":[44],"tags":[],"class_list":["post-19565","post","type-post","status-publish","format-standard","has-post-thumbnail","hentry","category-policia"],"yoast_head":"<!-- This site is optimized with the Yoast SEO plugin v26.5 - https:\/\/yoast.com\/wordpress\/plugins\/seo\/ -->\n<title>Jovem decepa cabe\u00e7a de homem em Sena Madureira - Agazeta.net<\/title>\n<meta name=\"robots\" content=\"index, follow, max-snippet:-1, max-image-preview:large, max-video-preview:-1\" \/>\n<link rel=\"canonical\" href=\"https:\/\/nk7-testes.com.br\/agazeta\/jovem-decepa-cabeca-de-homem-em-sena-madureira\/\" \/>\n<meta property=\"og:locale\" content=\"pt_BR\" \/>\n<meta property=\"og:type\" content=\"article\" \/>\n<meta property=\"og:title\" content=\"Jovem decepa cabe\u00e7a de homem em Sena Madureira - Agazeta.net\" \/>\n<meta property=\"og:description\" content=\"Adolescente cometeu crime com ter\u00e7ado ap\u00f3s bebedeira\" \/>\n<meta property=\"og:url\" content=\"https:\/\/nk7-testes.com.br\/agazeta\/jovem-decepa-cabeca-de-homem-em-sena-madureira\/\" \/>\n<meta property=\"og:site_name\" content=\"Agazeta.net\" \/>\n<meta property=\"article:published_time\" content=\"2015-11-11T15:32:00+00:00\" \/>\n<meta property=\"og:image\" content=\"https:\/\/nk7-testes.com.br\/agazeta\/wp-content\/uploads\/2015\/11\/111115-policia-homemdegolado-senaonline.jpg\" \/>\n\t<meta property=\"og:image:width\" content=\"458\" \/>\n\t<meta property=\"og:image:height\" content=\"340\" \/>\n\t<meta property=\"og:image:type\" content=\"image\/jpeg\" \/>\n<meta name=\"author\" content=\"Agazeta.Net\" \/>\n<meta name=\"twitter:card\" content=\"summary_large_image\" \/>\n<meta name=\"twitter:label1\" content=\"Escrito por\" \/>\n\t<meta name=\"twitter:data1\" content=\"Agazeta.Net\" \/>\n\t<meta name=\"twitter:label2\" content=\"Est. tempo de leitura\" \/>\n\t<meta name=\"twitter:data2\" content=\"1 minuto\" \/>\n<script type=\"application\/ld+json\" class=\"yoast-schema-graph\">{\"@context\":\"https:\/\/schema.org\",\"@graph\":[{\"@type\":\"WebPage\",\"@id\":\"https:\/\/nk7-testes.com.br\/agazeta\/jovem-decepa-cabeca-de-homem-em-sena-madureira\/\",\"url\":\"https:\/\/nk7-testes.com.br\/agazeta\/jovem-decepa-cabeca-de-homem-em-sena-madureira\/\",\"name\":\"Jovem decepa cabe\u00e7a de homem em Sena Madureira - Agazeta.net\",\"isPartOf\":{\"@id\":\"https:\/\/nk7-testes.com.br\/agazeta\/#website\"},\"primaryImageOfPage\":{\"@id\":\"https:\/\/nk7-testes.com.br\/agazeta\/jovem-decepa-cabeca-de-homem-em-sena-madureira\/#primaryimage\"},\"image\":{\"@id\":\"https:\/\/nk7-testes.com.br\/agazeta\/jovem-decepa-cabeca-de-homem-em-sena-madureira\/#primaryimage\"},\"thumbnailUrl\":\"https:\/\/nk7-testes.com.br\/agazeta\/wp-content\/uploads\/2015\/11\/111115-policia-homemdegolado-senaonline.jpg\",\"datePublished\":\"2015-11-11T15:32:00+00:00\",\"author\":{\"@id\":\"https:\/\/nk7-testes.com.br\/agazeta\/#\/schema\/person\/6d6e25cb0435eb4a02fd44d30b4e3020\"},\"breadcrumb\":{\"@id\":\"https:\/\/nk7-testes.com.br\/agazeta\/jovem-decepa-cabeca-de-homem-em-sena-madureira\/#breadcrumb\"},\"inLanguage\":\"pt-BR\",\"potentialAction\":[{\"@type\":\"ReadAction\",\"target\":[\"https:\/\/nk7-testes.com.br\/agazeta\/jovem-decepa-cabeca-de-homem-em-sena-madureira\/\"]}]},{\"@type\":\"ImageObject\",\"inLanguage\":\"pt-BR\",\"@id\":\"https:\/\/nk7-testes.com.br\/agazeta\/jovem-decepa-cabeca-de-homem-em-sena-madureira\/#primaryimage\",\"url\":\"https:\/\/nk7-testes.com.br\/agazeta\/wp-content\/uploads\/2015\/11\/111115-policia-homemdegolado-senaonline.jpg\",\"contentUrl\":\"https:\/\/nk7-testes.com.br\/agazeta\/wp-content\/uploads\/2015\/11\/111115-policia-homemdegolado-senaonline.jpg\",\"width\":458,\"height\":340,\"caption\":\"111115-policia-homemdegolado-senaonline\"},{\"@type\":\"BreadcrumbList\",\"@id\":\"https:\/\/nk7-testes.com.br\/agazeta\/jovem-decepa-cabeca-de-homem-em-sena-madureira\/#breadcrumb\",\"itemListElement\":[{\"@type\":\"ListItem\",\"position\":1,\"name\":\"In\u00edcio\",\"item\":\"https:\/\/nk7-testes.com.br\/agazeta\/\"},{\"@type\":\"ListItem\",\"position\":2,\"name\":\"Jovem decepa cabe\u00e7a de homem em Sena Madureira\"}]},{\"@type\":\"WebSite\",\"@id\":\"https:\/\/nk7-testes.com.br\/agazeta\/#website\",\"url\":\"https:\/\/nk7-testes.com.br\/agazeta\/\",\"name\":\"Agazeta.net\",\"description\":\"Agazeta.net - Not\u00edcias de Rio Branco\/AC\",\"potentialAction\":[{\"@type\":\"SearchAction\",\"target\":{\"@type\":\"EntryPoint\",\"urlTemplate\":\"https:\/\/nk7-testes.com.br\/agazeta\/?s={search_term_string}\"},\"query-input\":{\"@type\":\"PropertyValueSpecification\",\"valueRequired\":true,\"valueName\":\"search_term_string\"}}],\"inLanguage\":\"pt-BR\"},{\"@type\":\"Person\",\"@id\":\"https:\/\/nk7-testes.com.br\/agazeta\/#\/schema\/person\/6d6e25cb0435eb4a02fd44d30b4e3020\",\"name\":\"Agazeta.Net\",\"url\":\"https:\/\/nk7-testes.com.br\/agazeta\/author\/agazeta\/\"}]}<\/script>\n<!-- \/ Yoast SEO plugin. -->","yoast_head_json":{"title":"Jovem decepa cabe\u00e7a de homem em Sena Madureira - Agazeta.net","robots":{"index":"index","follow":"follow","max-snippet":"max-snippet:-1","max-image-preview":"max-image-preview:large","max-video-preview":"max-video-preview:-1"},"canonical":"https:\/\/nk7-testes.com.br\/agazeta\/jovem-decepa-cabeca-de-homem-em-sena-madureira\/","og_locale":"pt_BR","og_type":"article","og_title":"Jovem decepa cabe\u00e7a de homem em Sena Madureira - Agazeta.net","og_description":"Adolescente cometeu crime com ter\u00e7ado ap\u00f3s bebedeira","og_url":"https:\/\/nk7-testes.com.br\/agazeta\/jovem-decepa-cabeca-de-homem-em-sena-madureira\/","og_site_name":"Agazeta.net","article_published_time":"2015-11-11T15:32:00+00:00","og_image":[{"width":458,"height":340,"url":"https:\/\/nk7-testes.com.br\/agazeta\/wp-content\/uploads\/2015\/11\/111115-policia-homemdegolado-senaonline.jpg","type":"image\/jpeg"}],"author":"Agazeta.Net","twitter_card":"summary_large_image","twitter_misc":{"Escrito por":"Agazeta.Net","Est. tempo de leitura":"1 minuto"},"schema":{"@context":"https:\/\/schema.org","@graph":[{"@type":"WebPage","@id":"https:\/\/nk7-testes.com.br\/agazeta\/jovem-decepa-cabeca-de-homem-em-sena-madureira\/","url":"https:\/\/nk7-testes.com.br\/agazeta\/jovem-decepa-cabeca-de-homem-em-sena-madureira\/","name":"Jovem decepa cabe\u00e7a de homem em Sena Madureira - Agazeta.net","isPartOf":{"@id":"https:\/\/nk7-testes.com.br\/agazeta\/#website"},"primaryImageOfPage":{"@id":"https:\/\/nk7-testes.com.br\/agazeta\/jovem-decepa-cabeca-de-homem-em-sena-madureira\/#primaryimage"},"image":{"@id":"https:\/\/nk7-testes.com.br\/agazeta\/jovem-decepa-cabeca-de-homem-em-sena-madureira\/#primaryimage"},"thumbnailUrl":"https:\/\/nk7-testes.com.br\/agazeta\/wp-content\/uploads\/2015\/11\/111115-policia-homemdegolado-senaonline.jpg","datePublished":"2015-11-11T15:32:00+00:00","author":{"@id":"https:\/\/nk7-testes.com.br\/agazeta\/#\/schema\/person\/6d6e25cb0435eb4a02fd44d30b4e3020"},"breadcrumb":{"@id":"https:\/\/nk7-testes.com.br\/agazeta\/jovem-decepa-cabeca-de-homem-em-sena-madureira\/#breadcrumb"},"inLanguage":"pt-BR","potentialAction":[{"@type":"ReadAction","target":["https:\/\/nk7-testes.com.br\/agazeta\/jovem-decepa-cabeca-de-homem-em-sena-madureira\/"]}]},{"@type":"ImageObject","inLanguage":"pt-BR","@id":"https:\/\/nk7-testes.com.br\/agazeta\/jovem-decepa-cabeca-de-homem-em-sena-madureira\/#primaryimage","url":"https:\/\/nk7-testes.com.br\/agazeta\/wp-content\/uploads\/2015\/11\/111115-policia-homemdegolado-senaonline.jpg","contentUrl":"https:\/\/nk7-testes.com.br\/agazeta\/wp-content\/uploads\/2015\/11\/111115-policia-homemdegolado-senaonline.jpg","width":458,"height":340,"caption":"111115-policia-homemdegolado-senaonline"},{"@type":"BreadcrumbList","@id":"https:\/\/nk7-testes.com.br\/agazeta\/jovem-decepa-cabeca-de-homem-em-sena-madureira\/#breadcrumb","itemListElement":[{"@type":"ListItem","position":1,"name":"In\u00edcio","item":"https:\/\/nk7-testes.com.br\/agazeta\/"},{"@type":"ListItem","position":2,"name":"Jovem decepa cabe\u00e7a de homem em Sena Madureira"}]},{"@type":"WebSite","@id":"https:\/\/nk7-testes.com.br\/agazeta\/#website","url":"https:\/\/nk7-testes.com.br\/agazeta\/","name":"Agazeta.net","description":"Agazeta.net - Not\u00edcias de Rio Branco\/AC","potentialAction":[{"@type":"SearchAction","target":{"@type":"EntryPoint","urlTemplate":"https:\/\/nk7-testes.com.br\/agazeta\/?s={search_term_string}"},"query-input":{"@type":"PropertyValueSpecification","valueRequired":true,"valueName":"search_term_string"}}],"inLanguage":"pt-BR"},{"@type":"Person","@id":"https:\/\/nk7-testes.com.br\/agazeta\/#\/schema\/person\/6d6e25cb0435eb4a02fd44d30b4e3020","name":"Agazeta.Net","url":"https:\/\/nk7-testes.com.br\/agazeta\/author\/agazeta\/"}]}},"_links":{"self":[{"href":"https:\/\/nk7-testes.com.br\/agazeta\/wp-json\/wp\/v2\/posts\/19565","targetHints":{"allow":["GET"]}}],"collection":[{"href":"https:\/\/nk7-testes.com.br\/agazeta\/wp-json\/wp\/v2\/posts"}],"about":[{"href":"https:\/\/nk7-testes.com.br\/agazeta\/wp-json\/wp\/v2\/types\/post"}],"author":[{"embeddable":true,"href":"https:\/\/nk7-testes.com.br\/agazeta\/wp-json\/wp\/v2\/users\/4"}],"replies":[{"embeddable":true,"href":"https:\/\/nk7-testes.com.br\/agazeta\/wp-json\/wp\/v2\/comments?post=19565"}],"version-history":[{"count":0,"href":"https:\/\/nk7-testes.com.br\/agazeta\/wp-json\/wp\/v2\/posts\/19565\/revisions"}],"wp:featuredmedia":[{"embeddable":true,"href":"https:\/\/nk7-testes.com.br\/agazeta\/wp-json\/wp\/v2\/media\/19564"}],"wp:attachment":[{"href":"https:\/\/nk7-testes.com.br\/agazeta\/wp-json\/wp\/v2\/media?parent=19565"}],"wp:term":[{"taxonomy":"category","embeddable":true,"href":"https:\/\/nk7-testes.com.br\/agazeta\/wp-json\/wp\/v2\/categories?post=19565"},{"taxonomy":"post_tag","embeddable":true,"href":"https:\/\/nk7-testes.com.br\/agazeta\/wp-json\/wp\/v2\/tags?post=19565"}],"curies":[{"name":"wp","href":"https:\/\/api.w.org\/{rel}","templated":true}]}}