{"id":19563,"date":"2015-11-11T14:36:40","date_gmt":"2015-11-11T14:36:40","guid":{"rendered":"https:\/\/abarevegan.com.br\/index.php\/2015\/11\/11\/tv-gazeta-crescimento-com-inovacao\/"},"modified":"2015-11-11T14:36:40","modified_gmt":"2015-11-11T14:36:40","slug":"tv-gazeta-crescimento-com-inovacao","status":"publish","type":"post","link":"https:\/\/nk7-testes.com.br\/agazeta\/tv-gazeta-crescimento-com-inovacao\/","title":{"rendered":"TV Gazeta: crescimento com inova\u00e7\u00e3o"},"content":{"rendered":"<p style=\"text-align: justify;\">Investimento em m\u00eddia gera retorno e consolida marca<\/p>\n<p style=\"text-align: justify;\">Empres\u00e1rios, publicit\u00e1rios e executivos do Acre foram recepcionados pela equipe da TV Gazeta, no restaurante La Nonna. O almo\u00e7o mostrou \u00e0 classe empreendedora, as novidades da emissora para 2016.<\/p>\n<p style=\"text-align: justify;\">Em 2015, a TV Gazeta organizou e apoiou v\u00e1rios eventos e, durante a confraterniza\u00e7\u00e3o, essas estrat\u00e9gias foram apresentadas aos empres\u00e1rios.<\/p>\n<p style=\"text-align: justify;\">Quem n\u00e3o sabia, ficou informado sobre o crescimento da TV Gazeta durante o ano de recess\u00e3o econ\u00f4mica: foi a \u00fanica emissora da Rede Record no Norte do pa\u00eds que lan\u00e7ou o programa local, Balan\u00e7o Geral. O jornal das manh\u00e3s do canal 11, comandando por Wesley Moraes, ganhou a simpatia popular com informa\u00e7\u00e3o e entretenimento.<\/p>\n<p style=\"text-align: justify;\">No evento, tamb\u00e9m foi lan\u00e7ada a campanha \u201cChega de Choror\u00f4\u201d. A parceria entre a TV Gazeta e Fenapro (Federa\u00e7\u00e3o Nacional das Ag\u00eancias de Propaganda) visa levar uma mensagem otimista aos empres\u00e1rios, de que mesmo em tempos de crise \u00e9 poss\u00edvel crescer.<\/p>\n<p style=\"text-align: justify;\">\u201cA TV Gazeta teve a participa\u00e7\u00e3o em 2015 de lutar contra essa crise que o mercado especulou. Todos os programas cresceram. Ent\u00e3o a TV Gazeta tem muito o que comemorar e em 2016 vamos fazer muito mais\u201d, afirmou o gerente Comercial da emissora, Rodrigo Pires.<\/p>\n<p style=\"text-align: justify;\">Os parceiros que conhecem o trabalho da equipe Gazeta atestaram a import\u00e2ncia de anunciar no lugar certo. \u201cH\u00e1 seis anos que fazemos investimento na TV Gazeta e n\u00e3o conseguimos nos ver fora. Entendemos que \u00e9 um instrumento de comunica\u00e7\u00e3o com o nosso p\u00fablico e que gera volume de venda\u201d, disse Edson Silva, da Drogaria Popular e Hoje Cosm\u00e9ticos.<\/p>\n<p style=\"text-align: justify;\">O gerente da Gazin, Ger\u00f4nimo Neto, tamb\u00e9m elogiou a iniciativa do encontro com o setor empresarial. \u201cVoc\u00eas est\u00e3o de parab\u00e9ns. N\u00f3s estamos muito felizes de sermos parceiros por tanto tempo\u201d, disse.<\/p>\n","protected":false},"excerpt":{"rendered":"<p style=\"text-align: justify;\">Investimento em m\u00eddia gera retorno e consolida marca<\/p>\n","protected":false},"author":4,"featured_media":19562,"comment_status":"open","ping_status":"open","sticky":false,"template":"","format":"standard","meta":{"jnews-multi-image_gallery":[],"jnews_single_post":[],"jnews_primary_category":[],"jnews_social_meta":[],"jnews_review":[],"enable_review":"","type":"","name":"","summary":"","brand":"","sku":"","good":[],"bad":[],"score_override":"","override_value":"","rating":[],"price":[],"footnotes":""},"categories":[54],"tags":[],"class_list":["post-19563","post","type-post","status-publish","format-standard","has-post-thumbnail","hentry","category-cotidiano"],"yoast_head":"<!-- This site is optimized with the Yoast SEO plugin v26.5 - https:\/\/yoast.com\/wordpress\/plugins\/seo\/ -->\n<title>TV Gazeta: crescimento com inova\u00e7\u00e3o - Agazeta.net<\/title>\n<meta name=\"robots\" content=\"index, follow, max-snippet:-1, max-image-preview:large, max-video-preview:-1\" \/>\n<link rel=\"canonical\" href=\"https:\/\/nk7-testes.com.br\/agazeta\/tv-gazeta-crescimento-com-inovacao\/\" \/>\n<meta property=\"og:locale\" content=\"pt_BR\" \/>\n<meta property=\"og:type\" content=\"article\" \/>\n<meta property=\"og:title\" content=\"TV Gazeta: crescimento com inova\u00e7\u00e3o - Agazeta.net\" \/>\n<meta property=\"og:description\" content=\"Investimento em m\u00eddia gera retorno e consolida marca\" \/>\n<meta property=\"og:url\" content=\"https:\/\/nk7-testes.com.br\/agazeta\/tv-gazeta-crescimento-com-inovacao\/\" \/>\n<meta property=\"og:site_name\" content=\"Agazeta.net\" \/>\n<meta property=\"article:published_time\" content=\"2015-11-11T14:36:40+00:00\" \/>\n<meta property=\"og:image\" content=\"https:\/\/nk7-testes.com.br\/agazeta\/wp-content\/uploads\/2015\/11\/111115-cotidiano-02emacao-tvgazeta.jpg\" \/>\n\t<meta property=\"og:image:width\" content=\"458\" \/>\n\t<meta property=\"og:image:height\" content=\"340\" \/>\n\t<meta property=\"og:image:type\" content=\"image\/jpeg\" \/>\n<meta name=\"author\" content=\"Agazeta.Net\" \/>\n<meta name=\"twitter:card\" content=\"summary_large_image\" \/>\n<meta name=\"twitter:label1\" content=\"Escrito por\" \/>\n\t<meta name=\"twitter:data1\" content=\"Agazeta.Net\" \/>\n\t<meta name=\"twitter:label2\" content=\"Est. tempo de leitura\" \/>\n\t<meta name=\"twitter:data2\" content=\"2 minutos\" \/>\n<script type=\"application\/ld+json\" class=\"yoast-schema-graph\">{\"@context\":\"https:\/\/schema.org\",\"@graph\":[{\"@type\":\"WebPage\",\"@id\":\"https:\/\/nk7-testes.com.br\/agazeta\/tv-gazeta-crescimento-com-inovacao\/\",\"url\":\"https:\/\/nk7-testes.com.br\/agazeta\/tv-gazeta-crescimento-com-inovacao\/\",\"name\":\"TV Gazeta: crescimento com inova\u00e7\u00e3o - Agazeta.net\",\"isPartOf\":{\"@id\":\"https:\/\/nk7-testes.com.br\/agazeta\/#website\"},\"primaryImageOfPage\":{\"@id\":\"https:\/\/nk7-testes.com.br\/agazeta\/tv-gazeta-crescimento-com-inovacao\/#primaryimage\"},\"image\":{\"@id\":\"https:\/\/nk7-testes.com.br\/agazeta\/tv-gazeta-crescimento-com-inovacao\/#primaryimage\"},\"thumbnailUrl\":\"https:\/\/nk7-testes.com.br\/agazeta\/wp-content\/uploads\/2015\/11\/111115-cotidiano-02emacao-tvgazeta.jpg\",\"datePublished\":\"2015-11-11T14:36:40+00:00\",\"author\":{\"@id\":\"https:\/\/nk7-testes.com.br\/agazeta\/#\/schema\/person\/6d6e25cb0435eb4a02fd44d30b4e3020\"},\"breadcrumb\":{\"@id\":\"https:\/\/nk7-testes.com.br\/agazeta\/tv-gazeta-crescimento-com-inovacao\/#breadcrumb\"},\"inLanguage\":\"pt-BR\",\"potentialAction\":[{\"@type\":\"ReadAction\",\"target\":[\"https:\/\/nk7-testes.com.br\/agazeta\/tv-gazeta-crescimento-com-inovacao\/\"]}]},{\"@type\":\"ImageObject\",\"inLanguage\":\"pt-BR\",\"@id\":\"https:\/\/nk7-testes.com.br\/agazeta\/tv-gazeta-crescimento-com-inovacao\/#primaryimage\",\"url\":\"https:\/\/nk7-testes.com.br\/agazeta\/wp-content\/uploads\/2015\/11\/111115-cotidiano-02emacao-tvgazeta.jpg\",\"contentUrl\":\"https:\/\/nk7-testes.com.br\/agazeta\/wp-content\/uploads\/2015\/11\/111115-cotidiano-02emacao-tvgazeta.jpg\",\"width\":458,\"height\":340,\"caption\":\"111115-cotidiano-02emacao-tvgazeta\"},{\"@type\":\"BreadcrumbList\",\"@id\":\"https:\/\/nk7-testes.com.br\/agazeta\/tv-gazeta-crescimento-com-inovacao\/#breadcrumb\",\"itemListElement\":[{\"@type\":\"ListItem\",\"position\":1,\"name\":\"In\u00edcio\",\"item\":\"https:\/\/nk7-testes.com.br\/agazeta\/\"},{\"@type\":\"ListItem\",\"position\":2,\"name\":\"TV Gazeta: crescimento com inova\u00e7\u00e3o\"}]},{\"@type\":\"WebSite\",\"@id\":\"https:\/\/nk7-testes.com.br\/agazeta\/#website\",\"url\":\"https:\/\/nk7-testes.com.br\/agazeta\/\",\"name\":\"Agazeta.net\",\"description\":\"Agazeta.net - Not\u00edcias de Rio Branco\/AC\",\"potentialAction\":[{\"@type\":\"SearchAction\",\"target\":{\"@type\":\"EntryPoint\",\"urlTemplate\":\"https:\/\/nk7-testes.com.br\/agazeta\/?s={search_term_string}\"},\"query-input\":{\"@type\":\"PropertyValueSpecification\",\"valueRequired\":true,\"valueName\":\"search_term_string\"}}],\"inLanguage\":\"pt-BR\"},{\"@type\":\"Person\",\"@id\":\"https:\/\/nk7-testes.com.br\/agazeta\/#\/schema\/person\/6d6e25cb0435eb4a02fd44d30b4e3020\",\"name\":\"Agazeta.Net\",\"url\":\"https:\/\/nk7-testes.com.br\/agazeta\/author\/agazeta\/\"}]}<\/script>\n<!-- \/ Yoast SEO plugin. -->","yoast_head_json":{"title":"TV Gazeta: crescimento com inova\u00e7\u00e3o - Agazeta.net","robots":{"index":"index","follow":"follow","max-snippet":"max-snippet:-1","max-image-preview":"max-image-preview:large","max-video-preview":"max-video-preview:-1"},"canonical":"https:\/\/nk7-testes.com.br\/agazeta\/tv-gazeta-crescimento-com-inovacao\/","og_locale":"pt_BR","og_type":"article","og_title":"TV Gazeta: crescimento com inova\u00e7\u00e3o - Agazeta.net","og_description":"Investimento em m\u00eddia gera retorno e consolida marca","og_url":"https:\/\/nk7-testes.com.br\/agazeta\/tv-gazeta-crescimento-com-inovacao\/","og_site_name":"Agazeta.net","article_published_time":"2015-11-11T14:36:40+00:00","og_image":[{"width":458,"height":340,"url":"https:\/\/nk7-testes.com.br\/agazeta\/wp-content\/uploads\/2015\/11\/111115-cotidiano-02emacao-tvgazeta.jpg","type":"image\/jpeg"}],"author":"Agazeta.Net","twitter_card":"summary_large_image","twitter_misc":{"Escrito por":"Agazeta.Net","Est. tempo de leitura":"2 minutos"},"schema":{"@context":"https:\/\/schema.org","@graph":[{"@type":"WebPage","@id":"https:\/\/nk7-testes.com.br\/agazeta\/tv-gazeta-crescimento-com-inovacao\/","url":"https:\/\/nk7-testes.com.br\/agazeta\/tv-gazeta-crescimento-com-inovacao\/","name":"TV Gazeta: crescimento com inova\u00e7\u00e3o - Agazeta.net","isPartOf":{"@id":"https:\/\/nk7-testes.com.br\/agazeta\/#website"},"primaryImageOfPage":{"@id":"https:\/\/nk7-testes.com.br\/agazeta\/tv-gazeta-crescimento-com-inovacao\/#primaryimage"},"image":{"@id":"https:\/\/nk7-testes.com.br\/agazeta\/tv-gazeta-crescimento-com-inovacao\/#primaryimage"},"thumbnailUrl":"https:\/\/nk7-testes.com.br\/agazeta\/wp-content\/uploads\/2015\/11\/111115-cotidiano-02emacao-tvgazeta.jpg","datePublished":"2015-11-11T14:36:40+00:00","author":{"@id":"https:\/\/nk7-testes.com.br\/agazeta\/#\/schema\/person\/6d6e25cb0435eb4a02fd44d30b4e3020"},"breadcrumb":{"@id":"https:\/\/nk7-testes.com.br\/agazeta\/tv-gazeta-crescimento-com-inovacao\/#breadcrumb"},"inLanguage":"pt-BR","potentialAction":[{"@type":"ReadAction","target":["https:\/\/nk7-testes.com.br\/agazeta\/tv-gazeta-crescimento-com-inovacao\/"]}]},{"@type":"ImageObject","inLanguage":"pt-BR","@id":"https:\/\/nk7-testes.com.br\/agazeta\/tv-gazeta-crescimento-com-inovacao\/#primaryimage","url":"https:\/\/nk7-testes.com.br\/agazeta\/wp-content\/uploads\/2015\/11\/111115-cotidiano-02emacao-tvgazeta.jpg","contentUrl":"https:\/\/nk7-testes.com.br\/agazeta\/wp-content\/uploads\/2015\/11\/111115-cotidiano-02emacao-tvgazeta.jpg","width":458,"height":340,"caption":"111115-cotidiano-02emacao-tvgazeta"},{"@type":"BreadcrumbList","@id":"https:\/\/nk7-testes.com.br\/agazeta\/tv-gazeta-crescimento-com-inovacao\/#breadcrumb","itemListElement":[{"@type":"ListItem","position":1,"name":"In\u00edcio","item":"https:\/\/nk7-testes.com.br\/agazeta\/"},{"@type":"ListItem","position":2,"name":"TV Gazeta: crescimento com inova\u00e7\u00e3o"}]},{"@type":"WebSite","@id":"https:\/\/nk7-testes.com.br\/agazeta\/#website","url":"https:\/\/nk7-testes.com.br\/agazeta\/","name":"Agazeta.net","description":"Agazeta.net - Not\u00edcias de Rio Branco\/AC","potentialAction":[{"@type":"SearchAction","target":{"@type":"EntryPoint","urlTemplate":"https:\/\/nk7-testes.com.br\/agazeta\/?s={search_term_string}"},"query-input":{"@type":"PropertyValueSpecification","valueRequired":true,"valueName":"search_term_string"}}],"inLanguage":"pt-BR"},{"@type":"Person","@id":"https:\/\/nk7-testes.com.br\/agazeta\/#\/schema\/person\/6d6e25cb0435eb4a02fd44d30b4e3020","name":"Agazeta.Net","url":"https:\/\/nk7-testes.com.br\/agazeta\/author\/agazeta\/"}]}},"_links":{"self":[{"href":"https:\/\/nk7-testes.com.br\/agazeta\/wp-json\/wp\/v2\/posts\/19563","targetHints":{"allow":["GET"]}}],"collection":[{"href":"https:\/\/nk7-testes.com.br\/agazeta\/wp-json\/wp\/v2\/posts"}],"about":[{"href":"https:\/\/nk7-testes.com.br\/agazeta\/wp-json\/wp\/v2\/types\/post"}],"author":[{"embeddable":true,"href":"https:\/\/nk7-testes.com.br\/agazeta\/wp-json\/wp\/v2\/users\/4"}],"replies":[{"embeddable":true,"href":"https:\/\/nk7-testes.com.br\/agazeta\/wp-json\/wp\/v2\/comments?post=19563"}],"version-history":[{"count":0,"href":"https:\/\/nk7-testes.com.br\/agazeta\/wp-json\/wp\/v2\/posts\/19563\/revisions"}],"wp:featuredmedia":[{"embeddable":true,"href":"https:\/\/nk7-testes.com.br\/agazeta\/wp-json\/wp\/v2\/media\/19562"}],"wp:attachment":[{"href":"https:\/\/nk7-testes.com.br\/agazeta\/wp-json\/wp\/v2\/media?parent=19563"}],"wp:term":[{"taxonomy":"category","embeddable":true,"href":"https:\/\/nk7-testes.com.br\/agazeta\/wp-json\/wp\/v2\/categories?post=19563"},{"taxonomy":"post_tag","embeddable":true,"href":"https:\/\/nk7-testes.com.br\/agazeta\/wp-json\/wp\/v2\/tags?post=19563"}],"curies":[{"name":"wp","href":"https:\/\/api.w.org\/{rel}","templated":true}]}}