{"id":19535,"date":"2015-11-10T13:57:10","date_gmt":"2015-11-10T13:57:10","guid":{"rendered":"https:\/\/abarevegan.com.br\/index.php\/2015\/11\/10\/radioterapia-e-retomada-no-hospital-do-cancer\/"},"modified":"2015-11-10T13:57:10","modified_gmt":"2015-11-10T13:57:10","slug":"radioterapia-e-retomada-no-hospital-do-cancer","status":"publish","type":"post","link":"https:\/\/nk7-testes.com.br\/agazeta\/radioterapia-e-retomada-no-hospital-do-cancer\/","title":{"rendered":"Radioterapia \u00e9 retomada no Hospital do C\u00e2ncer"},"content":{"rendered":"<p style=\"text-align: justify;\">Equipamentos estavam quebrados h\u00e1 v\u00e1rios meses<\/p>\n<p style=\"text-align: justify;\">A m\u00e1quina de radioterapia do Hospital do C\u00e2ncer de Rio Branco voltou a operar nesta segunda-feira, 9 e a partir desta ter\u00e7a-feira, 10, volta a atender pacientes em tratamento de c\u00e2ncer. O an\u00fancio da retomada das atividades de foi feito pelo secret\u00e1rio de Sa\u00fade em exerc\u00edcio, Kleyber Guimar\u00e3es, durante visita \u00e0 unidade hospitalar.<\/p>\n<p style=\"text-align: justify;\">Na ocasi\u00e3o, o procurador do Minist\u00e9rio P\u00fablico Federal (MPF\/AC) Luiz Gustavo Mantovani e o promotor do Minist\u00e9rio P\u00fablico do Estado do Acre (MPE\/AC), Gl\u00e1ucio Ney Shiroma Oshiro fizeram uma visita ao hospital e conversaram com o t\u00e9cnico da empresa Invap, respons\u00e1vel pela manuten\u00e7\u00e3o da m\u00e1quina.<\/p>\n<p style=\"text-align: justify;\">\u201cNuma reuni\u00e3o com os representantes do Minist\u00e9rio P\u00fablico Federal e Estadual n\u00f3s apresentamos todo o trabalho realizado desde a sexta-feira para restabelecer os servi\u00e7os de cobaltoterapia. Todo o trabalho foi conclu\u00eddo, a m\u00e1quina j\u00e1 operou em car\u00e1ter experimental e a partir desta ter\u00e7a-feira a radioterapia estar\u00e1 em pleno funcionamento\u201d, frisou o secret\u00e1rio em exerc\u00edcio.<\/p>\n<p style=\"text-align: justify;\">Gl\u00e1ucio Ney Shiroma Oshiro ressaltou que a reuni\u00e3o com a equipe de gest\u00e3o da Secretaria de Estado de Sa\u00fade (Sesacre) foi agendada h\u00e1 alguns dias e acabou coincidindo com o per\u00edodo em que os t\u00e9cnicos da Invap chegaram ao Estado para reparar a m\u00e1quina.<\/p>\n<p style=\"text-align: justify;\">\u201cNa conversa com o secret\u00e1rio foi nos informado que foram corrigidas todas as falhas e a m\u00e1quina j\u00e1 poderia voltar a prestar seus servi\u00e7os. Por isso, n\u00f3s viemos para verificar in loco e conversar com o t\u00e9cnico da empresa porque sabemos da dificuldade que \u00e9 vir ao Acre para fazer essa manuten\u00e7\u00e3o, tamb\u00e9m aproveitamos para confirmar todo o servi\u00e7o feito aqui\u201d, completou o promotor.<\/p>\n<p style=\"text-align: justify;\">No per\u00edodo em que a m\u00e1quina de radioterapia estava sem operar, os pacientes em tratamento de c\u00e2ncer da rede p\u00fablica de sa\u00fade do Estado estavam sendo encaminhados para Porto Velho (RO) por meio do Tratamento Fora de Domic\u00edlio (TFD), recebendo toda a assist\u00eancia do governo.<\/p>\n","protected":false},"excerpt":{"rendered":"<p style=\"text-align: justify;\">Equipamentos estavam quebrados h\u00e1 v\u00e1rios meses<\/p>\n","protected":false},"author":4,"featured_media":19534,"comment_status":"open","ping_status":"open","sticky":false,"template":"","format":"standard","meta":{"jnews-multi-image_gallery":[],"jnews_single_post":[],"jnews_primary_category":[],"jnews_social_meta":[],"jnews_review":[],"enable_review":"","type":"","name":"","summary":"","brand":"","sku":"","good":[],"bad":[],"score_override":"","override_value":"","rating":[],"price":[],"footnotes":""},"categories":[54],"tags":[],"class_list":["post-19535","post","type-post","status-publish","format-standard","has-post-thumbnail","hentry","category-cotidiano"],"yoast_head":"<!-- This site is optimized with the Yoast SEO plugin v26.5 - https:\/\/yoast.com\/wordpress\/plugins\/seo\/ -->\n<title>Radioterapia \u00e9 retomada no Hospital do C\u00e2ncer - Agazeta.net<\/title>\n<meta name=\"robots\" content=\"index, follow, max-snippet:-1, max-image-preview:large, max-video-preview:-1\" \/>\n<link rel=\"canonical\" href=\"https:\/\/nk7-testes.com.br\/agazeta\/radioterapia-e-retomada-no-hospital-do-cancer\/\" \/>\n<meta property=\"og:locale\" content=\"pt_BR\" \/>\n<meta property=\"og:type\" content=\"article\" \/>\n<meta property=\"og:title\" content=\"Radioterapia \u00e9 retomada no Hospital do C\u00e2ncer - Agazeta.net\" \/>\n<meta property=\"og:description\" content=\"Equipamentos estavam quebrados h\u00e1 v\u00e1rios meses\" \/>\n<meta property=\"og:url\" content=\"https:\/\/nk7-testes.com.br\/agazeta\/radioterapia-e-retomada-no-hospital-do-cancer\/\" \/>\n<meta property=\"og:site_name\" content=\"Agazeta.net\" \/>\n<meta property=\"article:published_time\" content=\"2015-11-10T13:57:10+00:00\" \/>\n<meta property=\"og:image\" content=\"https:\/\/nk7-testes.com.br\/agazeta\/wp-content\/uploads\/2015\/11\/101115-cotidiano-hospitaldocancer-agenciadenoticias.jpg\" \/>\n\t<meta property=\"og:image:width\" content=\"458\" \/>\n\t<meta property=\"og:image:height\" content=\"340\" \/>\n\t<meta property=\"og:image:type\" content=\"image\/jpeg\" \/>\n<meta name=\"author\" content=\"Agazeta.Net\" \/>\n<meta name=\"twitter:card\" content=\"summary_large_image\" \/>\n<meta name=\"twitter:label1\" content=\"Escrito por\" \/>\n\t<meta name=\"twitter:data1\" content=\"Agazeta.Net\" \/>\n\t<meta name=\"twitter:label2\" content=\"Est. tempo de leitura\" \/>\n\t<meta name=\"twitter:data2\" content=\"2 minutos\" \/>\n<script type=\"application\/ld+json\" class=\"yoast-schema-graph\">{\"@context\":\"https:\/\/schema.org\",\"@graph\":[{\"@type\":\"WebPage\",\"@id\":\"https:\/\/nk7-testes.com.br\/agazeta\/radioterapia-e-retomada-no-hospital-do-cancer\/\",\"url\":\"https:\/\/nk7-testes.com.br\/agazeta\/radioterapia-e-retomada-no-hospital-do-cancer\/\",\"name\":\"Radioterapia \u00e9 retomada no Hospital do C\u00e2ncer - Agazeta.net\",\"isPartOf\":{\"@id\":\"https:\/\/nk7-testes.com.br\/agazeta\/#website\"},\"primaryImageOfPage\":{\"@id\":\"https:\/\/nk7-testes.com.br\/agazeta\/radioterapia-e-retomada-no-hospital-do-cancer\/#primaryimage\"},\"image\":{\"@id\":\"https:\/\/nk7-testes.com.br\/agazeta\/radioterapia-e-retomada-no-hospital-do-cancer\/#primaryimage\"},\"thumbnailUrl\":\"https:\/\/nk7-testes.com.br\/agazeta\/wp-content\/uploads\/2015\/11\/101115-cotidiano-hospitaldocancer-agenciadenoticias.jpg\",\"datePublished\":\"2015-11-10T13:57:10+00:00\",\"author\":{\"@id\":\"https:\/\/nk7-testes.com.br\/agazeta\/#\/schema\/person\/6d6e25cb0435eb4a02fd44d30b4e3020\"},\"breadcrumb\":{\"@id\":\"https:\/\/nk7-testes.com.br\/agazeta\/radioterapia-e-retomada-no-hospital-do-cancer\/#breadcrumb\"},\"inLanguage\":\"pt-BR\",\"potentialAction\":[{\"@type\":\"ReadAction\",\"target\":[\"https:\/\/nk7-testes.com.br\/agazeta\/radioterapia-e-retomada-no-hospital-do-cancer\/\"]}]},{\"@type\":\"ImageObject\",\"inLanguage\":\"pt-BR\",\"@id\":\"https:\/\/nk7-testes.com.br\/agazeta\/radioterapia-e-retomada-no-hospital-do-cancer\/#primaryimage\",\"url\":\"https:\/\/nk7-testes.com.br\/agazeta\/wp-content\/uploads\/2015\/11\/101115-cotidiano-hospitaldocancer-agenciadenoticias.jpg\",\"contentUrl\":\"https:\/\/nk7-testes.com.br\/agazeta\/wp-content\/uploads\/2015\/11\/101115-cotidiano-hospitaldocancer-agenciadenoticias.jpg\",\"width\":458,\"height\":340,\"caption\":\"101115-cotidiano-hospitaldocancer-agenciadenoticias\"},{\"@type\":\"BreadcrumbList\",\"@id\":\"https:\/\/nk7-testes.com.br\/agazeta\/radioterapia-e-retomada-no-hospital-do-cancer\/#breadcrumb\",\"itemListElement\":[{\"@type\":\"ListItem\",\"position\":1,\"name\":\"In\u00edcio\",\"item\":\"https:\/\/nk7-testes.com.br\/agazeta\/\"},{\"@type\":\"ListItem\",\"position\":2,\"name\":\"Radioterapia \u00e9 retomada no Hospital do C\u00e2ncer\"}]},{\"@type\":\"WebSite\",\"@id\":\"https:\/\/nk7-testes.com.br\/agazeta\/#website\",\"url\":\"https:\/\/nk7-testes.com.br\/agazeta\/\",\"name\":\"Agazeta.net\",\"description\":\"Agazeta.net - Not\u00edcias de Rio Branco\/AC\",\"potentialAction\":[{\"@type\":\"SearchAction\",\"target\":{\"@type\":\"EntryPoint\",\"urlTemplate\":\"https:\/\/nk7-testes.com.br\/agazeta\/?s={search_term_string}\"},\"query-input\":{\"@type\":\"PropertyValueSpecification\",\"valueRequired\":true,\"valueName\":\"search_term_string\"}}],\"inLanguage\":\"pt-BR\"},{\"@type\":\"Person\",\"@id\":\"https:\/\/nk7-testes.com.br\/agazeta\/#\/schema\/person\/6d6e25cb0435eb4a02fd44d30b4e3020\",\"name\":\"Agazeta.Net\",\"url\":\"https:\/\/nk7-testes.com.br\/agazeta\/author\/agazeta\/\"}]}<\/script>\n<!-- \/ Yoast SEO plugin. -->","yoast_head_json":{"title":"Radioterapia \u00e9 retomada no Hospital do C\u00e2ncer - Agazeta.net","robots":{"index":"index","follow":"follow","max-snippet":"max-snippet:-1","max-image-preview":"max-image-preview:large","max-video-preview":"max-video-preview:-1"},"canonical":"https:\/\/nk7-testes.com.br\/agazeta\/radioterapia-e-retomada-no-hospital-do-cancer\/","og_locale":"pt_BR","og_type":"article","og_title":"Radioterapia \u00e9 retomada no Hospital do C\u00e2ncer - Agazeta.net","og_description":"Equipamentos estavam quebrados h\u00e1 v\u00e1rios meses","og_url":"https:\/\/nk7-testes.com.br\/agazeta\/radioterapia-e-retomada-no-hospital-do-cancer\/","og_site_name":"Agazeta.net","article_published_time":"2015-11-10T13:57:10+00:00","og_image":[{"width":458,"height":340,"url":"https:\/\/nk7-testes.com.br\/agazeta\/wp-content\/uploads\/2015\/11\/101115-cotidiano-hospitaldocancer-agenciadenoticias.jpg","type":"image\/jpeg"}],"author":"Agazeta.Net","twitter_card":"summary_large_image","twitter_misc":{"Escrito por":"Agazeta.Net","Est. tempo de leitura":"2 minutos"},"schema":{"@context":"https:\/\/schema.org","@graph":[{"@type":"WebPage","@id":"https:\/\/nk7-testes.com.br\/agazeta\/radioterapia-e-retomada-no-hospital-do-cancer\/","url":"https:\/\/nk7-testes.com.br\/agazeta\/radioterapia-e-retomada-no-hospital-do-cancer\/","name":"Radioterapia \u00e9 retomada no Hospital do C\u00e2ncer - Agazeta.net","isPartOf":{"@id":"https:\/\/nk7-testes.com.br\/agazeta\/#website"},"primaryImageOfPage":{"@id":"https:\/\/nk7-testes.com.br\/agazeta\/radioterapia-e-retomada-no-hospital-do-cancer\/#primaryimage"},"image":{"@id":"https:\/\/nk7-testes.com.br\/agazeta\/radioterapia-e-retomada-no-hospital-do-cancer\/#primaryimage"},"thumbnailUrl":"https:\/\/nk7-testes.com.br\/agazeta\/wp-content\/uploads\/2015\/11\/101115-cotidiano-hospitaldocancer-agenciadenoticias.jpg","datePublished":"2015-11-10T13:57:10+00:00","author":{"@id":"https:\/\/nk7-testes.com.br\/agazeta\/#\/schema\/person\/6d6e25cb0435eb4a02fd44d30b4e3020"},"breadcrumb":{"@id":"https:\/\/nk7-testes.com.br\/agazeta\/radioterapia-e-retomada-no-hospital-do-cancer\/#breadcrumb"},"inLanguage":"pt-BR","potentialAction":[{"@type":"ReadAction","target":["https:\/\/nk7-testes.com.br\/agazeta\/radioterapia-e-retomada-no-hospital-do-cancer\/"]}]},{"@type":"ImageObject","inLanguage":"pt-BR","@id":"https:\/\/nk7-testes.com.br\/agazeta\/radioterapia-e-retomada-no-hospital-do-cancer\/#primaryimage","url":"https:\/\/nk7-testes.com.br\/agazeta\/wp-content\/uploads\/2015\/11\/101115-cotidiano-hospitaldocancer-agenciadenoticias.jpg","contentUrl":"https:\/\/nk7-testes.com.br\/agazeta\/wp-content\/uploads\/2015\/11\/101115-cotidiano-hospitaldocancer-agenciadenoticias.jpg","width":458,"height":340,"caption":"101115-cotidiano-hospitaldocancer-agenciadenoticias"},{"@type":"BreadcrumbList","@id":"https:\/\/nk7-testes.com.br\/agazeta\/radioterapia-e-retomada-no-hospital-do-cancer\/#breadcrumb","itemListElement":[{"@type":"ListItem","position":1,"name":"In\u00edcio","item":"https:\/\/nk7-testes.com.br\/agazeta\/"},{"@type":"ListItem","position":2,"name":"Radioterapia \u00e9 retomada no Hospital do C\u00e2ncer"}]},{"@type":"WebSite","@id":"https:\/\/nk7-testes.com.br\/agazeta\/#website","url":"https:\/\/nk7-testes.com.br\/agazeta\/","name":"Agazeta.net","description":"Agazeta.net - Not\u00edcias de Rio Branco\/AC","potentialAction":[{"@type":"SearchAction","target":{"@type":"EntryPoint","urlTemplate":"https:\/\/nk7-testes.com.br\/agazeta\/?s={search_term_string}"},"query-input":{"@type":"PropertyValueSpecification","valueRequired":true,"valueName":"search_term_string"}}],"inLanguage":"pt-BR"},{"@type":"Person","@id":"https:\/\/nk7-testes.com.br\/agazeta\/#\/schema\/person\/6d6e25cb0435eb4a02fd44d30b4e3020","name":"Agazeta.Net","url":"https:\/\/nk7-testes.com.br\/agazeta\/author\/agazeta\/"}]}},"_links":{"self":[{"href":"https:\/\/nk7-testes.com.br\/agazeta\/wp-json\/wp\/v2\/posts\/19535","targetHints":{"allow":["GET"]}}],"collection":[{"href":"https:\/\/nk7-testes.com.br\/agazeta\/wp-json\/wp\/v2\/posts"}],"about":[{"href":"https:\/\/nk7-testes.com.br\/agazeta\/wp-json\/wp\/v2\/types\/post"}],"author":[{"embeddable":true,"href":"https:\/\/nk7-testes.com.br\/agazeta\/wp-json\/wp\/v2\/users\/4"}],"replies":[{"embeddable":true,"href":"https:\/\/nk7-testes.com.br\/agazeta\/wp-json\/wp\/v2\/comments?post=19535"}],"version-history":[{"count":0,"href":"https:\/\/nk7-testes.com.br\/agazeta\/wp-json\/wp\/v2\/posts\/19535\/revisions"}],"wp:featuredmedia":[{"embeddable":true,"href":"https:\/\/nk7-testes.com.br\/agazeta\/wp-json\/wp\/v2\/media\/19534"}],"wp:attachment":[{"href":"https:\/\/nk7-testes.com.br\/agazeta\/wp-json\/wp\/v2\/media?parent=19535"}],"wp:term":[{"taxonomy":"category","embeddable":true,"href":"https:\/\/nk7-testes.com.br\/agazeta\/wp-json\/wp\/v2\/categories?post=19535"},{"taxonomy":"post_tag","embeddable":true,"href":"https:\/\/nk7-testes.com.br\/agazeta\/wp-json\/wp\/v2\/tags?post=19535"}],"curies":[{"name":"wp","href":"https:\/\/api.w.org\/{rel}","templated":true}]}}