{"id":19500,"date":"2015-11-09T14:32:19","date_gmt":"2015-11-09T14:32:19","guid":{"rendered":"https:\/\/abarevegan.com.br\/index.php\/2015\/11\/09\/falta-de-combustivel-se-houver-protestos-por-10-dias\/"},"modified":"2015-11-09T14:32:19","modified_gmt":"2015-11-09T14:32:19","slug":"falta-de-combustivel-se-houver-protestos-por-10-dias","status":"publish","type":"post","link":"https:\/\/nk7-testes.com.br\/agazeta\/falta-de-combustivel-se-houver-protestos-por-10-dias\/","title":{"rendered":"Falta de combust\u00edvel se houver protestos por 10 dias"},"content":{"rendered":"<p style=\"text-align: justify;\">Por enquanto, distribuidoras t\u00eam fluxo normal<\/p>\n<p style=\"text-align: justify;\">O Sindicato dos Postos de Combust\u00edveis, G\u00e1s Liquefeito de Petr\u00f3leo e Lubrificantes do Acre fez contato com as distribuidoras e recebeu a informa\u00e7\u00e3o de que \u201cpor enquanto, o fluxo de distribui\u00e7\u00e3o est\u00e1 normal\u201d.<\/p>\n<p style=\"text-align: justify;\">Qualquer possibilidade de falta de combust\u00edvel em fun\u00e7\u00e3o de protesto de caminhoneiros s\u00f3 se as estradas ficarem bloqueadas por um per\u00edodo de 10 dias.<\/p>\n<p style=\"text-align: justify;\">Na semana passada, houve fechamento da BR-364 no Estado de Rond\u00f4nia, mas o epis\u00f3dio pontual n\u00e3o chegou a comprometer o abastecimento de combust\u00edvel no Acre. Um novo rumor de que a mobiliza\u00e7\u00e3o volte a acontecer deixa em alerta consumidores acrianos. A Pol\u00edcia Rodovi\u00e1ria Federal confirma paraliza\u00e7\u00e3o e bloqueio em estradas federais de oito estados do pa\u00eds.<\/p>\n<p style=\"text-align: justify;\"><strong>Sindicato explica aumento de pre\u00e7os dos combust\u00edveis<\/strong><\/p>\n<p style=\"text-align: justify;\"><em><strong>Nota de esclarecimento: aumento de pre\u00e7os de combust\u00edveis<\/strong><\/em><\/p>\n<p style=\"text-align: justify;\"><em>A Federa\u00e7\u00e3o Nacional do Com\u00e9rcio de Combust\u00edveis e de Lubrificantes (Fecombust\u00edveis), tendo em vista a veicula\u00e7\u00e3o de diversas not\u00edcias que t\u00eam atribu\u00eddo o aumento dos pre\u00e7os dos combust\u00edveis aos postos revendedores, esclarece que vem ocorrendo significativos aumentos de custos, de maneira cont\u00ednua, ao longo de toda a cadeia de circula\u00e7\u00e3o dos combust\u00edveis, de modo bastante acentuado desde janeiro deste ano e os postos, que s\u00e3o o \u00faltimo elo dessa cadeia comercial, e o mais fr\u00e1gil deles, n\u00e3o devem ser responsabilizados por tais aumentos.<\/em><\/p>\n<p style=\"text-align: justify;\"><em>Nos \u00faltimos meses, as eleva\u00e7\u00f5es de pre\u00e7os t\u00eam penalizado os postos de combust\u00edveis, com a diminui\u00e7\u00e3o de suas vendas, perda de clientes, a necessidade de intensifica\u00e7\u00e3o de capital de giro, al\u00e9m de severos desgastes perante a opini\u00e3o p\u00fablica, j\u00e1 que os aumentos s\u00e3o incorretamente atribu\u00eddos aos postos.<\/em><\/p>\n<p style=\"text-align: justify;\"><em>S\u00e3o v\u00e1rios os motivos que contribu\u00edram para o cen\u00e1rio atual. A come\u00e7ar pela implementa\u00e7\u00e3o do ajuste fiscal pelo Governo Federal que reajustou as al\u00edquotas de PIS\/Cofins e trouxe a volta da Contribui\u00e7\u00f5es de Interven\u00e7\u00e3o no Dom\u00ednio Econ\u00f4mico (Cide) para a gasolina e o diesel.<\/em><\/p>\n<p style=\"text-align: justify;\"><em>Outro fator de influ\u00eancia \u00e9 a mudan\u00e7a do Pre\u00e7o M\u00e9dio Ponderado ao Consumidor Final (PMPF), base de c\u00e1lculo do ICMS, que passa por majora\u00e7\u00f5es quase todos os meses.<\/em><br \/><em>O pre\u00e7o final dos combust\u00edveis tamb\u00e9m reflete o aumento de pre\u00e7os pelas usinas produtoras de etanol anidro e a eleva\u00e7\u00e3o dos pre\u00e7os do biodiesel das usinas pela mistura na gasolina e diesel, respectivamente, tudo conforme dados p\u00fablicos disponibilizados pela Ag\u00eancia Nacional do Petr\u00f3leo, Biocombust\u00edveis e G\u00e1s Natural \u2013 ANP.<\/em><\/p>\n<p style=\"text-align: justify;\"><em>Em 29 de setembro, a Petrobras anunciou o reajuste de pre\u00e7os de 6% para a gasolina e de 4% para o diesel. Muitos desconhecem que, al\u00e9m deste aumento oficial, a Petrobras vinha praticando pequenos reajustes em doses homeop\u00e1ticas, repassando para os demais elos da cadeia. De forma que, as companhias distribuidoras tamb\u00e9m t\u00eam realizado sucessivos pequenos aumentos que, quando somados, geram um grande aumento no pre\u00e7o de aquisi\u00e7\u00e3o dos produtos pelos postos revendedores.<\/em><\/p>\n<p style=\"text-align: justify;\"><em>Por fim, mas n\u00e3o menos importante, deve-se observar que os custos com energia el\u00e9trica, m\u00e3o de obra, licen\u00e7as ambientais, custos sociais do trabalho e uma s\u00e9rie de novas exig\u00eancias estabelecidas pelos \u00f3rg\u00e3os p\u00fablicos, que t\u00eam aumentado, consideravelmente, os custos de opera\u00e7\u00e3o dos postos, isso sem falar no dr\u00e1stico aumento da carga tribut\u00e1ria.<\/em><\/p>\n<p style=\"text-align: justify;\"><em>Como esta situa\u00e7\u00e3o tem sido recorrente nos \u00faltimos meses, viemos a p\u00fablico informar a sociedade, a fim de esclarecer que os sucessivos aumentos nos pre\u00e7os dos combust\u00edveis refletem uma conjuntura de fatores que vai muito al\u00e9m da vontade dos postos revendedores que, tal como os consumidores, tem sido duramente prejudicados pelo atual cen\u00e1rio econ\u00f4mico nacional.<\/em><\/p>\n<p style=\"text-align: justify;\"><em>Reafirmamos que as perdas est\u00e3o cada vez mais elevadas para os postos de combust\u00edveis de todo o pa\u00eds que, al\u00e9m de acumularem preju\u00edzos em raz\u00e3o de queda em suas vendas, ainda s\u00e3o injustamente acusados de praticarem pre\u00e7os abusivos ao consumidor.<\/em><\/p>\n<p style=\"text-align: justify;\"><em>A Fecombust\u00edveis ressalta que o mercado \u00e9 livre e competitivo em todos os segmentos, cabendo a cada posto revendedor decidir se ir\u00e1 repassar ou n\u00e3o os aumentos ao consumidor, bem como em qual percentual, de acordo com suas estruturas de custo. A Fecombust\u00edveis n\u00e3o interfere no mercado e zela pela livre concorr\u00eancia e pela livre iniciativa, em defesa de um Brasil melhor para todos.<\/em><\/p>\n<p style=\"text-align: justify;\"><strong>Sobre a Fecombust\u00edveis<\/strong><\/p>\n<p style=\"text-align: justify;\">Fundada em 20 de julho de 1960, a Federa\u00e7\u00e3o Nacional do Com\u00e9rcio de Combust\u00edveis e de Lubrificantes representa 34 sindicatos filiados, cerca de 40 mil postos revendedores de combust\u00edveis, 55 mil revendas de G\u00e1s Liquefeito de Petr\u00f3leo (GLP), 382 Transportadores Revendedores Retalhistas (TRRs), al\u00e9m da revenda de lubrificantes.<\/p>\n","protected":false},"excerpt":{"rendered":"<p style=\"text-align: justify;\">Por enquanto, distribuidoras t\u00eam fluxo normal<\/p>\n","protected":false},"author":4,"featured_media":19499,"comment_status":"open","ping_status":"open","sticky":false,"template":"","format":"standard","meta":{"jnews-multi-image_gallery":[],"jnews_single_post":[],"jnews_primary_category":[],"jnews_social_meta":[],"jnews_review":[],"enable_review":"","type":"","name":"","summary":"","brand":"","sku":"","good":[],"bad":[],"score_override":"","override_value":"","rating":[],"price":[],"footnotes":""},"categories":[54],"tags":[],"class_list":["post-19500","post","type-post","status-publish","format-standard","has-post-thumbnail","hentry","category-cotidiano"],"yoast_head":"<!-- This site is optimized with the Yoast SEO plugin v26.5 - https:\/\/yoast.com\/wordpress\/plugins\/seo\/ -->\n<title>Falta de combust\u00edvel se houver protestos por 10 dias - Agazeta.net<\/title>\n<meta name=\"robots\" content=\"index, follow, max-snippet:-1, max-image-preview:large, max-video-preview:-1\" \/>\n<link rel=\"canonical\" href=\"https:\/\/nk7-testes.com.br\/agazeta\/falta-de-combustivel-se-houver-protestos-por-10-dias\/\" \/>\n<meta property=\"og:locale\" content=\"pt_BR\" \/>\n<meta property=\"og:type\" content=\"article\" \/>\n<meta property=\"og:title\" content=\"Falta de combust\u00edvel se houver protestos por 10 dias - Agazeta.net\" \/>\n<meta property=\"og:description\" content=\"Por enquanto, distribuidoras t\u00eam fluxo normal\" \/>\n<meta property=\"og:url\" content=\"https:\/\/nk7-testes.com.br\/agazeta\/falta-de-combustivel-se-houver-protestos-por-10-dias\/\" \/>\n<meta property=\"og:site_name\" content=\"Agazeta.net\" \/>\n<meta property=\"article:published_time\" content=\"2015-11-09T14:32:19+00:00\" \/>\n<meta property=\"og:image\" content=\"https:\/\/nk7-testes.com.br\/agazeta\/wp-content\/uploads\/2015\/11\/091115-cotidiano-postodecombustivel-oestadodoacre.jpg\" \/>\n\t<meta property=\"og:image:width\" content=\"458\" \/>\n\t<meta property=\"og:image:height\" content=\"340\" \/>\n\t<meta property=\"og:image:type\" content=\"image\/jpeg\" \/>\n<meta name=\"author\" content=\"Agazeta.Net\" \/>\n<meta name=\"twitter:card\" content=\"summary_large_image\" \/>\n<meta name=\"twitter:label1\" content=\"Escrito por\" \/>\n\t<meta name=\"twitter:data1\" content=\"Agazeta.Net\" \/>\n\t<meta name=\"twitter:label2\" content=\"Est. tempo de leitura\" \/>\n\t<meta name=\"twitter:data2\" content=\"4 minutos\" \/>\n<script type=\"application\/ld+json\" class=\"yoast-schema-graph\">{\"@context\":\"https:\/\/schema.org\",\"@graph\":[{\"@type\":\"WebPage\",\"@id\":\"https:\/\/nk7-testes.com.br\/agazeta\/falta-de-combustivel-se-houver-protestos-por-10-dias\/\",\"url\":\"https:\/\/nk7-testes.com.br\/agazeta\/falta-de-combustivel-se-houver-protestos-por-10-dias\/\",\"name\":\"Falta de combust\u00edvel se houver protestos por 10 dias - Agazeta.net\",\"isPartOf\":{\"@id\":\"https:\/\/nk7-testes.com.br\/agazeta\/#website\"},\"primaryImageOfPage\":{\"@id\":\"https:\/\/nk7-testes.com.br\/agazeta\/falta-de-combustivel-se-houver-protestos-por-10-dias\/#primaryimage\"},\"image\":{\"@id\":\"https:\/\/nk7-testes.com.br\/agazeta\/falta-de-combustivel-se-houver-protestos-por-10-dias\/#primaryimage\"},\"thumbnailUrl\":\"https:\/\/nk7-testes.com.br\/agazeta\/wp-content\/uploads\/2015\/11\/091115-cotidiano-postodecombustivel-oestadodoacre.jpg\",\"datePublished\":\"2015-11-09T14:32:19+00:00\",\"author\":{\"@id\":\"https:\/\/nk7-testes.com.br\/agazeta\/#\/schema\/person\/6d6e25cb0435eb4a02fd44d30b4e3020\"},\"breadcrumb\":{\"@id\":\"https:\/\/nk7-testes.com.br\/agazeta\/falta-de-combustivel-se-houver-protestos-por-10-dias\/#breadcrumb\"},\"inLanguage\":\"pt-BR\",\"potentialAction\":[{\"@type\":\"ReadAction\",\"target\":[\"https:\/\/nk7-testes.com.br\/agazeta\/falta-de-combustivel-se-houver-protestos-por-10-dias\/\"]}]},{\"@type\":\"ImageObject\",\"inLanguage\":\"pt-BR\",\"@id\":\"https:\/\/nk7-testes.com.br\/agazeta\/falta-de-combustivel-se-houver-protestos-por-10-dias\/#primaryimage\",\"url\":\"https:\/\/nk7-testes.com.br\/agazeta\/wp-content\/uploads\/2015\/11\/091115-cotidiano-postodecombustivel-oestadodoacre.jpg\",\"contentUrl\":\"https:\/\/nk7-testes.com.br\/agazeta\/wp-content\/uploads\/2015\/11\/091115-cotidiano-postodecombustivel-oestadodoacre.jpg\",\"width\":458,\"height\":340,\"caption\":\"091115-cotidiano-postodecombustivel-oestadodoacre\"},{\"@type\":\"BreadcrumbList\",\"@id\":\"https:\/\/nk7-testes.com.br\/agazeta\/falta-de-combustivel-se-houver-protestos-por-10-dias\/#breadcrumb\",\"itemListElement\":[{\"@type\":\"ListItem\",\"position\":1,\"name\":\"In\u00edcio\",\"item\":\"https:\/\/nk7-testes.com.br\/agazeta\/\"},{\"@type\":\"ListItem\",\"position\":2,\"name\":\"Falta de combust\u00edvel se houver protestos por 10 dias\"}]},{\"@type\":\"WebSite\",\"@id\":\"https:\/\/nk7-testes.com.br\/agazeta\/#website\",\"url\":\"https:\/\/nk7-testes.com.br\/agazeta\/\",\"name\":\"Agazeta.net\",\"description\":\"Agazeta.net - Not\u00edcias de Rio Branco\/AC\",\"potentialAction\":[{\"@type\":\"SearchAction\",\"target\":{\"@type\":\"EntryPoint\",\"urlTemplate\":\"https:\/\/nk7-testes.com.br\/agazeta\/?s={search_term_string}\"},\"query-input\":{\"@type\":\"PropertyValueSpecification\",\"valueRequired\":true,\"valueName\":\"search_term_string\"}}],\"inLanguage\":\"pt-BR\"},{\"@type\":\"Person\",\"@id\":\"https:\/\/nk7-testes.com.br\/agazeta\/#\/schema\/person\/6d6e25cb0435eb4a02fd44d30b4e3020\",\"name\":\"Agazeta.Net\",\"url\":\"https:\/\/nk7-testes.com.br\/agazeta\/author\/agazeta\/\"}]}<\/script>\n<!-- \/ Yoast SEO plugin. -->","yoast_head_json":{"title":"Falta de combust\u00edvel se houver protestos por 10 dias - Agazeta.net","robots":{"index":"index","follow":"follow","max-snippet":"max-snippet:-1","max-image-preview":"max-image-preview:large","max-video-preview":"max-video-preview:-1"},"canonical":"https:\/\/nk7-testes.com.br\/agazeta\/falta-de-combustivel-se-houver-protestos-por-10-dias\/","og_locale":"pt_BR","og_type":"article","og_title":"Falta de combust\u00edvel se houver protestos por 10 dias - Agazeta.net","og_description":"Por enquanto, distribuidoras t\u00eam fluxo normal","og_url":"https:\/\/nk7-testes.com.br\/agazeta\/falta-de-combustivel-se-houver-protestos-por-10-dias\/","og_site_name":"Agazeta.net","article_published_time":"2015-11-09T14:32:19+00:00","og_image":[{"width":458,"height":340,"url":"https:\/\/nk7-testes.com.br\/agazeta\/wp-content\/uploads\/2015\/11\/091115-cotidiano-postodecombustivel-oestadodoacre.jpg","type":"image\/jpeg"}],"author":"Agazeta.Net","twitter_card":"summary_large_image","twitter_misc":{"Escrito por":"Agazeta.Net","Est. tempo de leitura":"4 minutos"},"schema":{"@context":"https:\/\/schema.org","@graph":[{"@type":"WebPage","@id":"https:\/\/nk7-testes.com.br\/agazeta\/falta-de-combustivel-se-houver-protestos-por-10-dias\/","url":"https:\/\/nk7-testes.com.br\/agazeta\/falta-de-combustivel-se-houver-protestos-por-10-dias\/","name":"Falta de combust\u00edvel se houver protestos por 10 dias - Agazeta.net","isPartOf":{"@id":"https:\/\/nk7-testes.com.br\/agazeta\/#website"},"primaryImageOfPage":{"@id":"https:\/\/nk7-testes.com.br\/agazeta\/falta-de-combustivel-se-houver-protestos-por-10-dias\/#primaryimage"},"image":{"@id":"https:\/\/nk7-testes.com.br\/agazeta\/falta-de-combustivel-se-houver-protestos-por-10-dias\/#primaryimage"},"thumbnailUrl":"https:\/\/nk7-testes.com.br\/agazeta\/wp-content\/uploads\/2015\/11\/091115-cotidiano-postodecombustivel-oestadodoacre.jpg","datePublished":"2015-11-09T14:32:19+00:00","author":{"@id":"https:\/\/nk7-testes.com.br\/agazeta\/#\/schema\/person\/6d6e25cb0435eb4a02fd44d30b4e3020"},"breadcrumb":{"@id":"https:\/\/nk7-testes.com.br\/agazeta\/falta-de-combustivel-se-houver-protestos-por-10-dias\/#breadcrumb"},"inLanguage":"pt-BR","potentialAction":[{"@type":"ReadAction","target":["https:\/\/nk7-testes.com.br\/agazeta\/falta-de-combustivel-se-houver-protestos-por-10-dias\/"]}]},{"@type":"ImageObject","inLanguage":"pt-BR","@id":"https:\/\/nk7-testes.com.br\/agazeta\/falta-de-combustivel-se-houver-protestos-por-10-dias\/#primaryimage","url":"https:\/\/nk7-testes.com.br\/agazeta\/wp-content\/uploads\/2015\/11\/091115-cotidiano-postodecombustivel-oestadodoacre.jpg","contentUrl":"https:\/\/nk7-testes.com.br\/agazeta\/wp-content\/uploads\/2015\/11\/091115-cotidiano-postodecombustivel-oestadodoacre.jpg","width":458,"height":340,"caption":"091115-cotidiano-postodecombustivel-oestadodoacre"},{"@type":"BreadcrumbList","@id":"https:\/\/nk7-testes.com.br\/agazeta\/falta-de-combustivel-se-houver-protestos-por-10-dias\/#breadcrumb","itemListElement":[{"@type":"ListItem","position":1,"name":"In\u00edcio","item":"https:\/\/nk7-testes.com.br\/agazeta\/"},{"@type":"ListItem","position":2,"name":"Falta de combust\u00edvel se houver protestos por 10 dias"}]},{"@type":"WebSite","@id":"https:\/\/nk7-testes.com.br\/agazeta\/#website","url":"https:\/\/nk7-testes.com.br\/agazeta\/","name":"Agazeta.net","description":"Agazeta.net - Not\u00edcias de Rio Branco\/AC","potentialAction":[{"@type":"SearchAction","target":{"@type":"EntryPoint","urlTemplate":"https:\/\/nk7-testes.com.br\/agazeta\/?s={search_term_string}"},"query-input":{"@type":"PropertyValueSpecification","valueRequired":true,"valueName":"search_term_string"}}],"inLanguage":"pt-BR"},{"@type":"Person","@id":"https:\/\/nk7-testes.com.br\/agazeta\/#\/schema\/person\/6d6e25cb0435eb4a02fd44d30b4e3020","name":"Agazeta.Net","url":"https:\/\/nk7-testes.com.br\/agazeta\/author\/agazeta\/"}]}},"_links":{"self":[{"href":"https:\/\/nk7-testes.com.br\/agazeta\/wp-json\/wp\/v2\/posts\/19500","targetHints":{"allow":["GET"]}}],"collection":[{"href":"https:\/\/nk7-testes.com.br\/agazeta\/wp-json\/wp\/v2\/posts"}],"about":[{"href":"https:\/\/nk7-testes.com.br\/agazeta\/wp-json\/wp\/v2\/types\/post"}],"author":[{"embeddable":true,"href":"https:\/\/nk7-testes.com.br\/agazeta\/wp-json\/wp\/v2\/users\/4"}],"replies":[{"embeddable":true,"href":"https:\/\/nk7-testes.com.br\/agazeta\/wp-json\/wp\/v2\/comments?post=19500"}],"version-history":[{"count":0,"href":"https:\/\/nk7-testes.com.br\/agazeta\/wp-json\/wp\/v2\/posts\/19500\/revisions"}],"wp:featuredmedia":[{"embeddable":true,"href":"https:\/\/nk7-testes.com.br\/agazeta\/wp-json\/wp\/v2\/media\/19499"}],"wp:attachment":[{"href":"https:\/\/nk7-testes.com.br\/agazeta\/wp-json\/wp\/v2\/media?parent=19500"}],"wp:term":[{"taxonomy":"category","embeddable":true,"href":"https:\/\/nk7-testes.com.br\/agazeta\/wp-json\/wp\/v2\/categories?post=19500"},{"taxonomy":"post_tag","embeddable":true,"href":"https:\/\/nk7-testes.com.br\/agazeta\/wp-json\/wp\/v2\/tags?post=19500"}],"curies":[{"name":"wp","href":"https:\/\/api.w.org\/{rel}","templated":true}]}}